{"id":2899,"date":"2022-05-27T17:55:51","date_gmt":"2022-05-27T17:55:51","guid":{"rendered":"https:\/\/transparenciaelectoral.org\/observatoriodemujeresypolitica\/?p=2899"},"modified":"2023-12-04T12:15:06","modified_gmt":"2023-12-04T12:15:06","slug":"informe-pre-electoral-mexico-elecciones-estatales-junio-2022","status":"publish","type":"post","link":"https:\/\/transparenciaelectoral.org\/observatoriodemujeresypolitica\/informe-pre-electoral-mexico-elecciones-estatales-junio-2022\/","title":{"rendered":"Informe pre electoral M\u00e9xico, elecciones estatales junio 2022"},"content":{"rendered":"<p><span style=\"font-weight: 400;\">El pr\u00f3ximo 5 de junio en M\u00e9xico se llevar\u00e1n a cabo las elecciones subnacionales <\/span><span style=\"font-weight: 400;\">bajo la coordinaci\u00f3n del Instituto Nacional Electoral (INE) y los Organismos P\u00fablicos Locales de Elecciones (OPLE) para renovar numerosos cargos pol\u00edticos en seis de los territorios federales del pa\u00eds. Los cargos a renovarse son:<\/span><\/p>\n<ul>\n<li style=\"font-weight: 400;\" aria-level=\"1\"><b>6 gubernaturas<\/b><span style=\"font-weight: 400;\">:<\/span>\n<ul>\n<li style=\"font-weight: 400;\" aria-level=\"2\"><span style=\"font-weight: 400;\">Aguascalientes<\/span><\/li>\n<li style=\"font-weight: 400;\" aria-level=\"2\"><span style=\"font-weight: 400;\">Durango<\/span><\/li>\n<li style=\"font-weight: 400;\" aria-level=\"2\"><span style=\"font-weight: 400;\">Hidalgo<\/span><\/li>\n<li style=\"font-weight: 400;\" aria-level=\"2\"><span style=\"font-weight: 400;\">Quintana Roo<\/span><\/li>\n<li style=\"font-weight: 400;\" aria-level=\"2\"><span style=\"font-weight: 400;\">Oaxaca<\/span><\/li>\n<li style=\"font-weight: 400;\" aria-level=\"2\"><span style=\"font-weight: 400;\">Tamaulipas<\/span><\/li>\n<\/ul>\n<\/li>\n<\/ul>\n<p><span style=\"font-weight: 400;\">Quienes resulten electos acceder\u00e1n a sus respectivas gubernaturas por un periodo de seis a\u00f1os (excepto Quintana Roo, que elegir\u00e1 una gubernatura para 5 a\u00f1os), no reelegibles en ning\u00fan caso.<\/span><\/p>\n<ul>\n<li style=\"font-weight: 400;\" aria-level=\"1\"><b>25 diputados locales<\/b><span style=\"font-weight: 400;\">: para ocupar las bancas en los congresos locales de cada entidad. Se desempe\u00f1ar\u00e1n en el cargo durante los pr\u00f3ximos dos a\u00f1os con posibilidad de una reelecci\u00f3n inmediata.<\/span><\/li>\n<li style=\"font-weight: 400;\" aria-level=\"1\"><b>39 ayuntamientos<\/b><span style=\"font-weight: 400;\">: conformados por un presidente municipal y sus regidores. Electos para un periodo de tres a\u00f1os con posibilidad de una reelecci\u00f3n inmediata.<\/span><\/li>\n<\/ul>\n<p><span style=\"font-weight: 400;\">La situaci\u00f3n que se analiza es que en los casos de <\/span><span style=\"font-weight: 400;\">Hidalgo, Oaxaca, Quintana Roo y Tamaulipas hay una ventaja significativa para el partido del presidente Andr\u00e9s Manuel L\u00f3pez Obrador (Morena). Por otra parte, Aguascalientes y Durango se constituyen como estados claves para la oposici\u00f3n, donde Morena no resultar\u00eda ganador.<\/span><\/p>\n<p><span style=\"font-weight: 400;\">Para detallar analizamos cada caso en particular:<\/span><\/p>\n<p><b>Quintana Roo<\/b><\/p>\n<p><span style=\"font-weight: 400;\">En este estado el gobernador actual es Carlos Joaqu\u00edn G\u00f3nzalez, del Partido Acci\u00f3n Nacional. El PAN est\u00e1 en el poder de Quintana Roo desde 2016.<\/span><\/p>\n<p><span style=\"font-weight: 400;\">Las candidaturas para la gobernaci\u00f3n del Estado son:<\/span><\/p>\n<p><b>&#8211; Mar\u00eda Elena Hermelinda Lezama Espinosa,<\/b><span style=\"font-weight: 400;\"> es originaria de Canc\u00fan (Quintana Roo). Es periodista y representante del Movimiento Regeneraci\u00f3n Nacional (Morena), pero su candidatura es respaldada por la coalici\u00f3n <\/span><b>Juntos Hacemos Historia<\/b><span style=\"font-weight: 400;\">, conformada por Morena, PVEM, PT y Fuerza por M\u00e9xico.<\/span><\/p>\n<p><span style=\"font-weight: 400;\">Fue presidenta municipal de Benito Ju\u00e1rez desde el 1 de septiembre de 2018 al 7 de marzo de 2022.\u00a0<\/span><\/p>\n<p><b>&#8211; Laura Lynn Fern\u00e1ndez Pi\u00f1a<\/b><span style=\"font-weight: 400;\">, es originaria de Torre\u00f3n, Coahuila. Ha sido encargada de Turismo y Relaciones P\u00fablicas en el Ayuntamiento de Benito Ju\u00e1rez, diputada local, secretaria de Turismo de Quintana Roo y presidenta municipal de Puerto Morelos.<\/span><\/p>\n<p><span style=\"font-weight: 400;\">Es candidata al gobierno del estado por la coalici\u00f3n <\/span><b>Va por Quintana Roo<\/b><span style=\"font-weight: 400;\">, integrada por el PAN, PRD y Confianza por Quintana Roo.<\/span><\/p>\n<p><b>&#8211; Leslie Angelina Hendricks Rubio<\/b><span style=\"font-weight: 400;\">, es originaria de la Ciudad de M\u00e9xico. Fue diputada en el Congreso de Quintana Roo por el distrito VII en la XV Legislatura\u200b; rectora de la Universidad Tecnol\u00f3gica de Canc\u00fan de 2008 a 2015 y directora del patronato de DIF en Quintana Roo de 2003 a 2005.\u00a0<\/span><\/p>\n<p><span style=\"font-weight: 400;\">Es candidata del <\/span><b>Partido Revolucionario Institucional<\/b><span style=\"font-weight: 400;\"> (PRI), de centroderecha.\u00a0<\/span><\/p>\n<p><b>&#8211; Jos\u00e9 Luis Pech V\u00e1rguez<\/b><span style=\"font-weight: 400;\">, es originario de Yucat\u00e1n. Ha sido secretario en el estado y senador federal y cuenta con una maestr\u00eda en Ciencias Administrativas.\u00a0<\/span><\/p>\n<p><span style=\"font-weight: 400;\">Es candidato por <\/span><b>Movimiento Ciudadano<\/b><span style=\"font-weight: 400;\">.<\/span><\/p>\n<p><b>&#8211; Josu\u00e9 Nivardo Mena Villanueva<\/b><span style=\"font-weight: 400;\">, es originario de Holbox. Estudi\u00f3 Contadur\u00eda y est\u00e1 por culminar la maestr\u00eda en Ciencias Pol\u00edticas. De 2018 a 2021 fue presidente municipal de L\u00e1zaro C\u00e1rdenas, Quintana Roo.<\/span><\/p>\n<p><span style=\"font-weight: 400;\">Su candidatura es respaldada por <\/span><b>Movimiento Aut\u00e9ntico Social <\/b><span style=\"font-weight: 400;\">(MAS).<\/span><b>\u00a0<\/b><\/p>\n<p>&nbsp;<\/p>\n<p><b>Oaxaca<\/b><\/p>\n<p><span style=\"font-weight: 400;\">En este estado los desaf\u00edos principales se encuentran en la pobreza, d\u00e9ficit educativo y el acceso de la poblaci\u00f3n a la salud p\u00fablica. Adem\u00e1s, la falta de empleo formal, la desigualdad y la deuda p\u00fablica son otros de los problemas principales.<\/span><\/p>\n<p><span style=\"font-weight: 400;\">Sin embargo, en general los\/as candidatos\/as no presentan agendas concisas al respecto de estos temas. <\/span><span style=\"font-weight: 400;\">Las candidaturas llevan los nombres de:<\/span><\/p>\n<p><b>&#8211; Salom\u00f3n Jara Cruz<\/b><span style=\"font-weight: 400;\">, cuyo discurso sostiene que la base de su gobierno radicar\u00e1 \u201cen desterrar la corrupci\u00f3n del gobierno\u201d y otras propuestas alineadas con el accionar del gobierno federal que encabeza el presidente Andr\u00e9s Manuel L\u00f3pez Obrador.<\/span><\/p>\n<p><span style=\"font-weight: 400;\">Es candidato de la alianza <\/span><b>Juntos Hacemos Historia.<\/b><\/p>\n<p><b>&#8211; Antonia Natividad D\u00edaz Jim\u00e9nez<\/b><span style=\"font-weight: 400;\">, encolumna su campa\u00f1a a trav\u00e9s de las problem\u00e1ticas de las mujeres, la salud y la econom\u00eda.<\/span><\/p>\n<p><span style=\"font-weight: 400;\">Candidata del <\/span><b>Partido Acci\u00f3n Nacional <\/b><span style=\"font-weight: 400;\">(PAN).\u00a0<\/span><\/p>\n<p><b>&#8211; Dulce Alejandra Garc\u00eda Morl\u00e1n<\/b><span style=\"font-weight: 400;\">, lleva adelante una campa\u00f1a en la que<\/span> <span style=\"font-weight: 400;\">trata de diferenciarse de los pol\u00edticos \u201ctradicionales\u201d.<\/span><\/p>\n<p><span style=\"font-weight: 400;\">Es candidata por <\/span><b>Movimiento Ciudadano<\/b><span style=\"font-weight: 400;\"> (MC).<\/span><\/p>\n<p><b>&#8211; Alejandro Avil\u00e9s \u00c1lvarez<\/b><span style=\"font-weight: 400;\">, conocido como \u201cEl Triple A\u201d usa esa consigna como slogan de campa\u00f1a (\u201cEl triple por Oaxaca\u201d). Actualmente es Diputado del Congreso de Oaxaca.<\/span><\/p>\n<p><span style=\"font-weight: 400;\">Respaldado por el<\/span><b> Partido Revolucionario Institucional <\/b><span style=\"font-weight: 400;\">(PRI) y el <\/span><b>Partido de la Revoluci\u00f3n Democr\u00e1tica <\/b><span style=\"font-weight: 400;\">(PRD).<\/span><\/p>\n<p><span style=\"font-weight: 400;\">A ellos cuatro se suman,<\/span><b> Bersah\u00edn L\u00f3pez L\u00f3pez,<\/b><span style=\"font-weight: 400;\"> candidato del <\/span><b>Partido Nueva Alianza Oaxaca; Jes\u00fas L\u00f3pez Rodr\u00edguez y Mauricio Cruz Vargas<\/b><span style=\"font-weight: 400;\">, que tienen en com\u00fan la caracter\u00edstica de ser <\/span><b>candidatos independientes ind\u00edgenas<\/b><span style=\"font-weight: 400;\">.<\/span><\/p>\n<p>&nbsp;<\/p>\n<p><b>Tamaulipas<\/b><\/p>\n<p><span style=\"font-weight: 400;\">El estado es gobernado actualmente por Francisco Javier Garc\u00eda Cabeza de Vaca, empresario y pol\u00edtico del Partido Acci\u00f3n Nacional (PAN). Analizamos a continuaci\u00f3n las candidaturas:<\/span><\/p>\n<p><b>&#8211; C\u00e9sar Ver\u00e1stegui Ostos<\/b><span style=\"font-weight: 400;\">, quien propone una fuerte agenda en materia de seguridad y la creaci\u00f3n de una Polic\u00eda de G\u00e9nero que se encargue espec\u00edficamente de casos de violencia contra las mujeres, en la misma l\u00ednea profundizar el trabajo en refugios, establecer un gabinete estatal con paridad y elevar a Secretar\u00eda al actual Instituto de la Mujer.<\/span><\/p>\n<p><span style=\"font-weight: 400;\">Es candidato por la coalici\u00f3n entre el PAN, el PRI y el PRD.<\/span><\/p>\n<p><b>&#8211; Am\u00e9rico Villarreal Anaya<\/b><span style=\"font-weight: 400;\">, su agenda est\u00e1 enmarcada en temas relativos a la econom\u00eda social solidaria, la elaboraci\u00f3n de estrategias para atraer inversi\u00f3n y el impulso de diversas regiones del estado a trav\u00e9s de la infraestructura.<\/span><\/p>\n<p><span style=\"font-weight: 400;\">Es candidato por la alianza entre Morena, el <\/span><span style=\"font-weight: 400;\">Partido Verde Ecologista de M\u00e9xico] (<\/span><span style=\"font-weight: 400;\">PVEM) y el Partido del Trabajo (PT)<\/span><\/p>\n<p><b>&#8211; Arturo D\u00edez Guti\u00e9rrez Navarro<\/b><span style=\"font-weight: 400;\">, ha concentrado su campa\u00f1a en el apoyo a personas con discapacidad, personas en situaci\u00f3n de calle, distintas iniciativas para el desarrollo de las mujeres, la creaci\u00f3n de un \u201cSeguro Universal Tamaulipeco\u201d y la reapertura de estancias infantiles.<\/span><\/p>\n<p><span style=\"font-weight: 400;\">Se postula con el respaldo de <\/span><b>Movimiento Ciudadano<\/b><span style=\"font-weight: 400;\"> (MC).<\/span><\/p>\n<p>&nbsp;<\/p>\n<p><b>Aguascalientes<\/b><\/p>\n<p><span style=\"font-weight: 400;\">En el caso de Aguascalientes las encuestas anuncian que la ganadora ser\u00eda <\/span><b>Teresa Jim\u00e9nez<\/b><span style=\"font-weight: 400;\">, de <\/span><b>Va por Aguascalientes<\/b><span style=\"font-weight: 400;\">. Su principal contrincante es <\/span><b>Nora Ruvalcaba<\/b><span style=\"font-weight: 400;\"> por <\/span><b>Morena<\/b><span style=\"font-weight: 400;\">.\u00a0<\/span><\/p>\n<p><span style=\"font-weight: 400;\">En este estado se da la particularidad de que Morena no compite en alianza con el Partido del Trabajo (PT) y el Partido Verde Ecologista de M\u00e9xico (PVEM), cuya candidata es Martha M\u00e1rquez quien es respaldada por la coalici\u00f3n \u201cJuntos Hacemos Historia\u201d.\u00a0<\/span><\/p>\n<p><span style=\"font-weight: 400;\">Adem\u00e1s, se da la particularidad de que l<\/span><span style=\"font-weight: 400;\">a probabilidad de que haya una mujer ocupando el cargo de la gobernaci\u00f3n es del 100%, ya que todas las titulares de las candidaturas son mujeres. Esta es la primera vez que esto sucede a nivel estatal y\/o federal.\u00a0<\/span><\/p>\n<p><span style=\"font-weight: 400;\">Repasamos qui\u00e9nes son:<\/span><\/p>\n<p><b>&#8211; Martha Cecilia M\u00e1rquez Alvarado<\/b><span style=\"font-weight: 400;\">,<\/span> <span style=\"font-weight: 400;\">es senadora en representaci\u00f3n de Aguascalientes en el Congreso de la Uni\u00f3n. Es licenciada en Contadur\u00eda y ha ocupado cargos como auditora de la Secretar\u00eda de Finanzas del municipio de Aguascalientes; auditora en el \u00d3rgano Superior de Fiscalizaci\u00f3n del estado; diputada plurinominal del Congreso estatal; coordinadora de la bancada del PAN en el Congreso y presidenta de la Comisi\u00f3n de Recreaci\u00f3n y Deporte.<\/span><\/p>\n<p><span style=\"font-weight: 400;\">Es candidata por el <\/span><b>Partido Acci\u00f3n Nacional<\/b><span style=\"font-weight: 400;\"> (PAN).<\/span><\/p>\n<p><b>&#8211; Mar\u00eda Teresa Jim\u00e9nez Esquivel<\/b><span style=\"font-weight: 400;\">, originalmente miembro del PAN, fue coordinadora secretaria de Acci\u00f3n Juvenil de Aguascalientes; consejera estatal del partido y formadora de Acci\u00f3n Juvenil. Entre 2017 y 2021 se desempe\u00f1\u00f3 como presidenta municipal de Aguascalientes.<\/span><\/p>\n<p><span style=\"font-weight: 400;\">Candidata a la gubernatura por la coalici\u00f3n<\/span><b> Va por Aguascalientes<\/b><span style=\"font-weight: 400;\">, entre el PAN, el PRI y el PRD.<\/span><\/p>\n<p><b>&#8211; Anayeli Mu\u00f1oz Moreno<\/b><span style=\"font-weight: 400;\">, se ha destacado por ser una activista feminista y defensora de los derechos humanos, est\u00e1 cursando una maestr\u00eda en Pol\u00edticas P\u00fablicas con Perspectiva de G\u00e9nero en la Facultad Latinoamericana de Ciencias Sociales (Flacso).\u00a0<\/span><\/p>\n<p><span style=\"font-weight: 400;\">Es la candidata de <\/span><b>Movimiento Ciudadano<\/b><span style=\"font-weight: 400;\">.<\/span><\/p>\n<p><b>&#8211; Nora Ruvalcaba G\u00e1mez<\/b><span style=\"font-weight: 400;\">, fue candidata a la gubernatura en 2016, quedando en el cuarto lugar con el 3.18 por ciento de la votaci\u00f3n. Es ex diputada del Congreso de Aguascalientes.<\/span><\/p>\n<p><span style=\"font-weight: 400;\">Es la candidata de<\/span><b> Morena<\/b><span style=\"font-weight: 400;\"> a la gubernatura del estado.<\/span><\/p>\n<p><b>&#8211; Natzielly Teresita Rodr\u00edguez Calzada<\/b><span style=\"font-weight: 400;\">, fue regidora del Ayuntamiento Constitucional de Ojocaliente (Zacatecas) de 2007 a 2010; jefa del Departamento de supervisi\u00f3n y control en la comisi\u00f3n ciudadana de agua potable y alcantarillado municipal en Aguascalientes en 2011; y jefa de Departamento de Atenci\u00f3n Ciudadana del Ayuntamiento de Aguascalientes en 2013.<\/span><\/p>\n<p><span style=\"font-weight: 400;\">Es la candidata de<\/span><b> Fuerza por M\u00e9xico<\/b><span style=\"font-weight: 400;\"> para el puesto de gobernadora.\u00a0<\/span><\/p>\n<p>&nbsp;<\/p>\n<p><b>Hidalgo<\/b><\/p>\n<p><span style=\"font-weight: 400;\">En el caso del estado de Hidalgo hay cuatro candidaturas, actualmente es gobernado por Omar Fayad Meneses del PRI. Los\/as candidatos\/as son:<\/span><\/p>\n<p><b>&#8211; Carolina Viggiano Austria<\/b><span style=\"font-weight: 400;\"> es licenciada en Derecho por la Universidad Aut\u00f3noma del Estado de Hidalgo (UAEH), fue diputada federal en tres ocasiones.<\/span><\/p>\n<p><span style=\"font-weight: 400;\">Se postula por la coalici\u00f3n <\/span><b>Va por Hidalgo<\/b><span style=\"font-weight: 400;\">, conformada por los partidos PAN, PRI y de la Revoluci\u00f3n Democr\u00e1tica (PRD).<\/span><\/p>\n<p><b>&#8211; Julio Menchaca Salazar<\/b><span style=\"font-weight: 400;\">, senador de la Rep\u00fablica con licencia de Morena por Hidalgo.<\/span><\/p>\n<p><span style=\"font-weight: 400;\">Representa la candidatura com\u00fan <\/span><b>Juntos Hacemos Historia en Hidalgo<\/b><span style=\"font-weight: 400;\"> de Morena, el Partido del Trabajo (PT) y la Nueva Alianza Hidalgo (PNAH)<\/span><\/p>\n<p><b>&#8211; Francisco Xavier Berganza Escorza<\/b><span style=\"font-weight: 400;\">, es ex presidente de la Junta de Gobierno del Congreso Local de Hidalgo.<\/span><\/p>\n<p><span style=\"font-weight: 400;\">Candidato por <\/span><b>Movimiento Ciudadano<\/b><span style=\"font-weight: 400;\"> (MC).<\/span><\/p>\n<p><b>&#8211; Jos\u00e9 Luis Lima Morales<\/b><span style=\"font-weight: 400;\">, se separ\u00f3 de la candidatura com\u00fan \u201cJuntos Haremos Historia\u201d que hab\u00eda conformado con Morena, del Trabajo (PT) y Nueva Alianza Hidalgo (PNAH).\u00a0<\/span><\/p>\n<p><span style=\"font-weight: 400;\">Se presenta por el <\/span><b>Partido Verde Ecologista de M\u00e9xico<\/b><span style=\"font-weight: 400;\"> (PVEM).<\/span><\/p>\n<p>&nbsp;<\/p>\n<p><b>Durango<\/b><\/p>\n<p><span style=\"font-weight: 400;\">El estado de Durango es actualmente gobernado por Jos\u00e9 Rosas Aispuro, quien logr\u00f3 vencer despu\u00e9s de 80 a\u00f1os al PRI, respaldado por la alianza entre el PAN y el PRD. Su adversario principal en aquel momento fue Esteban Villegas, quien hoy compite nuevamente por el cargo de gobernador.<\/span><\/p>\n<p><span style=\"font-weight: 400;\">Entre las candidaturas encontramos dos por coaliciones y una por un partido, a saber:<\/span><\/p>\n<p><b>&#8211; Esteban Alejandro Villegas Villarreal<\/b><span style=\"font-weight: 400;\">, es m\u00e9dico cirujano, en lo pol\u00edtico fue Secretario de Salud de Durango, presidente municipal y diputado del congreso local.<\/span><\/p>\n<p><span style=\"font-weight: 400;\">Es candidato por la coalici\u00f3n <\/span><b>Va por Durango<\/b><span style=\"font-weight: 400;\">, conformada por el PRI, el PAN y el PRD.<\/span><\/p>\n<p><b>&#8211; Alma Marina Vitela Rodr\u00edguez<\/b><span style=\"font-weight: 400;\">, formada como enfermera se involucr\u00f3 como delegada sindical e inici\u00f3 su carrera pol\u00edtica siendo diputada de Durango.<\/span><\/p>\n<p><span style=\"font-weight: 400;\">Es la candidata de la alianza <\/span><b>Juntos hacemos historia en Durango<\/b><span style=\"font-weight: 400;\">, conformada por Morena, PVEM, PT y RSP.<\/span><\/p>\n<p><b>&#8211; Patricia Flores Elizondo<\/b><span style=\"font-weight: 400;\">, fue secretaria t\u00e9cnica de la Comisi\u00f3n de Concordia y Pacificaci\u00f3n en la C\u00e1mara de Diputados y luego se desempe\u00f1\u00f3 como secretaria general. En el gobierno del ex presidente mexicano Felipe Calder\u00f3n, fue coordinadora general de Administraci\u00f3n y jefa de la Oficina de la Presidencia de la Rep\u00fablica.<\/span><\/p>\n<p><span style=\"font-weight: 400;\">Se presenta como candidata por Movimiento Ciudadano.<\/span><\/p>\n<p>&nbsp;<\/p>\n<p><b>Reflexi\u00f3n final<\/b><\/p>\n<p><span style=\"font-weight: 400;\">En general, llama la atenci\u00f3n el caso de Aguascalientes que presenta la elecci\u00f3n entre candidaturas exclusivamente de mujeres, es un caso muy particular y ser\u00eda propicio investigar en profundidad las variables que intervinieron en cada caso, dentro de los partidos o coaliciones partidarias, y en forma global para alcanzar este panorama.<\/span><\/p>\n<p><span style=\"font-weight: 400;\">Por otro lado, salvo en el caso de Tamaulipas, todos los estados tienen al menos una (Hidalgo), dos (Oaxaca, Durango) o hasta tres (Quintana Roo) candidatas mujeres.<\/span><\/p>\n<p><span style=\"font-weight: 400;\">Con respecto a la elecci\u00f3n de cargos legislativos, en M\u00e9xico se realiz\u00f3 una reforma en 2019 que estableci\u00f3 el principio de paridad. A pesar de esto, el avance fue desparejo al comparar entre estados. En nuestro an\u00e1lisis post electoral podremos presentar informaci\u00f3n acerca de c\u00f3mo quedan conformados los \u00f3rganos legislativos subnacionales que renuevan miembros en esta oportunidad.<\/span><\/p>\n","protected":false},"excerpt":{"rendered":"<p>El pr\u00f3ximo 5 de junio en M\u00e9xico se llevar\u00e1n a cabo las elecciones subnacionales bajo la coordinaci\u00f3n del Instituto Nacional Electoral (INE) y los Organismos P\u00fablicos Locales de Elecciones (OPLE) para renovar numerosos cargos pol\u00edticos en seis de los territorios federales del pa\u00eds. Los cargos a renovarse son: 6 gubernaturas: Aguascalientes Durango Hidalgo Quintana Roo [&hellip;]<\/p>\n","protected":false},"author":1,"featured_media":2900,"comment_status":"closed","ping_status":"open","sticky":false,"template":"","format":"standard","meta":{"footnotes":""},"categories":[48,56],"tags":[],"class_list":["post-2899","post","type-post","status-publish","format-standard","has-post-thumbnail","hentry","category-documentos","category-noticias"],"rttpg_featured_image_url":{"full":["https:\/\/transparenciaelectoral.org\/observatoriodemujeresypolitica\/wp-content\/uploads\/2022\/05\/elecciones-mexico.jpg",1024,682,false],"landscape":["https:\/\/transparenciaelectoral.org\/observatoriodemujeresypolitica\/wp-content\/uploads\/2022\/05\/elecciones-mexico.jpg",1024,682,false],"portraits":["https:\/\/transparenciaelectoral.org\/observatoriodemujeresypolitica\/wp-content\/uploads\/2022\/05\/elecciones-mexico.jpg",1024,682,false],"thumbnail":["https:\/\/transparenciaelectoral.org\/observatoriodemujeresypolitica\/wp-content\/uploads\/2022\/05\/elecciones-mexico-150x150.jpg",150,150,true],"medium":["https:\/\/transparenciaelectoral.org\/observatoriodemujeresypolitica\/wp-content\/uploads\/2022\/05\/elecciones-mexico.jpg",1024,682,false],"large":["https:\/\/transparenciaelectoral.org\/observatoriodemujeresypolitica\/wp-content\/uploads\/2022\/05\/elecciones-mexico.jpg",1024,682,false],"1536x1536":["https:\/\/transparenciaelectoral.org\/observatoriodemujeresypolitica\/wp-content\/uploads\/2022\/05\/elecciones-mexico.jpg",1024,682,false],"2048x2048":["https:\/\/transparenciaelectoral.org\/observatoriodemujeresypolitica\/wp-content\/uploads\/2022\/05\/elecciones-mexico.jpg",1024,682,false],"post-thumbnail":["https:\/\/transparenciaelectoral.org\/observatoriodemujeresypolitica\/wp-content\/uploads\/2022\/05\/elecciones-mexico-750x465.jpg",750,465,true],"bdfe-large-thumb":["https:\/\/transparenciaelectoral.org\/observatoriodemujeresypolitica\/wp-content\/uploads\/2022\/05\/elecciones-mexico-600x400.jpg",600,400,true],"bdfe-hero-slider-thumb":["https:\/\/transparenciaelectoral.org\/observatoriodemujeresypolitica\/wp-content\/uploads\/2022\/05\/elecciones-mexico-974x649.jpg",974,649,true]},"rttpg_author":{"display_name":false,"author_link":"https:\/\/transparenciaelectoral.org\/observatoriodemujeresypolitica\/author\/Observatorio\/"},"rttpg_comment":0,"rttpg_category":"<a href=\"https:\/\/transparenciaelectoral.org\/observatoriodemujeresypolitica\/category\/nuestro-trabajo\/documentos\/\" rel=\"category tag\">Documentos<\/a> <a href=\"https:\/\/transparenciaelectoral.org\/observatoriodemujeresypolitica\/category\/nuestro-trabajo\/noticias\/\" rel=\"category tag\">Noticias<\/a>","rttpg_excerpt":"El pr\u00f3ximo 5 de junio en M\u00e9xico se llevar\u00e1n a cabo las elecciones subnacionales bajo la coordinaci\u00f3n del Instituto Nacional Electoral (INE) y los Organismos P\u00fablicos Locales de Elecciones (OPLE) para renovar numerosos cargos pol\u00edticos en seis de los territorios federales del pa\u00eds. Los cargos a renovarse son: 6 gubernaturas: Aguascalientes Durango Hidalgo Quintana Roo&hellip;","_links":{"self":[{"href":"https:\/\/transparenciaelectoral.org\/observatoriodemujeresypolitica\/wp-json\/wp\/v2\/posts\/2899","targetHints":{"allow":["GET"]}}],"collection":[{"href":"https:\/\/transparenciaelectoral.org\/observatoriodemujeresypolitica\/wp-json\/wp\/v2\/posts"}],"about":[{"href":"https:\/\/transparenciaelectoral.org\/observatoriodemujeresypolitica\/wp-json\/wp\/v2\/types\/post"}],"author":[{"embeddable":true,"href":"https:\/\/transparenciaelectoral.org\/observatoriodemujeresypolitica\/wp-json\/wp\/v2\/users\/1"}],"replies":[{"embeddable":true,"href":"https:\/\/transparenciaelectoral.org\/observatoriodemujeresypolitica\/wp-json\/wp\/v2\/comments?post=2899"}],"version-history":[{"count":1,"href":"https:\/\/transparenciaelectoral.org\/observatoriodemujeresypolitica\/wp-json\/wp\/v2\/posts\/2899\/revisions"}],"predecessor-version":[{"id":2901,"href":"https:\/\/transparenciaelectoral.org\/observatoriodemujeresypolitica\/wp-json\/wp\/v2\/posts\/2899\/revisions\/2901"}],"wp:featuredmedia":[{"embeddable":true,"href":"https:\/\/transparenciaelectoral.org\/observatoriodemujeresypolitica\/wp-json\/wp\/v2\/media\/2900"}],"wp:attachment":[{"href":"https:\/\/transparenciaelectoral.org\/observatoriodemujeresypolitica\/wp-json\/wp\/v2\/media?parent=2899"}],"wp:term":[{"taxonomy":"category","embeddable":true,"href":"https:\/\/transparenciaelectoral.org\/observatoriodemujeresypolitica\/wp-json\/wp\/v2\/categories?post=2899"},{"taxonomy":"post_tag","embeddable":true,"href":"https:\/\/transparenciaelectoral.org\/observatoriodemujeresypolitica\/wp-json\/wp\/v2\/tags?post=2899"}],"curies":[{"name":"wp","href":"https:\/\/api.w.org\/{rel}","templated":true}]}}