{"id":2692,"date":"2021-08-27T01:20:12","date_gmt":"2021-08-27T01:20:12","guid":{"rendered":"https:\/\/transparenciaelectoral.org\/observatoriodemujeresypolitica\/?p=2692"},"modified":"2023-12-04T12:15:24","modified_gmt":"2023-12-04T12:15:24","slug":"las-mujeres-del-11j-denuncia-y-solidaridad-en-america-latina-luego-de-las-protestas-en-cuba","status":"publish","type":"post","link":"https:\/\/transparenciaelectoral.org\/observatoriodemujeresypolitica\/las-mujeres-del-11j-denuncia-y-solidaridad-en-america-latina-luego-de-las-protestas-en-cuba\/","title":{"rendered":"\u201cLas mujeres del 11J\u201d: denuncia y solidaridad en Am\u00e9rica Latina luego de las protestas en Cuba"},"content":{"rendered":"<p>El pasado 27 de agosto la organizaci\u00f3n Transparencia Electoral desarroll\u00f3 un\u00a0<a href=\"https:\/\/youtu.be\/UVE1yLQnXZo\">webinar<\/a>\u00a0cuyo centro de debate fueron las mujeres cubanas como figuras pol\u00edticas activas y protagonistas de las protestas del 11 de julio y de los procesos posteriores a las manifestaciones; y las expresiones de solidaridad hacia ellas desde Latinoam\u00e9rica.<\/p>\n<p>Desde la isla caribe\u00f1a asistieron las periodistas independientes Mar\u00eda Matienzo y Camila Acosta y tambi\u00e9n por Cuba, pero en el exilio, la abogada y directora ejecutiva de Cubalex, Laritza Diversent.<\/p>\n<p>Las activistas Sara Cuba y Marthadella Tamayo, tambi\u00e9n invitadas, no pudieron asistir por fallas en la conexi\u00f3n, un tema recurrente gracias a los cortes selectivos de Internet que practica el Gobierno cubano contra las voces disidentes. Sara Cuba logr\u00f3 enviar su ponencia en un video que fue transmitido en el espacio.<\/p>\n<p>Por Latinoam\u00e9rica, especialmente desde Ecuador y Honduras, compartieron con las cubanas M\u00f3nica Banegas, Directora de Haciendo Ecuador y del Observatorio de Participaci\u00f3n Pol\u00edtica de las Mujeres y la diputada hondure\u00f1a Johana Berm\u00fadez.<\/p>\n<p>Las protestas antigubernamentales del 11 de julio de 2021 en m\u00e1s de 60 localidades de Cuba fueron un hecho inaudito en los \u00faltimos 62 a\u00f1os. Miles de cubanos tomaron las calles exigiendo reformas sociales y pol\u00edticas a ra\u00edz de la crisis econ\u00f3mica y sanitaria del pa\u00eds.<\/p>\n<p>Durante las manifestaciones pac\u00edficas el presidente cubano Miguel D\u00edaz-Canel Berm\u00fadez, quien tambi\u00e9n ostenta el otro cargo m\u00e1s importante de la naci\u00f3n: primer secretario del Partido Comunista de Cuba (PCC), orden\u00f3, a trav\u00e9s de los medios de prensa estatales, la represi\u00f3n de los manifestantes.<\/p>\n<p>Sobre las mujeres detenidas, en el contexto de las protestas, se ejerci\u00f3 mayor violencia policial y estatal que sobre los hombres. Por otro lado, cada hombre apresado tiene tambi\u00e9n madre, hermanas o esposa en su b\u00fasqueda.<\/p>\n<p>Los relatos de la parte cubana en el conversatorio versaron sobre los procesos que han atravesado como entes activos en la sociedad civil independiente cubana y generadoras de cambio social, adem\u00e1s del acompa\u00f1amiento a otras mujeres con familiares detenidos con el fin de lograr la excarcelaci\u00f3n de estos.<\/p>\n<p>Para muchas cubanas, cercanas a los arrestados, las detenciones recientes las han posicionado ante una maquinaria represiva que desconoc\u00edan. La periodista Mar\u00eda Matienzo actualmente trabaja junto a otras activistas para ayudar a esas mujeres en los procesos que atraviesan.<\/p>\n<p>El propio 11 de julio estas activistas comenzaron a documentar y trabajar en un\u00a0<a href=\"https:\/\/docs.google.com\/spreadsheets\/d\/1-38omFpJdDiKTSBoUOg19tv2nJxtNRS3-2HfVUUwtSw\/edit#gid=1651014915\">listado de detenidos<\/a>\u00a0que no cesa de crecer y cuyas fuentes son los familiares, amigos y cubanos liberados. En Cuba la informaci\u00f3n judicial no es p\u00fablica.<\/p>\n<p>\u201cSomos muy pocas. La labor que se est\u00e1 haciendo se hace a mano porque no hay acceso a ciertos archivos judiciales que deber\u00edan ser p\u00fablicos o de acceso a los familiares. Las personas que pertenecemos a la sociedad civil independiente no tenemos personalidad jur\u00eddica\u201d, coment\u00f3 Matienzo en su intervenci\u00f3n.<\/p>\n<p>\u201cNosotros estamos viviendo el 11 de julio en un bucle temporal. Nos enteramos a destiempo que las mujeres son enjuiciadas. Nos hemos enterado de procesos porque otra mujer sale de la prisi\u00f3n y nos cuenta. As\u00ed hemos podido ver la cadena de violencia que han vivido las mujeres manifestantes\u201d, dijo.<\/p>\n<p>El poder socialista en Cuba ha perdurado por m\u00e1s de seis d\u00e9cadas y las familias cubanas se han fracturado por el miedo.<\/p>\n<p>Matienzo mencion\u00f3 a\u00a0<a href=\"https:\/\/www.cubanet.org\/destacados\/el-desamparo-ante-la-justicia-de-una-manifestante-cubana\/\">Letis Aile Patterson Rodr\u00edguez<\/a>\u00a0(madre de tres ni\u00f1as) como un caso espec\u00edfico donde es nulo el apoyo de la familia en la isla. Solo su madre, quien reside, en el extranjero se ocupa del proceso.<\/p>\n<p>\u201cLetis le ha mandado a su madre Madelaine Rodr\u00edguez cartas manuscritas para contarle que puede atentar contra su vida\u201d dijo la reportera de CubaNet.<\/p>\n<p>Patterson Rodr\u00edguez tienen 27 a\u00f1os y actualmente se encuentra en la prisi\u00f3n del Guatao. Con anterioridad estuvo retenida en el Centro de Investigaci\u00f3n Policial de 100 y Aldab\u00f3. Ella padece de asma cr\u00f3nica, lo que la convierte en poblaci\u00f3n de riesgo si contrae el coronavirus en la c\u00e1rcel.<\/p>\n<p>Otra de las cubanas detenidas es la activista pro derechos humanos Lizandra G\u00f3ngora sobre quien el Estado puede aplicar una sentencia m\u00e1s fuerte por su trayectoria como opositora.<\/p>\n<p>La curadora de arte Salom\u00e9 Garc\u00eda Bacallao\u00a0<a href=\"https:\/\/www.facebook.com\/groups\/243016724042825\/permalink\/271099507901213\/?app=fbl\">public\u00f3<\/a>\u00a0este 30 de agosto de 2021 los casos conocidos sobre mujeres acusadas luego de las protestas.<\/p>\n<p>Entre ellas Karla Yin Mart\u00ednez, Yanay Solaya Baruh, Annia Romero Fonseca, Yeralis y Deysi del Cueto, Mayra Taquechel, condenadas a meses de c\u00e1rcel y cuyas apelaciones fueron negadas; tambi\u00e9n est\u00e1n en el Guatao \u201cTaimara Sam\u00f3n (madre de un ni\u00f1o), Yaquel\u00edn Castillo, Liliana Oropesa, Mariuska D\u00edaz Calvo, Orqu\u00eddea Le\u00f3n Prieto, Mackyani Rom\u00e1n Rodr\u00edguez, Carla Medina Maga\u00f1a, Katya Beirut, Mailene Noguera, Alfredo (un chico trans), \u201cla Muma\u201d (una iyawo que no hemos podido identificar), Odett Hern\u00e1ndez, Jennifer, Yurema (de quienes no tenemos apellido) y muchas otras cuyos nombres no conocemos\u201d, aclar\u00f3 la joven en un grupo sobre los desaparecidos.<\/p>\n<p>Matienzo convers\u00f3 sobre dos menores de edad apresados sin garant\u00edas procesales. Uno de ellos es\u00a0<a href=\"https:\/\/adncuba.com\/noticias-de-cuba\/derechos-humanos\/cuba-maltrato-menor-tras-protestas-del-11j\">Christopher Lleonart Santana<\/a>\u00a0de 14 a\u00f1os y con retraso mental ligero, a\u00fan detenido en el Centro de Formaci\u00f3n Integral \u201cJos\u00e9 Mart\u00ed\u201d, conocido como \u201cEl Combinadito\u201d,\u00a0 y que confiesa ser golpeado en prisi\u00f3n.<\/p>\n<p>\u201cContra \u00e9l se han ensa\u00f1ado y eso nos hace pensar que las condenas est\u00e1n en funci\u00f3n del nivel de crueldad del funcionario al que se enfrenten\u201d, cont\u00f3 Matienzo.<\/p>\n<p>El otro menor de edad es\u00a0<a href=\"https:\/\/adncuba.com\/noticias-de-cuba\/derechos-humanos\/menor-encarcelado-tras-el-11j-sin-medicinas\">Jonathan Torres Farrat<\/a>\u00a0de 17 a\u00f1os y detenido el 13 de agosto; desde ese d\u00eda no ha podido continuar con su tratamiento para la hipertensi\u00f3n. Su novia est\u00e1 esperando un beb\u00e9.<\/p>\n<p>Por su lado, Camila Acosta fue detenida durante cuatro d\u00edas por cubrir como periodista las manifestaciones. Su familia la dio por desaparecida durante 48 horas. Al liberarla le impusieron una medida cautelar de reclusi\u00f3n domiciliaria.<\/p>\n<p>Sobre su detenci\u00f3n cont\u00f3 en el webinar que \u201cCompart\u00ed celda con varias mujeres. Muchas de las detenidas hab\u00edan sido golpeadas, una madre y sus dos hijas ten\u00edan moretones de la golpiza, ten\u00edan un miedo terrible de lo que les pudiera suceder. Otra embarazada con problemas de tensi\u00f3n arterial no fue atendida hasta dos d\u00edas despu\u00e9s de ser detenida\u201d.<\/p>\n<p>Entre las detenciones una de las historias m\u00e1s difundidas fue la de la adolescente de 17 a\u00f1os,\u00a0<a href=\"https:\/\/www.cubanet.org\/noticias\/adolescente-condenada-a-8-meses-de-prision-pasa-a-reclusion-domiciliaria\/\">Gabriela Zequeira<\/a>, que en la c\u00e1rcel recibi\u00f3 amenazas de violaci\u00f3n sexual de parte de sus interrogadores.<\/p>\n<p>Sobre ella dijo Acosta: \u201cEstuvo varios d\u00edas encerrada, siendo interrogada sin ver a su familia. No hay pruebas ni testigos. En un juicio sumario fue condenada a 8 meses de privaci\u00f3n de libertad y gracias a las denuncias que se hicieron la soltaron bajo reclusi\u00f3n domiciliaria. Hace poco la enjuiciaron de nuevo y le ratificaron la condena y tiene que cumplirla en casa\u201d.<\/p>\n<p>Especialmente sobre la violencia que sufren las mujeres apresadas habl\u00f3 la abogada Laritza Diversent. Cubalex, la ONG que dirige ha colaborado con periodistas y activistas de la isla para conformar un listado, en crecimiento, de las detenciones y desapariciones. M\u00e1s de 850 casos se contabilizan en el documento.<\/p>\n<p>Para Diversent las violentaron en todo momento, tanto en el arresto como en el traslado hacia los centros de detenci\u00f3n, donde las condiciones higi\u00e9nicas y de privacidad no son id\u00f3neas para una mujer.<\/p>\n<p>\u201cLos arrestos fueron violentos, se vieron a mujeres ensangrentadas y baleadas con balas de goma y hay al menos dos hombres procesados por defender a mujeres, es notorio. No es defenderlas contra otro hombre sino contra grupos de hombres armados (polic\u00eda) y que entrenados con t\u00e9cnicas de inmovilizaci\u00f3n y aplicaron excesivamente la fuerza contra ellas.<\/p>\n<p>Decenas de las 174 mujeres que se conocen han sido detenidas son madres. Sus hijos han estado sin ellas el tiempo del encarcelamiento. \u201cNo les permitieron llamar a las familias para avisar que estaban presas, esto son t\u00e9cnicas utilizadas para amedrantar y no deben ser empleadas en un proceso penal.<\/p>\n<p>\u201cNo solo podemos ver a las que fueron v\u00edctimas sino tambi\u00e9n que detr\u00e1s de cada hombre detenido hay una mujer o varias buscando y sufriendo, tanto desde Cuba como desde el extranjero.<\/p>\n<p>Muchas fueron amenazadas de que no hicieran las denuncias p\u00fablicas ni contrataran abogados. Incluso las han detenido cuando han ido a averiguar por ellos\u201d, acot\u00f3 Diversent.<\/p>\n<p>M\u00f3nica Banegas, desde Ecuador, se solidariz\u00f3 con la situaci\u00f3n que viven las cubanas a merced de un r\u00e9gimen totalitario.<\/p>\n<p>Al respecto dijo que experimentan tipos de violencias \u201cmucho peores que las que vivimos en pa\u00edses donde hemos logrado tener alternancia en el poder. Sabemos que Cuba tiene un contexto distinto y me apena escuchar el tipo de violencia que sufren ustedes como mujeres y tan diferentes a las sanciones que viven los hombres\u201d.<\/p>\n<p>Lament\u00f3 la inexistencia de leyes orientadas a proteger a las mujeres y a los periodistas del pa\u00eds caribe\u00f1o.<\/p>\n<p>Banegas esgrimi\u00f3 un grupo de acciones que consider\u00f3 se pueden consolidar desde la regi\u00f3n para extender redes de apoyo a las cubanas.<\/p>\n<p>\u201cTenemos que crear redes de sororidad\u201d, afirm\u00f3. Seg\u00fan Banegas la manera de solidarizarse fuera de Cuba es a trav\u00e9s del \u201cAcompa\u00f1amiento en denuncias, apoyo en la lucha social y causas, creer en los casos que presentan y ser emp\u00e1ticas, contribuir a la participaci\u00f3n pol\u00edtica de las mujeres y capacitar, orientar y formar sobre violencia de g\u00e9nero y protocolos para combatirla\u201d.<\/p>\n<p>A su vez, Johana Berm\u00fadez como diputada hondure\u00f1a se sum\u00f3 al llamado de Banegas y aport\u00f3 que<\/p>\n<p>\u201cComo parte de la sororidad con nuestras hermanas cubanas est\u00e1 crear un espacio de conciencia donde las mujeres, desde diferentes escenarios de participaci\u00f3n, tengamos claro que tenemos mucho en com\u00fan y que al final debemos definir qui\u00e9n accede al poder y que nosotras podemos ser prioridad en la agenda pol\u00edtica. Reiteramos nuestra solidaridad por nuestras hermanas en cuba\u201d, concluy\u00f3.<\/p>\n<p>Matienzo ante las propuestas de solidaridad pidi\u00f3 que ayudaran a difundir desde sus espacios las denuncias que realizan las mujeres cubanas.<\/p>\n<p>\u201cNo tenemos plataformas medi\u00e1ticas que lleguen a todo el mundo, el \u00fanico valor que tenemos es nuestra profesionalidad y seriedad en el trabajo.<\/p>\n<p>Estoy pidiendo un voto de fe para que nuestra voz se escuche. Necesitamos que se hagan eco de nuestras denuncias\u201d.<\/p>\n<p>&nbsp;<\/p>\n<p><strong>Mujeres cubanas: desprotegidas por la ley<\/strong><\/p>\n<p>En Cuba no existe una Ley Integral contra la Violencia de G\u00e9nero ni ninguna otra que proteja a las mujeres de los abusos machistas y del Gobierno, ni siquiera\u00a0<a href=\"https:\/\/adncuba.com\/noticias-de-cuba\/cuba-sin-refugios-para-victimas-de-violencia\">refugios para v\u00edctimas<\/a>. La desprotecci\u00f3n es total, incluso cuando el 53.2% de la composici\u00f3n del parlamento cubano es femenino.<\/p>\n<p>Desde el 21 de noviembre de 2019 un grupo de feministas cubanas presentaron ante la Asamblea Nacional del Poder Popular (ANPP) la solicitud de una Ley Integral contra la Violencia de G\u00e9nero. El Gobierno les ha pedido que esperen hasta el 2028, a\u00f1o en el que est\u00e1n agendadas las pr\u00f3ximas disposiciones jur\u00eddicas a aprobar por la ANPP.<\/p>\n<p>Matienzo consider\u00f3 que, aunque m\u00e1s de la mayor\u00eda del parlamento cubano est\u00e1 integrado por mujeres \u201cno es un logro para nosotras. No se pronuncian por pol\u00edticas p\u00fablicas encaminadas al beneficio de las mujeres o a la equidad de g\u00e9nero\u201d.<\/p>\n<p>Las diputadas cubanas son miembros de la \u00fanica organizaci\u00f3n legal de mujeres, la Federaci\u00f3n de Mujeres Cubanas (FMC). Varios reportes en las redes las ubican como l\u00edderes de los actos de repudio contra mujeres activistas.<\/p>\n<p>\u201cEsas mujeres siguen reproduciendo los patrones machistas, racistas y clasistas del poder totalitario\u201d, asegur\u00f3 Matienzo.<\/p>\n<p>La Secretaria General de la FMC, Teresa Amarelle Bou\u00e9, es a la vez militante del PCC, funcionara del Gobierno y la dirigente de una supuesta organizaci\u00f3n de la sociedad civil.<\/p>\n<p>\u201cElla no utiliza esa posici\u00f3n de poder en favor de las mujeres, sino que apoya la pol\u00edtica de un grupo pol\u00edtico que esta comandado por hombres\u201d.<\/p>\n<p>Al cierre de 2020 se reportaban en Cuba 28\u00a0<a href=\"https:\/\/www.cibercuba.com\/noticias\/2021-08-14-u1-e129488-s27061-cubana-asesinada-su-expareja-sancti-spiritus\">feminicidios<\/a>. En lo que va de a\u00f1o la cifra es de 27. Estas estad\u00edsticas no son reflejadas por la prensa oficial, solo por plataformas feministas como YoS\u00edTeCreo en Cuba y\u00a0La Red Femenina de Cuba y la prensa independiente.<\/p>\n<p>Las declaraciones enviadas por Sara Cuba, de la Alianza Cubana por la Inclusi\u00f3n, explican como la violencia machista ha crecido en la naci\u00f3n a ra\u00edz de la pandemia y que el Estado ignora los llamados de ayuda en este sentido.<\/p>\n<p>\u201cDesde 2018 se ha revolucionado una ola feminista en Cuba por parte de la sociedad independiente y se han establecido estrategias para comunicar la violencia. En el caso de la Alianza y de la Red Femenina han redireccionado su trabajo a la aprobaci\u00f3n de una ley que proteja a las mujeres a ra\u00edz del incremento de los casos de feminicidio y que este sea tipificado en la legislaci\u00f3n cubana\u201d.<\/p>\n<p>La Alianza Cubana por la Inclusi\u00f3n ha enfocado su labor en tres peticiones fundamentales:<\/p>\n<ol>\n<li>Capacitaci\u00f3n de los funcionarios que atienden las denuncias de las mujeres v\u00edctimas.<\/li>\n<li>La tipificaci\u00f3n del feminicidio como delito en el C\u00f3digo Penal cubano vigente.<\/li>\n<li>Actualizaci\u00f3n de una data real de feminicidios y violencia de g\u00e9nero.<\/li>\n<\/ol>\n<p>\u201cEste tipo de violencia aqu\u00ed tiene su especificad, somos el blanco de calumnias que atentan contra nuestra integridad moral, somos v\u00edctimas de acoso pol\u00edtico y cibern\u00e9tico, de violencia vicaria, detenciones arbitrarias, se nos hasta quita el derecho al trabajo y en 2021 se ha hecho m\u00e1s visible\u201d, narr\u00f3.<\/p>\n<p>Desde el observatorio de la Alianza se han identificado desde enero hasta agosto unos 312 casos de violencia pol\u00edtica contra mujeres opositoras; unas 182 han sufrido violencia institucional.<\/p>\n","protected":false},"excerpt":{"rendered":"<p>El pasado 27 de agosto la organizaci\u00f3n Transparencia Electoral desarroll\u00f3 un\u00a0webinar\u00a0cuyo centro de debate fueron las mujeres cubanas como figuras pol\u00edticas activas y protagonistas de las protestas del 11 de julio y de los procesos posteriores a las manifestaciones; y las expresiones de solidaridad hacia ellas desde Latinoam\u00e9rica. Desde la isla caribe\u00f1a asistieron las periodistas [&hellip;]<\/p>\n","protected":false},"author":1,"featured_media":2693,"comment_status":"closed","ping_status":"open","sticky":false,"template":"","format":"standard","meta":{"footnotes":""},"categories":[47],"tags":[],"class_list":["post-2692","post","type-post","status-publish","format-standard","has-post-thumbnail","hentry","category-opinion"],"rttpg_featured_image_url":{"full":["https:\/\/transparenciaelectoral.org\/observatoriodemujeresypolitica\/wp-content\/uploads\/2022\/03\/Mujeres-del-11J.jpeg",1600,1600,false],"landscape":["https:\/\/transparenciaelectoral.org\/observatoriodemujeresypolitica\/wp-content\/uploads\/2022\/03\/Mujeres-del-11J.jpeg",1600,1600,false],"portraits":["https:\/\/transparenciaelectoral.org\/observatoriodemujeresypolitica\/wp-content\/uploads\/2022\/03\/Mujeres-del-11J.jpeg",1600,1600,false],"thumbnail":["https:\/\/transparenciaelectoral.org\/observatoriodemujeresypolitica\/wp-content\/uploads\/2022\/03\/Mujeres-del-11J-150x150.jpeg",150,150,true],"medium":["https:\/\/transparenciaelectoral.org\/observatoriodemujeresypolitica\/wp-content\/uploads\/2022\/03\/Mujeres-del-11J.jpeg",1600,1600,false],"large":["https:\/\/transparenciaelectoral.org\/observatoriodemujeresypolitica\/wp-content\/uploads\/2022\/03\/Mujeres-del-11J.jpeg",1600,1600,false],"1536x1536":["https:\/\/transparenciaelectoral.org\/observatoriodemujeresypolitica\/wp-content\/uploads\/2022\/03\/Mujeres-del-11J-1536x1536.jpeg",1536,1536,true],"2048x2048":["https:\/\/transparenciaelectoral.org\/observatoriodemujeresypolitica\/wp-content\/uploads\/2022\/03\/Mujeres-del-11J.jpeg",1600,1600,false],"post-thumbnail":["https:\/\/transparenciaelectoral.org\/observatoriodemujeresypolitica\/wp-content\/uploads\/2022\/03\/Mujeres-del-11J-750x465.jpeg",750,465,true],"bdfe-large-thumb":["https:\/\/transparenciaelectoral.org\/observatoriodemujeresypolitica\/wp-content\/uploads\/2022\/03\/Mujeres-del-11J-600x600.jpeg",600,600,true],"bdfe-hero-slider-thumb":["https:\/\/transparenciaelectoral.org\/observatoriodemujeresypolitica\/wp-content\/uploads\/2022\/03\/Mujeres-del-11J-649x649.jpeg",649,649,true]},"rttpg_author":{"display_name":false,"author_link":"https:\/\/transparenciaelectoral.org\/observatoriodemujeresypolitica\/author\/Observatorio\/"},"rttpg_comment":0,"rttpg_category":"<a href=\"https:\/\/transparenciaelectoral.org\/observatoriodemujeresypolitica\/category\/nuestro-trabajo\/opinion\/\" rel=\"category tag\">Opini\u00f3n<\/a>","rttpg_excerpt":"El pasado 27 de agosto la organizaci\u00f3n Transparencia Electoral desarroll\u00f3 un\u00a0webinar\u00a0cuyo centro de debate fueron las mujeres cubanas como figuras pol\u00edticas activas y protagonistas de las protestas del 11 de julio y de los procesos posteriores a las manifestaciones; y las expresiones de solidaridad hacia ellas desde Latinoam\u00e9rica. Desde la isla caribe\u00f1a asistieron las periodistas&hellip;","_links":{"self":[{"href":"https:\/\/transparenciaelectoral.org\/observatoriodemujeresypolitica\/wp-json\/wp\/v2\/posts\/2692","targetHints":{"allow":["GET"]}}],"collection":[{"href":"https:\/\/transparenciaelectoral.org\/observatoriodemujeresypolitica\/wp-json\/wp\/v2\/posts"}],"about":[{"href":"https:\/\/transparenciaelectoral.org\/observatoriodemujeresypolitica\/wp-json\/wp\/v2\/types\/post"}],"author":[{"embeddable":true,"href":"https:\/\/transparenciaelectoral.org\/observatoriodemujeresypolitica\/wp-json\/wp\/v2\/users\/1"}],"replies":[{"embeddable":true,"href":"https:\/\/transparenciaelectoral.org\/observatoriodemujeresypolitica\/wp-json\/wp\/v2\/comments?post=2692"}],"version-history":[{"count":1,"href":"https:\/\/transparenciaelectoral.org\/observatoriodemujeresypolitica\/wp-json\/wp\/v2\/posts\/2692\/revisions"}],"predecessor-version":[{"id":2694,"href":"https:\/\/transparenciaelectoral.org\/observatoriodemujeresypolitica\/wp-json\/wp\/v2\/posts\/2692\/revisions\/2694"}],"wp:featuredmedia":[{"embeddable":true,"href":"https:\/\/transparenciaelectoral.org\/observatoriodemujeresypolitica\/wp-json\/wp\/v2\/media\/2693"}],"wp:attachment":[{"href":"https:\/\/transparenciaelectoral.org\/observatoriodemujeresypolitica\/wp-json\/wp\/v2\/media?parent=2692"}],"wp:term":[{"taxonomy":"category","embeddable":true,"href":"https:\/\/transparenciaelectoral.org\/observatoriodemujeresypolitica\/wp-json\/wp\/v2\/categories?post=2692"},{"taxonomy":"post_tag","embeddable":true,"href":"https:\/\/transparenciaelectoral.org\/observatoriodemujeresypolitica\/wp-json\/wp\/v2\/tags?post=2692"}],"curies":[{"name":"wp","href":"https:\/\/api.w.org\/{rel}","templated":true}]}}