{"id":2689,"date":"2021-09-13T01:17:25","date_gmt":"2021-09-13T01:17:25","guid":{"rendered":"https:\/\/transparenciaelectoral.org\/observatoriodemujeresypolitica\/?p=2689"},"modified":"2023-12-04T12:15:24","modified_gmt":"2023-12-04T12:15:24","slug":"quien-maneja-la-lapicera-una-vision-de-las-paso-con-perspectiva-de-genero","status":"publish","type":"post","link":"https:\/\/transparenciaelectoral.org\/observatoriodemujeresypolitica\/quien-maneja-la-lapicera-una-vision-de-las-paso-con-perspectiva-de-genero\/","title":{"rendered":"\u00bfQui\u00e9n maneja la lapicera? Una visi\u00f3n de las PASO con perspectiva de g\u00e9nero"},"content":{"rendered":"<section class=\"vc_row liquid-row-shadowbox-622bf49c48241\">\n<div class=\"ld-container container\">\n<div class=\"row ld-row ld-row-outer\">\n<div class=\"wpb_column vc_column_container vc_col-sm-12 liquid-column-622bf49c567d4\">\n<div class=\"vc_column-inner \">\n<div class=\"wpb_wrapper\">\n<div class=\"wpb_text_column wpb_content_element \">\n<div class=\"wpb_wrapper\">\n<p><strong><em>An\u00e1lisis de las condiciones en las que las mujeres desarrollan su participaci\u00f3n pol\u00edtica en Am\u00e9rica latina y Argentina en particular, desde el Observatorio de Mujeres y Pol\u00edtica de Transparencia Electoral. El Programa para el Fortalecimiento del Liderazgo Democr\u00e1tico de las Mujeres que se desarrolla desde 2021 tiene la mirada puesta en la mujer como protagonista.<\/em><\/strong><\/p>\n<p><strong>Valentina Cuevas*<\/strong><\/p>\n<p>&nbsp;<\/p>\n<p>A lo largo de 2021 hemos llevado adelante nuestro Programa para el Fortalecimiento del Liderazgo Democr\u00e1tico de las Mujeres, en el que contamos con la participaci\u00f3n de reconocidas especialistas, y se desarrollar\u00e1 hasta el mes de diciembre. Entre los temas abordados nos ocupamos de reflexionar, debatir y brindar herramientas en cuanto a \u201cPartidos pol\u00edticos y participaci\u00f3n pol\u00edtica de las mujeres. Liderazgo con perspectiva de g\u00e9nero y candidaturas\u201d junto a Mariela Coletta y Beatriz Roque L\u00f3pez; \u201cLa violencia pol\u00edtica contra las mujeres\u201d, con la participaci\u00f3n de Carolina Barone; \u201cOrganizaci\u00f3n de campa\u00f1as electorales (financiamiento pol\u00edtico y de campa\u00f1as electorales)\u201d, junto a Noelia Ruiz; \u201cComunicaci\u00f3n Pol\u00edtica\u201d con la exposici\u00f3n de Paola Zub\u00e1n. Y tambi\u00e9n se llevaron adelante encuentros especiales sobre elecciones en M\u00e9xico, junto a Gloria Alcocer Olmos; elecciones en Chile, con la exposici\u00f3n de Javiera Arce; elecciones en Argentina, junto a Macarena Acuipil. Entre los temas de los encuentros siguientes tenemos m\u00e1s presentaciones especiales y abordaremos a\u00fan m\u00e1s temas que hacen a la participaci\u00f3n pol\u00edtica de las mujeres.<\/p>\n<p>En estos encuentros ha sido reiterada la referencia a la Argentina como un pa\u00eds pionero en cuanto a la aprobaci\u00f3n de normativas en el camino hacia la paridad. Desde 1991 tenemos la Ley de Cupos, que establec\u00eda que el 30% de las candidaturas deb\u00edan pertenecer a mujeres y, desde 2017, la Ley de Paridad de G\u00e9nero, que establece que el 50% de las candidaturas deben ser para las mujeres y que adem\u00e1s deben ubicarse en la lista de forma intercalada con las candidaturas de hombres (es decir: mujer-hombre-mujer u hombre-mujer-hombre).<\/p>\n<p>Si analizamos la aplicaci\u00f3n de estas legislaciones a nivel subnacional, nos encontramos con que 21 distritos aplican la paridad (50\/50), 2 provincias cuentan con \u201ccupo femenino\u201d del 30% (Tucum\u00e1n y Corrientes) y un distrito cuenta con \u201ccupo por g\u00e9nero\u201d del 30% (Tierra del Fuego).<\/p>\n<p>Hoy, a pocos d\u00edas de las elecciones primarias de 2021, es inevitable la pregunta de si esas normas y sus regulaciones, entre otras herramientas, han provocado efectos en las relaciones que se dan en el Estado, la sociedad y \u2013fundamentalmente- hacia el interior de los partidos pol\u00edticos. Y si esas relaciones se dan en \u00e1mbitos de igualdad y promueven acciones afirmativas hacia la paridad real.<\/p>\n<p>En esta oportunidad, la ciudadan\u00eda argentina concurrir\u00e1 a las urnas para elegir qu\u00e9 n\u00f3minas de candidatos a diputados y senadores ser\u00e1n las que se presentar\u00e1n en las elecciones legislativas del 14 de noviembre. Este 2021, se renovar\u00e1n las bancas de 127 diputados -que tendr\u00e1n mandato de cuatro a\u00f1os hasta 2025- y de un tercio del Senado -24 esca\u00f1os-. El mandato de los nuevos senadores durar\u00e1 seis a\u00f1os, hasta 2027.<\/p>\n<p>Actualmente, nuestras C\u00e1maras legislativas est\u00e1n formadas por un 41% de mujeres en el caso de la C\u00e1mara de Diputados y 39% en el Senado<a href=\"https:\/\/demoamlat.com\/quien-maneja-la-lapicera-una-vision-de-las-paso-con-perspectiva-de-genero\/#_ftn1\" name=\"_ftnref1\">[1]<\/a>.<\/p>\n<p>Lo que primeramente observaremos es este efecto llamado \u201ccabeza de lista en magnitudes impares\u201d, \u00bfpor qu\u00e9 entender esto es esencial si queremos seguir caminando hacia la paridad? Y, tambi\u00e9n, \u00bfqu\u00e9 otros factores intervienen en la sobrerrepresentaci\u00f3n de los hombres en los resultados, en este caso, la conformaci\u00f3n de nuestro Poder Legislativo? Consideramos que las decisiones que se toman en la conformaci\u00f3n de las listas y su posterior impacto en la conformaci\u00f3n de las C\u00e1maras, es la expresi\u00f3n f\u00e1ctica de lo que ocurre en la pol\u00edtica en general.<\/p>\n<p>&nbsp;<\/p>\n<p><strong>Los datos<\/strong><\/p>\n<p><img fetchpriority=\"high\" decoding=\"async\" class=\"aligncenter size-full wp-image-10146\" src=\"https:\/\/demoamlat.com\/wp-content\/uploads\/2021\/09\/Grafico-1-Valentina-Cuevas.jpeg\" sizes=\"(max-width: 567px) 100vw, 567px\" srcset=\"https:\/\/demoamlat.com\/wp-content\/uploads\/2021\/09\/Grafico-1-Valentina-Cuevas.jpeg 567w, https:\/\/demoamlat.com\/wp-content\/uploads\/2021\/09\/Grafico-1-Valentina-Cuevas-300x175.jpeg 300w\" alt=\"\" width=\"567\" height=\"331\" \/><\/p>\n<p><em>*Elaboraci\u00f3n propia en base a datos tomados de la justicia electoral en los 24 distritos de la Rep\u00fablica Argentina<\/em><\/p>\n<p>En Argentina, el 12 de septiembre se llevar\u00e1n adelante las elecciones Primarias, Abiertas, Simult\u00e1neas y Obligatorias (PASO), que determinar\u00e1n cu\u00e1les ser\u00e1n las candidaturas que se presentar\u00e1n en noviembre en las elecciones generales.<\/p>\n<p>Desde el Observatorio de Mujeres y Pol\u00edtica, analizamos la conformaci\u00f3n de todas las listas presentadas y legalizadas por la justicia electoral, tanto las listas de candidaturas a Diputados y las que se presentan para integrar el Senado.<\/p>\n<p>Aqu\u00ed ya encontramos un primer dato fundamental: de un total de listas en todo el pa\u00eds de 325 (entre listas de candidaturas a la C\u00e1mara de Diputados y al Senado), solo 97 de ellas est\u00e1n encabezadas por mujeres y 228 por hombres. Expresado en porcentajes esto muestra que solo un 30% de las listas a nivel nacional, para todos los cargos que se eligen en esta oportunidad, son encabezadas por mujeres.<\/p>\n<p>Ahora, si indagamos por separado entre las candidaturas, tenemos que:<\/p>\n<ul>\n<li>En las candidaturas a diputados\/as nacionales: de un total de listas en todo el pa\u00eds de 241, solo 77 (32%) de ellas est\u00e1n encabezadas por mujeres y 164 (68%) por hombres.<\/li>\n<li>En las candidaturas a senadores\/as nacionales: de un total de listas en todo el pa\u00eds de 84, solo 20 (24%) de ellas est\u00e1n encabezadas por mujeres y 64 (76%) por hombres.<\/li>\n<\/ul>\n<p>En el caso de candidaturas al Senado nacional, llamamos la atenci\u00f3n especialmente sobre la provincia de Tucum\u00e1n, la cual no tiene ni una lista encabezada por una mujer de un total de 9 boletas oficializadas.<\/p>\n<p><img decoding=\"async\" class=\"size-full wp-image-10147 aligncenter\" src=\"https:\/\/demoamlat.com\/wp-content\/uploads\/2021\/09\/Grafico-2-Valentina-Cuevas.jpeg\" alt=\"\" width=\"277\" height=\"206\" \/><img decoding=\"async\" class=\"size-full wp-image-10148 aligncenter\" src=\"https:\/\/demoamlat.com\/wp-content\/uploads\/2021\/09\/Grafico-3-Valentina-Cuevas.jpeg\" alt=\"\" width=\"277\" height=\"205\" \/><\/p>\n<p><em>*Elaboraci\u00f3n propia en base a datos tomados de la justicia electoral en los 24 distritos de la Rep\u00fablica Argentina<\/em><\/p>\n<p>En otras variables, si analizamos los frentes electorales mayoritarios de la Argentina (Juntos por el Cambio y el Frente de Todos) y sus boletas afines en las provincias, encontramos que en el caso de Juntos por el Cambio, este frente tiene, entre sus listas de candidatos\/as para la C\u00e1mara de Diputados solo 10 encabezadas por mujeres de un total de 63 y para el Senado solo 4 de 35 listas; y, por su parte, el Frente de todos presenta un total de 34 listas de candidatos para la C\u00e1mara de Diputados, de las cuales 15 tienen mujeres en el primer lugar y 13 para la C\u00e1mara de Senadores, de las cuales solo 3 son encabezadas por mujeres.<\/p>\n<p>Al analizar los totales (candidaturas a diputados y senadores), observamos que, del total de listas, Juntos por el Cambio acumula un 14% de listas encabezadas por mujeres. Mientras que el Frente de Todos cuenta con un 38% de listas en las que el primer lugar es ocupado por una mujer.<\/p>\n<p>Ya en las elecciones nacionales del a\u00f1o 2019, solo el 20% de las listas de candidaturas a diputados hab\u00edan sido encabezadas por mujeres y el 6,25% de las listas al Senado. En el escenario que nos presentan las PASO de 2021, hay un aumento de mujeres encabezando, ya que en diputados constituyen un 32% y para las candidaturas al senado un 24%. Habr\u00e1 que revisar, luego de las primarias, c\u00f3mo quedan estos porcentajes para poder hacer una comparaci\u00f3n efectiva con los n\u00fameros de 2019.<\/p>\n<p>&nbsp;<\/p>\n<p><strong>\u00bfDe qu\u00e9 nos hablan estos datos?<\/strong><\/p>\n<p>Aqu\u00ed debemos considerar que estas listas que tenemos hoy, son el resultado de las interacciones que se dan en la sociedad y en los partidos pol\u00edticos, que se influyen entre s\u00ed de manera rec\u00edproca.<\/p>\n<p>Si bien tenemos desde 1991 cupos y desde 2017 la Ley de Paridad, observamos que ni en la sociedad, ni en el Estado, ni en los partidos pol\u00edticos, han cambiado ciertos estereotipos y mecanismos que alejan a las mujeres de lugares de representaci\u00f3n efectiva y liderazgo con poder real.<\/p>\n<p>Para analizar por qu\u00e9, al d\u00eda de hoy, no tenemos un sistema plenamente igualitario (a pesar de que algunos prejuicios \u2013como que los hombres son mejores l\u00edderes que las mujeres- ya han sido dejados de lado por la sociedad) debemos indagar en diferentes factores. \u00bfDe qu\u00e9 se tratan los pisos pegajosos, los techos de cristal, los techos de billetes y dem\u00e1s met\u00e1foras?<\/p>\n<p>En primer lugar, observamos las din\u00e1micas internas de los partidos pol\u00edticos. Es de especial importancia su an\u00e1lisis, ya que, parad\u00f3jicamente, es dentro de ellos en donde encontramos las principales dificultades para el acceso de las mujeres en espacios de representaci\u00f3n.<\/p>\n<p>En Argentina, algunos partidos han incorporado la paridad para sus estructuras internas, sin embargo, tanto en la composici\u00f3n de las mismas como en los procesos en los que se deciden las candidaturas asistimos a una presencia profundamente arraigada de instituciones informales (usando el concepto de Steven Levitsky<a href=\"https:\/\/demoamlat.com\/quien-maneja-la-lapicera-una-vision-de-las-paso-con-perspectiva-de-genero\/#_ftn2\" name=\"_ftnref2\">[2]<\/a>). Estas instituciones son las que permiten que se perpet\u00faen mecanismos en los que los hombres son los que tienen la \u00faltima palabra al decidir. Las instituciones informales son mecanismos no democr\u00e1ticos, y son uno de los obst\u00e1culos que tenemos que detectar para combatir las desigualdades desde dentro de los partidos. Cu\u00e1les son estas instituciones informales, en qu\u00e9 momento ocurren, c\u00f3mo son esas interrelaciones partidarias.<\/p>\n<p>En el primer encuentro de nuestro Programa, Mariela Coletta<a href=\"https:\/\/demoamlat.com\/quien-maneja-la-lapicera-una-vision-de-las-paso-con-perspectiva-de-genero\/#_ftn3\" name=\"_ftnref3\">[3]<\/a>\u00a0hizo alusi\u00f3n a que en la Argentina existen 41 partidos pol\u00edticos y que en 27 de ellos la mitad de las afiliadas son mujeres. Entonces, inevitablemente nos preguntamos por qu\u00e9 la mayor\u00eda de los lideres, dirigentes y\/o presidentes de los partidos son hombres.<\/p>\n<p>Encontramos en este punto el espacio para una reflexi\u00f3n, las herramientas de acci\u00f3n positiva nos dan la posibilidad de acceder a la pol\u00edtica con mayores oportunidades, pero con esto no alcanza. El trabajo interno en los partidos pol\u00edticos debe corresponderse con estas, eliminar las barreras estructurales existentes, educando a la clase pol\u00edtica desde las bases en cuanto a qu\u00e9 es la discriminaci\u00f3n hacia las mujeres que participan en la pol\u00edtica.<\/p>\n<p>La sub-representaci\u00f3n de las mujeres tambi\u00e9n se hace presente en la manera en que se organiza el trabajo en campa\u00f1a, estamos detr\u00e1s de c\u00e1maras, en roles organizativos, no somos voceras de los partidos en medios de comunicaci\u00f3n. Esto tambi\u00e9n genera un desincentivo a la participaci\u00f3n, porque, adem\u00e1s, les quita la posibilidad a otras de ver a mujeres liderando y tomarlas como ejemplo para su carrera pol\u00edtica.<\/p>\n<p>Es necesario identificar qui\u00e9nes toman las decisiones, desnaturalizar los \u201cclubes de varones\u201d, deconstruir los mecanismos de decisi\u00f3n y exigir formar parte de esas mesas chicas. Las instituciones informales hacen da\u00f1o a un sistema pol\u00edtico igualitario.<\/p>\n<p>En segundo lugar, observamos la violencia pol\u00edtica contra las mujeres. Todav\u00eda existe una carga cultural y simb\u00f3lica, con la que conviven las mujeres en todos los \u00e1mbitos de sus vidas. Los hombres no perciben su paso por la pol\u00edtica de la misma forma que las mujeres. En la medida en que las mujeres ocupamos mayor espacio en el \u00e1mbito pol\u00edtico, el sistema, como si fuera un mecanismo de autodefensa del status quo, multiplica y reinventa las manifestaciones de violencia.<\/p>\n<p>El sistema patriarcal en el que nos insertamos genera y reproduce roles y expectativas para las mujeres que no son los mismos para los hombres. Se cuestiona el liderazgo de las mujeres por su sensibilidad, si demuestra poca sensibilidad es muy dura, impone, no cede y si es muy sensible es fr\u00e1gil, doblegable, no ganar\u00e1 las discusiones que importan; se las cuestiona por su rol como madres (o futuras madres) \u00bfc\u00f3mo alinearan su vida familiar con sus tareas pol\u00edticas? o si no tienen hijos tambi\u00e9n se cuestiona su decisi\u00f3n, la vuelve insensible, calculadora, fr\u00eda, ego\u00edsta. Se cuestiona su vestimenta, su andar, su carisma, c\u00f3mo se relaciona con los votantes. Y otra vez, un largo etc\u00e9tera.<\/p>\n<p>Encontrar el equilibrio entre todas estas cuestiones (y a\u00fan m\u00e1s) es desgastante y frustrante para muchas mujeres. No solo se trata de lidiar con internas partidarias, posicionar a su partido, pensar estrategias, estar al tanto de los temas que se defienden y los que se cuestionan, sino tambi\u00e9n verse enfrentada a cuestionamientos por ser mujer.<\/p>\n<p>Y esto se acrecienta si hablamos de mujeres j\u00f3venes que buscan candidatearse u ocupar lugares de poder en las estructuras partidarias. Se las cuestiona y ataca no solo por ser mujeres sino tambi\u00e9n por ser j\u00f3venes.<\/p>\n<p>Estas tensiones, desembocan en violencia pol\u00edtica. En la Rep\u00fablica Argentina, la violencia de g\u00e9nero se define en la Ley N\u00ba 26.485, y habla de seis tipos de violencia entre los que, desde 2019, encontramos a la violencia pol\u00edtica como un tipo de violencia de g\u00e9nero. Incorporarla al marco normativo es un avance, porque les permite a las mujeres denunciar en \u00e1mbitos penales y tambi\u00e9n porque implica el reconocimiento impl\u00edcito de la violencia pol\u00edtica en raz\u00f3n de g\u00e9nero como un problema presente en la sociedad argentina. Adem\u00e1s, a partir de esto, algunos partidos del pa\u00eds comenzaron a incorporar protocolos o mecanismos de denuncia a situaciones de violencia en sus \u00e1mbitos internos.<\/p>\n<p>En los tiempos que corren, las redes sociales constituyen uno de los \u00e1mbitos en los que la pol\u00edtica tambi\u00e9n se desarrolla. All\u00ed se ha comprobado que los ataques hacia las mujeres contienen niveles de violencia que van mucho m\u00e1s all\u00e1 de sus ideolog\u00edas pol\u00edticas, sus propuestas y su trabajo, se focalizan en su aspecto f\u00edsico y su vestimenta, entre otras cuestiones que poco tienen que ver con el tema central de sus actividades o posturas pol\u00edticas. Esta violencia se fortalece con la posibilidad de actuar de manera an\u00f3nima en las redes sociales y las dificultades que esto genera al momento de realizar denuncias espec\u00edficas.<\/p>\n<p>En cuanto a los medios de comunicaci\u00f3n tradicionales (televisi\u00f3n, diarios y radios) se observa como positivo que algunos de ellos comiencen a incorporar editoras de g\u00e9nero en sus equipos y pol\u00edticas internas que de manera transversal incorporen perspectiva de g\u00e9nero en sus producciones. El camino por delante es largo y todav\u00eda muchos medios no ven como necesarias este tipo de incorporaciones, replican estereotipos e incurren en situaciones de violencia simb\u00f3lica contra las mujeres, pero se vislumbran iniciativas positivas en este sentido.<\/p>\n<p>Es necesario continuar trabajando en la formaci\u00f3n con perspectiva de g\u00e9nero en todos los \u00e1mbitos y, fundamentalmente, en la concientizaci\u00f3n de las militancias de base, los cuadros pol\u00edticos y las dirigencias sobre c\u00f3mo propiciar ambientes proclives a la participaci\u00f3n de las mujeres. Esto requiere una transformaci\u00f3n desde la ra\u00edz de la cultura partidaria y sus pr\u00e1cticas.<\/p>\n<p>En tercer lugar, nos encontramos con el acceso a recursos econ\u00f3micos. Las relaciones de poder entre hombres y mujeres son desiguales, esto se traslada al manejo de los recursos de campa\u00f1a, fundamentalmente los recursos econ\u00f3micos. Hablamos aqu\u00ed de la figura de \u201clos techos de billetes\u201d, que refieren al acceso limitado al dinero y las redes de financiamiento. Las mujeres reciben menos dinero para hacer sus campa\u00f1as (as\u00ed sean las que encabezan las listas), esto nace de que son los hombres los que tambi\u00e9n definen c\u00f3mo se distribuye y se administran los fondos.<\/p>\n<p>En nuestro encuentro m\u00e1s reciente, Paola Zub\u00e1n<a href=\"https:\/\/demoamlat.com\/quien-maneja-la-lapicera-una-vision-de-las-paso-con-perspectiva-de-genero\/#_ftn4\" name=\"_ftnref4\">[4]<\/a>\u00a0hizo menci\u00f3n a lo c\u00edclico de estas diferencias en la distribuci\u00f3n de recursos y c\u00f3mo perjudican a las mujeres. Los partidos pol\u00edticos antes de lanzar un candidato o una lista, miden a sus representantes, si no se mide a las mujeres en encuestas (porque son j\u00f3venes, porque no tienen dinero, porque \u201cno est\u00e1n listas\u201d, y un largo etc\u00e9tera) estas no entran en el espectro de consideraciones para formar parte o encabezar listas; luego al momento de hacer campa\u00f1a no recibir\u00e1n el mismo dinero que los hombres, lo que impide obtener resultados satisfactorios que las ayuden a crecer pol\u00edticamente ya que el armado de equipos, la publicidad, los viajes, las actividades de campa\u00f1a y todo lo que sucede alrededor necesita de fondos para realizarse; esto, a su vez, condicionar\u00e1 los resultados en las elecciones; y as\u00ed volvemos al punto de partida del ciclo.<\/p>\n<p>La transparencia en la informaci\u00f3n y en el manejo de los recursos es fundamental, porque demuestra c\u00f3mo son las din\u00e1micas de poder entre hombres y mujeres. A partir de contar con esta informaci\u00f3n podemos establecer estrategias y mejores mecanismos para fortalecer el liderazgo y el apoyo a cuadros pol\u00edticos de mujeres.<\/p>\n<p><strong>\u00a0<\/strong><strong>\u00a0<\/strong><\/p>\n<p><strong>Conclusi\u00f3n<\/strong><\/p>\n<p>Las mujeres no vamos a encontrar las condiciones ideales de igualdad solo a trav\u00e9s de normas. Necesitamos deconstruir estructuras de poder arraigadas durante a\u00f1os en la sociedad, en los partidos pol\u00edticos y en el Estado.<\/p>\n<p>Tenemos que cuestionar y cuestionarnos los patrones y los mandatos culturales que nos atraviesan a todos y todas. Exigirles a los partidos pol\u00edticos que incorporen las demandas de los grupos de mujeres, de la agenda feminista. Una democracia no est\u00e1 completa si se excluye de ella a las mujeres.<\/p>\n<p>Hemos comprobado en las actividades del Observatorio de Mujeres y Pol\u00edtica que los obst\u00e1culos son casi siempre los mismos, no hay diferencias ideol\u00f3gicas en las barreras a las que nos enfrentamos al momento de involucrarnos en pol\u00edtica.<\/p>\n<p>Hay herramientas normativas para hacer que los sistemas sean m\u00e1s \u201camigables\u201d con las mujeres, s\u00ed. A algunas de ellas los mencionaba Javiera Arce<a href=\"https:\/\/demoamlat.com\/quien-maneja-la-lapicera-una-vision-de-las-paso-con-perspectiva-de-genero\/#_ftn5\" name=\"_ftnref5\">[5]<\/a>\u00a0en su exposici\u00f3n \u201cel uso de distritos electorales pluripersonales de alta proporcionalidad, las listas cerradas con enforcement, la alternancia y el encabezamiento de las mujeres en la lista, paridad\/cuota en cada distrito y mecanismos de paridad de entrada y salida\u201d. Esta lista puede ser m\u00e1s larga si profundizamos la observaci\u00f3n.<\/p>\n<p>Pero tambi\u00e9n hay otros factores intervinientes, adem\u00e1s de las normas. El principal cuestionamiento entonces es \u00bfqui\u00e9n maneja la lapicera? M\u00e1s all\u00e1 del desaf\u00edo que a\u00fan representa la paridad nominal, para alcanzar la paridad real necesitamos cuestionar c\u00f3mo se distribuye y se representa el poder. El poder, no solamente entendido como la obtenci\u00f3n de un cargo o un puesto partidario que permite instalar un discurso de inclusi\u00f3n y progresismo, sino como la posibilidad real de ejercerlo en la toma de decisiones.<\/p>\n<p>Nadie regala el poder. Debemos fortalecernos entre nosotras, con sororidad, con perspectiva de g\u00e9nero, para reclamar el poder que nos corresponde. Para ejercerlo. Para que no se nos deje de lado al momento de hablar en nombre del partido. Para liderar y ser ejemplo de las que vienen detr\u00e1s. Para dejar de ser las convidadas de piedra de la pol\u00edtica.<\/p>\n<p>&nbsp;<\/p>\n<p><strong>Referencias<\/strong><\/p>\n<p><a href=\"https:\/\/demoamlat.com\/quien-maneja-la-lapicera-una-vision-de-las-paso-con-perspectiva-de-genero\/#_ftnref1\" name=\"_ftn1\">[1]<\/a>\u00a0Informaci\u00f3n disponible en \u201cDemocracia paritaria: Mapa de G\u00e9nero en la pol\u00edtica argentina\u201d, CIPPEC https:\/\/oear.cippec.org\/novedades\/democracia-paritaria-mapa-de-genero-en-la-politica-argentina-2020\/<\/p>\n<p><a href=\"https:\/\/demoamlat.com\/quien-maneja-la-lapicera-una-vision-de-las-paso-con-perspectiva-de-genero\/#_ftnref2\" name=\"_ftn2\">[2]<\/a>\u00a0Helmke, Gretchen y Steven Levitsky (2006) Informal Institutions and Democracy, Baltimore, John Hopkins University Press.<\/p>\n<p><a href=\"https:\/\/demoamlat.com\/quien-maneja-la-lapicera-una-vision-de-las-paso-con-perspectiva-de-genero\/#_ftnref3\" name=\"_ftn3\">[3]<\/a>\u00a0Presidenta del Comit\u00e9 Capital de la Uni\u00f3n C\u00edvica Radical, Auditora General de la Ciudad Aut\u00f3noma de Buenos Aires, Argentina.<\/p>\n<p><a href=\"https:\/\/demoamlat.com\/quien-maneja-la-lapicera-una-vision-de-las-paso-con-perspectiva-de-genero\/#_ftnref4\" name=\"_ftn4\">[4]<\/a>\u00a0Directora de investigaci\u00f3n y\u00a0co-fundadora de Zub\u00e1n\u00a0C\u00f3rdoba y Asoc. Consultora. Cofundadora y disertante\u00a0de staff de Marat\u00f3n de\u00a0Comunicaci\u00f3n Pol\u00edtica. Integrante Mujeres L\u00edderes\u00a0de Am\u00e9rica, Fundaci\u00f3n Documenta Espa\u00f1a por\u00a0iniciativa de OEA.\u00a0Integrante ALICE.<\/p>\n<p><a href=\"https:\/\/demoamlat.com\/quien-maneja-la-lapicera-una-vision-de-las-paso-con-perspectiva-de-genero\/#_ftnref5\" name=\"_ftn5\">[5]<\/a>\u00a0Mag\u00edster en Ciencia Pol\u00edtica. Secretaria Ejecutiva de la Unidad de Igualdad y Diversidad (Universidad de Valpara\u00edso). Activista por los derechos civiles y pol\u00edticos de las mujeres.<\/p>\n<p>&nbsp;<\/p>\n<\/div>\n<\/div>\n<\/div>\n<\/div>\n<\/div>\n<\/div>\n<\/div>\n<\/section>\n<section class=\"vc_row liquid-row-shadowbox-622bf49c57401\">\n<div class=\"ld-container container\">\n<div class=\"row ld-row ld-row-outer\">\n<div class=\"wpb_column vc_column_container vc_col-sm-12 liquid-column-622bf49c57672\">\n<div class=\"vc_column-inner \">\n<div class=\"wpb_wrapper\">\n<div class=\"wpb_text_column wpb_content_element \">\n<div class=\"wpb_wrapper\">\n<p><strong>*Valentina Cuevas.\u00a0<\/strong>Licenciada en Relaciones Internacionales, Coordinadora del Observatorio de Mujeres y Pol\u00edtica de Transparencia Electoral, Coordinadora de Programas de Promoci\u00f3n Democr\u00e1tica en DemoAmlat, Asesora pol\u00edtica y legislativa, cursando el Programa de Liderazgo y An\u00e1lisis Pol\u00edtico (CIAS).<\/p>\n<\/div>\n<\/div>\n<\/div>\n<\/div>\n<\/div>\n<\/div>\n<\/div>\n<\/section>\n","protected":false},"excerpt":{"rendered":"<p>An\u00e1lisis de las condiciones en las que las mujeres desarrollan su participaci\u00f3n pol\u00edtica en Am\u00e9rica latina y Argentina en particular, desde el Observatorio de Mujeres y Pol\u00edtica de Transparencia Electoral. El Programa para el Fortalecimiento del Liderazgo Democr\u00e1tico de las Mujeres que se desarrolla desde 2021 tiene la mirada puesta en la mujer como protagonista. [&hellip;]<\/p>\n","protected":false},"author":1,"featured_media":2690,"comment_status":"closed","ping_status":"open","sticky":false,"template":"","format":"standard","meta":{"footnotes":""},"categories":[47],"tags":[],"class_list":["post-2689","post","type-post","status-publish","format-standard","has-post-thumbnail","hentry","category-opinion"],"rttpg_featured_image_url":{"full":["https:\/\/transparenciaelectoral.org\/observatoriodemujeresypolitica\/wp-content\/uploads\/2022\/03\/valentina-cuevas-1.jpeg",904,525,false],"landscape":["https:\/\/transparenciaelectoral.org\/observatoriodemujeresypolitica\/wp-content\/uploads\/2022\/03\/valentina-cuevas-1.jpeg",904,525,false],"portraits":["https:\/\/transparenciaelectoral.org\/observatoriodemujeresypolitica\/wp-content\/uploads\/2022\/03\/valentina-cuevas-1.jpeg",904,525,false],"thumbnail":["https:\/\/transparenciaelectoral.org\/observatoriodemujeresypolitica\/wp-content\/uploads\/2022\/03\/valentina-cuevas-1-150x150.jpeg",150,150,true],"medium":["https:\/\/transparenciaelectoral.org\/observatoriodemujeresypolitica\/wp-content\/uploads\/2022\/03\/valentina-cuevas-1.jpeg",904,525,false],"large":["https:\/\/transparenciaelectoral.org\/observatoriodemujeresypolitica\/wp-content\/uploads\/2022\/03\/valentina-cuevas-1.jpeg",904,525,false],"1536x1536":["https:\/\/transparenciaelectoral.org\/observatoriodemujeresypolitica\/wp-content\/uploads\/2022\/03\/valentina-cuevas-1.jpeg",904,525,false],"2048x2048":["https:\/\/transparenciaelectoral.org\/observatoriodemujeresypolitica\/wp-content\/uploads\/2022\/03\/valentina-cuevas-1.jpeg",904,525,false],"post-thumbnail":["https:\/\/transparenciaelectoral.org\/observatoriodemujeresypolitica\/wp-content\/uploads\/2022\/03\/valentina-cuevas-1-750x465.jpeg",750,465,true],"bdfe-large-thumb":["https:\/\/transparenciaelectoral.org\/observatoriodemujeresypolitica\/wp-content\/uploads\/2022\/03\/valentina-cuevas-1-600x348.jpeg",600,348,true],"bdfe-hero-slider-thumb":["https:\/\/transparenciaelectoral.org\/observatoriodemujeresypolitica\/wp-content\/uploads\/2022\/03\/valentina-cuevas-1.jpeg",904,525,false]},"rttpg_author":{"display_name":false,"author_link":"https:\/\/transparenciaelectoral.org\/observatoriodemujeresypolitica\/author\/Observatorio\/"},"rttpg_comment":0,"rttpg_category":"<a href=\"https:\/\/transparenciaelectoral.org\/observatoriodemujeresypolitica\/category\/nuestro-trabajo\/opinion\/\" rel=\"category tag\">Opini\u00f3n<\/a>","rttpg_excerpt":"An\u00e1lisis de las condiciones en las que las mujeres desarrollan su participaci\u00f3n pol\u00edtica en Am\u00e9rica latina y Argentina en particular, desde el Observatorio de Mujeres y Pol\u00edtica de Transparencia Electoral. El Programa para el Fortalecimiento del Liderazgo Democr\u00e1tico de las Mujeres que se desarrolla desde 2021 tiene la mirada puesta en la mujer como protagonista.&hellip;","_links":{"self":[{"href":"https:\/\/transparenciaelectoral.org\/observatoriodemujeresypolitica\/wp-json\/wp\/v2\/posts\/2689","targetHints":{"allow":["GET"]}}],"collection":[{"href":"https:\/\/transparenciaelectoral.org\/observatoriodemujeresypolitica\/wp-json\/wp\/v2\/posts"}],"about":[{"href":"https:\/\/transparenciaelectoral.org\/observatoriodemujeresypolitica\/wp-json\/wp\/v2\/types\/post"}],"author":[{"embeddable":true,"href":"https:\/\/transparenciaelectoral.org\/observatoriodemujeresypolitica\/wp-json\/wp\/v2\/users\/1"}],"replies":[{"embeddable":true,"href":"https:\/\/transparenciaelectoral.org\/observatoriodemujeresypolitica\/wp-json\/wp\/v2\/comments?post=2689"}],"version-history":[{"count":1,"href":"https:\/\/transparenciaelectoral.org\/observatoriodemujeresypolitica\/wp-json\/wp\/v2\/posts\/2689\/revisions"}],"predecessor-version":[{"id":2691,"href":"https:\/\/transparenciaelectoral.org\/observatoriodemujeresypolitica\/wp-json\/wp\/v2\/posts\/2689\/revisions\/2691"}],"wp:featuredmedia":[{"embeddable":true,"href":"https:\/\/transparenciaelectoral.org\/observatoriodemujeresypolitica\/wp-json\/wp\/v2\/media\/2690"}],"wp:attachment":[{"href":"https:\/\/transparenciaelectoral.org\/observatoriodemujeresypolitica\/wp-json\/wp\/v2\/media?parent=2689"}],"wp:term":[{"taxonomy":"category","embeddable":true,"href":"https:\/\/transparenciaelectoral.org\/observatoriodemujeresypolitica\/wp-json\/wp\/v2\/categories?post=2689"},{"taxonomy":"post_tag","embeddable":true,"href":"https:\/\/transparenciaelectoral.org\/observatoriodemujeresypolitica\/wp-json\/wp\/v2\/tags?post=2689"}],"curies":[{"name":"wp","href":"https:\/\/api.w.org\/{rel}","templated":true}]}}