{"id":2686,"date":"2021-12-11T01:15:04","date_gmt":"2021-12-11T01:15:04","guid":{"rendered":"https:\/\/transparenciaelectoral.org\/observatoriodemujeresypolitica\/?p=2686"},"modified":"2023-12-04T12:15:23","modified_gmt":"2023-12-04T12:15:23","slug":"15o-encuentro-del-programa-para-el-fortalecimiento-del-liderazgo-democratico-de-las-mujeres-en-america-latina-del-observatorio-de-mujeres-y-politica-de-transparencia-electoral","status":"publish","type":"post","link":"https:\/\/transparenciaelectoral.org\/observatoriodemujeresypolitica\/15o-encuentro-del-programa-para-el-fortalecimiento-del-liderazgo-democratico-de-las-mujeres-en-america-latina-del-observatorio-de-mujeres-y-politica-de-transparencia-electoral\/","title":{"rendered":"15\u00ba Encuentro del \u00abPrograma para el Fortalecimiento del Liderazgo Democr\u00e1tico de las Mujeres en Am\u00e9rica latina\u00bb del Observatorio de Mujeres y Pol\u00edtica de Transparencia Electoral"},"content":{"rendered":"<p>El pasado viernes 10 de diciembre se realiz\u00f3 el encuentro N\u00ba 15 del \u00abPrograma para el Fortalecimiento del Liderazgo Democr\u00e1tico de las Mujeres en Am\u00e9rica Latina\u00bb organizado por el Observatorio de Mujeres y Pol\u00edtica de Transparencia Electoral.\u00a0Este encuentro fue el \u00faltimo de una serie en la que se abordaron diferentes tem\u00e1ticas relativas a la participaci\u00f3n pol\u00edtica de las mujeres en la regi\u00f3n y tambi\u00e9n, a trav\u00e9s de encuentros especiales, se analiz\u00f3 la participaci\u00f3n de las mujeres en los diferentes procesos electorales que se llevaron a cabo en Am\u00e9rica latina durante el a\u00f1o 2021.<\/p>\n<p>El tema central fue la \u201cCooperaci\u00f3n internacional en materia de g\u00e9nero e inclusi\u00f3n\u201d. El encuentro estuvo a cargo de Betilde Mu\u00f1oz-Pogossian (Directora del Departamento de Inclusi\u00f3n Social en la Organizaci\u00f3n de los Estados Americanos (OEA). PhD en Ciencias Pol\u00edticas de Florida International University (Miami) y Maestr\u00eda en Relaciones Internacionales de la University of South Florida (Tampa). Fellow (2021) del Draper Hills Summer Fellowship en Democracia, Desarrollo y Estado de Derecho de la Universidad de Stanford. Ganadora del Premio al Desempe\u00f1o Sobresaliente en 2008, 2016, 2018 y 2020, otorgado por el Secretario General de la OEA. Co-fundadora y coordinadora de la Red de Polit\u00f3logas #NoSinMujeres) y la moderadora, Valentina Cuevas (Arg), coordinadora del Observatorio de Mujeres y Pol\u00edtica de Transparencia Electoral. La presentaci\u00f3n completa est\u00e1 disponible en nuestro canal de YouTube, ingresando en el siguiente\u00a0<a href=\"https:\/\/www.youtube.com\/watch?v=CED6mcs181s\">link<\/a>.<\/p>\n<p>La expositora comenz\u00f3 hablando de la necesidad de identificar d\u00f3nde est\u00e1n las brechas de g\u00e9nero e inclusi\u00f3n en Am\u00e9rica latina y que este proceso nos ayuda a ir hacia una meta principal, consistente en la autonom\u00eda de las mujeres. Es decir, la capacidad de las mismas para tomar sus propias decisiones y contar con las condiciones para ejercer plenamente sus derechos en todos los \u00e1mbitos (civil, pol\u00edtico, econ\u00f3mico, social, cultural y ambiental) a la vez de vivir una vida libre de violencias.<\/p>\n<p>Betilde expres\u00f3 que la cooperaci\u00f3n internacional trabaja en diferentes dimensiones en pos de conseguir esta autonom\u00eda, ya que llegar a ella no es un hecho automatico.<\/p>\n<p>Presentando una s\u00edntesis de las brechas que a\u00fan existen en Am\u00e9rica latina con respecto a g\u00e9nero e inclusi\u00f3n, Betilde Mu\u00f1oz hizo \u00e9nfasis en los siguientes datos:<\/p>\n<ul>\n<li>El porcentaje de mujeres pobres es 18% superior al de los hombres<\/li>\n<li>Las mujeres sufren m\u00e1s el desempleo<\/li>\n<li>Los hombres tienen 33,7% del volumen de ingresos, las mujeres solo el 23,3%<\/li>\n<li>Las mujeres reciben el 83,9% de los salarios que perciben los hombres<\/li>\n<li>Las mujeres realizan entre el 71% al 86% del trabajo no remunerado en los hogares<\/li>\n<li>Los embarazos adolescentes afectan m\u00e1s a las mujeres que a hombres<\/li>\n<li>Entre el 60% y el 76% de las mujeres ha sido v\u00edctima de violencia por razones de g\u00e9nero en alg\u00fan \u00e1mbito de su vida<\/li>\n<li>Menor representaci\u00f3n pol\u00edtica, las mujeres tienen solamente el 31,8% de los puestos de elecci\u00f3n popular, a pesar de ser el 50% de la poblaci\u00f3n y de la militancia de los partidos pol\u00edticos<\/li>\n<li>Incompleta adopci\u00f3n de herramientas de cuota o paridad en varios pa\u00edses de la regi\u00f3n<\/li>\n<\/ul>\n<p>Luego, la expositora hizo referencia a que, en algunos casos, las desigualdades que viven las mujeres se ven profundizadas por otras situaciones de discriminaci\u00f3n como por ejemplo en el caso de afrodescendientes, ind\u00edgenas o personas LGBTIQ+.<\/p>\n<p>En cuanto a las recomendaciones para aminorar las brechas, Mu\u00f1oz especific\u00f3 que es necesario recolectar datos desagregados por genero y edad con respecto a salud, econom\u00eda, pol\u00edtica y el sector social; promover la participaci\u00f3n de mujeres y personas LGBTIQ+, afrodescendientes, ind\u00edgenas y personas con discapacidad en el dise\u00f1o y planificaci\u00f3n de las pol\u00edticas que les ata\u00f1en; reconocer y abordar la divisi\u00f3n desigual del trabajo del cuidado reconociendo la precaria condici\u00f3n de los grupos dedicados al cuidado; incluir los servicios de atenci\u00f3n a la violencia de genero, acceso a la informaci\u00f3n y las comunicaciones y servicios de salud sexual y reproductiva como pilares de la autonom\u00eda de las mujeres.<\/p>\n<p>Tambi\u00e9n Betilde hizo alusi\u00f3n al marco interamericano para la protecci\u00f3n de Derechos de las Mujeres y Grupos Sociales Vulnerables como herramienta para accionar con respecto a estos casos en los pa\u00edses que forman parte de la OEA y mencion\u00f3 que el objetivo de este marco es tener m\u00e1s inclusi\u00f3n y m\u00e1s derechos para estos grupos.<\/p>\n<p>Al hablar sobre las oportunidades de la Cooperaci\u00f3n Internacional en este \u00e1mbito, mencion\u00f3 que en este sentido encontramos al an\u00e1lisis de g\u00e9nero y transversalizaci\u00f3n, el financiamiento (es decir, un presupuesto para la igualdad de g\u00e9nero), la visibilidad (mejorar la comunicaci\u00f3n y generar datos desagregados), la planeaci\u00f3n de eventos (como foros, talleres y capacitaciones especificas), la facilitaci\u00f3n de cooperaci\u00f3n triangular Sur-Sur, emprender el camino hacia una pol\u00edtica exterior feminista, entre otras.<\/p>\n<p>Por su parte, la Coordinadora del Observatorio de Mujeres y Pol\u00edtica, Valentina Cuevas, se encarg\u00f3 de transmitir a nuestras expositoras las preguntas que fueron surgiendo a lo largo del encuentro por parte de las\/los participantes.<\/p>\n<p><iframe title=\"#15voEncuentro Programa para el Fortalecimiento del Liderazgo Democr\u00e1tico de las Mujeres\" width=\"800\" height=\"450\" src=\"https:\/\/www.youtube.com\/embed\/CED6mcs181s?feature=oembed\" frameborder=\"0\" allow=\"accelerometer; autoplay; clipboard-write; encrypted-media; gyroscope; picture-in-picture\" allowfullscreen><\/iframe><\/p>\n","protected":false},"excerpt":{"rendered":"<p>El pasado viernes 10 de diciembre se realiz\u00f3 el encuentro N\u00ba 15 del \u00abPrograma para el Fortalecimiento del Liderazgo Democr\u00e1tico de las Mujeres en Am\u00e9rica Latina\u00bb organizado por el Observatorio de Mujeres y Pol\u00edtica de Transparencia Electoral.\u00a0Este encuentro fue el \u00faltimo de una serie en la que se abordaron diferentes tem\u00e1ticas relativas a la participaci\u00f3n [&hellip;]<\/p>\n","protected":false},"author":1,"featured_media":2687,"comment_status":"closed","ping_status":"open","sticky":false,"template":"","format":"standard","meta":{"footnotes":""},"categories":[46],"tags":[],"class_list":["post-2686","post","type-post","status-publish","format-standard","has-post-thumbnail","hentry","category-capacitaciones"],"rttpg_featured_image_url":{"full":["https:\/\/transparenciaelectoral.org\/observatoriodemujeresypolitica\/wp-content\/uploads\/2022\/03\/15-encuentro-1.jpg",400,250,false],"landscape":["https:\/\/transparenciaelectoral.org\/observatoriodemujeresypolitica\/wp-content\/uploads\/2022\/03\/15-encuentro-1.jpg",400,250,false],"portraits":["https:\/\/transparenciaelectoral.org\/observatoriodemujeresypolitica\/wp-content\/uploads\/2022\/03\/15-encuentro-1.jpg",400,250,false],"thumbnail":["https:\/\/transparenciaelectoral.org\/observatoriodemujeresypolitica\/wp-content\/uploads\/2022\/03\/15-encuentro-1-150x150.jpg",150,150,true],"medium":["https:\/\/transparenciaelectoral.org\/observatoriodemujeresypolitica\/wp-content\/uploads\/2022\/03\/15-encuentro-1.jpg",400,250,false],"large":["https:\/\/transparenciaelectoral.org\/observatoriodemujeresypolitica\/wp-content\/uploads\/2022\/03\/15-encuentro-1.jpg",400,250,false],"1536x1536":["https:\/\/transparenciaelectoral.org\/observatoriodemujeresypolitica\/wp-content\/uploads\/2022\/03\/15-encuentro-1.jpg",400,250,false],"2048x2048":["https:\/\/transparenciaelectoral.org\/observatoriodemujeresypolitica\/wp-content\/uploads\/2022\/03\/15-encuentro-1.jpg",400,250,false],"post-thumbnail":["https:\/\/transparenciaelectoral.org\/observatoriodemujeresypolitica\/wp-content\/uploads\/2022\/03\/15-encuentro-1.jpg",400,250,false],"bdfe-large-thumb":["https:\/\/transparenciaelectoral.org\/observatoriodemujeresypolitica\/wp-content\/uploads\/2022\/03\/15-encuentro-1.jpg",400,250,false],"bdfe-hero-slider-thumb":["https:\/\/transparenciaelectoral.org\/observatoriodemujeresypolitica\/wp-content\/uploads\/2022\/03\/15-encuentro-1.jpg",400,250,false]},"rttpg_author":{"display_name":false,"author_link":"https:\/\/transparenciaelectoral.org\/observatoriodemujeresypolitica\/author\/Observatorio\/"},"rttpg_comment":0,"rttpg_category":"<a href=\"https:\/\/transparenciaelectoral.org\/observatoriodemujeresypolitica\/category\/nuestro-trabajo\/capacitaciones\/\" rel=\"category tag\">Capacitaciones<\/a>","rttpg_excerpt":"El pasado viernes 10 de diciembre se realiz\u00f3 el encuentro N\u00ba 15 del \u00abPrograma para el Fortalecimiento del Liderazgo Democr\u00e1tico de las Mujeres en Am\u00e9rica Latina\u00bb organizado por el Observatorio de Mujeres y Pol\u00edtica de Transparencia Electoral.\u00a0Este encuentro fue el \u00faltimo de una serie en la que se abordaron diferentes tem\u00e1ticas relativas a la participaci\u00f3n&hellip;","_links":{"self":[{"href":"https:\/\/transparenciaelectoral.org\/observatoriodemujeresypolitica\/wp-json\/wp\/v2\/posts\/2686","targetHints":{"allow":["GET"]}}],"collection":[{"href":"https:\/\/transparenciaelectoral.org\/observatoriodemujeresypolitica\/wp-json\/wp\/v2\/posts"}],"about":[{"href":"https:\/\/transparenciaelectoral.org\/observatoriodemujeresypolitica\/wp-json\/wp\/v2\/types\/post"}],"author":[{"embeddable":true,"href":"https:\/\/transparenciaelectoral.org\/observatoriodemujeresypolitica\/wp-json\/wp\/v2\/users\/1"}],"replies":[{"embeddable":true,"href":"https:\/\/transparenciaelectoral.org\/observatoriodemujeresypolitica\/wp-json\/wp\/v2\/comments?post=2686"}],"version-history":[{"count":1,"href":"https:\/\/transparenciaelectoral.org\/observatoriodemujeresypolitica\/wp-json\/wp\/v2\/posts\/2686\/revisions"}],"predecessor-version":[{"id":2688,"href":"https:\/\/transparenciaelectoral.org\/observatoriodemujeresypolitica\/wp-json\/wp\/v2\/posts\/2686\/revisions\/2688"}],"wp:featuredmedia":[{"embeddable":true,"href":"https:\/\/transparenciaelectoral.org\/observatoriodemujeresypolitica\/wp-json\/wp\/v2\/media\/2687"}],"wp:attachment":[{"href":"https:\/\/transparenciaelectoral.org\/observatoriodemujeresypolitica\/wp-json\/wp\/v2\/media?parent=2686"}],"wp:term":[{"taxonomy":"category","embeddable":true,"href":"https:\/\/transparenciaelectoral.org\/observatoriodemujeresypolitica\/wp-json\/wp\/v2\/categories?post=2686"},{"taxonomy":"post_tag","embeddable":true,"href":"https:\/\/transparenciaelectoral.org\/observatoriodemujeresypolitica\/wp-json\/wp\/v2\/tags?post=2686"}],"curies":[{"name":"wp","href":"https:\/\/api.w.org\/{rel}","templated":true}]}}