{"id":2680,"date":"2021-10-30T01:12:14","date_gmt":"2021-10-30T01:12:14","guid":{"rendered":"https:\/\/transparenciaelectoral.org\/observatoriodemujeresypolitica\/?p=2680"},"modified":"2023-12-04T12:15:24","modified_gmt":"2023-12-04T12:15:24","slug":"12vo-encuentro-del-programa-para-el-fortalecimiento-del-liderazgo-democratico-de-las-mujeres-en-america-latina-del-observatorio-de-mujeres-y-politica-de-transparencia-electoral","status":"publish","type":"post","link":"https:\/\/transparenciaelectoral.org\/observatoriodemujeresypolitica\/12vo-encuentro-del-programa-para-el-fortalecimiento-del-liderazgo-democratico-de-las-mujeres-en-america-latina-del-observatorio-de-mujeres-y-politica-de-transparencia-electoral\/","title":{"rendered":"12vo Encuentro del \u00abPrograma para el Fortalecimiento del Liderazgo Democr\u00e1tico de las Mujeres en Am\u00e9rica latina\u00bb del Observatorio de Mujeres y Pol\u00edtica de Transparencia Electoral"},"content":{"rendered":"<p>El pasado viernes 29 de octubre se realiz\u00f3 el doceavo encuentro del \u00ab<b>Programa para el Fortalecimiento del Liderazgo Democr\u00e1tico de las Mujeres en Am\u00e9rica Latina<\/b>\u00bb organizado por el Observatorio de Mujeres y Pol\u00edtica de Transparencia Electoral.<\/p>\n<p>En esta oportunidad, el encuentro se desarroll\u00f3 acerca del tema\u00a0<b>\u201cHerramientas para el debate\u201d<\/b>, con la exposici\u00f3n de\u00a0<b>Valentina Arga\u00f1araz<\/b>, dise\u00f1adora gr\u00e1fica, quien cuenta con estudios en comunicaci\u00f3n social, es emprendedora y trabajadora freelance en comunicaci\u00f3n pol\u00edtica (Argentina). Se cont\u00f3 adem\u00e1s, con la moderaci\u00f3n de Valentina Cuevas, coordinadora del Observatorio de Mujeres y Pol\u00edtica de Transparencia Electoral (Argentina). La presentaci\u00f3n completa est\u00e1 disponible en nuestro canal de YouTube, ingresando en el siguiente\u00a0<a href=\"https:\/\/www.youtube.com\/watch?v=BmIfC3LT3Ic\">link<\/a>.<\/p>\n<p>La expositora comenz\u00f3 su presentaci\u00f3n indicando que el debate pol\u00edtico es una herramienta de pensamiento cr\u00edtico, \u201ca la hora de debatir creemos que nuestro pensamiento es lo m\u00e1s importante, cuando no es imponer lo que pensamos y tratar de convencer al otro, sino llegar a un punto en com\u00fan donde ambos puedan decir lo que piensan y a partir de ah\u00ed construir algo nuevo\u201d. Adentr\u00e1ndonos en la definici\u00f3n de debate continu\u00f3, \u201cun debate es un contraste organizado de ideas y puntos de vista entre dos o m\u00e1s personas, al t\u00e9rmino del cual deber\u00e1n alcanzar una especie de acuerdo o punto intermedio gracias a la exposici\u00f3n organizada y pac\u00edfica de sus argumentos. Los debates son medios a trav\u00e9s de los cuales se puede llegar a cuestionar cosas, a repensar lo que se establece como verdad. Pueden ser orales o escritos, nos vamos a enfocar en el primero porque es donde quedan expuestas las emociones y es m\u00e1s dif\u00edcil. El debate oral tiene dos partes, la verbal que es la comunicaci\u00f3n, la ling\u00fc\u00edstica; y la parte cin\u00e9tica, que es lo no verbal, lo que no expresamos.\u201d<\/p>\n<p>Luego la expositora sostuvo que, \u201cel debate tiene 3 momentos, el antes, durante y despu\u00e9s. El\u00a0<i>antes<\/i>\u00a0tiene que ver con informarnos desde varias fuentes y perspectivas para poder tener un pensamiento real y cr\u00edtico. Tambi\u00e9n es importante ordenar y organizar la informaci\u00f3n y, conocer al oponente para poder adelantarnos a los posibles movimientos.\u00a0<i>Durante<\/i>\u00a0el debate est\u00e1 la estrategia de acci\u00f3n, es el momento de pensar claramente, tener una escucha activa, y prestar atenci\u00f3n al lenguaje verbal, que tiene que ir acompa\u00f1ando lo que decimos. Y\u00a0<i>despu\u00e9s\u00a0<\/i>est\u00e1 la estrategia de mejora, es el momento de la reflexi\u00f3n y autocr\u00edtica, replantear nuestro pensamiento, repasar el discurso para poder ver nuestros errores de forma ling\u00fc\u00edstica y tambi\u00e9n f\u00edsica.\u201d Y particularmente en el durante, Valentina identifica otros 3 momentos, \u201cbasado en el discurso argumentativo adaptado a lo oral, se comienza con la tesis, que resume de forma concreta la idea a defender, luego est\u00e1 la argumentaci\u00f3n y por \u00faltimo la conclusi\u00f3n, donde se cierra la idea.\u201d<\/p>\n<p>Nuestra expositora mencion\u00f3 algunas estrategias discursivas que se pueden usar y ayudan a que el discurso sea m\u00e1s creyente, \u201cpor acumulacion de argumentos, usar citas de autoridad correctamente, apelar a la sensibilidad, utilizar analog\u00edas, hacer generalizaciones, dar ejemplos, utilizar lenguaje normal, hacer cr\u00edticas constructivas, sentir la libertad de expresi\u00f3n y lo mas importante, mucha pr\u00e1ctica\u201d.<\/p>\n<p>Llegando al final del encuentro, Valentina Arga\u00f1araz remarc\u00f3 la importancia del despu\u00e9s del debate ya que es el momento de mejorar y aprender; y finaliz\u00f3 su presentaci\u00f3n con 3 ejercicios para mejorar en la argumentaci\u00f3n y la ling\u00fc\u00edstica.<\/p>\n<p><iframe title=\"#12voEncuentro Programa para el Fortalecimiento del Liderazgo Democr\u00e1tico de las Mujeres\" width=\"800\" height=\"450\" src=\"https:\/\/www.youtube.com\/embed\/BmIfC3LT3Ic?feature=oembed\" frameborder=\"0\" allow=\"accelerometer; autoplay; clipboard-write; encrypted-media; gyroscope; picture-in-picture\" allowfullscreen><\/iframe><\/p>\n","protected":false},"excerpt":{"rendered":"<p>El pasado viernes 29 de octubre se realiz\u00f3 el doceavo encuentro del \u00abPrograma para el Fortalecimiento del Liderazgo Democr\u00e1tico de las Mujeres en Am\u00e9rica Latina\u00bb organizado por el Observatorio de Mujeres y Pol\u00edtica de Transparencia Electoral. En esta oportunidad, el encuentro se desarroll\u00f3 acerca del tema\u00a0\u201cHerramientas para el debate\u201d, con la exposici\u00f3n de\u00a0Valentina Arga\u00f1araz, dise\u00f1adora [&hellip;]<\/p>\n","protected":false},"author":1,"featured_media":2681,"comment_status":"closed","ping_status":"open","sticky":false,"template":"","format":"standard","meta":{"footnotes":""},"categories":[46],"tags":[],"class_list":["post-2680","post","type-post","status-publish","format-standard","has-post-thumbnail","hentry","category-capacitaciones"],"rttpg_featured_image_url":{"full":["https:\/\/transparenciaelectoral.org\/observatoriodemujeresypolitica\/wp-content\/uploads\/2022\/03\/12vo-encuentro.jpg",400,250,false],"landscape":["https:\/\/transparenciaelectoral.org\/observatoriodemujeresypolitica\/wp-content\/uploads\/2022\/03\/12vo-encuentro.jpg",400,250,false],"portraits":["https:\/\/transparenciaelectoral.org\/observatoriodemujeresypolitica\/wp-content\/uploads\/2022\/03\/12vo-encuentro.jpg",400,250,false],"thumbnail":["https:\/\/transparenciaelectoral.org\/observatoriodemujeresypolitica\/wp-content\/uploads\/2022\/03\/12vo-encuentro-150x150.jpg",150,150,true],"medium":["https:\/\/transparenciaelectoral.org\/observatoriodemujeresypolitica\/wp-content\/uploads\/2022\/03\/12vo-encuentro.jpg",400,250,false],"large":["https:\/\/transparenciaelectoral.org\/observatoriodemujeresypolitica\/wp-content\/uploads\/2022\/03\/12vo-encuentro.jpg",400,250,false],"1536x1536":["https:\/\/transparenciaelectoral.org\/observatoriodemujeresypolitica\/wp-content\/uploads\/2022\/03\/12vo-encuentro.jpg",400,250,false],"2048x2048":["https:\/\/transparenciaelectoral.org\/observatoriodemujeresypolitica\/wp-content\/uploads\/2022\/03\/12vo-encuentro.jpg",400,250,false],"post-thumbnail":["https:\/\/transparenciaelectoral.org\/observatoriodemujeresypolitica\/wp-content\/uploads\/2022\/03\/12vo-encuentro.jpg",400,250,false],"bdfe-large-thumb":["https:\/\/transparenciaelectoral.org\/observatoriodemujeresypolitica\/wp-content\/uploads\/2022\/03\/12vo-encuentro.jpg",400,250,false],"bdfe-hero-slider-thumb":["https:\/\/transparenciaelectoral.org\/observatoriodemujeresypolitica\/wp-content\/uploads\/2022\/03\/12vo-encuentro.jpg",400,250,false]},"rttpg_author":{"display_name":false,"author_link":"https:\/\/transparenciaelectoral.org\/observatoriodemujeresypolitica\/author\/Observatorio\/"},"rttpg_comment":0,"rttpg_category":"<a href=\"https:\/\/transparenciaelectoral.org\/observatoriodemujeresypolitica\/category\/nuestro-trabajo\/capacitaciones\/\" rel=\"category tag\">Capacitaciones<\/a>","rttpg_excerpt":"El pasado viernes 29 de octubre se realiz\u00f3 el doceavo encuentro del \u00abPrograma para el Fortalecimiento del Liderazgo Democr\u00e1tico de las Mujeres en Am\u00e9rica Latina\u00bb organizado por el Observatorio de Mujeres y Pol\u00edtica de Transparencia Electoral. En esta oportunidad, el encuentro se desarroll\u00f3 acerca del tema\u00a0\u201cHerramientas para el debate\u201d, con la exposici\u00f3n de\u00a0Valentina Arga\u00f1araz, dise\u00f1adora&hellip;","_links":{"self":[{"href":"https:\/\/transparenciaelectoral.org\/observatoriodemujeresypolitica\/wp-json\/wp\/v2\/posts\/2680","targetHints":{"allow":["GET"]}}],"collection":[{"href":"https:\/\/transparenciaelectoral.org\/observatoriodemujeresypolitica\/wp-json\/wp\/v2\/posts"}],"about":[{"href":"https:\/\/transparenciaelectoral.org\/observatoriodemujeresypolitica\/wp-json\/wp\/v2\/types\/post"}],"author":[{"embeddable":true,"href":"https:\/\/transparenciaelectoral.org\/observatoriodemujeresypolitica\/wp-json\/wp\/v2\/users\/1"}],"replies":[{"embeddable":true,"href":"https:\/\/transparenciaelectoral.org\/observatoriodemujeresypolitica\/wp-json\/wp\/v2\/comments?post=2680"}],"version-history":[{"count":1,"href":"https:\/\/transparenciaelectoral.org\/observatoriodemujeresypolitica\/wp-json\/wp\/v2\/posts\/2680\/revisions"}],"predecessor-version":[{"id":2682,"href":"https:\/\/transparenciaelectoral.org\/observatoriodemujeresypolitica\/wp-json\/wp\/v2\/posts\/2680\/revisions\/2682"}],"wp:featuredmedia":[{"embeddable":true,"href":"https:\/\/transparenciaelectoral.org\/observatoriodemujeresypolitica\/wp-json\/wp\/v2\/media\/2681"}],"wp:attachment":[{"href":"https:\/\/transparenciaelectoral.org\/observatoriodemujeresypolitica\/wp-json\/wp\/v2\/media?parent=2680"}],"wp:term":[{"taxonomy":"category","embeddable":true,"href":"https:\/\/transparenciaelectoral.org\/observatoriodemujeresypolitica\/wp-json\/wp\/v2\/categories?post=2680"},{"taxonomy":"post_tag","embeddable":true,"href":"https:\/\/transparenciaelectoral.org\/observatoriodemujeresypolitica\/wp-json\/wp\/v2\/tags?post=2680"}],"curies":[{"name":"wp","href":"https:\/\/api.w.org\/{rel}","templated":true}]}}