{"id":2677,"date":"2021-10-16T01:10:50","date_gmt":"2021-10-16T01:10:50","guid":{"rendered":"https:\/\/transparenciaelectoral.org\/observatoriodemujeresypolitica\/?p=2677"},"modified":"2023-12-04T12:15:24","modified_gmt":"2023-12-04T12:15:24","slug":"11o-encuentro-del-programa-para-el-fortalecimiento-del-liderazgo-democratico-de-las-mujeres-en-america-latina-del-observatorio-de-mujeres-y-politica-de-transparencia-electoral","status":"publish","type":"post","link":"https:\/\/transparenciaelectoral.org\/observatoriodemujeresypolitica\/11o-encuentro-del-programa-para-el-fortalecimiento-del-liderazgo-democratico-de-las-mujeres-en-america-latina-del-observatorio-de-mujeres-y-politica-de-transparencia-electoral\/","title":{"rendered":"11\u00ba Encuentro del \u00abPrograma para el Fortalecimiento del Liderazgo Democr\u00e1tico de las Mujeres en Am\u00e9rica latina\u00bb del Observatorio de Mujeres y Pol\u00edtica de Transparencia Electoral"},"content":{"rendered":"<p>El pasado viernes 15 de octubre se realiz\u00f3 el d\u00e9cimo encuentro del \u00ab<b>Programa para el Fortalecimiento del Liderazgo Democr\u00e1tico de las Mujeres en Am\u00e9rica Latina<\/b>\u00bb organizado por el Observatorio de Mujeres y Pol\u00edtica de Transparencia Electoral.<\/p>\n<p>En esta ocasi\u00f3n el encuentro tuvo la modalidad de clase especial desarrollando el tema \u201c<b>Elecciones en Paraguay<\/b>\u201d, con la participaci\u00f3n de\u00a0<b>Marta Ferrara<\/b>, Directora Ejecutiva de la fundaci\u00f3n Semillas para la Democracia (Paraguay). Se cont\u00f3 adem\u00e1s, con la moderaci\u00f3n de Valentina Cuevas, Coordinadora del Observatorio de Mujeres y Pol\u00edtica de Transparencia Electoral (Argentina). La presentaci\u00f3n completa est\u00e1 disponible en nuestro canal de YouTube, ingresando en el siguiente\u00a0<a href=\"https:\/\/youtu.be\/aIg5LG9tHJo\">link<\/a>.<\/p>\n<p>La expositora indic\u00f3 que en la legislaci\u00f3n electoral actual de Paraguay \u201cel voto preferencial y el financiamiento pol\u00edtico puede afectar al \u00e9xito de las mujeres\u201d, ya que puede afectar el \u00e9xito de las mujeres, pues tienen menos posibilidades de realizar campa\u00f1as individuales con apoyo organizativo y econ\u00f3mico\u201d y que \u201clas campa\u00f1as electorales son caras y la ausencia de financiamiento p\u00fablico directo para las mismas disminuye las oportunidades de las mujeres en la pol\u00edtica\u201d.<\/p>\n<p>Luego, coment\u00f3 que de cara a las pr\u00f3ximas elecciones en el pa\u00eds \u201cel problema m\u00e1s grave es la emergencia del crimen organizado y la violencia pol\u00edtica contra las mujeres\u201d.<\/p>\n<p>Por su parte, la Coordinadora del Observatorio de Mujeres y Pol\u00edtica, Valentina Cuevas, se encarg\u00f3 de transmitir a nuestra expositora las preguntas que fueron surgiendo a lo largo del encuentro por parte de las\/los participantes.<\/p>\n<p><iframe title=\"#11voEncuentro Programa para el Fortalecimiento del Liderazgo Democr\u00e1tico de las Mujeres\" width=\"800\" height=\"450\" src=\"https:\/\/www.youtube.com\/embed\/aIg5LG9tHJo?feature=oembed\" frameborder=\"0\" allow=\"accelerometer; autoplay; clipboard-write; encrypted-media; gyroscope; picture-in-picture\" allowfullscreen><\/iframe><\/p>\n","protected":false},"excerpt":{"rendered":"<p>El pasado viernes 15 de octubre se realiz\u00f3 el d\u00e9cimo encuentro del \u00abPrograma para el Fortalecimiento del Liderazgo Democr\u00e1tico de las Mujeres en Am\u00e9rica Latina\u00bb organizado por el Observatorio de Mujeres y Pol\u00edtica de Transparencia Electoral. En esta ocasi\u00f3n el encuentro tuvo la modalidad de clase especial desarrollando el tema \u201cElecciones en Paraguay\u201d, con la [&hellip;]<\/p>\n","protected":false},"author":1,"featured_media":2678,"comment_status":"closed","ping_status":"open","sticky":false,"template":"","format":"standard","meta":{"footnotes":""},"categories":[46],"tags":[],"class_list":["post-2677","post","type-post","status-publish","format-standard","has-post-thumbnail","hentry","category-capacitaciones"],"rttpg_featured_image_url":{"full":["https:\/\/transparenciaelectoral.org\/observatoriodemujeresypolitica\/wp-content\/uploads\/2022\/03\/11vo-encuentro.jpg",222,250,false],"landscape":["https:\/\/transparenciaelectoral.org\/observatoriodemujeresypolitica\/wp-content\/uploads\/2022\/03\/11vo-encuentro.jpg",222,250,false],"portraits":["https:\/\/transparenciaelectoral.org\/observatoriodemujeresypolitica\/wp-content\/uploads\/2022\/03\/11vo-encuentro.jpg",222,250,false],"thumbnail":["https:\/\/transparenciaelectoral.org\/observatoriodemujeresypolitica\/wp-content\/uploads\/2022\/03\/11vo-encuentro-150x150.jpg",150,150,true],"medium":["https:\/\/transparenciaelectoral.org\/observatoriodemujeresypolitica\/wp-content\/uploads\/2022\/03\/11vo-encuentro.jpg",222,250,false],"large":["https:\/\/transparenciaelectoral.org\/observatoriodemujeresypolitica\/wp-content\/uploads\/2022\/03\/11vo-encuentro.jpg",222,250,false],"1536x1536":["https:\/\/transparenciaelectoral.org\/observatoriodemujeresypolitica\/wp-content\/uploads\/2022\/03\/11vo-encuentro.jpg",222,250,false],"2048x2048":["https:\/\/transparenciaelectoral.org\/observatoriodemujeresypolitica\/wp-content\/uploads\/2022\/03\/11vo-encuentro.jpg",222,250,false],"post-thumbnail":["https:\/\/transparenciaelectoral.org\/observatoriodemujeresypolitica\/wp-content\/uploads\/2022\/03\/11vo-encuentro.jpg",222,250,false],"bdfe-large-thumb":["https:\/\/transparenciaelectoral.org\/observatoriodemujeresypolitica\/wp-content\/uploads\/2022\/03\/11vo-encuentro.jpg",222,250,false],"bdfe-hero-slider-thumb":["https:\/\/transparenciaelectoral.org\/observatoriodemujeresypolitica\/wp-content\/uploads\/2022\/03\/11vo-encuentro.jpg",222,250,false]},"rttpg_author":{"display_name":false,"author_link":"https:\/\/transparenciaelectoral.org\/observatoriodemujeresypolitica\/author\/Observatorio\/"},"rttpg_comment":0,"rttpg_category":"<a href=\"https:\/\/transparenciaelectoral.org\/observatoriodemujeresypolitica\/category\/nuestro-trabajo\/capacitaciones\/\" rel=\"category tag\">Capacitaciones<\/a>","rttpg_excerpt":"El pasado viernes 15 de octubre se realiz\u00f3 el d\u00e9cimo encuentro del \u00abPrograma para el Fortalecimiento del Liderazgo Democr\u00e1tico de las Mujeres en Am\u00e9rica Latina\u00bb organizado por el Observatorio de Mujeres y Pol\u00edtica de Transparencia Electoral. En esta ocasi\u00f3n el encuentro tuvo la modalidad de clase especial desarrollando el tema \u201cElecciones en Paraguay\u201d, con la&hellip;","_links":{"self":[{"href":"https:\/\/transparenciaelectoral.org\/observatoriodemujeresypolitica\/wp-json\/wp\/v2\/posts\/2677","targetHints":{"allow":["GET"]}}],"collection":[{"href":"https:\/\/transparenciaelectoral.org\/observatoriodemujeresypolitica\/wp-json\/wp\/v2\/posts"}],"about":[{"href":"https:\/\/transparenciaelectoral.org\/observatoriodemujeresypolitica\/wp-json\/wp\/v2\/types\/post"}],"author":[{"embeddable":true,"href":"https:\/\/transparenciaelectoral.org\/observatoriodemujeresypolitica\/wp-json\/wp\/v2\/users\/1"}],"replies":[{"embeddable":true,"href":"https:\/\/transparenciaelectoral.org\/observatoriodemujeresypolitica\/wp-json\/wp\/v2\/comments?post=2677"}],"version-history":[{"count":1,"href":"https:\/\/transparenciaelectoral.org\/observatoriodemujeresypolitica\/wp-json\/wp\/v2\/posts\/2677\/revisions"}],"predecessor-version":[{"id":2679,"href":"https:\/\/transparenciaelectoral.org\/observatoriodemujeresypolitica\/wp-json\/wp\/v2\/posts\/2677\/revisions\/2679"}],"wp:featuredmedia":[{"embeddable":true,"href":"https:\/\/transparenciaelectoral.org\/observatoriodemujeresypolitica\/wp-json\/wp\/v2\/media\/2678"}],"wp:attachment":[{"href":"https:\/\/transparenciaelectoral.org\/observatoriodemujeresypolitica\/wp-json\/wp\/v2\/media?parent=2677"}],"wp:term":[{"taxonomy":"category","embeddable":true,"href":"https:\/\/transparenciaelectoral.org\/observatoriodemujeresypolitica\/wp-json\/wp\/v2\/categories?post=2677"},{"taxonomy":"post_tag","embeddable":true,"href":"https:\/\/transparenciaelectoral.org\/observatoriodemujeresypolitica\/wp-json\/wp\/v2\/tags?post=2677"}],"curies":[{"name":"wp","href":"https:\/\/api.w.org\/{rel}","templated":true}]}}