{"id":7845,"date":"2022-05-23T16:19:37","date_gmt":"2022-05-23T19:19:37","guid":{"rendered":"https:\/\/transparenciaelectoral.org\/en\/transparencia\/\/?p=7845"},"modified":"2023-12-04T10:18:22","modified_gmt":"2023-12-04T13:18:22","slug":"transparencia-electoral-desplegara-una-mision-de-observacion-electoral-para-las-presidenciales-en-colombia","status":"publish","type":"post","link":"https:\/\/transparenciaelectoral.org\/en\/transparencia\/transparencia-electoral-desplegara-una-mision-de-observacion-electoral-para-las-presidenciales-en-colombia\/","title":{"rendered":"Transparencia Electoral desplegar\u00e1 una Misi\u00f3n de Observaci\u00f3n Electoral para las presidenciales en Colombia"},"content":{"rendered":"\n<p>El pr\u00f3ximo 29 de mayo Colombia elegir\u00e1 Presidente y Vicepresidente de la Rep\u00fablica para el periodo 2022-2026 sin posibilidad de reelecci\u00f3n. Est\u00e1n habilitados para votar 39.002.239 colombianos, de los cuales 972.764 (2,5%) residen en el extranjero. De este padr\u00f3n: 18.890.331 son hombres y 20.111.908 mujeres.&nbsp;<\/p>\n\n\n\n<p>Transparencia Electoral est\u00e1 acreditada por el Consejo Nacional Electoral (CNE) y participar\u00e1 en la agenda oficial para observadores electorales internacionales, para cubrir la primera vuelta de las elecciones presidenciales de 2022. En caso de que ning\u00fan candidato alcance la mayor\u00eda absoluta (50% m\u00e1s 1 de los votos) se celebrar\u00e1 una segunda vuelta el 19 de junio.&nbsp;<\/p>\n\n\n\n<p>La Misi\u00f3n desarrollar\u00e1 una serie de actividades acad\u00e9micas del 26 al 28 de mayo previo a los comicios, entre ellos, los observadores participar\u00e1n de una serie de conferencias y paneles donde se abordan tem\u00e1ticas relacionadas con los desaf\u00edos y oportunidades de estas elecciones, el rol de la Registradur\u00eda Nacional y el panorama pol\u00edtico actual de cara a los pr\u00f3ximos comicios. Tambi\u00e9n se capacitaron a los participantes en t\u00e9cnica y log\u00edstica sobre la Registradur\u00eda Nacional, el uso de soluciones tecnol\u00f3gicas y los sistemas de informaci\u00f3n al servicio del proceso electoral.&nbsp;&nbsp;&nbsp;<\/p>\n\n\n\n<p>Al finalizar la jornada electoral, Transparencia Electoral elaborar\u00e1 un breve informe preliminar con las observaciones m\u00e1s importantes. Posteriormente, se entregar\u00e1 el informe final a las autoridades del CNE.<\/p>\n\n\n\n<p><\/p>\n","protected":false},"excerpt":{"rendered":"<p>El pr\u00f3ximo 29 de mayo Colombia elegir\u00e1 Presidente y Vicepresidente de la Rep\u00fablica para el periodo 2022-2026 sin posibilidad de reelecci\u00f3n. Est\u00e1n habilitados para votar 39.002.239 colombianos, de los cuales &hellip;<\/p>\n","protected":false},"author":6,"featured_media":7846,"comment_status":"closed","ping_status":"open","sticky":false,"template":"","format":"standard","meta":{"footnotes":""},"categories":[100],"tags":[],"class_list":["post-7845","post","type-post","status-publish","format-standard","has-post-thumbnail","hentry","category-noticias"],"yoast_head":"<!-- This site is optimized with the Yoast SEO plugin v27.5 - https:\/\/yoast.com\/product\/yoast-seo-wordpress\/ -->\n<title>Transparencia Electoral desplegar\u00e1 una Misi\u00f3n de Observaci\u00f3n Electoral para las presidenciales en Colombia - Transparencia Electoral<\/title>\n<meta name=\"robots\" content=\"index, follow, max-snippet:-1, max-image-preview:large, max-video-preview:-1\" \/>\n<link rel=\"canonical\" href=\"https:\/\/transparenciaelectoral.org\/en\/transparencia\/transparencia-electoral-desplegara-una-mision-de-observacion-electoral-para-las-presidenciales-en-colombia\/\" \/>\n<meta property=\"og:locale\" content=\"es_ES\" \/>\n<meta property=\"og:type\" content=\"article\" \/>\n<meta property=\"og:title\" content=\"Transparencia Electoral desplegar\u00e1 una Misi\u00f3n de Observaci\u00f3n Electoral para las presidenciales en Colombia - Transparencia Electoral\" \/>\n<meta property=\"og:description\" content=\"El pr\u00f3ximo 29 de mayo Colombia elegir\u00e1 Presidente y Vicepresidente de la Rep\u00fablica para el periodo 2022-2026 sin posibilidad de reelecci\u00f3n. Est\u00e1n habilitados para votar 39.002.239 colombianos, de los cuales &hellip;\" \/>\n<meta property=\"og:url\" content=\"https:\/\/transparenciaelectoral.org\/en\/transparencia\/transparencia-electoral-desplegara-una-mision-de-observacion-electoral-para-las-presidenciales-en-colombia\/\" \/>\n<meta property=\"og:site_name\" content=\"Transparencia Electoral\" \/>\n<meta property=\"article:publisher\" content=\"https:\/\/www.facebook.com\/Transparencia-Electoral-en-Am%c3%a9rica-latina-171661009688456\/\" \/>\n<meta property=\"article:published_time\" content=\"2022-05-23T19:19:37+00:00\" \/>\n<meta property=\"article:modified_time\" content=\"2023-12-04T13:18:22+00:00\" \/>\n<meta property=\"og:image\" content=\"https:\/\/transparenciaelectoral.org\/en\/transparencia\/wp-content\/uploads\/2022\/05\/Captura-de-pantalla-2022-05-23-161912.png\" \/>\n\t<meta property=\"og:image:width\" content=\"722\" \/>\n\t<meta property=\"og:image:height\" content=\"407\" \/>\n\t<meta property=\"og:image:type\" content=\"image\/png\" \/>\n<meta name=\"author\" content=\"Transparencia Electoral\" \/>\n<meta name=\"twitter:card\" content=\"summary_large_image\" \/>\n<meta name=\"twitter:creator\" content=\"@TransparenciaAL\" \/>\n<meta name=\"twitter:site\" content=\"@TransparenciaAL\" \/>\n<meta name=\"twitter:label1\" content=\"Escrito por\" \/>\n\t<meta name=\"twitter:data1\" content=\"Transparencia Electoral\" \/>\n\t<meta name=\"twitter:label2\" content=\"Tiempo de lectura\" \/>\n\t<meta name=\"twitter:data2\" content=\"1 minuto\" \/>\n<script type=\"application\/ld+json\" class=\"yoast-schema-graph\">{\"@context\":\"https:\\\/\\\/schema.org\",\"@graph\":[{\"@type\":\"Article\",\"@id\":\"https:\\\/\\\/transparenciaelectoral.org\\\/en\\\/transparencia\\\/transparencia-electoral-desplegara-una-mision-de-observacion-electoral-para-las-presidenciales-en-colombia\\\/#article\",\"isPartOf\":{\"@id\":\"https:\\\/\\\/transparenciaelectoral.org\\\/en\\\/transparencia\\\/transparencia-electoral-desplegara-una-mision-de-observacion-electoral-para-las-presidenciales-en-colombia\\\/\"},\"author\":{\"name\":\"Transparencia Electoral\",\"@id\":\"https:\\\/\\\/transparenciaelectoral.org\\\/en\\\/transparencia\\\/#\\\/schema\\\/person\\\/63a97f81afd2c3820c6d9f262e27fe50\"},\"headline\":\"Transparencia Electoral desplegar\u00e1 una Misi\u00f3n de Observaci\u00f3n Electoral para las presidenciales en Colombia\",\"datePublished\":\"2022-05-23T19:19:37+00:00\",\"dateModified\":\"2023-12-04T13:18:22+00:00\",\"mainEntityOfPage\":{\"@id\":\"https:\\\/\\\/transparenciaelectoral.org\\\/en\\\/transparencia\\\/transparencia-electoral-desplegara-una-mision-de-observacion-electoral-para-las-presidenciales-en-colombia\\\/\"},\"wordCount\":249,\"image\":{\"@id\":\"https:\\\/\\\/transparenciaelectoral.org\\\/en\\\/transparencia\\\/transparencia-electoral-desplegara-una-mision-de-observacion-electoral-para-las-presidenciales-en-colombia\\\/#primaryimage\"},\"thumbnailUrl\":\"https:\\\/\\\/transparenciaelectoral.org\\\/en\\\/transparencia\\\/wp-content\\\/uploads\\\/2022\\\/05\\\/Captura-de-pantalla-2022-05-23-161912.png\",\"articleSection\":[\"Noticias\"],\"inLanguage\":\"es\"},{\"@type\":\"WebPage\",\"@id\":\"https:\\\/\\\/transparenciaelectoral.org\\\/en\\\/transparencia\\\/transparencia-electoral-desplegara-una-mision-de-observacion-electoral-para-las-presidenciales-en-colombia\\\/\",\"url\":\"https:\\\/\\\/transparenciaelectoral.org\\\/en\\\/transparencia\\\/transparencia-electoral-desplegara-una-mision-de-observacion-electoral-para-las-presidenciales-en-colombia\\\/\",\"name\":\"Transparencia Electoral desplegar\u00e1 una Misi\u00f3n de Observaci\u00f3n Electoral para las presidenciales en Colombia - Transparencia Electoral\",\"isPartOf\":{\"@id\":\"https:\\\/\\\/transparenciaelectoral.org\\\/en\\\/transparencia\\\/#website\"},\"primaryImageOfPage\":{\"@id\":\"https:\\\/\\\/transparenciaelectoral.org\\\/en\\\/transparencia\\\/transparencia-electoral-desplegara-una-mision-de-observacion-electoral-para-las-presidenciales-en-colombia\\\/#primaryimage\"},\"image\":{\"@id\":\"https:\\\/\\\/transparenciaelectoral.org\\\/en\\\/transparencia\\\/transparencia-electoral-desplegara-una-mision-de-observacion-electoral-para-las-presidenciales-en-colombia\\\/#primaryimage\"},\"thumbnailUrl\":\"https:\\\/\\\/transparenciaelectoral.org\\\/en\\\/transparencia\\\/wp-content\\\/uploads\\\/2022\\\/05\\\/Captura-de-pantalla-2022-05-23-161912.png\",\"datePublished\":\"2022-05-23T19:19:37+00:00\",\"dateModified\":\"2023-12-04T13:18:22+00:00\",\"author\":{\"@id\":\"https:\\\/\\\/transparenciaelectoral.org\\\/en\\\/transparencia\\\/#\\\/schema\\\/person\\\/63a97f81afd2c3820c6d9f262e27fe50\"},\"breadcrumb\":{\"@id\":\"https:\\\/\\\/transparenciaelectoral.org\\\/en\\\/transparencia\\\/transparencia-electoral-desplegara-una-mision-de-observacion-electoral-para-las-presidenciales-en-colombia\\\/#breadcrumb\"},\"inLanguage\":\"es\",\"potentialAction\":[{\"@type\":\"ReadAction\",\"target\":[\"https:\\\/\\\/transparenciaelectoral.org\\\/en\\\/transparencia\\\/transparencia-electoral-desplegara-una-mision-de-observacion-electoral-para-las-presidenciales-en-colombia\\\/\"]}]},{\"@type\":\"ImageObject\",\"inLanguage\":\"es\",\"@id\":\"https:\\\/\\\/transparenciaelectoral.org\\\/en\\\/transparencia\\\/transparencia-electoral-desplegara-una-mision-de-observacion-electoral-para-las-presidenciales-en-colombia\\\/#primaryimage\",\"url\":\"https:\\\/\\\/transparenciaelectoral.org\\\/en\\\/transparencia\\\/wp-content\\\/uploads\\\/2022\\\/05\\\/Captura-de-pantalla-2022-05-23-161912.png\",\"contentUrl\":\"https:\\\/\\\/transparenciaelectoral.org\\\/en\\\/transparencia\\\/wp-content\\\/uploads\\\/2022\\\/05\\\/Captura-de-pantalla-2022-05-23-161912.png\",\"width\":722,\"height\":407},{\"@type\":\"BreadcrumbList\",\"@id\":\"https:\\\/\\\/transparenciaelectoral.org\\\/en\\\/transparencia\\\/transparencia-electoral-desplegara-una-mision-de-observacion-electoral-para-las-presidenciales-en-colombia\\\/#breadcrumb\",\"itemListElement\":[{\"@type\":\"ListItem\",\"position\":1,\"name\":\"Portada\",\"item\":\"https:\\\/\\\/transparenciaelectoral.org\\\/en\\\/transparencia\\\/\"},{\"@type\":\"ListItem\",\"position\":2,\"name\":\"Transparencia Electoral desplegar\u00e1 una Misi\u00f3n de Observaci\u00f3n Electoral para las presidenciales en Colombia\"}]},{\"@type\":\"WebSite\",\"@id\":\"https:\\\/\\\/transparenciaelectoral.org\\\/en\\\/transparencia\\\/#website\",\"url\":\"https:\\\/\\\/transparenciaelectoral.org\\\/en\\\/transparencia\\\/\",\"name\":\"Transparencia Electoral\",\"description\":\"\",\"potentialAction\":[{\"@type\":\"SearchAction\",\"target\":{\"@type\":\"EntryPoint\",\"urlTemplate\":\"https:\\\/\\\/transparenciaelectoral.org\\\/en\\\/transparencia\\\/?s={search_term_string}\"},\"query-input\":{\"@type\":\"PropertyValueSpecification\",\"valueRequired\":true,\"valueName\":\"search_term_string\"}}],\"inLanguage\":\"es\"},{\"@type\":\"Person\",\"@id\":\"https:\\\/\\\/transparenciaelectoral.org\\\/en\\\/transparencia\\\/#\\\/schema\\\/person\\\/63a97f81afd2c3820c6d9f262e27fe50\",\"name\":\"Transparencia Electoral\",\"image\":{\"@type\":\"ImageObject\",\"inLanguage\":\"es\",\"@id\":\"https:\\\/\\\/secure.gravatar.com\\\/avatar\\\/1c42efe425475a030aa093c633a2e79e264536eaa08d7fbfe52ebefcd52ab8a2?s=96&d=mm&r=g\",\"url\":\"https:\\\/\\\/secure.gravatar.com\\\/avatar\\\/1c42efe425475a030aa093c633a2e79e264536eaa08d7fbfe52ebefcd52ab8a2?s=96&d=mm&r=g\",\"contentUrl\":\"https:\\\/\\\/secure.gravatar.com\\\/avatar\\\/1c42efe425475a030aa093c633a2e79e264536eaa08d7fbfe52ebefcd52ab8a2?s=96&d=mm&r=g\",\"caption\":\"Transparencia Electoral\"},\"sameAs\":[\"https:\\\/\\\/transparenciaelectoral.org\\\/en\\\/transparencia\\\/\\\/\"]}]}<\/script>\n<!-- \/ Yoast SEO plugin. -->","yoast_head_json":{"title":"Transparencia Electoral desplegar\u00e1 una Misi\u00f3n de Observaci\u00f3n Electoral para las presidenciales en Colombia - Transparencia Electoral","robots":{"index":"index","follow":"follow","max-snippet":"max-snippet:-1","max-image-preview":"max-image-preview:large","max-video-preview":"max-video-preview:-1"},"canonical":"https:\/\/transparenciaelectoral.org\/en\/transparencia\/transparencia-electoral-desplegara-una-mision-de-observacion-electoral-para-las-presidenciales-en-colombia\/","og_locale":"es_ES","og_type":"article","og_title":"Transparencia Electoral desplegar\u00e1 una Misi\u00f3n de Observaci\u00f3n Electoral para las presidenciales en Colombia - Transparencia Electoral","og_description":"El pr\u00f3ximo 29 de mayo Colombia elegir\u00e1 Presidente y Vicepresidente de la Rep\u00fablica para el periodo 2022-2026 sin posibilidad de reelecci\u00f3n. Est\u00e1n habilitados para votar 39.002.239 colombianos, de los cuales &hellip;","og_url":"https:\/\/transparenciaelectoral.org\/en\/transparencia\/transparencia-electoral-desplegara-una-mision-de-observacion-electoral-para-las-presidenciales-en-colombia\/","og_site_name":"Transparencia Electoral","article_publisher":"https:\/\/www.facebook.com\/Transparencia-Electoral-en-Am%c3%a9rica-latina-171661009688456\/","article_published_time":"2022-05-23T19:19:37+00:00","article_modified_time":"2023-12-04T13:18:22+00:00","og_image":[{"width":722,"height":407,"url":"https:\/\/transparenciaelectoral.org\/en\/transparencia\/wp-content\/uploads\/2022\/05\/Captura-de-pantalla-2022-05-23-161912.png","type":"image\/png"}],"author":"Transparencia Electoral","twitter_card":"summary_large_image","twitter_creator":"@TransparenciaAL","twitter_site":"@TransparenciaAL","twitter_misc":{"Escrito por":"Transparencia Electoral","Tiempo de lectura":"1 minuto"},"schema":{"@context":"https:\/\/schema.org","@graph":[{"@type":"Article","@id":"https:\/\/transparenciaelectoral.org\/en\/transparencia\/transparencia-electoral-desplegara-una-mision-de-observacion-electoral-para-las-presidenciales-en-colombia\/#article","isPartOf":{"@id":"https:\/\/transparenciaelectoral.org\/en\/transparencia\/transparencia-electoral-desplegara-una-mision-de-observacion-electoral-para-las-presidenciales-en-colombia\/"},"author":{"name":"Transparencia Electoral","@id":"https:\/\/transparenciaelectoral.org\/en\/transparencia\/#\/schema\/person\/63a97f81afd2c3820c6d9f262e27fe50"},"headline":"Transparencia Electoral desplegar\u00e1 una Misi\u00f3n de Observaci\u00f3n Electoral para las presidenciales en Colombia","datePublished":"2022-05-23T19:19:37+00:00","dateModified":"2023-12-04T13:18:22+00:00","mainEntityOfPage":{"@id":"https:\/\/transparenciaelectoral.org\/en\/transparencia\/transparencia-electoral-desplegara-una-mision-de-observacion-electoral-para-las-presidenciales-en-colombia\/"},"wordCount":249,"image":{"@id":"https:\/\/transparenciaelectoral.org\/en\/transparencia\/transparencia-electoral-desplegara-una-mision-de-observacion-electoral-para-las-presidenciales-en-colombia\/#primaryimage"},"thumbnailUrl":"https:\/\/transparenciaelectoral.org\/en\/transparencia\/wp-content\/uploads\/2022\/05\/Captura-de-pantalla-2022-05-23-161912.png","articleSection":["Noticias"],"inLanguage":"es"},{"@type":"WebPage","@id":"https:\/\/transparenciaelectoral.org\/en\/transparencia\/transparencia-electoral-desplegara-una-mision-de-observacion-electoral-para-las-presidenciales-en-colombia\/","url":"https:\/\/transparenciaelectoral.org\/en\/transparencia\/transparencia-electoral-desplegara-una-mision-de-observacion-electoral-para-las-presidenciales-en-colombia\/","name":"Transparencia Electoral desplegar\u00e1 una Misi\u00f3n de Observaci\u00f3n Electoral para las presidenciales en Colombia - Transparencia Electoral","isPartOf":{"@id":"https:\/\/transparenciaelectoral.org\/en\/transparencia\/#website"},"primaryImageOfPage":{"@id":"https:\/\/transparenciaelectoral.org\/en\/transparencia\/transparencia-electoral-desplegara-una-mision-de-observacion-electoral-para-las-presidenciales-en-colombia\/#primaryimage"},"image":{"@id":"https:\/\/transparenciaelectoral.org\/en\/transparencia\/transparencia-electoral-desplegara-una-mision-de-observacion-electoral-para-las-presidenciales-en-colombia\/#primaryimage"},"thumbnailUrl":"https:\/\/transparenciaelectoral.org\/en\/transparencia\/wp-content\/uploads\/2022\/05\/Captura-de-pantalla-2022-05-23-161912.png","datePublished":"2022-05-23T19:19:37+00:00","dateModified":"2023-12-04T13:18:22+00:00","author":{"@id":"https:\/\/transparenciaelectoral.org\/en\/transparencia\/#\/schema\/person\/63a97f81afd2c3820c6d9f262e27fe50"},"breadcrumb":{"@id":"https:\/\/transparenciaelectoral.org\/en\/transparencia\/transparencia-electoral-desplegara-una-mision-de-observacion-electoral-para-las-presidenciales-en-colombia\/#breadcrumb"},"inLanguage":"es","potentialAction":[{"@type":"ReadAction","target":["https:\/\/transparenciaelectoral.org\/en\/transparencia\/transparencia-electoral-desplegara-una-mision-de-observacion-electoral-para-las-presidenciales-en-colombia\/"]}]},{"@type":"ImageObject","inLanguage":"es","@id":"https:\/\/transparenciaelectoral.org\/en\/transparencia\/transparencia-electoral-desplegara-una-mision-de-observacion-electoral-para-las-presidenciales-en-colombia\/#primaryimage","url":"https:\/\/transparenciaelectoral.org\/en\/transparencia\/wp-content\/uploads\/2022\/05\/Captura-de-pantalla-2022-05-23-161912.png","contentUrl":"https:\/\/transparenciaelectoral.org\/en\/transparencia\/wp-content\/uploads\/2022\/05\/Captura-de-pantalla-2022-05-23-161912.png","width":722,"height":407},{"@type":"BreadcrumbList","@id":"https:\/\/transparenciaelectoral.org\/en\/transparencia\/transparencia-electoral-desplegara-una-mision-de-observacion-electoral-para-las-presidenciales-en-colombia\/#breadcrumb","itemListElement":[{"@type":"ListItem","position":1,"name":"Portada","item":"https:\/\/transparenciaelectoral.org\/en\/transparencia\/"},{"@type":"ListItem","position":2,"name":"Transparencia Electoral desplegar\u00e1 una Misi\u00f3n de Observaci\u00f3n Electoral para las presidenciales en Colombia"}]},{"@type":"WebSite","@id":"https:\/\/transparenciaelectoral.org\/en\/transparencia\/#website","url":"https:\/\/transparenciaelectoral.org\/en\/transparencia\/","name":"Transparencia Electoral","description":"","potentialAction":[{"@type":"SearchAction","target":{"@type":"EntryPoint","urlTemplate":"https:\/\/transparenciaelectoral.org\/en\/transparencia\/?s={search_term_string}"},"query-input":{"@type":"PropertyValueSpecification","valueRequired":true,"valueName":"search_term_string"}}],"inLanguage":"es"},{"@type":"Person","@id":"https:\/\/transparenciaelectoral.org\/en\/transparencia\/#\/schema\/person\/63a97f81afd2c3820c6d9f262e27fe50","name":"Transparencia Electoral","image":{"@type":"ImageObject","inLanguage":"es","@id":"https:\/\/secure.gravatar.com\/avatar\/1c42efe425475a030aa093c633a2e79e264536eaa08d7fbfe52ebefcd52ab8a2?s=96&d=mm&r=g","url":"https:\/\/secure.gravatar.com\/avatar\/1c42efe425475a030aa093c633a2e79e264536eaa08d7fbfe52ebefcd52ab8a2?s=96&d=mm&r=g","contentUrl":"https:\/\/secure.gravatar.com\/avatar\/1c42efe425475a030aa093c633a2e79e264536eaa08d7fbfe52ebefcd52ab8a2?s=96&d=mm&r=g","caption":"Transparencia Electoral"},"sameAs":["https:\/\/transparenciaelectoral.org\/en\/transparencia\/\/"]}]}},"_links":{"self":[{"href":"https:\/\/transparenciaelectoral.org\/en\/transparencia\/wp-json\/wp\/v2\/posts\/7845","targetHints":{"allow":["GET"]}}],"collection":[{"href":"https:\/\/transparenciaelectoral.org\/en\/transparencia\/wp-json\/wp\/v2\/posts"}],"about":[{"href":"https:\/\/transparenciaelectoral.org\/en\/transparencia\/wp-json\/wp\/v2\/types\/post"}],"author":[{"embeddable":true,"href":"https:\/\/transparenciaelectoral.org\/en\/transparencia\/wp-json\/wp\/v2\/users\/6"}],"replies":[{"embeddable":true,"href":"https:\/\/transparenciaelectoral.org\/en\/transparencia\/wp-json\/wp\/v2\/comments?post=7845"}],"version-history":[{"count":1,"href":"https:\/\/transparenciaelectoral.org\/en\/transparencia\/wp-json\/wp\/v2\/posts\/7845\/revisions"}],"predecessor-version":[{"id":7847,"href":"https:\/\/transparenciaelectoral.org\/en\/transparencia\/wp-json\/wp\/v2\/posts\/7845\/revisions\/7847"}],"wp:featuredmedia":[{"embeddable":true,"href":"https:\/\/transparenciaelectoral.org\/en\/transparencia\/wp-json\/wp\/v2\/media\/7846"}],"wp:attachment":[{"href":"https:\/\/transparenciaelectoral.org\/en\/transparencia\/wp-json\/wp\/v2\/media?parent=7845"}],"wp:term":[{"taxonomy":"category","embeddable":true,"href":"https:\/\/transparenciaelectoral.org\/en\/transparencia\/wp-json\/wp\/v2\/categories?post=7845"},{"taxonomy":"post_tag","embeddable":true,"href":"https:\/\/transparenciaelectoral.org\/en\/transparencia\/wp-json\/wp\/v2\/tags?post=7845"}],"curies":[{"name":"wp","href":"https:\/\/api.w.org\/{rel}","templated":true}]}}