{"id":574,"date":"2016-11-25T15:31:45","date_gmt":"2016-11-25T15:31:45","guid":{"rendered":"https:\/\/transparenciaelectoral.org\/en\/transparencia\/\/?p=574"},"modified":"2023-12-04T10:24:06","modified_gmt":"2023-12-04T13:24:06","slug":"transparencia-electoral-ante-el-rechazo-a-la-reforma-electoral-por-parte-del-senado","status":"publish","type":"post","link":"https:\/\/transparenciaelectoral.org\/en\/transparencia\/transparencia-electoral-ante-el-rechazo-a-la-reforma-electoral-por-parte-del-senado\/","title":{"rendered":"Transparencia Electoral ante el rechazo a la Reforma Electoral por parte del bloque de Senadores del FPV."},"content":{"rendered":"<p><a href=\"https:\/\/transparenciaelectoral.org\/en\/transparencia\/\/wp-content\/uploads\/2016\/11\/gobernadores-PJ.jpg\"><img fetchpriority=\"high\" decoding=\"async\" class=\"aligncenter size-medium wp-image-577\" src=\"https:\/\/transparenciaelectoral.org\/en\/transparencia\/\/wp-content\/uploads\/2016\/11\/gobernadores-PJ-300x169.jpg\" alt=\"gobernadores-pj\" width=\"300\" height=\"169\" \/><\/a><\/p>\n<p style=\"text-align: right;\">Buenos Aires, 25 de noviembre de 2016.<\/p>\n<p><strong>Ante el rechazo de los senadores del FPV a la Reforma Electoral: Plan de Acci\u00f3n Nacional por la Democracia y Consulta Popular no vinculante 2017.<\/strong><\/p>\n<p>&nbsp;<\/p>\n<p>Transparencia Electoral muestra su preocupaci\u00f3n por el rechazo que el bloque de Senadores del Frente para Victoria le ha dado a un proyecto de Reforma Electoral que contaba con media sanci\u00f3n en Diputados.\u00a0Sobre el particular sostenemos:<\/p>\n<p>&nbsp;<\/p>\n<p>1) El documento de este bloque partidario deja a las claras que las objeciones tecnol\u00f3gicas han sido un mero pretexto para mantener las pr\u00e1cticas pol\u00edticas que hacen de las elecciones mecanismos por los cuales los representados no eligen a sus representantes sino por el contrario, estos se hacen elegir por ellos. De este modo se ha desvirtuado la idea misma de democracia competitiva para dar lugar a un modelo caracterizado por el control social del voto.<\/p>\n<p>&nbsp;<\/p>\n<p>2) La Reforma Electoral fue una demanda de la sociedad planteada claramente en el marco del proceso electoral 2015. Por lo tanto, no solo el gobierno debe rendir cuentas ante la sociedad, tambi\u00e9n lo debe hacer un Senado que debe ser permeable a las demandas de la sociedad y no aferrarse a privilegios que nada tienen que ver con la democracia y el respeto irrestricto a la voluntad popular.<\/p>\n<p>&nbsp;<\/p>\n<p>3) Es incongruente que en dicho documento se mencione la preocupaci\u00f3n por la \u201ccompetencia electoral\u201d cuando muchos de esos senadores en sus provincias no han hecho nada por la misma, por el contrario, han consagrado sistemas electorales provinciales en donde abunda el clientelismo, la violencia electoral, la trashumancia, cuando las autoridades electorales son parciales, y las legislaturas han consumado marcos normativos tramposos y restrictivos.<\/p>\n<p>&nbsp;<\/p>\n<p>4) Nos llama profundamente la atenci\u00f3n que en dicho documento se objete la supuesta \u201cvulnerabilidad\u201d del instrumento de votaci\u00f3n propuesto por el Poder Ejecutivo y avalado por la C\u00e1mara de Diputados cuando son esos mismos gobernadores y senadores los que han permitido que se vulnere el actual sistema tradicional de votaci\u00f3n al punto tal de lesionar los derechos pol\u00edticos de muchos argentinos que viven en distintas provincias de nuestro pa\u00eds.<\/p>\n<p>&nbsp;<\/p>\n<p>Propuestas:<\/p>\n<p>&nbsp;<\/p>\n<p>5) Instamos al gobierno nacional a que junto con las organizaciones de la sociedad civil y los partidos pol\u00edticos comprometidos con la competencia electoral defina, de cara a las elecciones 2017, un <strong>Plan de Acci\u00f3n Nacional por la Democracia<\/strong> para garantizar los derechos pol\u00edticos de los argentinos en las elecciones nacionales y provinciales, poniendo particular atenci\u00f3n en aquellas provincias que han trabado la reforma electoral al efecto de perpetuar el avasallamiento a la democracia competitiva.<\/p>\n<p>6) Desde Transparencia Electoral PROPONEMOS que se convoque a una\u00a0<strong>Consulta Popular<\/strong>\u00a0no vinculante, consagrada en el Art\u00edculo 40 de la Constituci\u00f3n Nacional y regulada por la Ley N\u00b025.432 , en el marco de las elecciones generales 2017, para que sea la ciudadan\u00eda quien exprese su apoyo o no al proyecto de Reforma Electoral rechazado por el bloque de Senadores del FPV.<\/p>\n<p>7) Adem\u00e1s, exhortamos al Gobierno y a las Autoridades Electorales a que definan una serie de medidas, en el marco normativo existente, tendientes a evitar los incidentes y delitos electorales ocurridos en las elecciones pasadas.<\/p>\n<p>&nbsp;<\/p>\n<p>La Integridad Electoral no es una opci\u00f3n. Es el \u00fanico camino para fortalecer la democracia competitiva, es la que nos permite garantizar los derechos de los electores.<\/p>\n<p>Transparencia Electoral trabajar\u00e1, de cara a las elecciones de 2017 para que no haya m\u00e1s fraude en ninguna elecci\u00f3n. Para que se respete la voluntad popular.<\/p>\n","protected":false},"excerpt":{"rendered":"<p>Buenos Aires, 25 de noviembre de 2016. Ante el rechazo de los senadores del FPV a la Reforma Electoral: Plan de Acci\u00f3n Nacional por la Democracia y Consulta Popular no &hellip;<\/p>\n","protected":false},"author":6,"featured_media":577,"comment_status":"closed","ping_status":"open","sticky":false,"template":"","format":"standard","meta":{"footnotes":""},"categories":[105,98,191,88,97],"tags":[128,104],"class_list":["post-574","post","type-post","status-publish","format-standard","has-post-thumbnail","hentry","category-actividades","category-argentina","category-democracia","category-novedades","category-slider","tag-reforma-electoral","tag-transparencia-electoral"],"yoast_head":"<!-- This site is optimized with the Yoast SEO plugin v27.4 - https:\/\/yoast.com\/product\/yoast-seo-wordpress\/ -->\n<title>Transparencia Electoral ante el rechazo a la Reforma Electoral por parte del bloque de Senadores del FPV. - Transparencia Electoral<\/title>\n<meta name=\"robots\" content=\"index, follow, max-snippet:-1, max-image-preview:large, max-video-preview:-1\" \/>\n<link rel=\"canonical\" href=\"https:\/\/transparenciaelectoral.org\/en\/transparencia\/transparencia-electoral-ante-el-rechazo-a-la-reforma-electoral-por-parte-del-senado\/\" \/>\n<meta property=\"og:locale\" content=\"es_ES\" \/>\n<meta property=\"og:type\" content=\"article\" \/>\n<meta property=\"og:title\" content=\"Transparencia Electoral ante el rechazo a la Reforma Electoral por parte del bloque de Senadores del FPV. - Transparencia Electoral\" \/>\n<meta property=\"og:description\" content=\"Buenos Aires, 25 de noviembre de 2016. Ante el rechazo de los senadores del FPV a la Reforma Electoral: Plan de Acci\u00f3n Nacional por la Democracia y Consulta Popular no &hellip;\" \/>\n<meta property=\"og:url\" content=\"https:\/\/transparenciaelectoral.org\/en\/transparencia\/transparencia-electoral-ante-el-rechazo-a-la-reforma-electoral-por-parte-del-senado\/\" \/>\n<meta property=\"og:site_name\" content=\"Transparencia Electoral\" \/>\n<meta property=\"article:publisher\" content=\"https:\/\/www.facebook.com\/Transparencia-Electoral-en-Am%c3%a9rica-latina-171661009688456\/\" \/>\n<meta property=\"article:published_time\" content=\"2016-11-25T15:31:45+00:00\" \/>\n<meta property=\"article:modified_time\" content=\"2023-12-04T13:24:06+00:00\" \/>\n<meta property=\"og:image\" content=\"https:\/\/transparenciaelectoral.org\/en\/transparencia\/wp-content\/uploads\/2016\/11\/gobernadores-PJ-1-1.jpg\" \/>\n\t<meta property=\"og:image:width\" content=\"600\" \/>\n\t<meta property=\"og:image:height\" content=\"337\" \/>\n\t<meta property=\"og:image:type\" content=\"image\/jpeg\" \/>\n<meta name=\"author\" content=\"Transparencia Electoral\" \/>\n<meta name=\"twitter:card\" content=\"summary_large_image\" \/>\n<meta name=\"twitter:creator\" content=\"@TransparenciaAL\" \/>\n<meta name=\"twitter:site\" content=\"@TransparenciaAL\" \/>\n<meta name=\"twitter:label1\" content=\"Escrito por\" \/>\n\t<meta name=\"twitter:data1\" content=\"Transparencia Electoral\" \/>\n\t<meta name=\"twitter:label2\" content=\"Tiempo de lectura\" \/>\n\t<meta name=\"twitter:data2\" content=\"3 minutos\" \/>\n<script type=\"application\/ld+json\" class=\"yoast-schema-graph\">{\"@context\":\"https:\\\/\\\/schema.org\",\"@graph\":[{\"@type\":\"Article\",\"@id\":\"https:\\\/\\\/transparenciaelectoral.org\\\/en\\\/transparencia\\\/transparencia-electoral-ante-el-rechazo-a-la-reforma-electoral-por-parte-del-senado\\\/#article\",\"isPartOf\":{\"@id\":\"https:\\\/\\\/transparenciaelectoral.org\\\/en\\\/transparencia\\\/transparencia-electoral-ante-el-rechazo-a-la-reforma-electoral-por-parte-del-senado\\\/\"},\"author\":{\"name\":\"Transparencia Electoral\",\"@id\":\"https:\\\/\\\/transparenciaelectoral.org\\\/en\\\/transparencia\\\/#\\\/schema\\\/person\\\/63a97f81afd2c3820c6d9f262e27fe50\"},\"headline\":\"Transparencia Electoral ante el rechazo a la Reforma Electoral por parte del bloque de Senadores del FPV.\",\"datePublished\":\"2016-11-25T15:31:45+00:00\",\"dateModified\":\"2023-12-04T13:24:06+00:00\",\"mainEntityOfPage\":{\"@id\":\"https:\\\/\\\/transparenciaelectoral.org\\\/en\\\/transparencia\\\/transparencia-electoral-ante-el-rechazo-a-la-reforma-electoral-por-parte-del-senado\\\/\"},\"wordCount\":608,\"image\":{\"@id\":\"https:\\\/\\\/transparenciaelectoral.org\\\/en\\\/transparencia\\\/transparencia-electoral-ante-el-rechazo-a-la-reforma-electoral-por-parte-del-senado\\\/#primaryimage\"},\"thumbnailUrl\":\"https:\\\/\\\/transparenciaelectoral.org\\\/en\\\/transparencia\\\/wp-content\\\/uploads\\\/2016\\\/11\\\/gobernadores-PJ-1-1.jpg\",\"keywords\":[\"Reforma Electoral\",\"Transparencia Electoral\"],\"articleSection\":[\"Actividades\",\"Argentina \ud83c\udde6\ud83c\uddf7\",\"Democracia\",\"Novedades\",\"Slider\"],\"inLanguage\":\"es\"},{\"@type\":\"WebPage\",\"@id\":\"https:\\\/\\\/transparenciaelectoral.org\\\/en\\\/transparencia\\\/transparencia-electoral-ante-el-rechazo-a-la-reforma-electoral-por-parte-del-senado\\\/\",\"url\":\"https:\\\/\\\/transparenciaelectoral.org\\\/en\\\/transparencia\\\/transparencia-electoral-ante-el-rechazo-a-la-reforma-electoral-por-parte-del-senado\\\/\",\"name\":\"Transparencia Electoral ante el rechazo a la Reforma Electoral por parte del bloque de Senadores del FPV. - Transparencia Electoral\",\"isPartOf\":{\"@id\":\"https:\\\/\\\/transparenciaelectoral.org\\\/en\\\/transparencia\\\/#website\"},\"primaryImageOfPage\":{\"@id\":\"https:\\\/\\\/transparenciaelectoral.org\\\/en\\\/transparencia\\\/transparencia-electoral-ante-el-rechazo-a-la-reforma-electoral-por-parte-del-senado\\\/#primaryimage\"},\"image\":{\"@id\":\"https:\\\/\\\/transparenciaelectoral.org\\\/en\\\/transparencia\\\/transparencia-electoral-ante-el-rechazo-a-la-reforma-electoral-por-parte-del-senado\\\/#primaryimage\"},\"thumbnailUrl\":\"https:\\\/\\\/transparenciaelectoral.org\\\/en\\\/transparencia\\\/wp-content\\\/uploads\\\/2016\\\/11\\\/gobernadores-PJ-1-1.jpg\",\"datePublished\":\"2016-11-25T15:31:45+00:00\",\"dateModified\":\"2023-12-04T13:24:06+00:00\",\"author\":{\"@id\":\"https:\\\/\\\/transparenciaelectoral.org\\\/en\\\/transparencia\\\/#\\\/schema\\\/person\\\/63a97f81afd2c3820c6d9f262e27fe50\"},\"breadcrumb\":{\"@id\":\"https:\\\/\\\/transparenciaelectoral.org\\\/en\\\/transparencia\\\/transparencia-electoral-ante-el-rechazo-a-la-reforma-electoral-por-parte-del-senado\\\/#breadcrumb\"},\"inLanguage\":\"es\",\"potentialAction\":[{\"@type\":\"ReadAction\",\"target\":[\"https:\\\/\\\/transparenciaelectoral.org\\\/en\\\/transparencia\\\/transparencia-electoral-ante-el-rechazo-a-la-reforma-electoral-por-parte-del-senado\\\/\"]}]},{\"@type\":\"ImageObject\",\"inLanguage\":\"es\",\"@id\":\"https:\\\/\\\/transparenciaelectoral.org\\\/en\\\/transparencia\\\/transparencia-electoral-ante-el-rechazo-a-la-reforma-electoral-por-parte-del-senado\\\/#primaryimage\",\"url\":\"https:\\\/\\\/transparenciaelectoral.org\\\/en\\\/transparencia\\\/wp-content\\\/uploads\\\/2016\\\/11\\\/gobernadores-PJ-1-1.jpg\",\"contentUrl\":\"https:\\\/\\\/transparenciaelectoral.org\\\/en\\\/transparencia\\\/wp-content\\\/uploads\\\/2016\\\/11\\\/gobernadores-PJ-1-1.jpg\",\"width\":600,\"height\":337},{\"@type\":\"BreadcrumbList\",\"@id\":\"https:\\\/\\\/transparenciaelectoral.org\\\/en\\\/transparencia\\\/transparencia-electoral-ante-el-rechazo-a-la-reforma-electoral-por-parte-del-senado\\\/#breadcrumb\",\"itemListElement\":[{\"@type\":\"ListItem\",\"position\":1,\"name\":\"Portada\",\"item\":\"https:\\\/\\\/transparenciaelectoral.org\\\/en\\\/transparencia\\\/\"},{\"@type\":\"ListItem\",\"position\":2,\"name\":\"Transparencia Electoral ante el rechazo a la Reforma Electoral por parte del bloque de Senadores del FPV.\"}]},{\"@type\":\"WebSite\",\"@id\":\"https:\\\/\\\/transparenciaelectoral.org\\\/en\\\/transparencia\\\/#website\",\"url\":\"https:\\\/\\\/transparenciaelectoral.org\\\/en\\\/transparencia\\\/\",\"name\":\"Transparencia Electoral\",\"description\":\"\",\"potentialAction\":[{\"@type\":\"SearchAction\",\"target\":{\"@type\":\"EntryPoint\",\"urlTemplate\":\"https:\\\/\\\/transparenciaelectoral.org\\\/en\\\/transparencia\\\/?s={search_term_string}\"},\"query-input\":{\"@type\":\"PropertyValueSpecification\",\"valueRequired\":true,\"valueName\":\"search_term_string\"}}],\"inLanguage\":\"es\"},{\"@type\":\"Person\",\"@id\":\"https:\\\/\\\/transparenciaelectoral.org\\\/en\\\/transparencia\\\/#\\\/schema\\\/person\\\/63a97f81afd2c3820c6d9f262e27fe50\",\"name\":\"Transparencia Electoral\",\"image\":{\"@type\":\"ImageObject\",\"inLanguage\":\"es\",\"@id\":\"https:\\\/\\\/secure.gravatar.com\\\/avatar\\\/1c42efe425475a030aa093c633a2e79e264536eaa08d7fbfe52ebefcd52ab8a2?s=96&d=mm&r=g\",\"url\":\"https:\\\/\\\/secure.gravatar.com\\\/avatar\\\/1c42efe425475a030aa093c633a2e79e264536eaa08d7fbfe52ebefcd52ab8a2?s=96&d=mm&r=g\",\"contentUrl\":\"https:\\\/\\\/secure.gravatar.com\\\/avatar\\\/1c42efe425475a030aa093c633a2e79e264536eaa08d7fbfe52ebefcd52ab8a2?s=96&d=mm&r=g\",\"caption\":\"Transparencia Electoral\"},\"sameAs\":[\"https:\\\/\\\/transparenciaelectoral.org\\\/en\\\/transparencia\\\/\\\/\"]}]}<\/script>\n<!-- \/ Yoast SEO plugin. -->","yoast_head_json":{"title":"Transparencia Electoral ante el rechazo a la Reforma Electoral por parte del bloque de Senadores del FPV. - Transparencia Electoral","robots":{"index":"index","follow":"follow","max-snippet":"max-snippet:-1","max-image-preview":"max-image-preview:large","max-video-preview":"max-video-preview:-1"},"canonical":"https:\/\/transparenciaelectoral.org\/en\/transparencia\/transparencia-electoral-ante-el-rechazo-a-la-reforma-electoral-por-parte-del-senado\/","og_locale":"es_ES","og_type":"article","og_title":"Transparencia Electoral ante el rechazo a la Reforma Electoral por parte del bloque de Senadores del FPV. - Transparencia Electoral","og_description":"Buenos Aires, 25 de noviembre de 2016. Ante el rechazo de los senadores del FPV a la Reforma Electoral: Plan de Acci\u00f3n Nacional por la Democracia y Consulta Popular no &hellip;","og_url":"https:\/\/transparenciaelectoral.org\/en\/transparencia\/transparencia-electoral-ante-el-rechazo-a-la-reforma-electoral-por-parte-del-senado\/","og_site_name":"Transparencia Electoral","article_publisher":"https:\/\/www.facebook.com\/Transparencia-Electoral-en-Am%c3%a9rica-latina-171661009688456\/","article_published_time":"2016-11-25T15:31:45+00:00","article_modified_time":"2023-12-04T13:24:06+00:00","og_image":[{"width":600,"height":337,"url":"https:\/\/transparenciaelectoral.org\/en\/transparencia\/wp-content\/uploads\/2016\/11\/gobernadores-PJ-1-1.jpg","type":"image\/jpeg"}],"author":"Transparencia Electoral","twitter_card":"summary_large_image","twitter_creator":"@TransparenciaAL","twitter_site":"@TransparenciaAL","twitter_misc":{"Escrito por":"Transparencia Electoral","Tiempo de lectura":"3 minutos"},"schema":{"@context":"https:\/\/schema.org","@graph":[{"@type":"Article","@id":"https:\/\/transparenciaelectoral.org\/en\/transparencia\/transparencia-electoral-ante-el-rechazo-a-la-reforma-electoral-por-parte-del-senado\/#article","isPartOf":{"@id":"https:\/\/transparenciaelectoral.org\/en\/transparencia\/transparencia-electoral-ante-el-rechazo-a-la-reforma-electoral-por-parte-del-senado\/"},"author":{"name":"Transparencia Electoral","@id":"https:\/\/transparenciaelectoral.org\/en\/transparencia\/#\/schema\/person\/63a97f81afd2c3820c6d9f262e27fe50"},"headline":"Transparencia Electoral ante el rechazo a la Reforma Electoral por parte del bloque de Senadores del FPV.","datePublished":"2016-11-25T15:31:45+00:00","dateModified":"2023-12-04T13:24:06+00:00","mainEntityOfPage":{"@id":"https:\/\/transparenciaelectoral.org\/en\/transparencia\/transparencia-electoral-ante-el-rechazo-a-la-reforma-electoral-por-parte-del-senado\/"},"wordCount":608,"image":{"@id":"https:\/\/transparenciaelectoral.org\/en\/transparencia\/transparencia-electoral-ante-el-rechazo-a-la-reforma-electoral-por-parte-del-senado\/#primaryimage"},"thumbnailUrl":"https:\/\/transparenciaelectoral.org\/en\/transparencia\/wp-content\/uploads\/2016\/11\/gobernadores-PJ-1-1.jpg","keywords":["Reforma Electoral","Transparencia Electoral"],"articleSection":["Actividades","Argentina \ud83c\udde6\ud83c\uddf7","Democracia","Novedades","Slider"],"inLanguage":"es"},{"@type":"WebPage","@id":"https:\/\/transparenciaelectoral.org\/en\/transparencia\/transparencia-electoral-ante-el-rechazo-a-la-reforma-electoral-por-parte-del-senado\/","url":"https:\/\/transparenciaelectoral.org\/en\/transparencia\/transparencia-electoral-ante-el-rechazo-a-la-reforma-electoral-por-parte-del-senado\/","name":"Transparencia Electoral ante el rechazo a la Reforma Electoral por parte del bloque de Senadores del FPV. - Transparencia Electoral","isPartOf":{"@id":"https:\/\/transparenciaelectoral.org\/en\/transparencia\/#website"},"primaryImageOfPage":{"@id":"https:\/\/transparenciaelectoral.org\/en\/transparencia\/transparencia-electoral-ante-el-rechazo-a-la-reforma-electoral-por-parte-del-senado\/#primaryimage"},"image":{"@id":"https:\/\/transparenciaelectoral.org\/en\/transparencia\/transparencia-electoral-ante-el-rechazo-a-la-reforma-electoral-por-parte-del-senado\/#primaryimage"},"thumbnailUrl":"https:\/\/transparenciaelectoral.org\/en\/transparencia\/wp-content\/uploads\/2016\/11\/gobernadores-PJ-1-1.jpg","datePublished":"2016-11-25T15:31:45+00:00","dateModified":"2023-12-04T13:24:06+00:00","author":{"@id":"https:\/\/transparenciaelectoral.org\/en\/transparencia\/#\/schema\/person\/63a97f81afd2c3820c6d9f262e27fe50"},"breadcrumb":{"@id":"https:\/\/transparenciaelectoral.org\/en\/transparencia\/transparencia-electoral-ante-el-rechazo-a-la-reforma-electoral-por-parte-del-senado\/#breadcrumb"},"inLanguage":"es","potentialAction":[{"@type":"ReadAction","target":["https:\/\/transparenciaelectoral.org\/en\/transparencia\/transparencia-electoral-ante-el-rechazo-a-la-reforma-electoral-por-parte-del-senado\/"]}]},{"@type":"ImageObject","inLanguage":"es","@id":"https:\/\/transparenciaelectoral.org\/en\/transparencia\/transparencia-electoral-ante-el-rechazo-a-la-reforma-electoral-por-parte-del-senado\/#primaryimage","url":"https:\/\/transparenciaelectoral.org\/en\/transparencia\/wp-content\/uploads\/2016\/11\/gobernadores-PJ-1-1.jpg","contentUrl":"https:\/\/transparenciaelectoral.org\/en\/transparencia\/wp-content\/uploads\/2016\/11\/gobernadores-PJ-1-1.jpg","width":600,"height":337},{"@type":"BreadcrumbList","@id":"https:\/\/transparenciaelectoral.org\/en\/transparencia\/transparencia-electoral-ante-el-rechazo-a-la-reforma-electoral-por-parte-del-senado\/#breadcrumb","itemListElement":[{"@type":"ListItem","position":1,"name":"Portada","item":"https:\/\/transparenciaelectoral.org\/en\/transparencia\/"},{"@type":"ListItem","position":2,"name":"Transparencia Electoral ante el rechazo a la Reforma Electoral por parte del bloque de Senadores del FPV."}]},{"@type":"WebSite","@id":"https:\/\/transparenciaelectoral.org\/en\/transparencia\/#website","url":"https:\/\/transparenciaelectoral.org\/en\/transparencia\/","name":"Transparencia Electoral","description":"","potentialAction":[{"@type":"SearchAction","target":{"@type":"EntryPoint","urlTemplate":"https:\/\/transparenciaelectoral.org\/en\/transparencia\/?s={search_term_string}"},"query-input":{"@type":"PropertyValueSpecification","valueRequired":true,"valueName":"search_term_string"}}],"inLanguage":"es"},{"@type":"Person","@id":"https:\/\/transparenciaelectoral.org\/en\/transparencia\/#\/schema\/person\/63a97f81afd2c3820c6d9f262e27fe50","name":"Transparencia Electoral","image":{"@type":"ImageObject","inLanguage":"es","@id":"https:\/\/secure.gravatar.com\/avatar\/1c42efe425475a030aa093c633a2e79e264536eaa08d7fbfe52ebefcd52ab8a2?s=96&d=mm&r=g","url":"https:\/\/secure.gravatar.com\/avatar\/1c42efe425475a030aa093c633a2e79e264536eaa08d7fbfe52ebefcd52ab8a2?s=96&d=mm&r=g","contentUrl":"https:\/\/secure.gravatar.com\/avatar\/1c42efe425475a030aa093c633a2e79e264536eaa08d7fbfe52ebefcd52ab8a2?s=96&d=mm&r=g","caption":"Transparencia Electoral"},"sameAs":["https:\/\/transparenciaelectoral.org\/en\/transparencia\/\/"]}]}},"_links":{"self":[{"href":"https:\/\/transparenciaelectoral.org\/en\/transparencia\/wp-json\/wp\/v2\/posts\/574","targetHints":{"allow":["GET"]}}],"collection":[{"href":"https:\/\/transparenciaelectoral.org\/en\/transparencia\/wp-json\/wp\/v2\/posts"}],"about":[{"href":"https:\/\/transparenciaelectoral.org\/en\/transparencia\/wp-json\/wp\/v2\/types\/post"}],"author":[{"embeddable":true,"href":"https:\/\/transparenciaelectoral.org\/en\/transparencia\/wp-json\/wp\/v2\/users\/6"}],"replies":[{"embeddable":true,"href":"https:\/\/transparenciaelectoral.org\/en\/transparencia\/wp-json\/wp\/v2\/comments?post=574"}],"version-history":[{"count":1,"href":"https:\/\/transparenciaelectoral.org\/en\/transparencia\/wp-json\/wp\/v2\/posts\/574\/revisions"}],"predecessor-version":[{"id":5980,"href":"https:\/\/transparenciaelectoral.org\/en\/transparencia\/wp-json\/wp\/v2\/posts\/574\/revisions\/5980"}],"wp:featuredmedia":[{"embeddable":true,"href":"https:\/\/transparenciaelectoral.org\/en\/transparencia\/wp-json\/wp\/v2\/media\/577"}],"wp:attachment":[{"href":"https:\/\/transparenciaelectoral.org\/en\/transparencia\/wp-json\/wp\/v2\/media?parent=574"}],"wp:term":[{"taxonomy":"category","embeddable":true,"href":"https:\/\/transparenciaelectoral.org\/en\/transparencia\/wp-json\/wp\/v2\/categories?post=574"},{"taxonomy":"post_tag","embeddable":true,"href":"https:\/\/transparenciaelectoral.org\/en\/transparencia\/wp-json\/wp\/v2\/tags?post=574"}],"curies":[{"name":"wp","href":"https:\/\/api.w.org\/{rel}","templated":true}]}}