{"id":5411,"date":"2021-10-22T19:57:46","date_gmt":"2021-10-22T19:57:46","guid":{"rendered":"https:\/\/transparenciaelectoral.org\/en\/transparencia\/\/?p=5411"},"modified":"2023-12-04T10:18:42","modified_gmt":"2023-12-04T13:18:42","slug":"transparencia-electoral-celebro-la-conferencia-reforma-electoral-en-peru-a-cargo-de-milagros-campos","status":"publish","type":"post","link":"https:\/\/transparenciaelectoral.org\/en\/transparencia\/transparencia-electoral-celebro-la-conferencia-reforma-electoral-en-peru-a-cargo-de-milagros-campos\/","title":{"rendered":"Transparencia Electoral celebr\u00f3 la conferencia &#8220;Reforma electoral en Per\u00fa&#8221; a cargo de Milagros Campos"},"content":{"rendered":"<p><iframe title=\"Reforma electoral en Per\u00fa\" width=\"500\" height=\"281\" src=\"https:\/\/www.youtube.com\/embed\/nFhemP_pt8M?feature=oembed\" frameborder=\"0\" allow=\"accelerometer; autoplay; clipboard-write; encrypted-media; gyroscope; picture-in-picture; web-share\" referrerpolicy=\"strict-origin-when-cross-origin\" allowfullscreen><\/iframe><\/p>\n<p>En el mes de agosto de 2021, la Comisi\u00f3n de Constituci\u00f3n del Congreso del Per\u00fa anunci\u00f3 entre sus propuestas una reforma de la legislaci\u00f3n electoral.<\/p>\n<p>Es por esto que Transparencia Electoral convoca a<strong> Milagros Campos <\/strong>-Mag\u00edster en Ciencia Pol\u00edtica y Abogada por la Pontificia Universidad Cat\u00f3lica del Per\u00fa, con estudios de doctorado en Ciencia Pol\u00edtica concluidos. Profesora de la misma universidad. Miembro de la Asociaci\u00f3n Peruana de Derecho Constitucional. Autora de libros y publicaciones- para presentar su mirada acerca de lo que ha trascendido hasta el momento sobre la futura Reforma.<\/p>\n<p>En la conferencia llevada a cabo este viernes 22 de octubre bajo el t\u00edtulo &#8220;Reforma electoral en Per\u00fa&#8221;, la disertante comenz\u00f3 realizando una contextualizaci\u00f3n de las elecciones en pandemia. Puntualizando luego que, &#8220;a prop\u00f3sito de la experiencia de la elecci\u00f3n del 2016, se dio una norma que se\u00f1ala que desde un a\u00f1o antes al proceso electoral no se pueden cambiar las reglas de juego&#8221;.<\/p>\n<p>Por otra parte, se hizo referencia a los mecanismos de democracia interna de los partidos y all\u00ed expres\u00f3 que &#8220;se viene debatiendo la implementaci\u00f3n o suspensi\u00f3n de las PASO para las pr\u00f3ximas elecciones, se ha generado un debate p\u00fablico muy intenso&#8221;. Que, a pesar de los intentos por modificar el sistema e ir hacia uno de primarias abiertas y obligatorias, los partidos pol\u00edticos muestran preferencia hacia un sistema de elecci\u00f3n a trav\u00e9s de delegados que luego elegir\u00e1n a los candidatos.<\/p>\n<p>En cuanto a los avances en la paridad de acceso de mujeres y hombres a las listas y los esca\u00f1os parlamentarios, Campos dijo que &#8220;el n\u00famero de mujeres electas se duplic\u00f3 en un primer momento y luego se mantuvo en un 30%, en elecciones subnacionales la situaci\u00f3n era bastante peor. Luego, se ha planteado ir hacia la paridad y alternancia&#8221;. Ya que, la principal problem\u00e1tica era que con normativas que solo reglamentan el cupo, las mujeres quedaban al final de las listas de candidaturas y no formaban parte de los lugares &#8220;expectables&#8221;.<\/p>\n<p>Al finalizar la conferencia, se realiz\u00f3 un generoso espacio de preguntas y respuestas de parte de los asistentes dirigidas a la expositora.<\/p>\n","protected":false},"excerpt":{"rendered":"<p>En el mes de agosto de 2021, la Comisi\u00f3n de Constituci\u00f3n del Congreso del Per\u00fa anunci\u00f3 entre sus propuestas una reforma de la legislaci\u00f3n electoral. Es por esto que Transparencia &hellip;<\/p>\n","protected":false},"author":6,"featured_media":5412,"comment_status":"closed","ping_status":"open","sticky":false,"template":"","format":"standard","meta":{"footnotes":""},"categories":[100],"tags":[104],"class_list":["post-5411","post","type-post","status-publish","format-standard","has-post-thumbnail","hentry","category-noticias","tag-transparencia-electoral"],"yoast_head":"<!-- This site is optimized with the Yoast SEO plugin v27.5 - https:\/\/yoast.com\/product\/yoast-seo-wordpress\/ -->\n<title>Transparencia Electoral celebr\u00f3 la conferencia &quot;Reforma electoral en Per\u00fa&quot; a cargo de Milagros Campos - Transparencia Electoral<\/title>\n<meta name=\"robots\" content=\"index, follow, max-snippet:-1, max-image-preview:large, max-video-preview:-1\" \/>\n<link rel=\"canonical\" href=\"https:\/\/transparenciaelectoral.org\/en\/transparencia\/transparencia-electoral-celebro-la-conferencia-reforma-electoral-en-peru-a-cargo-de-milagros-campos\/\" \/>\n<meta property=\"og:locale\" content=\"es_ES\" \/>\n<meta property=\"og:type\" content=\"article\" \/>\n<meta property=\"og:title\" content=\"Transparencia Electoral celebr\u00f3 la conferencia &quot;Reforma electoral en Per\u00fa&quot; a cargo de Milagros Campos - Transparencia Electoral\" \/>\n<meta property=\"og:description\" content=\"En el mes de agosto de 2021, la Comisi\u00f3n de Constituci\u00f3n del Congreso del Per\u00fa anunci\u00f3 entre sus propuestas una reforma de la legislaci\u00f3n electoral. Es por esto que Transparencia &hellip;\" \/>\n<meta property=\"og:url\" content=\"https:\/\/transparenciaelectoral.org\/en\/transparencia\/transparencia-electoral-celebro-la-conferencia-reforma-electoral-en-peru-a-cargo-de-milagros-campos\/\" \/>\n<meta property=\"og:site_name\" content=\"Transparencia Electoral\" \/>\n<meta property=\"article:publisher\" content=\"https:\/\/www.facebook.com\/Transparencia-Electoral-en-Am%c3%a9rica-latina-171661009688456\/\" \/>\n<meta property=\"article:published_time\" content=\"2021-10-22T19:57:46+00:00\" \/>\n<meta property=\"article:modified_time\" content=\"2023-12-04T13:18:42+00:00\" \/>\n<meta property=\"og:image\" content=\"https:\/\/transparenciaelectoral.org\/en\/transparencia\/wp-content\/uploads\/2021\/10\/WhatsApp-Image-2021-10-22-at-12.17.47-scaled-e1634932604635-1.jpeg\" \/>\n\t<meta property=\"og:image:width\" content=\"243\" \/>\n\t<meta property=\"og:image:height\" content=\"255\" \/>\n\t<meta property=\"og:image:type\" content=\"image\/jpeg\" \/>\n<meta name=\"author\" content=\"Transparencia Electoral\" \/>\n<meta name=\"twitter:card\" content=\"summary_large_image\" \/>\n<meta name=\"twitter:creator\" content=\"@TransparenciaAL\" \/>\n<meta name=\"twitter:site\" content=\"@TransparenciaAL\" \/>\n<meta name=\"twitter:label1\" content=\"Escrito por\" \/>\n\t<meta name=\"twitter:data1\" content=\"Transparencia Electoral\" \/>\n\t<meta name=\"twitter:label2\" content=\"Tiempo de lectura\" \/>\n\t<meta name=\"twitter:data2\" content=\"2 minutos\" \/>\n<script type=\"application\/ld+json\" class=\"yoast-schema-graph\">{\"@context\":\"https:\\\/\\\/schema.org\",\"@graph\":[{\"@type\":\"Article\",\"@id\":\"https:\\\/\\\/transparenciaelectoral.org\\\/en\\\/transparencia\\\/transparencia-electoral-celebro-la-conferencia-reforma-electoral-en-peru-a-cargo-de-milagros-campos\\\/#article\",\"isPartOf\":{\"@id\":\"https:\\\/\\\/transparenciaelectoral.org\\\/en\\\/transparencia\\\/transparencia-electoral-celebro-la-conferencia-reforma-electoral-en-peru-a-cargo-de-milagros-campos\\\/\"},\"author\":{\"name\":\"Transparencia Electoral\",\"@id\":\"https:\\\/\\\/transparenciaelectoral.org\\\/en\\\/transparencia\\\/#\\\/schema\\\/person\\\/63a97f81afd2c3820c6d9f262e27fe50\"},\"headline\":\"Transparencia Electoral celebr\u00f3 la conferencia &#8220;Reforma electoral en Per\u00fa&#8221; a cargo de Milagros Campos\",\"datePublished\":\"2021-10-22T19:57:46+00:00\",\"dateModified\":\"2023-12-04T13:18:42+00:00\",\"mainEntityOfPage\":{\"@id\":\"https:\\\/\\\/transparenciaelectoral.org\\\/en\\\/transparencia\\\/transparencia-electoral-celebro-la-conferencia-reforma-electoral-en-peru-a-cargo-de-milagros-campos\\\/\"},\"wordCount\":391,\"image\":{\"@id\":\"https:\\\/\\\/transparenciaelectoral.org\\\/en\\\/transparencia\\\/transparencia-electoral-celebro-la-conferencia-reforma-electoral-en-peru-a-cargo-de-milagros-campos\\\/#primaryimage\"},\"thumbnailUrl\":\"https:\\\/\\\/transparenciaelectoral.org\\\/en\\\/transparencia\\\/wp-content\\\/uploads\\\/2021\\\/10\\\/WhatsApp-Image-2021-10-22-at-12.17.47-scaled-e1634932604635-1.jpeg\",\"keywords\":[\"Transparencia Electoral\"],\"articleSection\":[\"Noticias\"],\"inLanguage\":\"es\"},{\"@type\":\"WebPage\",\"@id\":\"https:\\\/\\\/transparenciaelectoral.org\\\/en\\\/transparencia\\\/transparencia-electoral-celebro-la-conferencia-reforma-electoral-en-peru-a-cargo-de-milagros-campos\\\/\",\"url\":\"https:\\\/\\\/transparenciaelectoral.org\\\/en\\\/transparencia\\\/transparencia-electoral-celebro-la-conferencia-reforma-electoral-en-peru-a-cargo-de-milagros-campos\\\/\",\"name\":\"Transparencia Electoral celebr\u00f3 la conferencia \\\"Reforma electoral en Per\u00fa\\\" a cargo de Milagros Campos - Transparencia Electoral\",\"isPartOf\":{\"@id\":\"https:\\\/\\\/transparenciaelectoral.org\\\/en\\\/transparencia\\\/#website\"},\"primaryImageOfPage\":{\"@id\":\"https:\\\/\\\/transparenciaelectoral.org\\\/en\\\/transparencia\\\/transparencia-electoral-celebro-la-conferencia-reforma-electoral-en-peru-a-cargo-de-milagros-campos\\\/#primaryimage\"},\"image\":{\"@id\":\"https:\\\/\\\/transparenciaelectoral.org\\\/en\\\/transparencia\\\/transparencia-electoral-celebro-la-conferencia-reforma-electoral-en-peru-a-cargo-de-milagros-campos\\\/#primaryimage\"},\"thumbnailUrl\":\"https:\\\/\\\/transparenciaelectoral.org\\\/en\\\/transparencia\\\/wp-content\\\/uploads\\\/2021\\\/10\\\/WhatsApp-Image-2021-10-22-at-12.17.47-scaled-e1634932604635-1.jpeg\",\"datePublished\":\"2021-10-22T19:57:46+00:00\",\"dateModified\":\"2023-12-04T13:18:42+00:00\",\"author\":{\"@id\":\"https:\\\/\\\/transparenciaelectoral.org\\\/en\\\/transparencia\\\/#\\\/schema\\\/person\\\/63a97f81afd2c3820c6d9f262e27fe50\"},\"breadcrumb\":{\"@id\":\"https:\\\/\\\/transparenciaelectoral.org\\\/en\\\/transparencia\\\/transparencia-electoral-celebro-la-conferencia-reforma-electoral-en-peru-a-cargo-de-milagros-campos\\\/#breadcrumb\"},\"inLanguage\":\"es\",\"potentialAction\":[{\"@type\":\"ReadAction\",\"target\":[\"https:\\\/\\\/transparenciaelectoral.org\\\/en\\\/transparencia\\\/transparencia-electoral-celebro-la-conferencia-reforma-electoral-en-peru-a-cargo-de-milagros-campos\\\/\"]}]},{\"@type\":\"ImageObject\",\"inLanguage\":\"es\",\"@id\":\"https:\\\/\\\/transparenciaelectoral.org\\\/en\\\/transparencia\\\/transparencia-electoral-celebro-la-conferencia-reforma-electoral-en-peru-a-cargo-de-milagros-campos\\\/#primaryimage\",\"url\":\"https:\\\/\\\/transparenciaelectoral.org\\\/en\\\/transparencia\\\/wp-content\\\/uploads\\\/2021\\\/10\\\/WhatsApp-Image-2021-10-22-at-12.17.47-scaled-e1634932604635-1.jpeg\",\"contentUrl\":\"https:\\\/\\\/transparenciaelectoral.org\\\/en\\\/transparencia\\\/wp-content\\\/uploads\\\/2021\\\/10\\\/WhatsApp-Image-2021-10-22-at-12.17.47-scaled-e1634932604635-1.jpeg\",\"width\":243,\"height\":255},{\"@type\":\"BreadcrumbList\",\"@id\":\"https:\\\/\\\/transparenciaelectoral.org\\\/en\\\/transparencia\\\/transparencia-electoral-celebro-la-conferencia-reforma-electoral-en-peru-a-cargo-de-milagros-campos\\\/#breadcrumb\",\"itemListElement\":[{\"@type\":\"ListItem\",\"position\":1,\"name\":\"Portada\",\"item\":\"https:\\\/\\\/transparenciaelectoral.org\\\/en\\\/transparencia\\\/\"},{\"@type\":\"ListItem\",\"position\":2,\"name\":\"Transparencia Electoral celebr\u00f3 la conferencia &#8220;Reforma electoral en Per\u00fa&#8221; a cargo de Milagros Campos\"}]},{\"@type\":\"WebSite\",\"@id\":\"https:\\\/\\\/transparenciaelectoral.org\\\/en\\\/transparencia\\\/#website\",\"url\":\"https:\\\/\\\/transparenciaelectoral.org\\\/en\\\/transparencia\\\/\",\"name\":\"Transparencia Electoral\",\"description\":\"\",\"potentialAction\":[{\"@type\":\"SearchAction\",\"target\":{\"@type\":\"EntryPoint\",\"urlTemplate\":\"https:\\\/\\\/transparenciaelectoral.org\\\/en\\\/transparencia\\\/?s={search_term_string}\"},\"query-input\":{\"@type\":\"PropertyValueSpecification\",\"valueRequired\":true,\"valueName\":\"search_term_string\"}}],\"inLanguage\":\"es\"},{\"@type\":\"Person\",\"@id\":\"https:\\\/\\\/transparenciaelectoral.org\\\/en\\\/transparencia\\\/#\\\/schema\\\/person\\\/63a97f81afd2c3820c6d9f262e27fe50\",\"name\":\"Transparencia Electoral\",\"image\":{\"@type\":\"ImageObject\",\"inLanguage\":\"es\",\"@id\":\"https:\\\/\\\/secure.gravatar.com\\\/avatar\\\/1c42efe425475a030aa093c633a2e79e264536eaa08d7fbfe52ebefcd52ab8a2?s=96&d=mm&r=g\",\"url\":\"https:\\\/\\\/secure.gravatar.com\\\/avatar\\\/1c42efe425475a030aa093c633a2e79e264536eaa08d7fbfe52ebefcd52ab8a2?s=96&d=mm&r=g\",\"contentUrl\":\"https:\\\/\\\/secure.gravatar.com\\\/avatar\\\/1c42efe425475a030aa093c633a2e79e264536eaa08d7fbfe52ebefcd52ab8a2?s=96&d=mm&r=g\",\"caption\":\"Transparencia Electoral\"},\"sameAs\":[\"https:\\\/\\\/transparenciaelectoral.org\\\/en\\\/transparencia\\\/\\\/\"]}]}<\/script>\n<!-- \/ Yoast SEO plugin. -->","yoast_head_json":{"title":"Transparencia Electoral celebr\u00f3 la conferencia \"Reforma electoral en Per\u00fa\" a cargo de Milagros Campos - Transparencia Electoral","robots":{"index":"index","follow":"follow","max-snippet":"max-snippet:-1","max-image-preview":"max-image-preview:large","max-video-preview":"max-video-preview:-1"},"canonical":"https:\/\/transparenciaelectoral.org\/en\/transparencia\/transparencia-electoral-celebro-la-conferencia-reforma-electoral-en-peru-a-cargo-de-milagros-campos\/","og_locale":"es_ES","og_type":"article","og_title":"Transparencia Electoral celebr\u00f3 la conferencia \"Reforma electoral en Per\u00fa\" a cargo de Milagros Campos - Transparencia Electoral","og_description":"En el mes de agosto de 2021, la Comisi\u00f3n de Constituci\u00f3n del Congreso del Per\u00fa anunci\u00f3 entre sus propuestas una reforma de la legislaci\u00f3n electoral. Es por esto que Transparencia &hellip;","og_url":"https:\/\/transparenciaelectoral.org\/en\/transparencia\/transparencia-electoral-celebro-la-conferencia-reforma-electoral-en-peru-a-cargo-de-milagros-campos\/","og_site_name":"Transparencia Electoral","article_publisher":"https:\/\/www.facebook.com\/Transparencia-Electoral-en-Am%c3%a9rica-latina-171661009688456\/","article_published_time":"2021-10-22T19:57:46+00:00","article_modified_time":"2023-12-04T13:18:42+00:00","og_image":[{"width":243,"height":255,"url":"https:\/\/transparenciaelectoral.org\/en\/transparencia\/wp-content\/uploads\/2021\/10\/WhatsApp-Image-2021-10-22-at-12.17.47-scaled-e1634932604635-1.jpeg","type":"image\/jpeg"}],"author":"Transparencia Electoral","twitter_card":"summary_large_image","twitter_creator":"@TransparenciaAL","twitter_site":"@TransparenciaAL","twitter_misc":{"Escrito por":"Transparencia Electoral","Tiempo de lectura":"2 minutos"},"schema":{"@context":"https:\/\/schema.org","@graph":[{"@type":"Article","@id":"https:\/\/transparenciaelectoral.org\/en\/transparencia\/transparencia-electoral-celebro-la-conferencia-reforma-electoral-en-peru-a-cargo-de-milagros-campos\/#article","isPartOf":{"@id":"https:\/\/transparenciaelectoral.org\/en\/transparencia\/transparencia-electoral-celebro-la-conferencia-reforma-electoral-en-peru-a-cargo-de-milagros-campos\/"},"author":{"name":"Transparencia Electoral","@id":"https:\/\/transparenciaelectoral.org\/en\/transparencia\/#\/schema\/person\/63a97f81afd2c3820c6d9f262e27fe50"},"headline":"Transparencia Electoral celebr\u00f3 la conferencia &#8220;Reforma electoral en Per\u00fa&#8221; a cargo de Milagros Campos","datePublished":"2021-10-22T19:57:46+00:00","dateModified":"2023-12-04T13:18:42+00:00","mainEntityOfPage":{"@id":"https:\/\/transparenciaelectoral.org\/en\/transparencia\/transparencia-electoral-celebro-la-conferencia-reforma-electoral-en-peru-a-cargo-de-milagros-campos\/"},"wordCount":391,"image":{"@id":"https:\/\/transparenciaelectoral.org\/en\/transparencia\/transparencia-electoral-celebro-la-conferencia-reforma-electoral-en-peru-a-cargo-de-milagros-campos\/#primaryimage"},"thumbnailUrl":"https:\/\/transparenciaelectoral.org\/en\/transparencia\/wp-content\/uploads\/2021\/10\/WhatsApp-Image-2021-10-22-at-12.17.47-scaled-e1634932604635-1.jpeg","keywords":["Transparencia Electoral"],"articleSection":["Noticias"],"inLanguage":"es"},{"@type":"WebPage","@id":"https:\/\/transparenciaelectoral.org\/en\/transparencia\/transparencia-electoral-celebro-la-conferencia-reforma-electoral-en-peru-a-cargo-de-milagros-campos\/","url":"https:\/\/transparenciaelectoral.org\/en\/transparencia\/transparencia-electoral-celebro-la-conferencia-reforma-electoral-en-peru-a-cargo-de-milagros-campos\/","name":"Transparencia Electoral celebr\u00f3 la conferencia \"Reforma electoral en Per\u00fa\" a cargo de Milagros Campos - Transparencia Electoral","isPartOf":{"@id":"https:\/\/transparenciaelectoral.org\/en\/transparencia\/#website"},"primaryImageOfPage":{"@id":"https:\/\/transparenciaelectoral.org\/en\/transparencia\/transparencia-electoral-celebro-la-conferencia-reforma-electoral-en-peru-a-cargo-de-milagros-campos\/#primaryimage"},"image":{"@id":"https:\/\/transparenciaelectoral.org\/en\/transparencia\/transparencia-electoral-celebro-la-conferencia-reforma-electoral-en-peru-a-cargo-de-milagros-campos\/#primaryimage"},"thumbnailUrl":"https:\/\/transparenciaelectoral.org\/en\/transparencia\/wp-content\/uploads\/2021\/10\/WhatsApp-Image-2021-10-22-at-12.17.47-scaled-e1634932604635-1.jpeg","datePublished":"2021-10-22T19:57:46+00:00","dateModified":"2023-12-04T13:18:42+00:00","author":{"@id":"https:\/\/transparenciaelectoral.org\/en\/transparencia\/#\/schema\/person\/63a97f81afd2c3820c6d9f262e27fe50"},"breadcrumb":{"@id":"https:\/\/transparenciaelectoral.org\/en\/transparencia\/transparencia-electoral-celebro-la-conferencia-reforma-electoral-en-peru-a-cargo-de-milagros-campos\/#breadcrumb"},"inLanguage":"es","potentialAction":[{"@type":"ReadAction","target":["https:\/\/transparenciaelectoral.org\/en\/transparencia\/transparencia-electoral-celebro-la-conferencia-reforma-electoral-en-peru-a-cargo-de-milagros-campos\/"]}]},{"@type":"ImageObject","inLanguage":"es","@id":"https:\/\/transparenciaelectoral.org\/en\/transparencia\/transparencia-electoral-celebro-la-conferencia-reforma-electoral-en-peru-a-cargo-de-milagros-campos\/#primaryimage","url":"https:\/\/transparenciaelectoral.org\/en\/transparencia\/wp-content\/uploads\/2021\/10\/WhatsApp-Image-2021-10-22-at-12.17.47-scaled-e1634932604635-1.jpeg","contentUrl":"https:\/\/transparenciaelectoral.org\/en\/transparencia\/wp-content\/uploads\/2021\/10\/WhatsApp-Image-2021-10-22-at-12.17.47-scaled-e1634932604635-1.jpeg","width":243,"height":255},{"@type":"BreadcrumbList","@id":"https:\/\/transparenciaelectoral.org\/en\/transparencia\/transparencia-electoral-celebro-la-conferencia-reforma-electoral-en-peru-a-cargo-de-milagros-campos\/#breadcrumb","itemListElement":[{"@type":"ListItem","position":1,"name":"Portada","item":"https:\/\/transparenciaelectoral.org\/en\/transparencia\/"},{"@type":"ListItem","position":2,"name":"Transparencia Electoral celebr\u00f3 la conferencia &#8220;Reforma electoral en Per\u00fa&#8221; a cargo de Milagros Campos"}]},{"@type":"WebSite","@id":"https:\/\/transparenciaelectoral.org\/en\/transparencia\/#website","url":"https:\/\/transparenciaelectoral.org\/en\/transparencia\/","name":"Transparencia Electoral","description":"","potentialAction":[{"@type":"SearchAction","target":{"@type":"EntryPoint","urlTemplate":"https:\/\/transparenciaelectoral.org\/en\/transparencia\/?s={search_term_string}"},"query-input":{"@type":"PropertyValueSpecification","valueRequired":true,"valueName":"search_term_string"}}],"inLanguage":"es"},{"@type":"Person","@id":"https:\/\/transparenciaelectoral.org\/en\/transparencia\/#\/schema\/person\/63a97f81afd2c3820c6d9f262e27fe50","name":"Transparencia Electoral","image":{"@type":"ImageObject","inLanguage":"es","@id":"https:\/\/secure.gravatar.com\/avatar\/1c42efe425475a030aa093c633a2e79e264536eaa08d7fbfe52ebefcd52ab8a2?s=96&d=mm&r=g","url":"https:\/\/secure.gravatar.com\/avatar\/1c42efe425475a030aa093c633a2e79e264536eaa08d7fbfe52ebefcd52ab8a2?s=96&d=mm&r=g","contentUrl":"https:\/\/secure.gravatar.com\/avatar\/1c42efe425475a030aa093c633a2e79e264536eaa08d7fbfe52ebefcd52ab8a2?s=96&d=mm&r=g","caption":"Transparencia Electoral"},"sameAs":["https:\/\/transparenciaelectoral.org\/en\/transparencia\/\/"]}]}},"_links":{"self":[{"href":"https:\/\/transparenciaelectoral.org\/en\/transparencia\/wp-json\/wp\/v2\/posts\/5411","targetHints":{"allow":["GET"]}}],"collection":[{"href":"https:\/\/transparenciaelectoral.org\/en\/transparencia\/wp-json\/wp\/v2\/posts"}],"about":[{"href":"https:\/\/transparenciaelectoral.org\/en\/transparencia\/wp-json\/wp\/v2\/types\/post"}],"author":[{"embeddable":true,"href":"https:\/\/transparenciaelectoral.org\/en\/transparencia\/wp-json\/wp\/v2\/users\/6"}],"replies":[{"embeddable":true,"href":"https:\/\/transparenciaelectoral.org\/en\/transparencia\/wp-json\/wp\/v2\/comments?post=5411"}],"version-history":[{"count":1,"href":"https:\/\/transparenciaelectoral.org\/en\/transparencia\/wp-json\/wp\/v2\/posts\/5411\/revisions"}],"predecessor-version":[{"id":5662,"href":"https:\/\/transparenciaelectoral.org\/en\/transparencia\/wp-json\/wp\/v2\/posts\/5411\/revisions\/5662"}],"wp:featuredmedia":[{"embeddable":true,"href":"https:\/\/transparenciaelectoral.org\/en\/transparencia\/wp-json\/wp\/v2\/media\/5412"}],"wp:attachment":[{"href":"https:\/\/transparenciaelectoral.org\/en\/transparencia\/wp-json\/wp\/v2\/media?parent=5411"}],"wp:term":[{"taxonomy":"category","embeddable":true,"href":"https:\/\/transparenciaelectoral.org\/en\/transparencia\/wp-json\/wp\/v2\/categories?post=5411"},{"taxonomy":"post_tag","embeddable":true,"href":"https:\/\/transparenciaelectoral.org\/en\/transparencia\/wp-json\/wp\/v2\/tags?post=5411"}],"curies":[{"name":"wp","href":"https:\/\/api.w.org\/{rel}","templated":true}]}}