{"id":514,"date":"2016-08-19T20:31:17","date_gmt":"2016-08-19T20:31:17","guid":{"rendered":"https:\/\/transparenciaelectoral.org\/en\/transparencia\/\/?p=514"},"modified":"2023-12-04T10:24:12","modified_gmt":"2023-12-04T13:24:12","slug":"se-realizo-con-exito-la-jornada-sobre-reforma-electoral-en-america-latina","status":"publish","type":"post","link":"https:\/\/transparenciaelectoral.org\/en\/transparencia\/se-realizo-con-exito-la-jornada-sobre-reforma-electoral-en-america-latina\/","title":{"rendered":"Se realiz\u00f3 con \u00e9xito la Jornada sobre Reforma Electoral en Am\u00e9rica latina."},"content":{"rendered":"<h1><a href=\"https:\/\/transparenciaelectoral.org\/en\/transparencia\/\/wp-content\/uploads\/2016\/08\/EVENTO19-1.jpg\"><img fetchpriority=\"high\" decoding=\"async\" class=\"aligncenter size-medium wp-image-515\" src=\"https:\/\/transparenciaelectoral.org\/en\/transparencia\/\/wp-content\/uploads\/2016\/08\/EVENTO19-1-300x188.jpg\" alt=\"EVENTO19 1\" width=\"300\" height=\"188\" \/><\/a><\/h1>\n<p>Transparencia electoral desarroll\u00f3 este viernes en la Ciudad de Buenos Aires la actividad \u201cJornada Internacional: Reforma Electoral en Am\u00e9rica Latina\u201d; a la que asistieron en calidad de invitados el Presidente del Jurado Nacional de Elecciones, Dr. Francisco T\u00e1vara; la Directora del Servicio Electoral de Chile, Lic. Elizabeth Cabrera; el Secretario de Asuntos Pol\u00edticos e Institucionales, Dr. Adri\u00e1n P\u00e9rez; y el Director Ejecutivo de Transparencia Electoral, Lic. Leandro Querido.<\/p>\n<p>Los antes mencionados conformaron un panel en el que hablaron de temas importantes asociados con la coyuntura electoral de cada uno de sus pa\u00edses, y de la regi\u00f3n en general.<\/p>\n<p>Con respecto al proyecto de reforma pol\u00edtica que se est\u00e1 discutiendo en el Congreso de Argentina, que plantea como uno de sus principales puntos el cambio de sistema de votaci\u00f3n, Adri\u00e1n P\u00e9rez asegur\u00f3 que \u201cla Boleta \u00danica Electr\u00f3nica es el instrumento m\u00e1s beneficioso para el ciudadano con el sistema que define la pol\u00edtica\u201d.<\/p>\n<p>En cuanto a una de las pretensiones de la reforma, que era unificar el calendario electoral a nivel nacional, P\u00e9rez record\u00f3 que \u201cel a\u00f1o pasado se vot\u00f3 en 30 de 52 domingos, por lo que buscamos consensuar con las provincias un cronograma electoral m\u00e1s sensato\u201d.<\/p>\n<p>Por su parte Leandro Querido habl\u00f3 de la importancia y la necesidad de brindar mejoras electorales a la ciudadan\u00eda que hayan surgido del consenso y la participaci\u00f3n dado que estas son las que implican un avance democr\u00e1tico. Sostuvo que las reformas electorales en Am\u00e9rica latina \u201cse debaten entre dos polos opuestos: las elecciones con integridad y los autoritarismos competitivos\u201d.\u00a0 Adem\u00e1s, hizo un repaso por el panorama electoral de la regi\u00f3n, remarcando el papel del JNE en las pasadas elecciones de Per\u00fa, y advirti\u00f3 del deterioro democr\u00e1tico que han sufrido Venezuela y Nicaragua.<\/p>\n<p>Tambi\u00e9n record\u00f3 que la regi\u00f3n a\u00fan est\u00e1 en deuda con el tema de g\u00e9nero, m\u00e1s all\u00e1 de que en varios pa\u00edses se hayan impulsado leyes de cuotas, y lament\u00f3 que \u201cel promedio de participaci\u00f3n legislativa de la mujer en Am\u00e9rica Latina ronda el 20%\u201d.<\/p>\n<p><a href=\"https:\/\/transparenciaelectoral.org\/en\/transparencia\/\/wp-content\/uploads\/2016\/08\/foto-Evento-19-3.jpg\"><img decoding=\"async\" class=\"aligncenter size-medium wp-image-516\" src=\"https:\/\/transparenciaelectoral.org\/en\/transparencia\/\/wp-content\/uploads\/2016\/08\/foto-Evento-19-3-300x225.jpg\" alt=\"foto Evento 19 3\" width=\"300\" height=\"225\" \/><\/a><\/p>\n<p>Posteriormente, el Presidente del Jurado Nacional de Elecciones, Dr. Francisco T\u00e1vara, se refiri\u00f3 a los retos del Per\u00fa en cuanto a la profundizaci\u00f3n de la integridad electoral y record\u00f3 que en su gesti\u00f3n se han hecho varios aportes desde el ente electoral, entre ellos el haber confeccionado junto a otros actores un proyecto de Ley de Partidos Pol\u00edticos que fue entregado al Congreso y que a\u00fan no se ha sido discutido. Record\u00f3 la disputada segunda vuelta de las elecciones celebradas este a\u00f1o y exhort\u00f3 al nuevo Congreso a impulsar una reforma electoral integral.<\/p>\n<p>Por \u00faltimo, la Directoral del Servicio Electoral Chileno hizo un repaso por la actualidad electoral de ese pa\u00eds, que recordemos, celebrar\u00e1 este a\u00f1o comicios municipales. Adem\u00e1s, se refiri\u00f3 al proceso a trav\u00e9s del cual una Comisi\u00f3n mixta conformada por cinco senadores e igual n\u00famero de diputados, despu\u00e9s de resolver ciertas diferencias surgidas del proyecto de reforma, reconocieron \u00a0la autonom\u00eda constitucional del Servicio Electoral.<\/p>\n<p>Al finalizar el evento, Transparencia Electoral otorg\u00f3 tanto al JNE como al SERVEL un reconocimiento a sus portales web, en el caso del primero en la categor\u00eda de \u201cRapidez de Respuesta\u201d; mientras que al ente chileno en la categor\u00eda de \u201cMejor Dise\u00f1o\u201d.<\/p>\n<p>&nbsp;<\/p>\n<p>&nbsp;<\/p>\n<p>&nbsp;<\/p>\n","protected":false},"excerpt":{"rendered":"<p>Transparencia electoral desarroll\u00f3 este viernes en la Ciudad de Buenos Aires la actividad \u201cJornada Internacional: Reforma Electoral en Am\u00e9rica Latina\u201d; a la que asistieron en calidad de invitados el Presidente &hellip;<\/p>\n","protected":false},"author":6,"featured_media":516,"comment_status":"closed","ping_status":"open","sticky":false,"template":"","format":"standard","meta":{"footnotes":""},"categories":[105,98,100,88,97],"tags":[128,104],"class_list":["post-514","post","type-post","status-publish","format-standard","has-post-thumbnail","hentry","category-actividades","category-argentina","category-noticias","category-novedades","category-slider","tag-reforma-electoral","tag-transparencia-electoral"],"yoast_head":"<!-- This site is optimized with the Yoast SEO plugin v27.4 - https:\/\/yoast.com\/product\/yoast-seo-wordpress\/ -->\n<title>Se realiz\u00f3 con \u00e9xito la Jornada sobre Reforma Electoral en Am\u00e9rica latina. - Transparencia Electoral<\/title>\n<meta name=\"robots\" content=\"index, follow, max-snippet:-1, max-image-preview:large, max-video-preview:-1\" \/>\n<link rel=\"canonical\" href=\"https:\/\/transparenciaelectoral.org\/en\/transparencia\/se-realizo-con-exito-la-jornada-sobre-reforma-electoral-en-america-latina\/\" \/>\n<meta property=\"og:locale\" content=\"es_ES\" \/>\n<meta property=\"og:type\" content=\"article\" \/>\n<meta property=\"og:title\" content=\"Se realiz\u00f3 con \u00e9xito la Jornada sobre Reforma Electoral en Am\u00e9rica latina. - Transparencia Electoral\" \/>\n<meta property=\"og:description\" content=\"Transparencia electoral desarroll\u00f3 este viernes en la Ciudad de Buenos Aires la actividad \u201cJornada Internacional: Reforma Electoral en Am\u00e9rica Latina\u201d; a la que asistieron en calidad de invitados el Presidente &hellip;\" \/>\n<meta property=\"og:url\" content=\"https:\/\/transparenciaelectoral.org\/en\/transparencia\/se-realizo-con-exito-la-jornada-sobre-reforma-electoral-en-america-latina\/\" \/>\n<meta property=\"og:site_name\" content=\"Transparencia Electoral\" \/>\n<meta property=\"article:publisher\" content=\"https:\/\/www.facebook.com\/Transparencia-Electoral-en-Am%c3%a9rica-latina-171661009688456\/\" \/>\n<meta property=\"article:published_time\" content=\"2016-08-19T20:31:17+00:00\" \/>\n<meta property=\"article:modified_time\" content=\"2023-12-04T13:24:12+00:00\" \/>\n<meta property=\"og:image\" content=\"https:\/\/transparenciaelectoral.org\/en\/transparencia\/wp-content\/uploads\/2016\/08\/foto-Evento-19-3-1-1.jpg\" \/>\n\t<meta property=\"og:image:width\" content=\"1200\" \/>\n\t<meta property=\"og:image:height\" content=\"900\" \/>\n\t<meta property=\"og:image:type\" content=\"image\/jpeg\" \/>\n<meta name=\"author\" content=\"Transparencia Electoral\" \/>\n<meta name=\"twitter:card\" content=\"summary_large_image\" \/>\n<meta name=\"twitter:creator\" content=\"@TransparenciaAL\" \/>\n<meta name=\"twitter:site\" content=\"@TransparenciaAL\" \/>\n<meta name=\"twitter:label1\" content=\"Escrito por\" \/>\n\t<meta name=\"twitter:data1\" content=\"Transparencia Electoral\" \/>\n\t<meta name=\"twitter:label2\" content=\"Tiempo de lectura\" \/>\n\t<meta name=\"twitter:data2\" content=\"3 minutos\" \/>\n<script type=\"application\/ld+json\" class=\"yoast-schema-graph\">{\"@context\":\"https:\\\/\\\/schema.org\",\"@graph\":[{\"@type\":\"Article\",\"@id\":\"https:\\\/\\\/transparenciaelectoral.org\\\/en\\\/transparencia\\\/se-realizo-con-exito-la-jornada-sobre-reforma-electoral-en-america-latina\\\/#article\",\"isPartOf\":{\"@id\":\"https:\\\/\\\/transparenciaelectoral.org\\\/en\\\/transparencia\\\/se-realizo-con-exito-la-jornada-sobre-reforma-electoral-en-america-latina\\\/\"},\"author\":{\"name\":\"Transparencia Electoral\",\"@id\":\"https:\\\/\\\/transparenciaelectoral.org\\\/en\\\/transparencia\\\/#\\\/schema\\\/person\\\/63a97f81afd2c3820c6d9f262e27fe50\"},\"headline\":\"Se realiz\u00f3 con \u00e9xito la Jornada sobre Reforma Electoral en Am\u00e9rica latina.\",\"datePublished\":\"2016-08-19T20:31:17+00:00\",\"dateModified\":\"2023-12-04T13:24:12+00:00\",\"mainEntityOfPage\":{\"@id\":\"https:\\\/\\\/transparenciaelectoral.org\\\/en\\\/transparencia\\\/se-realizo-con-exito-la-jornada-sobre-reforma-electoral-en-america-latina\\\/\"},\"wordCount\":592,\"image\":{\"@id\":\"https:\\\/\\\/transparenciaelectoral.org\\\/en\\\/transparencia\\\/se-realizo-con-exito-la-jornada-sobre-reforma-electoral-en-america-latina\\\/#primaryimage\"},\"thumbnailUrl\":\"https:\\\/\\\/transparenciaelectoral.org\\\/en\\\/transparencia\\\/wp-content\\\/uploads\\\/2016\\\/08\\\/foto-Evento-19-3-1-1.jpg\",\"keywords\":[\"Reforma Electoral\",\"Transparencia Electoral\"],\"articleSection\":[\"Actividades\",\"Argentina \ud83c\udde6\ud83c\uddf7\",\"Noticias\",\"Novedades\",\"Slider\"],\"inLanguage\":\"es\"},{\"@type\":\"WebPage\",\"@id\":\"https:\\\/\\\/transparenciaelectoral.org\\\/en\\\/transparencia\\\/se-realizo-con-exito-la-jornada-sobre-reforma-electoral-en-america-latina\\\/\",\"url\":\"https:\\\/\\\/transparenciaelectoral.org\\\/en\\\/transparencia\\\/se-realizo-con-exito-la-jornada-sobre-reforma-electoral-en-america-latina\\\/\",\"name\":\"Se realiz\u00f3 con \u00e9xito la Jornada sobre Reforma Electoral en Am\u00e9rica latina. - Transparencia Electoral\",\"isPartOf\":{\"@id\":\"https:\\\/\\\/transparenciaelectoral.org\\\/en\\\/transparencia\\\/#website\"},\"primaryImageOfPage\":{\"@id\":\"https:\\\/\\\/transparenciaelectoral.org\\\/en\\\/transparencia\\\/se-realizo-con-exito-la-jornada-sobre-reforma-electoral-en-america-latina\\\/#primaryimage\"},\"image\":{\"@id\":\"https:\\\/\\\/transparenciaelectoral.org\\\/en\\\/transparencia\\\/se-realizo-con-exito-la-jornada-sobre-reforma-electoral-en-america-latina\\\/#primaryimage\"},\"thumbnailUrl\":\"https:\\\/\\\/transparenciaelectoral.org\\\/en\\\/transparencia\\\/wp-content\\\/uploads\\\/2016\\\/08\\\/foto-Evento-19-3-1-1.jpg\",\"datePublished\":\"2016-08-19T20:31:17+00:00\",\"dateModified\":\"2023-12-04T13:24:12+00:00\",\"author\":{\"@id\":\"https:\\\/\\\/transparenciaelectoral.org\\\/en\\\/transparencia\\\/#\\\/schema\\\/person\\\/63a97f81afd2c3820c6d9f262e27fe50\"},\"breadcrumb\":{\"@id\":\"https:\\\/\\\/transparenciaelectoral.org\\\/en\\\/transparencia\\\/se-realizo-con-exito-la-jornada-sobre-reforma-electoral-en-america-latina\\\/#breadcrumb\"},\"inLanguage\":\"es\",\"potentialAction\":[{\"@type\":\"ReadAction\",\"target\":[\"https:\\\/\\\/transparenciaelectoral.org\\\/en\\\/transparencia\\\/se-realizo-con-exito-la-jornada-sobre-reforma-electoral-en-america-latina\\\/\"]}]},{\"@type\":\"ImageObject\",\"inLanguage\":\"es\",\"@id\":\"https:\\\/\\\/transparenciaelectoral.org\\\/en\\\/transparencia\\\/se-realizo-con-exito-la-jornada-sobre-reforma-electoral-en-america-latina\\\/#primaryimage\",\"url\":\"https:\\\/\\\/transparenciaelectoral.org\\\/en\\\/transparencia\\\/wp-content\\\/uploads\\\/2016\\\/08\\\/foto-Evento-19-3-1-1.jpg\",\"contentUrl\":\"https:\\\/\\\/transparenciaelectoral.org\\\/en\\\/transparencia\\\/wp-content\\\/uploads\\\/2016\\\/08\\\/foto-Evento-19-3-1-1.jpg\",\"width\":1200,\"height\":900},{\"@type\":\"BreadcrumbList\",\"@id\":\"https:\\\/\\\/transparenciaelectoral.org\\\/en\\\/transparencia\\\/se-realizo-con-exito-la-jornada-sobre-reforma-electoral-en-america-latina\\\/#breadcrumb\",\"itemListElement\":[{\"@type\":\"ListItem\",\"position\":1,\"name\":\"Portada\",\"item\":\"https:\\\/\\\/transparenciaelectoral.org\\\/en\\\/transparencia\\\/\"},{\"@type\":\"ListItem\",\"position\":2,\"name\":\"Se realiz\u00f3 con \u00e9xito la Jornada sobre Reforma Electoral en Am\u00e9rica latina.\"}]},{\"@type\":\"WebSite\",\"@id\":\"https:\\\/\\\/transparenciaelectoral.org\\\/en\\\/transparencia\\\/#website\",\"url\":\"https:\\\/\\\/transparenciaelectoral.org\\\/en\\\/transparencia\\\/\",\"name\":\"Transparencia Electoral\",\"description\":\"\",\"potentialAction\":[{\"@type\":\"SearchAction\",\"target\":{\"@type\":\"EntryPoint\",\"urlTemplate\":\"https:\\\/\\\/transparenciaelectoral.org\\\/en\\\/transparencia\\\/?s={search_term_string}\"},\"query-input\":{\"@type\":\"PropertyValueSpecification\",\"valueRequired\":true,\"valueName\":\"search_term_string\"}}],\"inLanguage\":\"es\"},{\"@type\":\"Person\",\"@id\":\"https:\\\/\\\/transparenciaelectoral.org\\\/en\\\/transparencia\\\/#\\\/schema\\\/person\\\/63a97f81afd2c3820c6d9f262e27fe50\",\"name\":\"Transparencia Electoral\",\"image\":{\"@type\":\"ImageObject\",\"inLanguage\":\"es\",\"@id\":\"https:\\\/\\\/secure.gravatar.com\\\/avatar\\\/1c42efe425475a030aa093c633a2e79e264536eaa08d7fbfe52ebefcd52ab8a2?s=96&d=mm&r=g\",\"url\":\"https:\\\/\\\/secure.gravatar.com\\\/avatar\\\/1c42efe425475a030aa093c633a2e79e264536eaa08d7fbfe52ebefcd52ab8a2?s=96&d=mm&r=g\",\"contentUrl\":\"https:\\\/\\\/secure.gravatar.com\\\/avatar\\\/1c42efe425475a030aa093c633a2e79e264536eaa08d7fbfe52ebefcd52ab8a2?s=96&d=mm&r=g\",\"caption\":\"Transparencia Electoral\"},\"sameAs\":[\"https:\\\/\\\/transparenciaelectoral.org\\\/en\\\/transparencia\\\/\\\/\"]}]}<\/script>\n<!-- \/ Yoast SEO plugin. -->","yoast_head_json":{"title":"Se realiz\u00f3 con \u00e9xito la Jornada sobre Reforma Electoral en Am\u00e9rica latina. - Transparencia Electoral","robots":{"index":"index","follow":"follow","max-snippet":"max-snippet:-1","max-image-preview":"max-image-preview:large","max-video-preview":"max-video-preview:-1"},"canonical":"https:\/\/transparenciaelectoral.org\/en\/transparencia\/se-realizo-con-exito-la-jornada-sobre-reforma-electoral-en-america-latina\/","og_locale":"es_ES","og_type":"article","og_title":"Se realiz\u00f3 con \u00e9xito la Jornada sobre Reforma Electoral en Am\u00e9rica latina. - Transparencia Electoral","og_description":"Transparencia electoral desarroll\u00f3 este viernes en la Ciudad de Buenos Aires la actividad \u201cJornada Internacional: Reforma Electoral en Am\u00e9rica Latina\u201d; a la que asistieron en calidad de invitados el Presidente &hellip;","og_url":"https:\/\/transparenciaelectoral.org\/en\/transparencia\/se-realizo-con-exito-la-jornada-sobre-reforma-electoral-en-america-latina\/","og_site_name":"Transparencia Electoral","article_publisher":"https:\/\/www.facebook.com\/Transparencia-Electoral-en-Am%c3%a9rica-latina-171661009688456\/","article_published_time":"2016-08-19T20:31:17+00:00","article_modified_time":"2023-12-04T13:24:12+00:00","og_image":[{"width":1200,"height":900,"url":"https:\/\/transparenciaelectoral.org\/en\/transparencia\/wp-content\/uploads\/2016\/08\/foto-Evento-19-3-1-1.jpg","type":"image\/jpeg"}],"author":"Transparencia Electoral","twitter_card":"summary_large_image","twitter_creator":"@TransparenciaAL","twitter_site":"@TransparenciaAL","twitter_misc":{"Escrito por":"Transparencia Electoral","Tiempo de lectura":"3 minutos"},"schema":{"@context":"https:\/\/schema.org","@graph":[{"@type":"Article","@id":"https:\/\/transparenciaelectoral.org\/en\/transparencia\/se-realizo-con-exito-la-jornada-sobre-reforma-electoral-en-america-latina\/#article","isPartOf":{"@id":"https:\/\/transparenciaelectoral.org\/en\/transparencia\/se-realizo-con-exito-la-jornada-sobre-reforma-electoral-en-america-latina\/"},"author":{"name":"Transparencia Electoral","@id":"https:\/\/transparenciaelectoral.org\/en\/transparencia\/#\/schema\/person\/63a97f81afd2c3820c6d9f262e27fe50"},"headline":"Se realiz\u00f3 con \u00e9xito la Jornada sobre Reforma Electoral en Am\u00e9rica latina.","datePublished":"2016-08-19T20:31:17+00:00","dateModified":"2023-12-04T13:24:12+00:00","mainEntityOfPage":{"@id":"https:\/\/transparenciaelectoral.org\/en\/transparencia\/se-realizo-con-exito-la-jornada-sobre-reforma-electoral-en-america-latina\/"},"wordCount":592,"image":{"@id":"https:\/\/transparenciaelectoral.org\/en\/transparencia\/se-realizo-con-exito-la-jornada-sobre-reforma-electoral-en-america-latina\/#primaryimage"},"thumbnailUrl":"https:\/\/transparenciaelectoral.org\/en\/transparencia\/wp-content\/uploads\/2016\/08\/foto-Evento-19-3-1-1.jpg","keywords":["Reforma Electoral","Transparencia Electoral"],"articleSection":["Actividades","Argentina \ud83c\udde6\ud83c\uddf7","Noticias","Novedades","Slider"],"inLanguage":"es"},{"@type":"WebPage","@id":"https:\/\/transparenciaelectoral.org\/en\/transparencia\/se-realizo-con-exito-la-jornada-sobre-reforma-electoral-en-america-latina\/","url":"https:\/\/transparenciaelectoral.org\/en\/transparencia\/se-realizo-con-exito-la-jornada-sobre-reforma-electoral-en-america-latina\/","name":"Se realiz\u00f3 con \u00e9xito la Jornada sobre Reforma Electoral en Am\u00e9rica latina. - Transparencia Electoral","isPartOf":{"@id":"https:\/\/transparenciaelectoral.org\/en\/transparencia\/#website"},"primaryImageOfPage":{"@id":"https:\/\/transparenciaelectoral.org\/en\/transparencia\/se-realizo-con-exito-la-jornada-sobre-reforma-electoral-en-america-latina\/#primaryimage"},"image":{"@id":"https:\/\/transparenciaelectoral.org\/en\/transparencia\/se-realizo-con-exito-la-jornada-sobre-reforma-electoral-en-america-latina\/#primaryimage"},"thumbnailUrl":"https:\/\/transparenciaelectoral.org\/en\/transparencia\/wp-content\/uploads\/2016\/08\/foto-Evento-19-3-1-1.jpg","datePublished":"2016-08-19T20:31:17+00:00","dateModified":"2023-12-04T13:24:12+00:00","author":{"@id":"https:\/\/transparenciaelectoral.org\/en\/transparencia\/#\/schema\/person\/63a97f81afd2c3820c6d9f262e27fe50"},"breadcrumb":{"@id":"https:\/\/transparenciaelectoral.org\/en\/transparencia\/se-realizo-con-exito-la-jornada-sobre-reforma-electoral-en-america-latina\/#breadcrumb"},"inLanguage":"es","potentialAction":[{"@type":"ReadAction","target":["https:\/\/transparenciaelectoral.org\/en\/transparencia\/se-realizo-con-exito-la-jornada-sobre-reforma-electoral-en-america-latina\/"]}]},{"@type":"ImageObject","inLanguage":"es","@id":"https:\/\/transparenciaelectoral.org\/en\/transparencia\/se-realizo-con-exito-la-jornada-sobre-reforma-electoral-en-america-latina\/#primaryimage","url":"https:\/\/transparenciaelectoral.org\/en\/transparencia\/wp-content\/uploads\/2016\/08\/foto-Evento-19-3-1-1.jpg","contentUrl":"https:\/\/transparenciaelectoral.org\/en\/transparencia\/wp-content\/uploads\/2016\/08\/foto-Evento-19-3-1-1.jpg","width":1200,"height":900},{"@type":"BreadcrumbList","@id":"https:\/\/transparenciaelectoral.org\/en\/transparencia\/se-realizo-con-exito-la-jornada-sobre-reforma-electoral-en-america-latina\/#breadcrumb","itemListElement":[{"@type":"ListItem","position":1,"name":"Portada","item":"https:\/\/transparenciaelectoral.org\/en\/transparencia\/"},{"@type":"ListItem","position":2,"name":"Se realiz\u00f3 con \u00e9xito la Jornada sobre Reforma Electoral en Am\u00e9rica latina."}]},{"@type":"WebSite","@id":"https:\/\/transparenciaelectoral.org\/en\/transparencia\/#website","url":"https:\/\/transparenciaelectoral.org\/en\/transparencia\/","name":"Transparencia Electoral","description":"","potentialAction":[{"@type":"SearchAction","target":{"@type":"EntryPoint","urlTemplate":"https:\/\/transparenciaelectoral.org\/en\/transparencia\/?s={search_term_string}"},"query-input":{"@type":"PropertyValueSpecification","valueRequired":true,"valueName":"search_term_string"}}],"inLanguage":"es"},{"@type":"Person","@id":"https:\/\/transparenciaelectoral.org\/en\/transparencia\/#\/schema\/person\/63a97f81afd2c3820c6d9f262e27fe50","name":"Transparencia Electoral","image":{"@type":"ImageObject","inLanguage":"es","@id":"https:\/\/secure.gravatar.com\/avatar\/1c42efe425475a030aa093c633a2e79e264536eaa08d7fbfe52ebefcd52ab8a2?s=96&d=mm&r=g","url":"https:\/\/secure.gravatar.com\/avatar\/1c42efe425475a030aa093c633a2e79e264536eaa08d7fbfe52ebefcd52ab8a2?s=96&d=mm&r=g","contentUrl":"https:\/\/secure.gravatar.com\/avatar\/1c42efe425475a030aa093c633a2e79e264536eaa08d7fbfe52ebefcd52ab8a2?s=96&d=mm&r=g","caption":"Transparencia Electoral"},"sameAs":["https:\/\/transparenciaelectoral.org\/en\/transparencia\/\/"]}]}},"_links":{"self":[{"href":"https:\/\/transparenciaelectoral.org\/en\/transparencia\/wp-json\/wp\/v2\/posts\/514","targetHints":{"allow":["GET"]}}],"collection":[{"href":"https:\/\/transparenciaelectoral.org\/en\/transparencia\/wp-json\/wp\/v2\/posts"}],"about":[{"href":"https:\/\/transparenciaelectoral.org\/en\/transparencia\/wp-json\/wp\/v2\/types\/post"}],"author":[{"embeddable":true,"href":"https:\/\/transparenciaelectoral.org\/en\/transparencia\/wp-json\/wp\/v2\/users\/6"}],"replies":[{"embeddable":true,"href":"https:\/\/transparenciaelectoral.org\/en\/transparencia\/wp-json\/wp\/v2\/comments?post=514"}],"version-history":[{"count":1,"href":"https:\/\/transparenciaelectoral.org\/en\/transparencia\/wp-json\/wp\/v2\/posts\/514\/revisions"}],"predecessor-version":[{"id":5992,"href":"https:\/\/transparenciaelectoral.org\/en\/transparencia\/wp-json\/wp\/v2\/posts\/514\/revisions\/5992"}],"wp:featuredmedia":[{"embeddable":true,"href":"https:\/\/transparenciaelectoral.org\/en\/transparencia\/wp-json\/wp\/v2\/media\/516"}],"wp:attachment":[{"href":"https:\/\/transparenciaelectoral.org\/en\/transparencia\/wp-json\/wp\/v2\/media?parent=514"}],"wp:term":[{"taxonomy":"category","embeddable":true,"href":"https:\/\/transparenciaelectoral.org\/en\/transparencia\/wp-json\/wp\/v2\/categories?post=514"},{"taxonomy":"post_tag","embeddable":true,"href":"https:\/\/transparenciaelectoral.org\/en\/transparencia\/wp-json\/wp\/v2\/tags?post=514"}],"curies":[{"name":"wp","href":"https:\/\/api.w.org\/{rel}","templated":true}]}}