{"id":5121,"date":"2021-07-05T14:02:26","date_gmt":"2021-07-05T14:02:26","guid":{"rendered":"https:\/\/transparenciaelectoral.org\/en\/transparencia\/\/?p=5121"},"modified":"2023-12-04T10:18:57","modified_gmt":"2023-12-04T13:18:57","slug":"transparencia-electoral-participo-en-la-iii-edicion-de-las-jornadas-academicas-de-politicas-publicas-de-la-uncuyo","status":"publish","type":"post","link":"https:\/\/transparenciaelectoral.org\/en\/transparencia\/transparencia-electoral-participo-en-la-iii-edicion-de-las-jornadas-academicas-de-politicas-publicas-de-la-uncuyo\/","title":{"rendered":"Transparencia Electoral particip\u00f3 en la III Edici\u00f3n de las Jornadas Acad\u00e9micas de Pol\u00edticas P\u00fablicas de la UNCUYO"},"content":{"rendered":"<p><img fetchpriority=\"high\" decoding=\"async\" class=\"alignnone wp-image-5122 size-full\" src=\"https:\/\/transparenciaelectoral.org\/en\/transparencia\/\/wp-content\/uploads\/2021\/07\/EVENTOS-HORIZONTAL-3.png\" alt=\"\" width=\"800\" height=\"600\" srcset=\"https:\/\/transparenciaelectoral.org\/en\/transparencia\/wp-content\/uploads\/2021\/07\/EVENTOS-HORIZONTAL-3.png 800w, https:\/\/transparenciaelectoral.org\/en\/transparencia\/wp-content\/uploads\/2021\/07\/EVENTOS-HORIZONTAL-3-300x225.png 300w, https:\/\/transparenciaelectoral.org\/en\/transparencia\/wp-content\/uploads\/2021\/07\/EVENTOS-HORIZONTAL-3-768x576.png 768w\" sizes=\"(max-width: 800px) 100vw, 800px\" \/><\/p>\n<p><span style=\"font-weight: 400;\">El pasado viernes 2 de julio Transparencia Electoral particip\u00f3 del panel \u201cTransparencia Electoral: Elecciones 2020-2021 en Am\u00e9rica latina\u201d en las III Jornadas Acad\u00e9micas de Pol\u00edticas P\u00fablicas de la Universidad Nacional de Cuyo. En esta oportunidad contamos con la participaci\u00f3n de Leandro Querido, Director Ejecutivo de Transparencia Electoral; Gloria Alc\u00f3cer Olmos, Directora de la Revista Voz y Voto; y Jos\u00e9 Villalobos, Director del Instituto Peruano de Derecho Electoral.&nbsp;<\/span><\/p>\n<p><span style=\"font-weight: 400;\">Para comenzar, Leandro Querido, asegur\u00f3 que hoy contamos con una herramienta como la observaci\u00f3n electoral que permite hacer un seguimiento m\u00e1s puntilloso al funcionamiento de las democracias en nuestra regi\u00f3n. \u201cLa observaci\u00f3n electoral es un instrumento que ha permitido en los \u00faltimos 30 a\u00f1os en Am\u00e9rica latina consolidar la democracia y fortalecer todo lo que tiene que ver con la institucionalidad democr\u00e1tica\u201d agreg\u00f3.&nbsp;<\/span><\/p>\n<p><span style=\"font-weight: 400;\">Otro gran desaf\u00edo al que han debido hacer frente las instituciones electorales est\u00e1 vinculado con la realizaci\u00f3n de elecciones en medio de las circunstancias acontecidas por el Covid-19. Asumiendo que \u201clas elecciones deben hacerse de igual modo, no pueden suspenderse indefinidamente\u201d. A las implicancias de la pandemia debe sumarle un \u201cclima de polarizaci\u00f3n reciente en todas las elecciones de la regi\u00f3n y esto tensa mucho el sistema pol\u00edtico, da\u00f1a en algunos puntos todo lo que tiene que ver con integridad y competitividad electoral\u201d.<\/span><\/p>\n<p><span style=\"font-weight: 400;\">Por \u00faltimo se\u00f1al\u00f3 que la pandemia gener\u00f3 una especie de \u201ct\u00fanel\u201d por el cual deber\u00edan pasar todos los pa\u00edses que debieran celebrar elecciones en este contexto. Sugiere que esta situaci\u00f3n nos permite distinguir tres tipos de pa\u00edses de acuerdo a si se aprovech\u00f3 para fortalecer a\u00fan m\u00e1s la democracia a partir de la pandemia o bien se han logrado arraigar reg\u00edmenes con rasgos autoritarios. \u201cAlgunos salieron fortalecidos en t\u00e9rminos democr\u00e1ticos con elecciones limpias, transparentes y con productos leg\u00edtimos; otros en el medio con dificultades;&nbsp; por \u00faltimo, los pa\u00edses con una tendencia marcadamente autoritaria aprovecharon la pandemia para hacer giros a\u00fan m\u00e1s autoritarios\u201d concluy\u00f3.&nbsp;&nbsp;<\/span><\/p>\n<p><span style=\"font-weight: 400;\">Gloria Alc\u00f3cer Olmos se refiri\u00f3 a los \u00faltimos comicios celebrados el 6 de junio en M\u00e9xico, donde se definieron al menos veinti\u00fan mil cargos electivos federales y locales. Entre los rasgos a destacar, menciona que finalmente se logr\u00f3 una elecci\u00f3n incluyente ya que se exigi\u00f3 a los partidos pol\u00edticos la inclusi\u00f3n de medidas afirmativas para incluir en el Congreso Federal a diferentes minor\u00edas como la comunidad LGBT. A partir de esa decisi\u00f3n \u201cse logr\u00f3 que los partidos de las 15 gubernaturas tuvieran que proponer en 7 estados a mujeres, lo que ha hecho que haya 6 mujeres que ganaron las gubernaturas\u201d.&nbsp;<\/span><\/p>\n<p><span style=\"font-weight: 400;\">As\u00ed mismo, cuenta que se logr\u00f3 una mayor participaci\u00f3n de la ciudadan\u00eda. \u201cEs un r\u00e9cord de participaci\u00f3n, que adem\u00e1s fue en medio de la pandemia\u201d agreg\u00f3. Subraya en este caso, que los protocolos de bioseguridad adoptados fueron escasos en relaci\u00f3n a la magnitud que este proceso electoral ameritaba.&nbsp;<\/span><\/p>\n<p><span style=\"font-weight: 400;\">Por otra parte, tambi\u00e9n refiri\u00f3 que este puede ser calificado como el proceso m\u00e1s violento de la historia de M\u00e9xico. La violencia se vio reflejada ante la mayor participaci\u00f3n de mujeres en este proceso, constituyendo una creciente en las agresiones de g\u00e9nero, principalmente en el \u00e1mbito de las redes sociales; y tambi\u00e9n en un sentido general explica que se han contado m\u00e1s de 80 asesinatos de candidatos.&nbsp;&nbsp;<\/span><\/p>\n<p><span style=\"font-weight: 400;\">En esta l\u00ednea mencion\u00f3 \u201cel ataque sistem\u00e1tico y constante del presidente y del gobierno federal contra las autoridades electorales\u201d. Consecuentemente explica que por parte del Instituto Nacional Electoral tambi\u00e9n existi\u00f3 una postura del contraataque, siendo quiz\u00e1s lo m\u00e1s \u00f3ptimo que \u201clas autoridades electorales sean m\u00e1s discretas y enfocarse en su trabajo\u201d.&nbsp; Por \u00faltimo resalt\u00f3 que existe una idea fuerte desde el Poder Ejecutivo para realizar una reforma electoral que puede poner en juego la existencia del sistema electoral que se ha construido hasta el d\u00eda de hoy. \u201cNo hay que tirar instituciones, hay que modificarlas si es necesario\u201d concluy\u00f3.&nbsp;<\/span><\/p>\n<p><span style=\"font-weight: 400;\">El 6 de junio en Per\u00fa se llev\u00f3 adelante la segunda vuelta de las elecciones presidenciales. En su exposici\u00f3n Jos\u00e9 Manuel Villalobos explica porque al d\u00eda de hoy se ha judicializado la elecci\u00f3n y no se ha podido designar a un nuevo presidente electo, teniendo en cuenta que los dos candidatos que pasaron al balotaje presentaban una baja cantidad de votos.&nbsp;<\/span><\/p>\n<p><span style=\"font-weight: 400;\">Uno de los puntos fundamentales para entender este proceso tiene su ra\u00edz en el conteo de los votos, ya que luego del recuento y la elaboraci\u00f3n de actas, \u201ctodas las papeletas de votaci\u00f3n se eliminan, es por eso que en el Per\u00fa el perdedor no puede pedir un recuento de votos\u201d esto implica que solo se cuente con la informaci\u00f3n que proporcionan las actas elaboradas por las autoridades. Posteriormente estas actas fueron cargadas en el centro de c\u00f3mputos por la Oficina Nacional de Procesos Electorales (ONPE) y aunque se debi\u00f3 observar al menos 1500 actas por el Jurado Electoral Especial por distintas irregularidades, Villalobos indica que al d\u00eda de hoy \u201cse han contado todos los votos, sabemos ya qui\u00e9n ha ganado al menos en los votos\u201d.&nbsp;<\/span><\/p>\n<p><span style=\"font-weight: 400;\">Estos resultados arrojan una victoria de Pedro Castillo, sin embargo, \u201cKeiko Fujimori solicit\u00f3 la nulidad de un promedio de 900 mesas, que representan unos 300 mil votos\u201d. Entre los motivos que movilizan esta solicitud encontramos la falsificaci\u00f3n de firmas de autoridades, la designaci\u00f3n de familiares y menores de edad como autoridades de mesa. Por lo que hasta que no sean observadas y resueltas todas estas mesas, no se puede consagrar un nuevo presidente. <\/span><\/p>\n","protected":false},"excerpt":{"rendered":"<p>El pasado viernes 2 de julio Transparencia Electoral particip\u00f3 del panel \u201cTransparencia Electoral: Elecciones 2020-2021 en Am\u00e9rica latina\u201d en las III Jornadas Acad\u00e9micas de Pol\u00edticas P\u00fablicas de la Universidad Nacional &hellip;<\/p>\n","protected":false},"author":6,"featured_media":5122,"comment_status":"closed","ping_status":"open","sticky":false,"template":"","format":"standard","meta":{"footnotes":""},"categories":[100,276],"tags":[104],"class_list":["post-5121","post","type-post","status-publish","format-standard","has-post-thumbnail","hentry","category-noticias","category-transparencia-electoral","tag-transparencia-electoral"],"yoast_head":"<!-- This site is optimized with the Yoast SEO plugin v27.5 - https:\/\/yoast.com\/product\/yoast-seo-wordpress\/ -->\n<title>Transparencia Electoral particip\u00f3 en la III Edici\u00f3n de las Jornadas Acad\u00e9micas de Pol\u00edticas P\u00fablicas de la UNCUYO - Transparencia Electoral<\/title>\n<meta name=\"robots\" content=\"index, follow, max-snippet:-1, max-image-preview:large, max-video-preview:-1\" \/>\n<link rel=\"canonical\" href=\"https:\/\/transparenciaelectoral.org\/en\/transparencia\/transparencia-electoral-participo-en-la-iii-edicion-de-las-jornadas-academicas-de-politicas-publicas-de-la-uncuyo\/\" \/>\n<meta property=\"og:locale\" content=\"es_ES\" \/>\n<meta property=\"og:type\" content=\"article\" \/>\n<meta property=\"og:title\" content=\"Transparencia Electoral particip\u00f3 en la III Edici\u00f3n de las Jornadas Acad\u00e9micas de Pol\u00edticas P\u00fablicas de la UNCUYO - Transparencia Electoral\" \/>\n<meta property=\"og:description\" content=\"El pasado viernes 2 de julio Transparencia Electoral particip\u00f3 del panel \u201cTransparencia Electoral: Elecciones 2020-2021 en Am\u00e9rica latina\u201d en las III Jornadas Acad\u00e9micas de Pol\u00edticas P\u00fablicas de la Universidad Nacional &hellip;\" \/>\n<meta property=\"og:url\" content=\"https:\/\/transparenciaelectoral.org\/en\/transparencia\/transparencia-electoral-participo-en-la-iii-edicion-de-las-jornadas-academicas-de-politicas-publicas-de-la-uncuyo\/\" \/>\n<meta property=\"og:site_name\" content=\"Transparencia Electoral\" \/>\n<meta property=\"article:publisher\" content=\"https:\/\/www.facebook.com\/Transparencia-Electoral-en-Am%c3%a9rica-latina-171661009688456\/\" \/>\n<meta property=\"article:published_time\" content=\"2021-07-05T14:02:26+00:00\" \/>\n<meta property=\"article:modified_time\" content=\"2023-12-04T13:18:57+00:00\" \/>\n<meta property=\"og:image\" content=\"https:\/\/transparenciaelectoral.org\/en\/transparencia\/wp-content\/uploads\/2021\/07\/EVENTOS-HORIZONTAL-3.png\" \/>\n\t<meta property=\"og:image:width\" content=\"800\" \/>\n\t<meta property=\"og:image:height\" content=\"600\" \/>\n\t<meta property=\"og:image:type\" content=\"image\/png\" \/>\n<meta name=\"author\" content=\"Transparencia Electoral\" \/>\n<meta name=\"twitter:card\" content=\"summary_large_image\" \/>\n<meta name=\"twitter:creator\" content=\"@TransparenciaAL\" \/>\n<meta name=\"twitter:site\" content=\"@TransparenciaAL\" \/>\n<meta name=\"twitter:label1\" content=\"Escrito por\" \/>\n\t<meta name=\"twitter:data1\" content=\"Transparencia Electoral\" \/>\n\t<meta name=\"twitter:label2\" content=\"Tiempo de lectura\" \/>\n\t<meta name=\"twitter:data2\" content=\"5 minutos\" \/>\n<script type=\"application\/ld+json\" class=\"yoast-schema-graph\">{\"@context\":\"https:\\\/\\\/schema.org\",\"@graph\":[{\"@type\":\"Article\",\"@id\":\"https:\\\/\\\/transparenciaelectoral.org\\\/en\\\/transparencia\\\/transparencia-electoral-participo-en-la-iii-edicion-de-las-jornadas-academicas-de-politicas-publicas-de-la-uncuyo\\\/#article\",\"isPartOf\":{\"@id\":\"https:\\\/\\\/transparenciaelectoral.org\\\/en\\\/transparencia\\\/transparencia-electoral-participo-en-la-iii-edicion-de-las-jornadas-academicas-de-politicas-publicas-de-la-uncuyo\\\/\"},\"author\":{\"name\":\"Transparencia Electoral\",\"@id\":\"https:\\\/\\\/transparenciaelectoral.org\\\/en\\\/transparencia\\\/#\\\/schema\\\/person\\\/63a97f81afd2c3820c6d9f262e27fe50\"},\"headline\":\"Transparencia Electoral particip\u00f3 en la III Edici\u00f3n de las Jornadas Acad\u00e9micas de Pol\u00edticas P\u00fablicas de la UNCUYO\",\"datePublished\":\"2021-07-05T14:02:26+00:00\",\"dateModified\":\"2023-12-04T13:18:57+00:00\",\"mainEntityOfPage\":{\"@id\":\"https:\\\/\\\/transparenciaelectoral.org\\\/en\\\/transparencia\\\/transparencia-electoral-participo-en-la-iii-edicion-de-las-jornadas-academicas-de-politicas-publicas-de-la-uncuyo\\\/\"},\"wordCount\":988,\"image\":{\"@id\":\"https:\\\/\\\/transparenciaelectoral.org\\\/en\\\/transparencia\\\/transparencia-electoral-participo-en-la-iii-edicion-de-las-jornadas-academicas-de-politicas-publicas-de-la-uncuyo\\\/#primaryimage\"},\"thumbnailUrl\":\"https:\\\/\\\/transparenciaelectoral.org\\\/en\\\/transparencia\\\/wp-content\\\/uploads\\\/2021\\\/07\\\/EVENTOS-HORIZONTAL-3.png\",\"keywords\":[\"Transparencia Electoral\"],\"articleSection\":[\"Noticias\",\"Transparencia Electoral\"],\"inLanguage\":\"es\"},{\"@type\":\"WebPage\",\"@id\":\"https:\\\/\\\/transparenciaelectoral.org\\\/en\\\/transparencia\\\/transparencia-electoral-participo-en-la-iii-edicion-de-las-jornadas-academicas-de-politicas-publicas-de-la-uncuyo\\\/\",\"url\":\"https:\\\/\\\/transparenciaelectoral.org\\\/en\\\/transparencia\\\/transparencia-electoral-participo-en-la-iii-edicion-de-las-jornadas-academicas-de-politicas-publicas-de-la-uncuyo\\\/\",\"name\":\"Transparencia Electoral particip\u00f3 en la III Edici\u00f3n de las Jornadas Acad\u00e9micas de Pol\u00edticas P\u00fablicas de la UNCUYO - Transparencia Electoral\",\"isPartOf\":{\"@id\":\"https:\\\/\\\/transparenciaelectoral.org\\\/en\\\/transparencia\\\/#website\"},\"primaryImageOfPage\":{\"@id\":\"https:\\\/\\\/transparenciaelectoral.org\\\/en\\\/transparencia\\\/transparencia-electoral-participo-en-la-iii-edicion-de-las-jornadas-academicas-de-politicas-publicas-de-la-uncuyo\\\/#primaryimage\"},\"image\":{\"@id\":\"https:\\\/\\\/transparenciaelectoral.org\\\/en\\\/transparencia\\\/transparencia-electoral-participo-en-la-iii-edicion-de-las-jornadas-academicas-de-politicas-publicas-de-la-uncuyo\\\/#primaryimage\"},\"thumbnailUrl\":\"https:\\\/\\\/transparenciaelectoral.org\\\/en\\\/transparencia\\\/wp-content\\\/uploads\\\/2021\\\/07\\\/EVENTOS-HORIZONTAL-3.png\",\"datePublished\":\"2021-07-05T14:02:26+00:00\",\"dateModified\":\"2023-12-04T13:18:57+00:00\",\"author\":{\"@id\":\"https:\\\/\\\/transparenciaelectoral.org\\\/en\\\/transparencia\\\/#\\\/schema\\\/person\\\/63a97f81afd2c3820c6d9f262e27fe50\"},\"breadcrumb\":{\"@id\":\"https:\\\/\\\/transparenciaelectoral.org\\\/en\\\/transparencia\\\/transparencia-electoral-participo-en-la-iii-edicion-de-las-jornadas-academicas-de-politicas-publicas-de-la-uncuyo\\\/#breadcrumb\"},\"inLanguage\":\"es\",\"potentialAction\":[{\"@type\":\"ReadAction\",\"target\":[\"https:\\\/\\\/transparenciaelectoral.org\\\/en\\\/transparencia\\\/transparencia-electoral-participo-en-la-iii-edicion-de-las-jornadas-academicas-de-politicas-publicas-de-la-uncuyo\\\/\"]}]},{\"@type\":\"ImageObject\",\"inLanguage\":\"es\",\"@id\":\"https:\\\/\\\/transparenciaelectoral.org\\\/en\\\/transparencia\\\/transparencia-electoral-participo-en-la-iii-edicion-de-las-jornadas-academicas-de-politicas-publicas-de-la-uncuyo\\\/#primaryimage\",\"url\":\"https:\\\/\\\/transparenciaelectoral.org\\\/en\\\/transparencia\\\/wp-content\\\/uploads\\\/2021\\\/07\\\/EVENTOS-HORIZONTAL-3.png\",\"contentUrl\":\"https:\\\/\\\/transparenciaelectoral.org\\\/en\\\/transparencia\\\/wp-content\\\/uploads\\\/2021\\\/07\\\/EVENTOS-HORIZONTAL-3.png\",\"width\":800,\"height\":600},{\"@type\":\"BreadcrumbList\",\"@id\":\"https:\\\/\\\/transparenciaelectoral.org\\\/en\\\/transparencia\\\/transparencia-electoral-participo-en-la-iii-edicion-de-las-jornadas-academicas-de-politicas-publicas-de-la-uncuyo\\\/#breadcrumb\",\"itemListElement\":[{\"@type\":\"ListItem\",\"position\":1,\"name\":\"Portada\",\"item\":\"https:\\\/\\\/transparenciaelectoral.org\\\/en\\\/transparencia\\\/\"},{\"@type\":\"ListItem\",\"position\":2,\"name\":\"Transparencia Electoral particip\u00f3 en la III Edici\u00f3n de las Jornadas Acad\u00e9micas de Pol\u00edticas P\u00fablicas de la UNCUYO\"}]},{\"@type\":\"WebSite\",\"@id\":\"https:\\\/\\\/transparenciaelectoral.org\\\/en\\\/transparencia\\\/#website\",\"url\":\"https:\\\/\\\/transparenciaelectoral.org\\\/en\\\/transparencia\\\/\",\"name\":\"Transparencia Electoral\",\"description\":\"\",\"potentialAction\":[{\"@type\":\"SearchAction\",\"target\":{\"@type\":\"EntryPoint\",\"urlTemplate\":\"https:\\\/\\\/transparenciaelectoral.org\\\/en\\\/transparencia\\\/?s={search_term_string}\"},\"query-input\":{\"@type\":\"PropertyValueSpecification\",\"valueRequired\":true,\"valueName\":\"search_term_string\"}}],\"inLanguage\":\"es\"},{\"@type\":\"Person\",\"@id\":\"https:\\\/\\\/transparenciaelectoral.org\\\/en\\\/transparencia\\\/#\\\/schema\\\/person\\\/63a97f81afd2c3820c6d9f262e27fe50\",\"name\":\"Transparencia Electoral\",\"image\":{\"@type\":\"ImageObject\",\"inLanguage\":\"es\",\"@id\":\"https:\\\/\\\/secure.gravatar.com\\\/avatar\\\/1c42efe425475a030aa093c633a2e79e264536eaa08d7fbfe52ebefcd52ab8a2?s=96&d=mm&r=g\",\"url\":\"https:\\\/\\\/secure.gravatar.com\\\/avatar\\\/1c42efe425475a030aa093c633a2e79e264536eaa08d7fbfe52ebefcd52ab8a2?s=96&d=mm&r=g\",\"contentUrl\":\"https:\\\/\\\/secure.gravatar.com\\\/avatar\\\/1c42efe425475a030aa093c633a2e79e264536eaa08d7fbfe52ebefcd52ab8a2?s=96&d=mm&r=g\",\"caption\":\"Transparencia Electoral\"},\"sameAs\":[\"https:\\\/\\\/transparenciaelectoral.org\\\/en\\\/transparencia\\\/\\\/\"]}]}<\/script>\n<!-- \/ Yoast SEO plugin. -->","yoast_head_json":{"title":"Transparencia Electoral particip\u00f3 en la III Edici\u00f3n de las Jornadas Acad\u00e9micas de Pol\u00edticas P\u00fablicas de la UNCUYO - Transparencia Electoral","robots":{"index":"index","follow":"follow","max-snippet":"max-snippet:-1","max-image-preview":"max-image-preview:large","max-video-preview":"max-video-preview:-1"},"canonical":"https:\/\/transparenciaelectoral.org\/en\/transparencia\/transparencia-electoral-participo-en-la-iii-edicion-de-las-jornadas-academicas-de-politicas-publicas-de-la-uncuyo\/","og_locale":"es_ES","og_type":"article","og_title":"Transparencia Electoral particip\u00f3 en la III Edici\u00f3n de las Jornadas Acad\u00e9micas de Pol\u00edticas P\u00fablicas de la UNCUYO - Transparencia Electoral","og_description":"El pasado viernes 2 de julio Transparencia Electoral particip\u00f3 del panel \u201cTransparencia Electoral: Elecciones 2020-2021 en Am\u00e9rica latina\u201d en las III Jornadas Acad\u00e9micas de Pol\u00edticas P\u00fablicas de la Universidad Nacional &hellip;","og_url":"https:\/\/transparenciaelectoral.org\/en\/transparencia\/transparencia-electoral-participo-en-la-iii-edicion-de-las-jornadas-academicas-de-politicas-publicas-de-la-uncuyo\/","og_site_name":"Transparencia Electoral","article_publisher":"https:\/\/www.facebook.com\/Transparencia-Electoral-en-Am%c3%a9rica-latina-171661009688456\/","article_published_time":"2021-07-05T14:02:26+00:00","article_modified_time":"2023-12-04T13:18:57+00:00","og_image":[{"width":800,"height":600,"url":"https:\/\/transparenciaelectoral.org\/en\/transparencia\/wp-content\/uploads\/2021\/07\/EVENTOS-HORIZONTAL-3.png","type":"image\/png"}],"author":"Transparencia Electoral","twitter_card":"summary_large_image","twitter_creator":"@TransparenciaAL","twitter_site":"@TransparenciaAL","twitter_misc":{"Escrito por":"Transparencia Electoral","Tiempo de lectura":"5 minutos"},"schema":{"@context":"https:\/\/schema.org","@graph":[{"@type":"Article","@id":"https:\/\/transparenciaelectoral.org\/en\/transparencia\/transparencia-electoral-participo-en-la-iii-edicion-de-las-jornadas-academicas-de-politicas-publicas-de-la-uncuyo\/#article","isPartOf":{"@id":"https:\/\/transparenciaelectoral.org\/en\/transparencia\/transparencia-electoral-participo-en-la-iii-edicion-de-las-jornadas-academicas-de-politicas-publicas-de-la-uncuyo\/"},"author":{"name":"Transparencia Electoral","@id":"https:\/\/transparenciaelectoral.org\/en\/transparencia\/#\/schema\/person\/63a97f81afd2c3820c6d9f262e27fe50"},"headline":"Transparencia Electoral particip\u00f3 en la III Edici\u00f3n de las Jornadas Acad\u00e9micas de Pol\u00edticas P\u00fablicas de la UNCUYO","datePublished":"2021-07-05T14:02:26+00:00","dateModified":"2023-12-04T13:18:57+00:00","mainEntityOfPage":{"@id":"https:\/\/transparenciaelectoral.org\/en\/transparencia\/transparencia-electoral-participo-en-la-iii-edicion-de-las-jornadas-academicas-de-politicas-publicas-de-la-uncuyo\/"},"wordCount":988,"image":{"@id":"https:\/\/transparenciaelectoral.org\/en\/transparencia\/transparencia-electoral-participo-en-la-iii-edicion-de-las-jornadas-academicas-de-politicas-publicas-de-la-uncuyo\/#primaryimage"},"thumbnailUrl":"https:\/\/transparenciaelectoral.org\/en\/transparencia\/wp-content\/uploads\/2021\/07\/EVENTOS-HORIZONTAL-3.png","keywords":["Transparencia Electoral"],"articleSection":["Noticias","Transparencia Electoral"],"inLanguage":"es"},{"@type":"WebPage","@id":"https:\/\/transparenciaelectoral.org\/en\/transparencia\/transparencia-electoral-participo-en-la-iii-edicion-de-las-jornadas-academicas-de-politicas-publicas-de-la-uncuyo\/","url":"https:\/\/transparenciaelectoral.org\/en\/transparencia\/transparencia-electoral-participo-en-la-iii-edicion-de-las-jornadas-academicas-de-politicas-publicas-de-la-uncuyo\/","name":"Transparencia Electoral particip\u00f3 en la III Edici\u00f3n de las Jornadas Acad\u00e9micas de Pol\u00edticas P\u00fablicas de la UNCUYO - Transparencia Electoral","isPartOf":{"@id":"https:\/\/transparenciaelectoral.org\/en\/transparencia\/#website"},"primaryImageOfPage":{"@id":"https:\/\/transparenciaelectoral.org\/en\/transparencia\/transparencia-electoral-participo-en-la-iii-edicion-de-las-jornadas-academicas-de-politicas-publicas-de-la-uncuyo\/#primaryimage"},"image":{"@id":"https:\/\/transparenciaelectoral.org\/en\/transparencia\/transparencia-electoral-participo-en-la-iii-edicion-de-las-jornadas-academicas-de-politicas-publicas-de-la-uncuyo\/#primaryimage"},"thumbnailUrl":"https:\/\/transparenciaelectoral.org\/en\/transparencia\/wp-content\/uploads\/2021\/07\/EVENTOS-HORIZONTAL-3.png","datePublished":"2021-07-05T14:02:26+00:00","dateModified":"2023-12-04T13:18:57+00:00","author":{"@id":"https:\/\/transparenciaelectoral.org\/en\/transparencia\/#\/schema\/person\/63a97f81afd2c3820c6d9f262e27fe50"},"breadcrumb":{"@id":"https:\/\/transparenciaelectoral.org\/en\/transparencia\/transparencia-electoral-participo-en-la-iii-edicion-de-las-jornadas-academicas-de-politicas-publicas-de-la-uncuyo\/#breadcrumb"},"inLanguage":"es","potentialAction":[{"@type":"ReadAction","target":["https:\/\/transparenciaelectoral.org\/en\/transparencia\/transparencia-electoral-participo-en-la-iii-edicion-de-las-jornadas-academicas-de-politicas-publicas-de-la-uncuyo\/"]}]},{"@type":"ImageObject","inLanguage":"es","@id":"https:\/\/transparenciaelectoral.org\/en\/transparencia\/transparencia-electoral-participo-en-la-iii-edicion-de-las-jornadas-academicas-de-politicas-publicas-de-la-uncuyo\/#primaryimage","url":"https:\/\/transparenciaelectoral.org\/en\/transparencia\/wp-content\/uploads\/2021\/07\/EVENTOS-HORIZONTAL-3.png","contentUrl":"https:\/\/transparenciaelectoral.org\/en\/transparencia\/wp-content\/uploads\/2021\/07\/EVENTOS-HORIZONTAL-3.png","width":800,"height":600},{"@type":"BreadcrumbList","@id":"https:\/\/transparenciaelectoral.org\/en\/transparencia\/transparencia-electoral-participo-en-la-iii-edicion-de-las-jornadas-academicas-de-politicas-publicas-de-la-uncuyo\/#breadcrumb","itemListElement":[{"@type":"ListItem","position":1,"name":"Portada","item":"https:\/\/transparenciaelectoral.org\/en\/transparencia\/"},{"@type":"ListItem","position":2,"name":"Transparencia Electoral particip\u00f3 en la III Edici\u00f3n de las Jornadas Acad\u00e9micas de Pol\u00edticas P\u00fablicas de la UNCUYO"}]},{"@type":"WebSite","@id":"https:\/\/transparenciaelectoral.org\/en\/transparencia\/#website","url":"https:\/\/transparenciaelectoral.org\/en\/transparencia\/","name":"Transparencia Electoral","description":"","potentialAction":[{"@type":"SearchAction","target":{"@type":"EntryPoint","urlTemplate":"https:\/\/transparenciaelectoral.org\/en\/transparencia\/?s={search_term_string}"},"query-input":{"@type":"PropertyValueSpecification","valueRequired":true,"valueName":"search_term_string"}}],"inLanguage":"es"},{"@type":"Person","@id":"https:\/\/transparenciaelectoral.org\/en\/transparencia\/#\/schema\/person\/63a97f81afd2c3820c6d9f262e27fe50","name":"Transparencia Electoral","image":{"@type":"ImageObject","inLanguage":"es","@id":"https:\/\/secure.gravatar.com\/avatar\/1c42efe425475a030aa093c633a2e79e264536eaa08d7fbfe52ebefcd52ab8a2?s=96&d=mm&r=g","url":"https:\/\/secure.gravatar.com\/avatar\/1c42efe425475a030aa093c633a2e79e264536eaa08d7fbfe52ebefcd52ab8a2?s=96&d=mm&r=g","contentUrl":"https:\/\/secure.gravatar.com\/avatar\/1c42efe425475a030aa093c633a2e79e264536eaa08d7fbfe52ebefcd52ab8a2?s=96&d=mm&r=g","caption":"Transparencia Electoral"},"sameAs":["https:\/\/transparenciaelectoral.org\/en\/transparencia\/\/"]}]}},"_links":{"self":[{"href":"https:\/\/transparenciaelectoral.org\/en\/transparencia\/wp-json\/wp\/v2\/posts\/5121","targetHints":{"allow":["GET"]}}],"collection":[{"href":"https:\/\/transparenciaelectoral.org\/en\/transparencia\/wp-json\/wp\/v2\/posts"}],"about":[{"href":"https:\/\/transparenciaelectoral.org\/en\/transparencia\/wp-json\/wp\/v2\/types\/post"}],"author":[{"embeddable":true,"href":"https:\/\/transparenciaelectoral.org\/en\/transparencia\/wp-json\/wp\/v2\/users\/6"}],"replies":[{"embeddable":true,"href":"https:\/\/transparenciaelectoral.org\/en\/transparencia\/wp-json\/wp\/v2\/comments?post=5121"}],"version-history":[{"count":2,"href":"https:\/\/transparenciaelectoral.org\/en\/transparencia\/wp-json\/wp\/v2\/posts\/5121\/revisions"}],"predecessor-version":[{"id":6988,"href":"https:\/\/transparenciaelectoral.org\/en\/transparencia\/wp-json\/wp\/v2\/posts\/5121\/revisions\/6988"}],"wp:featuredmedia":[{"embeddable":true,"href":"https:\/\/transparenciaelectoral.org\/en\/transparencia\/wp-json\/wp\/v2\/media\/5122"}],"wp:attachment":[{"href":"https:\/\/transparenciaelectoral.org\/en\/transparencia\/wp-json\/wp\/v2\/media?parent=5121"}],"wp:term":[{"taxonomy":"category","embeddable":true,"href":"https:\/\/transparenciaelectoral.org\/en\/transparencia\/wp-json\/wp\/v2\/categories?post=5121"},{"taxonomy":"post_tag","embeddable":true,"href":"https:\/\/transparenciaelectoral.org\/en\/transparencia\/wp-json\/wp\/v2\/tags?post=5121"}],"curies":[{"name":"wp","href":"https:\/\/api.w.org\/{rel}","templated":true}]}}