{"id":4542,"date":"2021-02-01T19:00:10","date_gmt":"2021-02-01T19:00:10","guid":{"rendered":"https:\/\/transparenciaelectoral.org\/en\/transparencia\/\/?p=4542"},"modified":"2023-12-04T10:19:47","modified_gmt":"2023-12-04T13:19:47","slug":"transparencia-electoral-presenta-su-consejo-de-expertos-para-2021","status":"publish","type":"post","link":"https:\/\/transparenciaelectoral.org\/en\/transparencia\/transparencia-electoral-presenta-su-consejo-de-expertos-para-2021\/","title":{"rendered":"Transparencia Electoral presenta su Consejo de Expertos para 2021"},"content":{"rendered":"<p>Transparencia Electoral ha renovado su\u00a0<strong>Consejo de Expertos<\/strong>\u00a0de cara al a\u00f1o 2021 y los desaf\u00edos democr\u00e1ticos que el contexto actual presenta. El grupo est\u00e1 integrado por prestigiosos especialistas de la regi\u00f3n, con experiencia contrastada en distintas \u00e1reas de la tem\u00e1tica electoral (integridad electoral, financiamiento pol\u00edtico, g\u00e9nero, inclusi\u00f3n y accesibilidad, campa\u00f1as electorales, tecnolog\u00eda, observaci\u00f3n electoral, entre otros) de manera de asesorar a organismos electorales nacionales y subnacionales, as\u00ed como a partidos pol\u00edticos, legislaturas, y otros actores.<\/p>\n<p><img fetchpriority=\"high\" decoding=\"async\" class=\"alignnone wp-image-4555 size-large\" src=\"https:\/\/transparenciaelectoral.org\/en\/transparencia\/\/wp-content\/uploads\/2021\/02\/FLYER-EXPERTOS-1-569x1024.jpg\" alt=\"\" width=\"569\" height=\"1024\" \/><\/p>\n<p>El Consejo de Expertos de Transparencia Electoral para el 2021 est\u00e1 conformado por:<\/p>\n<p><strong>Milagros Campos (Per\u00fa):<\/strong>\u00a0Mag\u00edster en Ciencia Pol\u00edtica y Abogada por la Pontificia Universidad Cat\u00f3lica del Per\u00fa, con estudios de doctorado en Ciencia Pol\u00edtica concluidos. Profesora de la misma universidad. Miembro de la Asociaci\u00f3n Peruana de Derecho Constitucional. Ha sido miembro de la Comisi\u00f3n T\u00e9cnica y del Consejo Consultivo de la Comisi\u00f3n de Constituci\u00f3n y Reglamento del Congreso y fue uno de los cinco integrantes de la Alta Comisi\u00f3n de Reforma Electoral.<\/p>\n<p><strong>Ann Ravel (EEUU):<\/strong>\u00a0Fue presidenta y vicepresidenta de la Comisi\u00f3n Federal Electoral (FEC por sus siglas en ingl\u00e9s) de los Estados Unidos y perteneci\u00f3 a este organismo entre 2013 y 2017. Adem\u00e1s, presidi\u00f3 la Fair Political Practices Commission del Estado de California y antes de eso prest\u00f3 sus servicios al Departamento de Justicia.<\/p>\n<p><strong>Jaime Talanc\u00f3n (M\u00c9XICO):<\/strong>\u00a0Abogado electoral y constitucionalista, especialista en temas de gobernabilidad y justicia. En el servicio p\u00fablico mexicano se ha desempe\u00f1ado como Director General del Consejo de Seguridad Nacional; Director de An\u00e1lisis Pol\u00edtico de la Presidencia de la Rep\u00fablica; asesor en la Secretar\u00eda de Gobernaci\u00f3n; asesor del Instituto Nacional Electoral; Secretario T\u00e9cnico en el Tribunal Electoral; Coordinador de la Oficina del Abogado General de la UNAM; asesor en la C\u00e1mara de Diputados y Subdirector de Derechos Humanos de la Secretar\u00eda de Seguridad P\u00fablica. Ha asesorado a gobiernos y partidos pol\u00edticos en mejores pr\u00e1cticas, y ha sido observador y consultor internacional de la OEA en diversos pa\u00edses, as\u00ed como del Instituto Internacional para la Democracia y Asistencia Electoral.<\/p>\n<p><strong>Eugenio Mart\u00ednez (VENEZUELA):<\/strong>\u00a0Es comunicador social especializado en an\u00e1lisis de temas electorales y pol\u00edticos. Como periodista dio cobertura a las 23 elecciones en Venezuela celebradas en venezuela entre 1998 y 2015.\u00a0 Integrante del proyecto Integridad Electoral Venezuela desarrollado por el Centro de Estudios Pol\u00edticos de la Universidad Cat\u00f3lica Andr\u00e9s Bello fue parte de la Misi\u00f3n de Estudio conjunta entre la UCAB e IDEA-internacional desplegada en 2015 para las elecciones parlamentarias de ese a\u00f1o.\u00a0 En 2014 fue propuesto como rector del Consejo Nacional Electoral (CNE).<\/p>\n<p><strong>Paula Gomes (BRASIL):<\/strong>\u00a0Doctora en Relaciones Internacionales por la Universidad de Brasilia (UnB). Ha trabajado como asistente de investigaci\u00f3n en el Observatorio Pol\u00edtico Suramericano (OPSA-IESP\/UERJ), como colaboradora del Centro de Estrategia, Inteligencia y Relaciones Internacionales (Ceiri Newspaper) y como participante del Think Tank: Challenging Democracy, de la Asociaci\u00f3n Internacional de Estudiantes de Ciencias Pol\u00edticas (IAPSS). Actualmente realiza investigaci\u00f3n en el Instituto de Investigaci\u00f3n Econ\u00f3mica Aplicada (Ipea), en Brasilia. Ya particip\u00f3 como observadora internacional de elecciones con la Organizaci\u00f3n de Estados Americanos (OEA). Desaroll\u00f3 tesis de doctorado en el tema de la buena gobernanza electoral.<\/p>\n<p><strong>Santiago Leiras <\/strong><strong>(ARGENTINA)<\/strong><strong>:<\/strong> Licenciado en Ciencia Pol\u00edtica por la Universidad de Buenos Aires-Argentina (UBA), Diploma de Estudios Avanzados y Doctor en Am\u00e9rica Latina contempor\u00e1nea por el Instituto Universitario de Investigaci\u00f3n Ortega y Gasset de Madrid-Espa\u00f1a (IUOG). Profesor Asociado Regular de la Universidad de Buenos Aires (UBA) y Profesor Asociado de la Universidad de Belgrano (UB).\u00a0 Autor de m\u00e1s de treinta trabajos sobre su especialidad.<\/p>\n<p><strong>Manuel Cuesta Morua<\/strong> <strong>(<\/strong><strong>CUBA<\/strong><strong>)<\/strong>: Licenciado en Historia en la Universidad de La Habana en 1986 en la especialidad de Historia Contempor\u00e1nea, en historia de Asia. Ha realizado posgrados en politolog\u00eda, econom\u00eda, relaciones internacionales y antropolog\u00eda. Cofundador de la plataforma regional Solidaridad Democr\u00e1tica Latinoamericana. Ha escrito numerosos ensayos y publicado en varias revistas cubanas y extranjeras. Una selecci\u00f3n de sus textos fue reunida en el libro\u00a0Ensayos progresistas desde Cuba\u00a0(CADAL, 2015). Miembro de la Asociaci\u00f3n de Estudios Latinoamericanos (LASA por sus siglas en ingl\u00e9s) con sede en la Universidad de Pittsburg, Estados Unidos.\u00a0 En diciembre de 2016 obtuvo el Premio Ion Ratiu, otorgado por el Woodrow Wilson Center.<\/p>\n<p><strong>Jos\u00e9 Mar\u00eda Paz<\/strong> <strong>(BOLIVIA)<\/strong>: Licenciado en Ciencias Pol\u00edticas y Gesti\u00f3n P\u00fablica por la Universidad Central de Chile (Santiago) y M\u00e1ster en Estudios Pol\u00edticos Aplicados de la Fundaci\u00f3n Internacional y para Iberoam\u00e9rica de Administraci\u00f3n y Pol\u00edticas P\u00fablicas (Madrid Espa\u00f1a). Fue Representante del Centro Carter en Bolivia, trabaj\u00f3 para el Instituto Nacional Dem\u00f3crata (NDI), el Instituto Republicano Internacional (IRI) y para los proyectos \u201cIniciativas Democr\u00e1ticas\u201d y \u201cCompa\u00f1eros de las Am\u00e9ricas\u201d de la Agencia de los Estados Unidos para el Desarrollo Internacional (USAID). En el sector p\u00fablico de su pa\u00eds trabaj\u00f3 para el Defensor del Pueblo, la Corte Nacional Electoral y la Alcald\u00eda de La Paz. Actualmente es Secretario T\u00e9cnico de la alianza de organizaciones de la sociedad civil, \u201cLa Ruta de la Democracia\u201d y es vicepresidente de la Asociaci\u00f3n Boliviana de Ciencia Pol\u00edtica. Ha publicado varios art\u00edculos de opini\u00f3n en medios nacionales e internacionales.<\/p>\n<p style=\"text-align: center;\"><a href=\"https:\/\/transparenciaelectoral.org\/en\/transparencia\/\/wp-content\/uploads\/2021\/02\/Consejo-de-Expertos-2021.pdf\" class=\"shortc-button small button \"> Descarga el PDF del Consejo de Expertos <\/a>\n","protected":false},"excerpt":{"rendered":"<p>Transparencia Electoral ha renovado su\u00a0Consejo de Expertos\u00a0de cara al a\u00f1o 2021 y los desaf\u00edos democr\u00e1ticos que el contexto actual presenta. El grupo est\u00e1 integrado por prestigiosos especialistas de la regi\u00f3n, &hellip;<\/p>\n","protected":false},"author":6,"featured_media":4554,"comment_status":"closed","ping_status":"open","sticky":false,"template":"","format":"standard","meta":{"footnotes":""},"categories":[100],"tags":[104],"class_list":["post-4542","post","type-post","status-publish","format-standard","has-post-thumbnail","hentry","category-noticias","tag-transparencia-electoral"],"yoast_head":"<!-- This site is optimized with the Yoast SEO plugin v27.4 - https:\/\/yoast.com\/product\/yoast-seo-wordpress\/ -->\n<title>Transparencia Electoral presenta su Consejo de Expertos para 2021 - Transparencia Electoral<\/title>\n<meta name=\"robots\" content=\"index, follow, max-snippet:-1, max-image-preview:large, max-video-preview:-1\" \/>\n<link rel=\"canonical\" href=\"https:\/\/transparenciaelectoral.org\/en\/transparencia\/transparencia-electoral-presenta-su-consejo-de-expertos-para-2021\/\" \/>\n<meta property=\"og:locale\" content=\"es_ES\" \/>\n<meta property=\"og:type\" content=\"article\" \/>\n<meta property=\"og:title\" content=\"Transparencia Electoral presenta su Consejo de Expertos para 2021 - Transparencia Electoral\" \/>\n<meta property=\"og:description\" content=\"Transparencia Electoral ha renovado su\u00a0Consejo de Expertos\u00a0de cara al a\u00f1o 2021 y los desaf\u00edos democr\u00e1ticos que el contexto actual presenta. El grupo est\u00e1 integrado por prestigiosos especialistas de la regi\u00f3n, &hellip;\" \/>\n<meta property=\"og:url\" content=\"https:\/\/transparenciaelectoral.org\/en\/transparencia\/transparencia-electoral-presenta-su-consejo-de-expertos-para-2021\/\" \/>\n<meta property=\"og:site_name\" content=\"Transparencia Electoral\" \/>\n<meta property=\"article:publisher\" content=\"https:\/\/www.facebook.com\/Transparencia-Electoral-en-Am%c3%a9rica-latina-171661009688456\/\" \/>\n<meta property=\"article:published_time\" content=\"2021-02-01T19:00:10+00:00\" \/>\n<meta property=\"article:modified_time\" content=\"2023-12-04T13:19:47+00:00\" \/>\n<meta property=\"og:image\" content=\"https:\/\/transparenciaelectoral.org\/en\/transparencia\/wp-content\/uploads\/2021\/02\/FLYER-CONSEJO-HORIZONTAL-1-1.jpg\" \/>\n\t<meta property=\"og:image:width\" content=\"1000\" \/>\n\t<meta property=\"og:image:height\" content=\"512\" \/>\n\t<meta property=\"og:image:type\" content=\"image\/jpeg\" \/>\n<meta name=\"author\" content=\"Transparencia Electoral\" \/>\n<meta name=\"twitter:card\" content=\"summary_large_image\" \/>\n<meta name=\"twitter:creator\" content=\"@TransparenciaAL\" \/>\n<meta name=\"twitter:site\" content=\"@TransparenciaAL\" \/>\n<meta name=\"twitter:label1\" content=\"Escrito por\" \/>\n\t<meta name=\"twitter:data1\" content=\"Transparencia Electoral\" \/>\n\t<meta name=\"twitter:label2\" content=\"Tiempo de lectura\" \/>\n\t<meta name=\"twitter:data2\" content=\"4 minutos\" \/>\n<script type=\"application\/ld+json\" class=\"yoast-schema-graph\">{\"@context\":\"https:\\\/\\\/schema.org\",\"@graph\":[{\"@type\":\"Article\",\"@id\":\"https:\\\/\\\/transparenciaelectoral.org\\\/en\\\/transparencia\\\/transparencia-electoral-presenta-su-consejo-de-expertos-para-2021\\\/#article\",\"isPartOf\":{\"@id\":\"https:\\\/\\\/transparenciaelectoral.org\\\/en\\\/transparencia\\\/transparencia-electoral-presenta-su-consejo-de-expertos-para-2021\\\/\"},\"author\":{\"name\":\"Transparencia Electoral\",\"@id\":\"https:\\\/\\\/transparenciaelectoral.org\\\/en\\\/transparencia\\\/#\\\/schema\\\/person\\\/63a97f81afd2c3820c6d9f262e27fe50\"},\"headline\":\"Transparencia Electoral presenta su Consejo de Expertos para 2021\",\"datePublished\":\"2021-02-01T19:00:10+00:00\",\"dateModified\":\"2023-12-04T13:19:47+00:00\",\"mainEntityOfPage\":{\"@id\":\"https:\\\/\\\/transparenciaelectoral.org\\\/en\\\/transparencia\\\/transparencia-electoral-presenta-su-consejo-de-expertos-para-2021\\\/\"},\"wordCount\":938,\"image\":{\"@id\":\"https:\\\/\\\/transparenciaelectoral.org\\\/en\\\/transparencia\\\/transparencia-electoral-presenta-su-consejo-de-expertos-para-2021\\\/#primaryimage\"},\"thumbnailUrl\":\"https:\\\/\\\/transparenciaelectoral.org\\\/en\\\/transparencia\\\/wp-content\\\/uploads\\\/2021\\\/02\\\/FLYER-CONSEJO-HORIZONTAL-1-1.jpg\",\"keywords\":[\"Transparencia Electoral\"],\"articleSection\":[\"Noticias\"],\"inLanguage\":\"es\"},{\"@type\":\"WebPage\",\"@id\":\"https:\\\/\\\/transparenciaelectoral.org\\\/en\\\/transparencia\\\/transparencia-electoral-presenta-su-consejo-de-expertos-para-2021\\\/\",\"url\":\"https:\\\/\\\/transparenciaelectoral.org\\\/en\\\/transparencia\\\/transparencia-electoral-presenta-su-consejo-de-expertos-para-2021\\\/\",\"name\":\"Transparencia Electoral presenta su Consejo de Expertos para 2021 - Transparencia Electoral\",\"isPartOf\":{\"@id\":\"https:\\\/\\\/transparenciaelectoral.org\\\/en\\\/transparencia\\\/#website\"},\"primaryImageOfPage\":{\"@id\":\"https:\\\/\\\/transparenciaelectoral.org\\\/en\\\/transparencia\\\/transparencia-electoral-presenta-su-consejo-de-expertos-para-2021\\\/#primaryimage\"},\"image\":{\"@id\":\"https:\\\/\\\/transparenciaelectoral.org\\\/en\\\/transparencia\\\/transparencia-electoral-presenta-su-consejo-de-expertos-para-2021\\\/#primaryimage\"},\"thumbnailUrl\":\"https:\\\/\\\/transparenciaelectoral.org\\\/en\\\/transparencia\\\/wp-content\\\/uploads\\\/2021\\\/02\\\/FLYER-CONSEJO-HORIZONTAL-1-1.jpg\",\"datePublished\":\"2021-02-01T19:00:10+00:00\",\"dateModified\":\"2023-12-04T13:19:47+00:00\",\"author\":{\"@id\":\"https:\\\/\\\/transparenciaelectoral.org\\\/en\\\/transparencia\\\/#\\\/schema\\\/person\\\/63a97f81afd2c3820c6d9f262e27fe50\"},\"breadcrumb\":{\"@id\":\"https:\\\/\\\/transparenciaelectoral.org\\\/en\\\/transparencia\\\/transparencia-electoral-presenta-su-consejo-de-expertos-para-2021\\\/#breadcrumb\"},\"inLanguage\":\"es\",\"potentialAction\":[{\"@type\":\"ReadAction\",\"target\":[\"https:\\\/\\\/transparenciaelectoral.org\\\/en\\\/transparencia\\\/transparencia-electoral-presenta-su-consejo-de-expertos-para-2021\\\/\"]}]},{\"@type\":\"ImageObject\",\"inLanguage\":\"es\",\"@id\":\"https:\\\/\\\/transparenciaelectoral.org\\\/en\\\/transparencia\\\/transparencia-electoral-presenta-su-consejo-de-expertos-para-2021\\\/#primaryimage\",\"url\":\"https:\\\/\\\/transparenciaelectoral.org\\\/en\\\/transparencia\\\/wp-content\\\/uploads\\\/2021\\\/02\\\/FLYER-CONSEJO-HORIZONTAL-1-1.jpg\",\"contentUrl\":\"https:\\\/\\\/transparenciaelectoral.org\\\/en\\\/transparencia\\\/wp-content\\\/uploads\\\/2021\\\/02\\\/FLYER-CONSEJO-HORIZONTAL-1-1.jpg\",\"width\":1000,\"height\":512},{\"@type\":\"BreadcrumbList\",\"@id\":\"https:\\\/\\\/transparenciaelectoral.org\\\/en\\\/transparencia\\\/transparencia-electoral-presenta-su-consejo-de-expertos-para-2021\\\/#breadcrumb\",\"itemListElement\":[{\"@type\":\"ListItem\",\"position\":1,\"name\":\"Portada\",\"item\":\"https:\\\/\\\/transparenciaelectoral.org\\\/en\\\/transparencia\\\/\"},{\"@type\":\"ListItem\",\"position\":2,\"name\":\"Transparencia Electoral presenta su Consejo de Expertos para 2021\"}]},{\"@type\":\"WebSite\",\"@id\":\"https:\\\/\\\/transparenciaelectoral.org\\\/en\\\/transparencia\\\/#website\",\"url\":\"https:\\\/\\\/transparenciaelectoral.org\\\/en\\\/transparencia\\\/\",\"name\":\"Transparencia Electoral\",\"description\":\"\",\"potentialAction\":[{\"@type\":\"SearchAction\",\"target\":{\"@type\":\"EntryPoint\",\"urlTemplate\":\"https:\\\/\\\/transparenciaelectoral.org\\\/en\\\/transparencia\\\/?s={search_term_string}\"},\"query-input\":{\"@type\":\"PropertyValueSpecification\",\"valueRequired\":true,\"valueName\":\"search_term_string\"}}],\"inLanguage\":\"es\"},{\"@type\":\"Person\",\"@id\":\"https:\\\/\\\/transparenciaelectoral.org\\\/en\\\/transparencia\\\/#\\\/schema\\\/person\\\/63a97f81afd2c3820c6d9f262e27fe50\",\"name\":\"Transparencia Electoral\",\"image\":{\"@type\":\"ImageObject\",\"inLanguage\":\"es\",\"@id\":\"https:\\\/\\\/secure.gravatar.com\\\/avatar\\\/1c42efe425475a030aa093c633a2e79e264536eaa08d7fbfe52ebefcd52ab8a2?s=96&d=mm&r=g\",\"url\":\"https:\\\/\\\/secure.gravatar.com\\\/avatar\\\/1c42efe425475a030aa093c633a2e79e264536eaa08d7fbfe52ebefcd52ab8a2?s=96&d=mm&r=g\",\"contentUrl\":\"https:\\\/\\\/secure.gravatar.com\\\/avatar\\\/1c42efe425475a030aa093c633a2e79e264536eaa08d7fbfe52ebefcd52ab8a2?s=96&d=mm&r=g\",\"caption\":\"Transparencia Electoral\"},\"sameAs\":[\"https:\\\/\\\/transparenciaelectoral.org\\\/en\\\/transparencia\\\/\\\/\"]}]}<\/script>\n<!-- \/ Yoast SEO plugin. -->","yoast_head_json":{"title":"Transparencia Electoral presenta su Consejo de Expertos para 2021 - Transparencia Electoral","robots":{"index":"index","follow":"follow","max-snippet":"max-snippet:-1","max-image-preview":"max-image-preview:large","max-video-preview":"max-video-preview:-1"},"canonical":"https:\/\/transparenciaelectoral.org\/en\/transparencia\/transparencia-electoral-presenta-su-consejo-de-expertos-para-2021\/","og_locale":"es_ES","og_type":"article","og_title":"Transparencia Electoral presenta su Consejo de Expertos para 2021 - Transparencia Electoral","og_description":"Transparencia Electoral ha renovado su\u00a0Consejo de Expertos\u00a0de cara al a\u00f1o 2021 y los desaf\u00edos democr\u00e1ticos que el contexto actual presenta. El grupo est\u00e1 integrado por prestigiosos especialistas de la regi\u00f3n, &hellip;","og_url":"https:\/\/transparenciaelectoral.org\/en\/transparencia\/transparencia-electoral-presenta-su-consejo-de-expertos-para-2021\/","og_site_name":"Transparencia Electoral","article_publisher":"https:\/\/www.facebook.com\/Transparencia-Electoral-en-Am%c3%a9rica-latina-171661009688456\/","article_published_time":"2021-02-01T19:00:10+00:00","article_modified_time":"2023-12-04T13:19:47+00:00","og_image":[{"width":1000,"height":512,"url":"https:\/\/transparenciaelectoral.org\/en\/transparencia\/wp-content\/uploads\/2021\/02\/FLYER-CONSEJO-HORIZONTAL-1-1.jpg","type":"image\/jpeg"}],"author":"Transparencia Electoral","twitter_card":"summary_large_image","twitter_creator":"@TransparenciaAL","twitter_site":"@TransparenciaAL","twitter_misc":{"Escrito por":"Transparencia Electoral","Tiempo de lectura":"4 minutos"},"schema":{"@context":"https:\/\/schema.org","@graph":[{"@type":"Article","@id":"https:\/\/transparenciaelectoral.org\/en\/transparencia\/transparencia-electoral-presenta-su-consejo-de-expertos-para-2021\/#article","isPartOf":{"@id":"https:\/\/transparenciaelectoral.org\/en\/transparencia\/transparencia-electoral-presenta-su-consejo-de-expertos-para-2021\/"},"author":{"name":"Transparencia Electoral","@id":"https:\/\/transparenciaelectoral.org\/en\/transparencia\/#\/schema\/person\/63a97f81afd2c3820c6d9f262e27fe50"},"headline":"Transparencia Electoral presenta su Consejo de Expertos para 2021","datePublished":"2021-02-01T19:00:10+00:00","dateModified":"2023-12-04T13:19:47+00:00","mainEntityOfPage":{"@id":"https:\/\/transparenciaelectoral.org\/en\/transparencia\/transparencia-electoral-presenta-su-consejo-de-expertos-para-2021\/"},"wordCount":938,"image":{"@id":"https:\/\/transparenciaelectoral.org\/en\/transparencia\/transparencia-electoral-presenta-su-consejo-de-expertos-para-2021\/#primaryimage"},"thumbnailUrl":"https:\/\/transparenciaelectoral.org\/en\/transparencia\/wp-content\/uploads\/2021\/02\/FLYER-CONSEJO-HORIZONTAL-1-1.jpg","keywords":["Transparencia Electoral"],"articleSection":["Noticias"],"inLanguage":"es"},{"@type":"WebPage","@id":"https:\/\/transparenciaelectoral.org\/en\/transparencia\/transparencia-electoral-presenta-su-consejo-de-expertos-para-2021\/","url":"https:\/\/transparenciaelectoral.org\/en\/transparencia\/transparencia-electoral-presenta-su-consejo-de-expertos-para-2021\/","name":"Transparencia Electoral presenta su Consejo de Expertos para 2021 - Transparencia Electoral","isPartOf":{"@id":"https:\/\/transparenciaelectoral.org\/en\/transparencia\/#website"},"primaryImageOfPage":{"@id":"https:\/\/transparenciaelectoral.org\/en\/transparencia\/transparencia-electoral-presenta-su-consejo-de-expertos-para-2021\/#primaryimage"},"image":{"@id":"https:\/\/transparenciaelectoral.org\/en\/transparencia\/transparencia-electoral-presenta-su-consejo-de-expertos-para-2021\/#primaryimage"},"thumbnailUrl":"https:\/\/transparenciaelectoral.org\/en\/transparencia\/wp-content\/uploads\/2021\/02\/FLYER-CONSEJO-HORIZONTAL-1-1.jpg","datePublished":"2021-02-01T19:00:10+00:00","dateModified":"2023-12-04T13:19:47+00:00","author":{"@id":"https:\/\/transparenciaelectoral.org\/en\/transparencia\/#\/schema\/person\/63a97f81afd2c3820c6d9f262e27fe50"},"breadcrumb":{"@id":"https:\/\/transparenciaelectoral.org\/en\/transparencia\/transparencia-electoral-presenta-su-consejo-de-expertos-para-2021\/#breadcrumb"},"inLanguage":"es","potentialAction":[{"@type":"ReadAction","target":["https:\/\/transparenciaelectoral.org\/en\/transparencia\/transparencia-electoral-presenta-su-consejo-de-expertos-para-2021\/"]}]},{"@type":"ImageObject","inLanguage":"es","@id":"https:\/\/transparenciaelectoral.org\/en\/transparencia\/transparencia-electoral-presenta-su-consejo-de-expertos-para-2021\/#primaryimage","url":"https:\/\/transparenciaelectoral.org\/en\/transparencia\/wp-content\/uploads\/2021\/02\/FLYER-CONSEJO-HORIZONTAL-1-1.jpg","contentUrl":"https:\/\/transparenciaelectoral.org\/en\/transparencia\/wp-content\/uploads\/2021\/02\/FLYER-CONSEJO-HORIZONTAL-1-1.jpg","width":1000,"height":512},{"@type":"BreadcrumbList","@id":"https:\/\/transparenciaelectoral.org\/en\/transparencia\/transparencia-electoral-presenta-su-consejo-de-expertos-para-2021\/#breadcrumb","itemListElement":[{"@type":"ListItem","position":1,"name":"Portada","item":"https:\/\/transparenciaelectoral.org\/en\/transparencia\/"},{"@type":"ListItem","position":2,"name":"Transparencia Electoral presenta su Consejo de Expertos para 2021"}]},{"@type":"WebSite","@id":"https:\/\/transparenciaelectoral.org\/en\/transparencia\/#website","url":"https:\/\/transparenciaelectoral.org\/en\/transparencia\/","name":"Transparencia Electoral","description":"","potentialAction":[{"@type":"SearchAction","target":{"@type":"EntryPoint","urlTemplate":"https:\/\/transparenciaelectoral.org\/en\/transparencia\/?s={search_term_string}"},"query-input":{"@type":"PropertyValueSpecification","valueRequired":true,"valueName":"search_term_string"}}],"inLanguage":"es"},{"@type":"Person","@id":"https:\/\/transparenciaelectoral.org\/en\/transparencia\/#\/schema\/person\/63a97f81afd2c3820c6d9f262e27fe50","name":"Transparencia Electoral","image":{"@type":"ImageObject","inLanguage":"es","@id":"https:\/\/secure.gravatar.com\/avatar\/1c42efe425475a030aa093c633a2e79e264536eaa08d7fbfe52ebefcd52ab8a2?s=96&d=mm&r=g","url":"https:\/\/secure.gravatar.com\/avatar\/1c42efe425475a030aa093c633a2e79e264536eaa08d7fbfe52ebefcd52ab8a2?s=96&d=mm&r=g","contentUrl":"https:\/\/secure.gravatar.com\/avatar\/1c42efe425475a030aa093c633a2e79e264536eaa08d7fbfe52ebefcd52ab8a2?s=96&d=mm&r=g","caption":"Transparencia Electoral"},"sameAs":["https:\/\/transparenciaelectoral.org\/en\/transparencia\/\/"]}]}},"_links":{"self":[{"href":"https:\/\/transparenciaelectoral.org\/en\/transparencia\/wp-json\/wp\/v2\/posts\/4542","targetHints":{"allow":["GET"]}}],"collection":[{"href":"https:\/\/transparenciaelectoral.org\/en\/transparencia\/wp-json\/wp\/v2\/posts"}],"about":[{"href":"https:\/\/transparenciaelectoral.org\/en\/transparencia\/wp-json\/wp\/v2\/types\/post"}],"author":[{"embeddable":true,"href":"https:\/\/transparenciaelectoral.org\/en\/transparencia\/wp-json\/wp\/v2\/users\/6"}],"replies":[{"embeddable":true,"href":"https:\/\/transparenciaelectoral.org\/en\/transparencia\/wp-json\/wp\/v2\/comments?post=4542"}],"version-history":[{"count":1,"href":"https:\/\/transparenciaelectoral.org\/en\/transparencia\/wp-json\/wp\/v2\/posts\/4542\/revisions"}],"predecessor-version":[{"id":5739,"href":"https:\/\/transparenciaelectoral.org\/en\/transparencia\/wp-json\/wp\/v2\/posts\/4542\/revisions\/5739"}],"wp:featuredmedia":[{"embeddable":true,"href":"https:\/\/transparenciaelectoral.org\/en\/transparencia\/wp-json\/wp\/v2\/media\/4554"}],"wp:attachment":[{"href":"https:\/\/transparenciaelectoral.org\/en\/transparencia\/wp-json\/wp\/v2\/media?parent=4542"}],"wp:term":[{"taxonomy":"category","embeddable":true,"href":"https:\/\/transparenciaelectoral.org\/en\/transparencia\/wp-json\/wp\/v2\/categories?post=4542"},{"taxonomy":"post_tag","embeddable":true,"href":"https:\/\/transparenciaelectoral.org\/en\/transparencia\/wp-json\/wp\/v2\/tags?post=4542"}],"curies":[{"name":"wp","href":"https:\/\/api.w.org\/{rel}","templated":true}]}}