{"id":432,"date":"2016-03-02T12:35:45","date_gmt":"2016-03-02T12:35:45","guid":{"rendered":"https:\/\/transparenciaelectoral.org\/en\/transparencia\/\/?p=432"},"modified":"2023-12-04T10:24:21","modified_gmt":"2023-12-04T13:24:21","slug":"reforma-electoral-transparencia-electoral-se-reunio-con-el-gobierno","status":"publish","type":"post","link":"https:\/\/transparenciaelectoral.org\/en\/transparencia\/reforma-electoral-transparencia-electoral-se-reunio-con-el-gobierno\/","title":{"rendered":"Reforma Electoral: Transparencia Electoral se reuni\u00f3 con el Gobierno."},"content":{"rendered":"<p><a href=\"https:\/\/transparenciaelectoral.org\/en\/transparencia\/\/wp-content\/uploads\/2016\/03\/foto-ong-perez.jpg\"><img fetchpriority=\"high\" decoding=\"async\" class=\"aligncenter size-medium wp-image-433\" src=\"https:\/\/transparenciaelectoral.org\/en\/transparencia\/\/wp-content\/uploads\/2016\/03\/foto-ong-perez-300x178.jpg\" alt=\"foto ong perez\" width=\"300\" height=\"178\" \/><\/a><\/p>\n<p>El 29 de febrero el Ministro del Interior, Rogelio Frigerio y el Secretario de Asuntos Pol\u00edticos y Fortalecimiento Institucional, Adri\u00e1n P\u00e9rez; recibieron en Balcarce 50 a distintas organizaciones que se ocupan de la tem\u00e1tica electoral. Esto debido a que desde el Gobierno nacional se est\u00e1 impulsando una reforma electoral que pueda dar respuesta a los problemas que el sistema actual presenta.<\/p>\n<p>La agenda que promueve el Gobierno se centra en tres ejes: Implementaci\u00f3n de la boleta \u00fanica electr\u00f3nica (BUE), unificaci\u00f3n del calendario electoral y la creaci\u00f3n de una autoridad electoral independiente.<\/p>\n<p>Leandro Querido, Director Ejecutivo de Transparencia Electoral, consider\u00f3 que adem\u00e1s de estos ejes propuestos por el Gobierno y que son de suma importancia, tambi\u00e9n hay que incluir otros temas que resultan determinantes en los procesos electorales.<\/p>\n<p>Para Querido, \u201cel aporte concreto que podr\u00eda traer la implementaci\u00f3n de la boleta \u00fanica es la posibilidad de erradicar el robo de boletas\u201d. Sin embargo, se\u00f1al\u00f3 que en el 2015 esto no fue un problema ya que la fiscalizaci\u00f3n de los partidos y el trabajo de las ONGs disminuyeron esta pr\u00e1ctica en gran medida.<\/p>\n<p>Lo que a juicio de Querido s\u00ed es un problema es el tiempo que toma el escrutinio manual, que a veces se prolonga por varias horas y provoca errores en esta fase clave y representa tambi\u00e9n una ventana de oportunidad a la manipulaci\u00f3n de documentos electorales. La incorporaci\u00f3n de la boleta \u00fanica electr\u00f3nica resolver\u00eda este problema y simplificar\u00eda el proceso electoral.<\/p>\n<p>\u201cNo hay que temerle a la innovaci\u00f3n electoral y a la aplicaci\u00f3n de tecnolog\u00eda. Lo que se debe hacer es acompa\u00f1ar este proceso de cambio con control efectivo de parte de los partidos pol\u00edticos y la ciudadan\u00eda\u201d.<\/p>\n<h3><a href=\"https:\/\/transparenciaelectoral.org\/en\/transparencia\/\/wp-content\/uploads\/2016\/03\/29-2-Leandro-Querido-2.jpg\"><img decoding=\"async\" class=\"aligncenter size-medium wp-image-434\" src=\"https:\/\/transparenciaelectoral.org\/en\/transparencia\/\/wp-content\/uploads\/2016\/03\/29-2-Leandro-Querido-2-300x199.jpg\" alt=\"29-2 Leandro Querido-2\" width=\"300\" height=\"199\" \/><\/a><\/h3>\n<h3>Reforma electoral profunda<\/h3>\n<p>M\u00e1s all\u00e1 de los temas puestos en la agenda por parte del Gobierno nacional (boleta \u00fanica electr\u00f3nica, unificaci\u00f3n del calendario electoral y creaci\u00f3n de un ente electoral independiente del Poder Ejecutivo), Leandro Querido hizo un llamado a avanzar en una reforma electoral amplia y profunda \u201cque enfrente problemas como la campa\u00f1a anticipada, el financiamiento irregular, el uso de recursos p\u00fablicos con fines electorales, la trashumancia, los obst\u00e1culos a la paridad de g\u00e9nero, la ausencia de rendici\u00f3n de cuentas, el nulo acceso a la informaci\u00f3n, la debilidad de los partidos, el clientelismo y la cultura de la hegemon\u00eda y la violencia pol\u00edtica.\u201d<\/p>\n","protected":false},"excerpt":{"rendered":"<p>El 29 de febrero el Ministro del Interior, Rogelio Frigerio y el Secretario de Asuntos Pol\u00edticos y Fortalecimiento Institucional, Adri\u00e1n P\u00e9rez; recibieron en Balcarce 50 a distintas organizaciones que se &hellip;<\/p>\n","protected":false},"author":6,"featured_media":433,"comment_status":"closed","ping_status":"open","sticky":false,"template":"","format":"standard","meta":{"footnotes":""},"categories":[98,100,88,97],"tags":[128,129,104],"class_list":["post-432","post","type-post","status-publish","format-standard","has-post-thumbnail","hentry","category-argentina","category-noticias","category-novedades","category-slider","tag-reforma-electoral","tag-reforma-politica","tag-transparencia-electoral"],"yoast_head":"<!-- This site is optimized with the Yoast SEO plugin v27.4 - https:\/\/yoast.com\/product\/yoast-seo-wordpress\/ -->\n<title>Reforma Electoral: Transparencia Electoral se reuni\u00f3 con el Gobierno. - Transparencia Electoral<\/title>\n<meta name=\"robots\" content=\"index, follow, max-snippet:-1, max-image-preview:large, max-video-preview:-1\" \/>\n<link rel=\"canonical\" href=\"https:\/\/transparenciaelectoral.org\/en\/transparencia\/reforma-electoral-transparencia-electoral-se-reunio-con-el-gobierno\/\" \/>\n<meta property=\"og:locale\" content=\"es_ES\" \/>\n<meta property=\"og:type\" content=\"article\" \/>\n<meta property=\"og:title\" content=\"Reforma Electoral: Transparencia Electoral se reuni\u00f3 con el Gobierno. - Transparencia Electoral\" \/>\n<meta property=\"og:description\" content=\"El 29 de febrero el Ministro del Interior, Rogelio Frigerio y el Secretario de Asuntos Pol\u00edticos y Fortalecimiento Institucional, Adri\u00e1n P\u00e9rez; recibieron en Balcarce 50 a distintas organizaciones que se &hellip;\" \/>\n<meta property=\"og:url\" content=\"https:\/\/transparenciaelectoral.org\/en\/transparencia\/reforma-electoral-transparencia-electoral-se-reunio-con-el-gobierno\/\" \/>\n<meta property=\"og:site_name\" content=\"Transparencia Electoral\" \/>\n<meta property=\"article:publisher\" content=\"https:\/\/www.facebook.com\/Transparencia-Electoral-en-Am%c3%a9rica-latina-171661009688456\/\" \/>\n<meta property=\"article:published_time\" content=\"2016-03-02T12:35:45+00:00\" \/>\n<meta property=\"article:modified_time\" content=\"2023-12-04T13:24:21+00:00\" \/>\n<meta property=\"og:image\" content=\"https:\/\/transparenciaelectoral.org\/en\/transparencia\/wp-content\/uploads\/2016\/03\/foto-ong-perez-1-1.jpg\" \/>\n\t<meta property=\"og:image:width\" content=\"600\" \/>\n\t<meta property=\"og:image:height\" content=\"356\" \/>\n\t<meta property=\"og:image:type\" content=\"image\/jpeg\" \/>\n<meta name=\"author\" content=\"Transparencia Electoral\" \/>\n<meta name=\"twitter:card\" content=\"summary_large_image\" \/>\n<meta name=\"twitter:creator\" content=\"@TransparenciaAL\" \/>\n<meta name=\"twitter:site\" content=\"@TransparenciaAL\" \/>\n<meta name=\"twitter:label1\" content=\"Escrito por\" \/>\n\t<meta name=\"twitter:data1\" content=\"Transparencia Electoral\" \/>\n\t<meta name=\"twitter:label2\" content=\"Tiempo de lectura\" \/>\n\t<meta name=\"twitter:data2\" content=\"2 minutos\" \/>\n<script type=\"application\/ld+json\" class=\"yoast-schema-graph\">{\"@context\":\"https:\\\/\\\/schema.org\",\"@graph\":[{\"@type\":\"Article\",\"@id\":\"https:\\\/\\\/transparenciaelectoral.org\\\/en\\\/transparencia\\\/reforma-electoral-transparencia-electoral-se-reunio-con-el-gobierno\\\/#article\",\"isPartOf\":{\"@id\":\"https:\\\/\\\/transparenciaelectoral.org\\\/en\\\/transparencia\\\/reforma-electoral-transparencia-electoral-se-reunio-con-el-gobierno\\\/\"},\"author\":{\"name\":\"Transparencia Electoral\",\"@id\":\"https:\\\/\\\/transparenciaelectoral.org\\\/en\\\/transparencia\\\/#\\\/schema\\\/person\\\/63a97f81afd2c3820c6d9f262e27fe50\"},\"headline\":\"Reforma Electoral: Transparencia Electoral se reuni\u00f3 con el Gobierno.\",\"datePublished\":\"2016-03-02T12:35:45+00:00\",\"dateModified\":\"2023-12-04T13:24:21+00:00\",\"mainEntityOfPage\":{\"@id\":\"https:\\\/\\\/transparenciaelectoral.org\\\/en\\\/transparencia\\\/reforma-electoral-transparencia-electoral-se-reunio-con-el-gobierno\\\/\"},\"wordCount\":428,\"image\":{\"@id\":\"https:\\\/\\\/transparenciaelectoral.org\\\/en\\\/transparencia\\\/reforma-electoral-transparencia-electoral-se-reunio-con-el-gobierno\\\/#primaryimage\"},\"thumbnailUrl\":\"https:\\\/\\\/transparenciaelectoral.org\\\/en\\\/transparencia\\\/wp-content\\\/uploads\\\/2016\\\/03\\\/foto-ong-perez-1-1.jpg\",\"keywords\":[\"Reforma Electoral\",\"Reforma Pol\u00edtica\",\"Transparencia Electoral\"],\"articleSection\":[\"Argentina \ud83c\udde6\ud83c\uddf7\",\"Noticias\",\"Novedades\",\"Slider\"],\"inLanguage\":\"es\"},{\"@type\":\"WebPage\",\"@id\":\"https:\\\/\\\/transparenciaelectoral.org\\\/en\\\/transparencia\\\/reforma-electoral-transparencia-electoral-se-reunio-con-el-gobierno\\\/\",\"url\":\"https:\\\/\\\/transparenciaelectoral.org\\\/en\\\/transparencia\\\/reforma-electoral-transparencia-electoral-se-reunio-con-el-gobierno\\\/\",\"name\":\"Reforma Electoral: Transparencia Electoral se reuni\u00f3 con el Gobierno. - Transparencia Electoral\",\"isPartOf\":{\"@id\":\"https:\\\/\\\/transparenciaelectoral.org\\\/en\\\/transparencia\\\/#website\"},\"primaryImageOfPage\":{\"@id\":\"https:\\\/\\\/transparenciaelectoral.org\\\/en\\\/transparencia\\\/reforma-electoral-transparencia-electoral-se-reunio-con-el-gobierno\\\/#primaryimage\"},\"image\":{\"@id\":\"https:\\\/\\\/transparenciaelectoral.org\\\/en\\\/transparencia\\\/reforma-electoral-transparencia-electoral-se-reunio-con-el-gobierno\\\/#primaryimage\"},\"thumbnailUrl\":\"https:\\\/\\\/transparenciaelectoral.org\\\/en\\\/transparencia\\\/wp-content\\\/uploads\\\/2016\\\/03\\\/foto-ong-perez-1-1.jpg\",\"datePublished\":\"2016-03-02T12:35:45+00:00\",\"dateModified\":\"2023-12-04T13:24:21+00:00\",\"author\":{\"@id\":\"https:\\\/\\\/transparenciaelectoral.org\\\/en\\\/transparencia\\\/#\\\/schema\\\/person\\\/63a97f81afd2c3820c6d9f262e27fe50\"},\"breadcrumb\":{\"@id\":\"https:\\\/\\\/transparenciaelectoral.org\\\/en\\\/transparencia\\\/reforma-electoral-transparencia-electoral-se-reunio-con-el-gobierno\\\/#breadcrumb\"},\"inLanguage\":\"es\",\"potentialAction\":[{\"@type\":\"ReadAction\",\"target\":[\"https:\\\/\\\/transparenciaelectoral.org\\\/en\\\/transparencia\\\/reforma-electoral-transparencia-electoral-se-reunio-con-el-gobierno\\\/\"]}]},{\"@type\":\"ImageObject\",\"inLanguage\":\"es\",\"@id\":\"https:\\\/\\\/transparenciaelectoral.org\\\/en\\\/transparencia\\\/reforma-electoral-transparencia-electoral-se-reunio-con-el-gobierno\\\/#primaryimage\",\"url\":\"https:\\\/\\\/transparenciaelectoral.org\\\/en\\\/transparencia\\\/wp-content\\\/uploads\\\/2016\\\/03\\\/foto-ong-perez-1-1.jpg\",\"contentUrl\":\"https:\\\/\\\/transparenciaelectoral.org\\\/en\\\/transparencia\\\/wp-content\\\/uploads\\\/2016\\\/03\\\/foto-ong-perez-1-1.jpg\",\"width\":600,\"height\":356},{\"@type\":\"BreadcrumbList\",\"@id\":\"https:\\\/\\\/transparenciaelectoral.org\\\/en\\\/transparencia\\\/reforma-electoral-transparencia-electoral-se-reunio-con-el-gobierno\\\/#breadcrumb\",\"itemListElement\":[{\"@type\":\"ListItem\",\"position\":1,\"name\":\"Portada\",\"item\":\"https:\\\/\\\/transparenciaelectoral.org\\\/en\\\/transparencia\\\/\"},{\"@type\":\"ListItem\",\"position\":2,\"name\":\"Reforma Electoral: Transparencia Electoral se reuni\u00f3 con el Gobierno.\"}]},{\"@type\":\"WebSite\",\"@id\":\"https:\\\/\\\/transparenciaelectoral.org\\\/en\\\/transparencia\\\/#website\",\"url\":\"https:\\\/\\\/transparenciaelectoral.org\\\/en\\\/transparencia\\\/\",\"name\":\"Transparencia Electoral\",\"description\":\"\",\"potentialAction\":[{\"@type\":\"SearchAction\",\"target\":{\"@type\":\"EntryPoint\",\"urlTemplate\":\"https:\\\/\\\/transparenciaelectoral.org\\\/en\\\/transparencia\\\/?s={search_term_string}\"},\"query-input\":{\"@type\":\"PropertyValueSpecification\",\"valueRequired\":true,\"valueName\":\"search_term_string\"}}],\"inLanguage\":\"es\"},{\"@type\":\"Person\",\"@id\":\"https:\\\/\\\/transparenciaelectoral.org\\\/en\\\/transparencia\\\/#\\\/schema\\\/person\\\/63a97f81afd2c3820c6d9f262e27fe50\",\"name\":\"Transparencia Electoral\",\"image\":{\"@type\":\"ImageObject\",\"inLanguage\":\"es\",\"@id\":\"https:\\\/\\\/secure.gravatar.com\\\/avatar\\\/1c42efe425475a030aa093c633a2e79e264536eaa08d7fbfe52ebefcd52ab8a2?s=96&d=mm&r=g\",\"url\":\"https:\\\/\\\/secure.gravatar.com\\\/avatar\\\/1c42efe425475a030aa093c633a2e79e264536eaa08d7fbfe52ebefcd52ab8a2?s=96&d=mm&r=g\",\"contentUrl\":\"https:\\\/\\\/secure.gravatar.com\\\/avatar\\\/1c42efe425475a030aa093c633a2e79e264536eaa08d7fbfe52ebefcd52ab8a2?s=96&d=mm&r=g\",\"caption\":\"Transparencia Electoral\"},\"sameAs\":[\"https:\\\/\\\/transparenciaelectoral.org\\\/en\\\/transparencia\\\/\\\/\"]}]}<\/script>\n<!-- \/ Yoast SEO plugin. -->","yoast_head_json":{"title":"Reforma Electoral: Transparencia Electoral se reuni\u00f3 con el Gobierno. - Transparencia Electoral","robots":{"index":"index","follow":"follow","max-snippet":"max-snippet:-1","max-image-preview":"max-image-preview:large","max-video-preview":"max-video-preview:-1"},"canonical":"https:\/\/transparenciaelectoral.org\/en\/transparencia\/reforma-electoral-transparencia-electoral-se-reunio-con-el-gobierno\/","og_locale":"es_ES","og_type":"article","og_title":"Reforma Electoral: Transparencia Electoral se reuni\u00f3 con el Gobierno. - Transparencia Electoral","og_description":"El 29 de febrero el Ministro del Interior, Rogelio Frigerio y el Secretario de Asuntos Pol\u00edticos y Fortalecimiento Institucional, Adri\u00e1n P\u00e9rez; recibieron en Balcarce 50 a distintas organizaciones que se &hellip;","og_url":"https:\/\/transparenciaelectoral.org\/en\/transparencia\/reforma-electoral-transparencia-electoral-se-reunio-con-el-gobierno\/","og_site_name":"Transparencia Electoral","article_publisher":"https:\/\/www.facebook.com\/Transparencia-Electoral-en-Am%c3%a9rica-latina-171661009688456\/","article_published_time":"2016-03-02T12:35:45+00:00","article_modified_time":"2023-12-04T13:24:21+00:00","og_image":[{"width":600,"height":356,"url":"https:\/\/transparenciaelectoral.org\/en\/transparencia\/wp-content\/uploads\/2016\/03\/foto-ong-perez-1-1.jpg","type":"image\/jpeg"}],"author":"Transparencia Electoral","twitter_card":"summary_large_image","twitter_creator":"@TransparenciaAL","twitter_site":"@TransparenciaAL","twitter_misc":{"Escrito por":"Transparencia Electoral","Tiempo de lectura":"2 minutos"},"schema":{"@context":"https:\/\/schema.org","@graph":[{"@type":"Article","@id":"https:\/\/transparenciaelectoral.org\/en\/transparencia\/reforma-electoral-transparencia-electoral-se-reunio-con-el-gobierno\/#article","isPartOf":{"@id":"https:\/\/transparenciaelectoral.org\/en\/transparencia\/reforma-electoral-transparencia-electoral-se-reunio-con-el-gobierno\/"},"author":{"name":"Transparencia Electoral","@id":"https:\/\/transparenciaelectoral.org\/en\/transparencia\/#\/schema\/person\/63a97f81afd2c3820c6d9f262e27fe50"},"headline":"Reforma Electoral: Transparencia Electoral se reuni\u00f3 con el Gobierno.","datePublished":"2016-03-02T12:35:45+00:00","dateModified":"2023-12-04T13:24:21+00:00","mainEntityOfPage":{"@id":"https:\/\/transparenciaelectoral.org\/en\/transparencia\/reforma-electoral-transparencia-electoral-se-reunio-con-el-gobierno\/"},"wordCount":428,"image":{"@id":"https:\/\/transparenciaelectoral.org\/en\/transparencia\/reforma-electoral-transparencia-electoral-se-reunio-con-el-gobierno\/#primaryimage"},"thumbnailUrl":"https:\/\/transparenciaelectoral.org\/en\/transparencia\/wp-content\/uploads\/2016\/03\/foto-ong-perez-1-1.jpg","keywords":["Reforma Electoral","Reforma Pol\u00edtica","Transparencia Electoral"],"articleSection":["Argentina \ud83c\udde6\ud83c\uddf7","Noticias","Novedades","Slider"],"inLanguage":"es"},{"@type":"WebPage","@id":"https:\/\/transparenciaelectoral.org\/en\/transparencia\/reforma-electoral-transparencia-electoral-se-reunio-con-el-gobierno\/","url":"https:\/\/transparenciaelectoral.org\/en\/transparencia\/reforma-electoral-transparencia-electoral-se-reunio-con-el-gobierno\/","name":"Reforma Electoral: Transparencia Electoral se reuni\u00f3 con el Gobierno. - Transparencia Electoral","isPartOf":{"@id":"https:\/\/transparenciaelectoral.org\/en\/transparencia\/#website"},"primaryImageOfPage":{"@id":"https:\/\/transparenciaelectoral.org\/en\/transparencia\/reforma-electoral-transparencia-electoral-se-reunio-con-el-gobierno\/#primaryimage"},"image":{"@id":"https:\/\/transparenciaelectoral.org\/en\/transparencia\/reforma-electoral-transparencia-electoral-se-reunio-con-el-gobierno\/#primaryimage"},"thumbnailUrl":"https:\/\/transparenciaelectoral.org\/en\/transparencia\/wp-content\/uploads\/2016\/03\/foto-ong-perez-1-1.jpg","datePublished":"2016-03-02T12:35:45+00:00","dateModified":"2023-12-04T13:24:21+00:00","author":{"@id":"https:\/\/transparenciaelectoral.org\/en\/transparencia\/#\/schema\/person\/63a97f81afd2c3820c6d9f262e27fe50"},"breadcrumb":{"@id":"https:\/\/transparenciaelectoral.org\/en\/transparencia\/reforma-electoral-transparencia-electoral-se-reunio-con-el-gobierno\/#breadcrumb"},"inLanguage":"es","potentialAction":[{"@type":"ReadAction","target":["https:\/\/transparenciaelectoral.org\/en\/transparencia\/reforma-electoral-transparencia-electoral-se-reunio-con-el-gobierno\/"]}]},{"@type":"ImageObject","inLanguage":"es","@id":"https:\/\/transparenciaelectoral.org\/en\/transparencia\/reforma-electoral-transparencia-electoral-se-reunio-con-el-gobierno\/#primaryimage","url":"https:\/\/transparenciaelectoral.org\/en\/transparencia\/wp-content\/uploads\/2016\/03\/foto-ong-perez-1-1.jpg","contentUrl":"https:\/\/transparenciaelectoral.org\/en\/transparencia\/wp-content\/uploads\/2016\/03\/foto-ong-perez-1-1.jpg","width":600,"height":356},{"@type":"BreadcrumbList","@id":"https:\/\/transparenciaelectoral.org\/en\/transparencia\/reforma-electoral-transparencia-electoral-se-reunio-con-el-gobierno\/#breadcrumb","itemListElement":[{"@type":"ListItem","position":1,"name":"Portada","item":"https:\/\/transparenciaelectoral.org\/en\/transparencia\/"},{"@type":"ListItem","position":2,"name":"Reforma Electoral: Transparencia Electoral se reuni\u00f3 con el Gobierno."}]},{"@type":"WebSite","@id":"https:\/\/transparenciaelectoral.org\/en\/transparencia\/#website","url":"https:\/\/transparenciaelectoral.org\/en\/transparencia\/","name":"Transparencia Electoral","description":"","potentialAction":[{"@type":"SearchAction","target":{"@type":"EntryPoint","urlTemplate":"https:\/\/transparenciaelectoral.org\/en\/transparencia\/?s={search_term_string}"},"query-input":{"@type":"PropertyValueSpecification","valueRequired":true,"valueName":"search_term_string"}}],"inLanguage":"es"},{"@type":"Person","@id":"https:\/\/transparenciaelectoral.org\/en\/transparencia\/#\/schema\/person\/63a97f81afd2c3820c6d9f262e27fe50","name":"Transparencia Electoral","image":{"@type":"ImageObject","inLanguage":"es","@id":"https:\/\/secure.gravatar.com\/avatar\/1c42efe425475a030aa093c633a2e79e264536eaa08d7fbfe52ebefcd52ab8a2?s=96&d=mm&r=g","url":"https:\/\/secure.gravatar.com\/avatar\/1c42efe425475a030aa093c633a2e79e264536eaa08d7fbfe52ebefcd52ab8a2?s=96&d=mm&r=g","contentUrl":"https:\/\/secure.gravatar.com\/avatar\/1c42efe425475a030aa093c633a2e79e264536eaa08d7fbfe52ebefcd52ab8a2?s=96&d=mm&r=g","caption":"Transparencia Electoral"},"sameAs":["https:\/\/transparenciaelectoral.org\/en\/transparencia\/\/"]}]}},"_links":{"self":[{"href":"https:\/\/transparenciaelectoral.org\/en\/transparencia\/wp-json\/wp\/v2\/posts\/432","targetHints":{"allow":["GET"]}}],"collection":[{"href":"https:\/\/transparenciaelectoral.org\/en\/transparencia\/wp-json\/wp\/v2\/posts"}],"about":[{"href":"https:\/\/transparenciaelectoral.org\/en\/transparencia\/wp-json\/wp\/v2\/types\/post"}],"author":[{"embeddable":true,"href":"https:\/\/transparenciaelectoral.org\/en\/transparencia\/wp-json\/wp\/v2\/users\/6"}],"replies":[{"embeddable":true,"href":"https:\/\/transparenciaelectoral.org\/en\/transparencia\/wp-json\/wp\/v2\/comments?post=432"}],"version-history":[{"count":1,"href":"https:\/\/transparenciaelectoral.org\/en\/transparencia\/wp-json\/wp\/v2\/posts\/432\/revisions"}],"predecessor-version":[{"id":6007,"href":"https:\/\/transparenciaelectoral.org\/en\/transparencia\/wp-json\/wp\/v2\/posts\/432\/revisions\/6007"}],"wp:featuredmedia":[{"embeddable":true,"href":"https:\/\/transparenciaelectoral.org\/en\/transparencia\/wp-json\/wp\/v2\/media\/433"}],"wp:attachment":[{"href":"https:\/\/transparenciaelectoral.org\/en\/transparencia\/wp-json\/wp\/v2\/media?parent=432"}],"wp:term":[{"taxonomy":"category","embeddable":true,"href":"https:\/\/transparenciaelectoral.org\/en\/transparencia\/wp-json\/wp\/v2\/categories?post=432"},{"taxonomy":"post_tag","embeddable":true,"href":"https:\/\/transparenciaelectoral.org\/en\/transparencia\/wp-json\/wp\/v2\/tags?post=432"}],"curies":[{"name":"wp","href":"https:\/\/api.w.org\/{rel}","templated":true}]}}