{"id":4210,"date":"2020-05-28T12:35:11","date_gmt":"2020-05-28T12:35:11","guid":{"rendered":"https:\/\/transparenciaelectoral.org\/en\/transparencia\/\/?p=4210"},"modified":"2023-12-04T10:20:13","modified_gmt":"2023-12-04T13:20:13","slug":"francisco-guerrero-secretario-para-el-fortalecimiento-de-la-democracia-de-la-oea-brindo-una-conferencia-para-transparencia-electoral","status":"publish","type":"post","link":"https:\/\/transparenciaelectoral.org\/en\/transparencia\/francisco-guerrero-secretario-para-el-fortalecimiento-de-la-democracia-de-la-oea-brindo-una-conferencia-para-transparencia-electoral\/","title":{"rendered":"Francisco Guerrero, Secretario para el Fortalecimiento de la Democracia de la OEA, brind\u00f3 una conferencia para Transparencia Electoral"},"content":{"rendered":"<p>Este mi\u00e9rcoles el Secretario para el Fortalecimiento de la Democracia de la Organizaci\u00f3n de Estados Americanos, Francisco Guerrero, brind\u00f3 una conferencia para Transparencia Electoral.<\/p>\n<p>Guerrero abord\u00f3 los temas m\u00e1s apremiantes en un continente que atraviesa la crisis producto de la pandemia del COVID-19, y que ya sufr\u00eda lo que en su opini\u00f3n es el mayor problema, &#8220;el c\u00e1ncer de la desigualdad&#8221;.<\/p>\n<p>Indic\u00f3 que esta coyuntura debe alertarnos de que exist\u00edan graves amenazas a la salud y al bienestar, refiri\u00e9ndose a condiciones como la obesidad, la diabetes o la hipertensi\u00f3n, y que el coronavirus ha venido a confirmar que los sistemas de salud de los pa\u00edses de la regi\u00f3n deben fortalecerse.<\/p>\n<p>Asegur\u00f3 que el principal desaf\u00edo de esta nueva gesti\u00f3n de Luis Almagro, Secretario General de la OEA que tom\u00f3 posesi\u00f3n de su segundo mandato ayer, ser\u00e1 el preparar a la regi\u00f3n para los desaf\u00edos que van a resultar de la pandemia. Se\u00f1al\u00f3 que es fundamental que los gobiernos piensen en el futuro del trabajo y de la educaci\u00f3n, para preparar a las nuevas generaciones a este cambio de paradigma.<\/p>\n<p>Se mostr\u00f3 preocupado por el abuso de competencias de algunos Ejecutivos de la regi\u00f3n, y aclar\u00f3 que las medidas que se tomen durante el periodo de excepci\u00f3n deben ser siempre temporales y bien delimitadas: <span class=\"css-901oao css-16my406 r-1qd0xha r-ad9z0x r-bcqeeo r-qvutc0\">\u201cSi entramos democr\u00e1ticos a la pandemia, debemos salir a\u00fan m\u00e1s democr\u00e1ticos de la misma&#8221;. Para ello, recomend\u00f3 a los l\u00edderes que &#8220;la <\/span><span class=\"r-18u37iz\">Carta Democr\u00e1tica Interamericana<\/span><span class=\"css-901oao css-16my406 r-1qd0xha r-ad9z0x r-bcqeeo r-qvutc0\"> debe ser nuestra ruta de navegaci\u00f3n\u201d.<\/span><\/p>\n<p>Tambi\u00e9n se refiri\u00f3 a los desaf\u00edos de celebrar elecciones en este contexto, y asegur\u00f3 que el Departamento para la Cooperaci\u00f3n y Observaci\u00f3n Electoral de la OEA, liderado por Gerardo de Icaza, ya est\u00e1 trabajando en dise\u00f1ar metodolog\u00edas que puedan evaluar la implementaci\u00f3n de medidas sanitarias, y que las empezaron a poner en pr\u00e1ctica en la elecci\u00f3n de Surinam del pasado lunes, en la que desplegaron una misi\u00f3n de observaci\u00f3n electoral.<\/p>\n<p>Por \u00faltimo, destac\u00f3 el trabajo de Transparencia Electoral como una de las organizaciones de la sociedad civil aliadas de la OEA en el fortalecimiento democr\u00e1tico.<\/p>\n<p>&nbsp;<\/p>\n<p><iframe title=\"Conferencia de Francisco Guerrero sobre el papel de la OEA en el fortalecimiento democr\u00e1tico\" width=\"500\" height=\"281\" src=\"https:\/\/www.youtube.com\/embed\/Bv0w4qf0Du0?feature=oembed\" frameborder=\"0\" allow=\"accelerometer; autoplay; clipboard-write; encrypted-media; gyroscope; picture-in-picture; web-share\" referrerpolicy=\"strict-origin-when-cross-origin\" allowfullscreen><\/iframe><\/p>\n","protected":false},"excerpt":{"rendered":"<p>Este mi\u00e9rcoles el Secretario para el Fortalecimiento de la Democracia de la Organizaci\u00f3n de Estados Americanos, Francisco Guerrero, brind\u00f3 una conferencia para Transparencia Electoral. Guerrero abord\u00f3 los temas m\u00e1s apremiantes &hellip;<\/p>\n","protected":false},"author":6,"featured_media":4212,"comment_status":"closed","ping_status":"open","sticky":false,"template":"","format":"standard","meta":{"footnotes":""},"categories":[100],"tags":[104],"class_list":["post-4210","post","type-post","status-publish","format-standard","has-post-thumbnail","hentry","category-noticias","tag-transparencia-electoral"],"yoast_head":"<!-- This site is optimized with the Yoast SEO plugin v27.5 - https:\/\/yoast.com\/product\/yoast-seo-wordpress\/ -->\n<title>Francisco Guerrero, Secretario para el Fortalecimiento de la Democracia de la OEA, brind\u00f3 una conferencia para Transparencia Electoral - Transparencia Electoral<\/title>\n<meta name=\"robots\" content=\"index, follow, max-snippet:-1, max-image-preview:large, max-video-preview:-1\" \/>\n<link rel=\"canonical\" href=\"https:\/\/transparenciaelectoral.org\/en\/transparencia\/francisco-guerrero-secretario-para-el-fortalecimiento-de-la-democracia-de-la-oea-brindo-una-conferencia-para-transparencia-electoral\/\" \/>\n<meta property=\"og:locale\" content=\"es_ES\" \/>\n<meta property=\"og:type\" content=\"article\" \/>\n<meta property=\"og:title\" content=\"Francisco Guerrero, Secretario para el Fortalecimiento de la Democracia de la OEA, brind\u00f3 una conferencia para Transparencia Electoral - Transparencia Electoral\" \/>\n<meta property=\"og:description\" content=\"Este mi\u00e9rcoles el Secretario para el Fortalecimiento de la Democracia de la Organizaci\u00f3n de Estados Americanos, Francisco Guerrero, brind\u00f3 una conferencia para Transparencia Electoral. Guerrero abord\u00f3 los temas m\u00e1s apremiantes &hellip;\" \/>\n<meta property=\"og:url\" content=\"https:\/\/transparenciaelectoral.org\/en\/transparencia\/francisco-guerrero-secretario-para-el-fortalecimiento-de-la-democracia-de-la-oea-brindo-una-conferencia-para-transparencia-electoral\/\" \/>\n<meta property=\"og:site_name\" content=\"Transparencia Electoral\" \/>\n<meta property=\"article:publisher\" content=\"https:\/\/www.facebook.com\/Transparencia-Electoral-en-Am%c3%a9rica-latina-171661009688456\/\" \/>\n<meta property=\"article:published_time\" content=\"2020-05-28T12:35:11+00:00\" \/>\n<meta property=\"article:modified_time\" content=\"2023-12-04T13:20:13+00:00\" \/>\n<meta name=\"author\" content=\"Transparencia Electoral\" \/>\n<meta name=\"twitter:card\" content=\"summary_large_image\" \/>\n<meta name=\"twitter:creator\" content=\"@TransparenciaAL\" \/>\n<meta name=\"twitter:site\" content=\"@TransparenciaAL\" \/>\n<meta name=\"twitter:label1\" content=\"Escrito por\" \/>\n\t<meta name=\"twitter:data1\" content=\"Transparencia Electoral\" \/>\n\t<meta name=\"twitter:label2\" content=\"Tiempo de lectura\" \/>\n\t<meta name=\"twitter:data2\" content=\"2 minutos\" \/>\n<script type=\"application\/ld+json\" class=\"yoast-schema-graph\">{\"@context\":\"https:\\\/\\\/schema.org\",\"@graph\":[{\"@type\":\"Article\",\"@id\":\"https:\\\/\\\/transparenciaelectoral.org\\\/en\\\/transparencia\\\/francisco-guerrero-secretario-para-el-fortalecimiento-de-la-democracia-de-la-oea-brindo-una-conferencia-para-transparencia-electoral\\\/#article\",\"isPartOf\":{\"@id\":\"https:\\\/\\\/transparenciaelectoral.org\\\/en\\\/transparencia\\\/francisco-guerrero-secretario-para-el-fortalecimiento-de-la-democracia-de-la-oea-brindo-una-conferencia-para-transparencia-electoral\\\/\"},\"author\":{\"name\":\"Transparencia Electoral\",\"@id\":\"https:\\\/\\\/transparenciaelectoral.org\\\/en\\\/transparencia\\\/#\\\/schema\\\/person\\\/63a97f81afd2c3820c6d9f262e27fe50\"},\"headline\":\"Francisco Guerrero, Secretario para el Fortalecimiento de la Democracia de la OEA, brind\u00f3 una conferencia para Transparencia Electoral\",\"datePublished\":\"2020-05-28T12:35:11+00:00\",\"dateModified\":\"2023-12-04T13:20:13+00:00\",\"mainEntityOfPage\":{\"@id\":\"https:\\\/\\\/transparenciaelectoral.org\\\/en\\\/transparencia\\\/francisco-guerrero-secretario-para-el-fortalecimiento-de-la-democracia-de-la-oea-brindo-una-conferencia-para-transparencia-electoral\\\/\"},\"wordCount\":406,\"image\":{\"@id\":\"https:\\\/\\\/transparenciaelectoral.org\\\/en\\\/transparencia\\\/francisco-guerrero-secretario-para-el-fortalecimiento-de-la-democracia-de-la-oea-brindo-una-conferencia-para-transparencia-electoral\\\/#primaryimage\"},\"thumbnailUrl\":\"\",\"keywords\":[\"Transparencia Electoral\"],\"articleSection\":[\"Noticias\"],\"inLanguage\":\"es\"},{\"@type\":\"WebPage\",\"@id\":\"https:\\\/\\\/transparenciaelectoral.org\\\/en\\\/transparencia\\\/francisco-guerrero-secretario-para-el-fortalecimiento-de-la-democracia-de-la-oea-brindo-una-conferencia-para-transparencia-electoral\\\/\",\"url\":\"https:\\\/\\\/transparenciaelectoral.org\\\/en\\\/transparencia\\\/francisco-guerrero-secretario-para-el-fortalecimiento-de-la-democracia-de-la-oea-brindo-una-conferencia-para-transparencia-electoral\\\/\",\"name\":\"Francisco Guerrero, Secretario para el Fortalecimiento de la Democracia de la OEA, brind\u00f3 una conferencia para Transparencia Electoral - Transparencia Electoral\",\"isPartOf\":{\"@id\":\"https:\\\/\\\/transparenciaelectoral.org\\\/en\\\/transparencia\\\/#website\"},\"primaryImageOfPage\":{\"@id\":\"https:\\\/\\\/transparenciaelectoral.org\\\/en\\\/transparencia\\\/francisco-guerrero-secretario-para-el-fortalecimiento-de-la-democracia-de-la-oea-brindo-una-conferencia-para-transparencia-electoral\\\/#primaryimage\"},\"image\":{\"@id\":\"https:\\\/\\\/transparenciaelectoral.org\\\/en\\\/transparencia\\\/francisco-guerrero-secretario-para-el-fortalecimiento-de-la-democracia-de-la-oea-brindo-una-conferencia-para-transparencia-electoral\\\/#primaryimage\"},\"thumbnailUrl\":\"\",\"datePublished\":\"2020-05-28T12:35:11+00:00\",\"dateModified\":\"2023-12-04T13:20:13+00:00\",\"author\":{\"@id\":\"https:\\\/\\\/transparenciaelectoral.org\\\/en\\\/transparencia\\\/#\\\/schema\\\/person\\\/63a97f81afd2c3820c6d9f262e27fe50\"},\"breadcrumb\":{\"@id\":\"https:\\\/\\\/transparenciaelectoral.org\\\/en\\\/transparencia\\\/francisco-guerrero-secretario-para-el-fortalecimiento-de-la-democracia-de-la-oea-brindo-una-conferencia-para-transparencia-electoral\\\/#breadcrumb\"},\"inLanguage\":\"es\",\"potentialAction\":[{\"@type\":\"ReadAction\",\"target\":[\"https:\\\/\\\/transparenciaelectoral.org\\\/en\\\/transparencia\\\/francisco-guerrero-secretario-para-el-fortalecimiento-de-la-democracia-de-la-oea-brindo-una-conferencia-para-transparencia-electoral\\\/\"]}]},{\"@type\":\"ImageObject\",\"inLanguage\":\"es\",\"@id\":\"https:\\\/\\\/transparenciaelectoral.org\\\/en\\\/transparencia\\\/francisco-guerrero-secretario-para-el-fortalecimiento-de-la-democracia-de-la-oea-brindo-una-conferencia-para-transparencia-electoral\\\/#primaryimage\",\"url\":\"\",\"contentUrl\":\"\"},{\"@type\":\"BreadcrumbList\",\"@id\":\"https:\\\/\\\/transparenciaelectoral.org\\\/en\\\/transparencia\\\/francisco-guerrero-secretario-para-el-fortalecimiento-de-la-democracia-de-la-oea-brindo-una-conferencia-para-transparencia-electoral\\\/#breadcrumb\",\"itemListElement\":[{\"@type\":\"ListItem\",\"position\":1,\"name\":\"Portada\",\"item\":\"https:\\\/\\\/transparenciaelectoral.org\\\/en\\\/transparencia\\\/\"},{\"@type\":\"ListItem\",\"position\":2,\"name\":\"Francisco Guerrero, Secretario para el Fortalecimiento de la Democracia de la OEA, brind\u00f3 una conferencia para Transparencia Electoral\"}]},{\"@type\":\"WebSite\",\"@id\":\"https:\\\/\\\/transparenciaelectoral.org\\\/en\\\/transparencia\\\/#website\",\"url\":\"https:\\\/\\\/transparenciaelectoral.org\\\/en\\\/transparencia\\\/\",\"name\":\"Transparencia Electoral\",\"description\":\"\",\"potentialAction\":[{\"@type\":\"SearchAction\",\"target\":{\"@type\":\"EntryPoint\",\"urlTemplate\":\"https:\\\/\\\/transparenciaelectoral.org\\\/en\\\/transparencia\\\/?s={search_term_string}\"},\"query-input\":{\"@type\":\"PropertyValueSpecification\",\"valueRequired\":true,\"valueName\":\"search_term_string\"}}],\"inLanguage\":\"es\"},{\"@type\":\"Person\",\"@id\":\"https:\\\/\\\/transparenciaelectoral.org\\\/en\\\/transparencia\\\/#\\\/schema\\\/person\\\/63a97f81afd2c3820c6d9f262e27fe50\",\"name\":\"Transparencia Electoral\",\"image\":{\"@type\":\"ImageObject\",\"inLanguage\":\"es\",\"@id\":\"https:\\\/\\\/secure.gravatar.com\\\/avatar\\\/1c42efe425475a030aa093c633a2e79e264536eaa08d7fbfe52ebefcd52ab8a2?s=96&d=mm&r=g\",\"url\":\"https:\\\/\\\/secure.gravatar.com\\\/avatar\\\/1c42efe425475a030aa093c633a2e79e264536eaa08d7fbfe52ebefcd52ab8a2?s=96&d=mm&r=g\",\"contentUrl\":\"https:\\\/\\\/secure.gravatar.com\\\/avatar\\\/1c42efe425475a030aa093c633a2e79e264536eaa08d7fbfe52ebefcd52ab8a2?s=96&d=mm&r=g\",\"caption\":\"Transparencia Electoral\"},\"sameAs\":[\"https:\\\/\\\/transparenciaelectoral.org\\\/en\\\/transparencia\\\/\\\/\"]}]}<\/script>\n<!-- \/ Yoast SEO plugin. -->","yoast_head_json":{"title":"Francisco Guerrero, Secretario para el Fortalecimiento de la Democracia de la OEA, brind\u00f3 una conferencia para Transparencia Electoral - Transparencia Electoral","robots":{"index":"index","follow":"follow","max-snippet":"max-snippet:-1","max-image-preview":"max-image-preview:large","max-video-preview":"max-video-preview:-1"},"canonical":"https:\/\/transparenciaelectoral.org\/en\/transparencia\/francisco-guerrero-secretario-para-el-fortalecimiento-de-la-democracia-de-la-oea-brindo-una-conferencia-para-transparencia-electoral\/","og_locale":"es_ES","og_type":"article","og_title":"Francisco Guerrero, Secretario para el Fortalecimiento de la Democracia de la OEA, brind\u00f3 una conferencia para Transparencia Electoral - Transparencia Electoral","og_description":"Este mi\u00e9rcoles el Secretario para el Fortalecimiento de la Democracia de la Organizaci\u00f3n de Estados Americanos, Francisco Guerrero, brind\u00f3 una conferencia para Transparencia Electoral. Guerrero abord\u00f3 los temas m\u00e1s apremiantes &hellip;","og_url":"https:\/\/transparenciaelectoral.org\/en\/transparencia\/francisco-guerrero-secretario-para-el-fortalecimiento-de-la-democracia-de-la-oea-brindo-una-conferencia-para-transparencia-electoral\/","og_site_name":"Transparencia Electoral","article_publisher":"https:\/\/www.facebook.com\/Transparencia-Electoral-en-Am%c3%a9rica-latina-171661009688456\/","article_published_time":"2020-05-28T12:35:11+00:00","article_modified_time":"2023-12-04T13:20:13+00:00","author":"Transparencia Electoral","twitter_card":"summary_large_image","twitter_creator":"@TransparenciaAL","twitter_site":"@TransparenciaAL","twitter_misc":{"Escrito por":"Transparencia Electoral","Tiempo de lectura":"2 minutos"},"schema":{"@context":"https:\/\/schema.org","@graph":[{"@type":"Article","@id":"https:\/\/transparenciaelectoral.org\/en\/transparencia\/francisco-guerrero-secretario-para-el-fortalecimiento-de-la-democracia-de-la-oea-brindo-una-conferencia-para-transparencia-electoral\/#article","isPartOf":{"@id":"https:\/\/transparenciaelectoral.org\/en\/transparencia\/francisco-guerrero-secretario-para-el-fortalecimiento-de-la-democracia-de-la-oea-brindo-una-conferencia-para-transparencia-electoral\/"},"author":{"name":"Transparencia Electoral","@id":"https:\/\/transparenciaelectoral.org\/en\/transparencia\/#\/schema\/person\/63a97f81afd2c3820c6d9f262e27fe50"},"headline":"Francisco Guerrero, Secretario para el Fortalecimiento de la Democracia de la OEA, brind\u00f3 una conferencia para Transparencia Electoral","datePublished":"2020-05-28T12:35:11+00:00","dateModified":"2023-12-04T13:20:13+00:00","mainEntityOfPage":{"@id":"https:\/\/transparenciaelectoral.org\/en\/transparencia\/francisco-guerrero-secretario-para-el-fortalecimiento-de-la-democracia-de-la-oea-brindo-una-conferencia-para-transparencia-electoral\/"},"wordCount":406,"image":{"@id":"https:\/\/transparenciaelectoral.org\/en\/transparencia\/francisco-guerrero-secretario-para-el-fortalecimiento-de-la-democracia-de-la-oea-brindo-una-conferencia-para-transparencia-electoral\/#primaryimage"},"thumbnailUrl":"","keywords":["Transparencia Electoral"],"articleSection":["Noticias"],"inLanguage":"es"},{"@type":"WebPage","@id":"https:\/\/transparenciaelectoral.org\/en\/transparencia\/francisco-guerrero-secretario-para-el-fortalecimiento-de-la-democracia-de-la-oea-brindo-una-conferencia-para-transparencia-electoral\/","url":"https:\/\/transparenciaelectoral.org\/en\/transparencia\/francisco-guerrero-secretario-para-el-fortalecimiento-de-la-democracia-de-la-oea-brindo-una-conferencia-para-transparencia-electoral\/","name":"Francisco Guerrero, Secretario para el Fortalecimiento de la Democracia de la OEA, brind\u00f3 una conferencia para Transparencia Electoral - Transparencia Electoral","isPartOf":{"@id":"https:\/\/transparenciaelectoral.org\/en\/transparencia\/#website"},"primaryImageOfPage":{"@id":"https:\/\/transparenciaelectoral.org\/en\/transparencia\/francisco-guerrero-secretario-para-el-fortalecimiento-de-la-democracia-de-la-oea-brindo-una-conferencia-para-transparencia-electoral\/#primaryimage"},"image":{"@id":"https:\/\/transparenciaelectoral.org\/en\/transparencia\/francisco-guerrero-secretario-para-el-fortalecimiento-de-la-democracia-de-la-oea-brindo-una-conferencia-para-transparencia-electoral\/#primaryimage"},"thumbnailUrl":"","datePublished":"2020-05-28T12:35:11+00:00","dateModified":"2023-12-04T13:20:13+00:00","author":{"@id":"https:\/\/transparenciaelectoral.org\/en\/transparencia\/#\/schema\/person\/63a97f81afd2c3820c6d9f262e27fe50"},"breadcrumb":{"@id":"https:\/\/transparenciaelectoral.org\/en\/transparencia\/francisco-guerrero-secretario-para-el-fortalecimiento-de-la-democracia-de-la-oea-brindo-una-conferencia-para-transparencia-electoral\/#breadcrumb"},"inLanguage":"es","potentialAction":[{"@type":"ReadAction","target":["https:\/\/transparenciaelectoral.org\/en\/transparencia\/francisco-guerrero-secretario-para-el-fortalecimiento-de-la-democracia-de-la-oea-brindo-una-conferencia-para-transparencia-electoral\/"]}]},{"@type":"ImageObject","inLanguage":"es","@id":"https:\/\/transparenciaelectoral.org\/en\/transparencia\/francisco-guerrero-secretario-para-el-fortalecimiento-de-la-democracia-de-la-oea-brindo-una-conferencia-para-transparencia-electoral\/#primaryimage","url":"","contentUrl":""},{"@type":"BreadcrumbList","@id":"https:\/\/transparenciaelectoral.org\/en\/transparencia\/francisco-guerrero-secretario-para-el-fortalecimiento-de-la-democracia-de-la-oea-brindo-una-conferencia-para-transparencia-electoral\/#breadcrumb","itemListElement":[{"@type":"ListItem","position":1,"name":"Portada","item":"https:\/\/transparenciaelectoral.org\/en\/transparencia\/"},{"@type":"ListItem","position":2,"name":"Francisco Guerrero, Secretario para el Fortalecimiento de la Democracia de la OEA, brind\u00f3 una conferencia para Transparencia Electoral"}]},{"@type":"WebSite","@id":"https:\/\/transparenciaelectoral.org\/en\/transparencia\/#website","url":"https:\/\/transparenciaelectoral.org\/en\/transparencia\/","name":"Transparencia Electoral","description":"","potentialAction":[{"@type":"SearchAction","target":{"@type":"EntryPoint","urlTemplate":"https:\/\/transparenciaelectoral.org\/en\/transparencia\/?s={search_term_string}"},"query-input":{"@type":"PropertyValueSpecification","valueRequired":true,"valueName":"search_term_string"}}],"inLanguage":"es"},{"@type":"Person","@id":"https:\/\/transparenciaelectoral.org\/en\/transparencia\/#\/schema\/person\/63a97f81afd2c3820c6d9f262e27fe50","name":"Transparencia Electoral","image":{"@type":"ImageObject","inLanguage":"es","@id":"https:\/\/secure.gravatar.com\/avatar\/1c42efe425475a030aa093c633a2e79e264536eaa08d7fbfe52ebefcd52ab8a2?s=96&d=mm&r=g","url":"https:\/\/secure.gravatar.com\/avatar\/1c42efe425475a030aa093c633a2e79e264536eaa08d7fbfe52ebefcd52ab8a2?s=96&d=mm&r=g","contentUrl":"https:\/\/secure.gravatar.com\/avatar\/1c42efe425475a030aa093c633a2e79e264536eaa08d7fbfe52ebefcd52ab8a2?s=96&d=mm&r=g","caption":"Transparencia Electoral"},"sameAs":["https:\/\/transparenciaelectoral.org\/en\/transparencia\/\/"]}]}},"_links":{"self":[{"href":"https:\/\/transparenciaelectoral.org\/en\/transparencia\/wp-json\/wp\/v2\/posts\/4210","targetHints":{"allow":["GET"]}}],"collection":[{"href":"https:\/\/transparenciaelectoral.org\/en\/transparencia\/wp-json\/wp\/v2\/posts"}],"about":[{"href":"https:\/\/transparenciaelectoral.org\/en\/transparencia\/wp-json\/wp\/v2\/types\/post"}],"author":[{"embeddable":true,"href":"https:\/\/transparenciaelectoral.org\/en\/transparencia\/wp-json\/wp\/v2\/users\/6"}],"replies":[{"embeddable":true,"href":"https:\/\/transparenciaelectoral.org\/en\/transparencia\/wp-json\/wp\/v2\/comments?post=4210"}],"version-history":[{"count":1,"href":"https:\/\/transparenciaelectoral.org\/en\/transparencia\/wp-json\/wp\/v2\/posts\/4210\/revisions"}],"predecessor-version":[{"id":5779,"href":"https:\/\/transparenciaelectoral.org\/en\/transparencia\/wp-json\/wp\/v2\/posts\/4210\/revisions\/5779"}],"wp:featuredmedia":[{"embeddable":true,"href":"https:\/\/transparenciaelectoral.org\/en\/transparencia\/wp-json\/"}],"wp:attachment":[{"href":"https:\/\/transparenciaelectoral.org\/en\/transparencia\/wp-json\/wp\/v2\/media?parent=4210"}],"wp:term":[{"taxonomy":"category","embeddable":true,"href":"https:\/\/transparenciaelectoral.org\/en\/transparencia\/wp-json\/wp\/v2\/categories?post=4210"},{"taxonomy":"post_tag","embeddable":true,"href":"https:\/\/transparenciaelectoral.org\/en\/transparencia\/wp-json\/wp\/v2\/tags?post=4210"}],"curies":[{"name":"wp","href":"https:\/\/api.w.org\/{rel}","templated":true}]}}