{"id":4151,"date":"2020-05-19T13:37:37","date_gmt":"2020-05-19T13:37:37","guid":{"rendered":"https:\/\/transparenciaelectoral.org\/en\/transparencia\/\/?p=4151"},"modified":"2023-12-04T10:20:14","modified_gmt":"2023-12-04T13:20:14","slug":"el-secretario-general-de-idea-internacional-kevin-casas-brindo-la-conferencia-los-desafios-de-la-democracia-en-el-contexto-del-covid-19","status":"publish","type":"post","link":"https:\/\/transparenciaelectoral.org\/en\/transparencia\/el-secretario-general-de-idea-internacional-kevin-casas-brindo-la-conferencia-los-desafios-de-la-democracia-en-el-contexto-del-covid-19\/","title":{"rendered":"El Secretario General de IDEA Internacional, Kevin Casas, brind\u00f3 la conferencia &#8220;Los desaf\u00edos de la democracia en el contexto del COVID-19&#8221;"},"content":{"rendered":"<p>El Secretario General de IDEA Internacional, Kevin Casas, brind\u00f3 una conferencia para Transparencia Electoral este lunes.<\/p>\n<p>La misma se titul\u00f3 &#8220;Los desaf\u00edos de la democracia en el contexto del COVID-19&#8221;, y en ella abord\u00f3 temas como las dificultades para la realizaci\u00f3n de elecciones ante la amenaza de contagios, o la creciente preocupaci\u00f3n por el abuso de ciertos Ejecutivos, no solo de Am\u00e9rica latina sino del mundo, que est\u00e1n asumiendo facultades propias de los congresos, o que est\u00e1n usando la figura del Estado de Emergencia para avanzar con medidas que atentan contra la libertad de expresi\u00f3n o contra otros derechos fundamentales.<\/p>\n<p>Consider\u00f3 que es fundamental que estas licencias sean otorgadas a los gobernantes con sus\u00a0 respectivas limitaciones, ya sea en tiempo o en mecanismos de control, de manera de que no se extralimiten en sus funciones.<\/p>\n<p>Tambi\u00e9n habl\u00f3 del papel de IDEA Internacional y de organizaciones de la sociedad civil, como Transparencia Electoral, en la promoci\u00f3n de la gobernanza democr\u00e1tica y la asistencia t\u00e9cnica electoral.<\/p>\n<p><iframe title=\"Conferencia de Kevin Casas &quot;Desaf\u00edos de la democracia en el contexto del COVID-19&quot;\" width=\"500\" height=\"281\" src=\"https:\/\/www.youtube.com\/embed\/BSvN1_Dwwwc?feature=oembed\" frameborder=\"0\" allow=\"accelerometer; autoplay; clipboard-write; encrypted-media; gyroscope; picture-in-picture; web-share\" referrerpolicy=\"strict-origin-when-cross-origin\" allowfullscreen><\/iframe><\/p>\n<p>&nbsp;<\/p>\n","protected":false},"excerpt":{"rendered":"<p>El Secretario General de IDEA Internacional, Kevin Casas, brind\u00f3 una conferencia para Transparencia Electoral este lunes. La misma se titul\u00f3 &#8220;Los desaf\u00edos de la democracia en el contexto del COVID-19&#8221;, &hellip;<\/p>\n","protected":false},"author":6,"featured_media":4154,"comment_status":"closed","ping_status":"open","sticky":false,"template":"","format":"standard","meta":{"footnotes":""},"categories":[100],"tags":[104],"class_list":["post-4151","post","type-post","status-publish","format-standard","has-post-thumbnail","hentry","category-noticias","tag-transparencia-electoral"],"yoast_head":"<!-- This site is optimized with the Yoast SEO plugin v27.5 - https:\/\/yoast.com\/product\/yoast-seo-wordpress\/ -->\n<title>El Secretario General de IDEA Internacional, Kevin Casas, brind\u00f3 la conferencia &quot;Los desaf\u00edos de la democracia en el contexto del COVID-19&quot; - Transparencia Electoral<\/title>\n<meta name=\"robots\" content=\"index, follow, max-snippet:-1, max-image-preview:large, max-video-preview:-1\" \/>\n<link rel=\"canonical\" href=\"https:\/\/transparenciaelectoral.org\/en\/transparencia\/el-secretario-general-de-idea-internacional-kevin-casas-brindo-la-conferencia-los-desafios-de-la-democracia-en-el-contexto-del-covid-19\/\" \/>\n<meta property=\"og:locale\" content=\"es_ES\" \/>\n<meta property=\"og:type\" content=\"article\" \/>\n<meta property=\"og:title\" content=\"El Secretario General de IDEA Internacional, Kevin Casas, brind\u00f3 la conferencia &quot;Los desaf\u00edos de la democracia en el contexto del COVID-19&quot; - Transparencia Electoral\" \/>\n<meta property=\"og:description\" content=\"El Secretario General de IDEA Internacional, Kevin Casas, brind\u00f3 una conferencia para Transparencia Electoral este lunes. La misma se titul\u00f3 &#8220;Los desaf\u00edos de la democracia en el contexto del COVID-19&#8221;, &hellip;\" \/>\n<meta property=\"og:url\" content=\"https:\/\/transparenciaelectoral.org\/en\/transparencia\/el-secretario-general-de-idea-internacional-kevin-casas-brindo-la-conferencia-los-desafios-de-la-democracia-en-el-contexto-del-covid-19\/\" \/>\n<meta property=\"og:site_name\" content=\"Transparencia Electoral\" \/>\n<meta property=\"article:publisher\" content=\"https:\/\/www.facebook.com\/Transparencia-Electoral-en-Am%c3%a9rica-latina-171661009688456\/\" \/>\n<meta property=\"article:published_time\" content=\"2020-05-19T13:37:37+00:00\" \/>\n<meta property=\"article:modified_time\" content=\"2023-12-04T13:20:14+00:00\" \/>\n<meta name=\"author\" content=\"Transparencia Electoral\" \/>\n<meta name=\"twitter:card\" content=\"summary_large_image\" \/>\n<meta name=\"twitter:creator\" content=\"@TransparenciaAL\" \/>\n<meta name=\"twitter:site\" content=\"@TransparenciaAL\" \/>\n<meta name=\"twitter:label1\" content=\"Escrito por\" \/>\n\t<meta name=\"twitter:data1\" content=\"Transparencia Electoral\" \/>\n\t<meta name=\"twitter:label2\" content=\"Tiempo de lectura\" \/>\n\t<meta name=\"twitter:data2\" content=\"1 minuto\" \/>\n<script type=\"application\/ld+json\" class=\"yoast-schema-graph\">{\"@context\":\"https:\\\/\\\/schema.org\",\"@graph\":[{\"@type\":\"Article\",\"@id\":\"https:\\\/\\\/transparenciaelectoral.org\\\/en\\\/transparencia\\\/el-secretario-general-de-idea-internacional-kevin-casas-brindo-la-conferencia-los-desafios-de-la-democracia-en-el-contexto-del-covid-19\\\/#article\",\"isPartOf\":{\"@id\":\"https:\\\/\\\/transparenciaelectoral.org\\\/en\\\/transparencia\\\/el-secretario-general-de-idea-internacional-kevin-casas-brindo-la-conferencia-los-desafios-de-la-democracia-en-el-contexto-del-covid-19\\\/\"},\"author\":{\"name\":\"Transparencia Electoral\",\"@id\":\"https:\\\/\\\/transparenciaelectoral.org\\\/en\\\/transparencia\\\/#\\\/schema\\\/person\\\/63a97f81afd2c3820c6d9f262e27fe50\"},\"headline\":\"El Secretario General de IDEA Internacional, Kevin Casas, brind\u00f3 la conferencia &#8220;Los desaf\u00edos de la democracia en el contexto del COVID-19&#8221;\",\"datePublished\":\"2020-05-19T13:37:37+00:00\",\"dateModified\":\"2023-12-04T13:20:14+00:00\",\"mainEntityOfPage\":{\"@id\":\"https:\\\/\\\/transparenciaelectoral.org\\\/en\\\/transparencia\\\/el-secretario-general-de-idea-internacional-kevin-casas-brindo-la-conferencia-los-desafios-de-la-democracia-en-el-contexto-del-covid-19\\\/\"},\"wordCount\":205,\"image\":{\"@id\":\"https:\\\/\\\/transparenciaelectoral.org\\\/en\\\/transparencia\\\/el-secretario-general-de-idea-internacional-kevin-casas-brindo-la-conferencia-los-desafios-de-la-democracia-en-el-contexto-del-covid-19\\\/#primaryimage\"},\"thumbnailUrl\":\"\",\"keywords\":[\"Transparencia Electoral\"],\"articleSection\":[\"Noticias\"],\"inLanguage\":\"es\"},{\"@type\":\"WebPage\",\"@id\":\"https:\\\/\\\/transparenciaelectoral.org\\\/en\\\/transparencia\\\/el-secretario-general-de-idea-internacional-kevin-casas-brindo-la-conferencia-los-desafios-de-la-democracia-en-el-contexto-del-covid-19\\\/\",\"url\":\"https:\\\/\\\/transparenciaelectoral.org\\\/en\\\/transparencia\\\/el-secretario-general-de-idea-internacional-kevin-casas-brindo-la-conferencia-los-desafios-de-la-democracia-en-el-contexto-del-covid-19\\\/\",\"name\":\"El Secretario General de IDEA Internacional, Kevin Casas, brind\u00f3 la conferencia \\\"Los desaf\u00edos de la democracia en el contexto del COVID-19\\\" - Transparencia Electoral\",\"isPartOf\":{\"@id\":\"https:\\\/\\\/transparenciaelectoral.org\\\/en\\\/transparencia\\\/#website\"},\"primaryImageOfPage\":{\"@id\":\"https:\\\/\\\/transparenciaelectoral.org\\\/en\\\/transparencia\\\/el-secretario-general-de-idea-internacional-kevin-casas-brindo-la-conferencia-los-desafios-de-la-democracia-en-el-contexto-del-covid-19\\\/#primaryimage\"},\"image\":{\"@id\":\"https:\\\/\\\/transparenciaelectoral.org\\\/en\\\/transparencia\\\/el-secretario-general-de-idea-internacional-kevin-casas-brindo-la-conferencia-los-desafios-de-la-democracia-en-el-contexto-del-covid-19\\\/#primaryimage\"},\"thumbnailUrl\":\"\",\"datePublished\":\"2020-05-19T13:37:37+00:00\",\"dateModified\":\"2023-12-04T13:20:14+00:00\",\"author\":{\"@id\":\"https:\\\/\\\/transparenciaelectoral.org\\\/en\\\/transparencia\\\/#\\\/schema\\\/person\\\/63a97f81afd2c3820c6d9f262e27fe50\"},\"breadcrumb\":{\"@id\":\"https:\\\/\\\/transparenciaelectoral.org\\\/en\\\/transparencia\\\/el-secretario-general-de-idea-internacional-kevin-casas-brindo-la-conferencia-los-desafios-de-la-democracia-en-el-contexto-del-covid-19\\\/#breadcrumb\"},\"inLanguage\":\"es\",\"potentialAction\":[{\"@type\":\"ReadAction\",\"target\":[\"https:\\\/\\\/transparenciaelectoral.org\\\/en\\\/transparencia\\\/el-secretario-general-de-idea-internacional-kevin-casas-brindo-la-conferencia-los-desafios-de-la-democracia-en-el-contexto-del-covid-19\\\/\"]}]},{\"@type\":\"ImageObject\",\"inLanguage\":\"es\",\"@id\":\"https:\\\/\\\/transparenciaelectoral.org\\\/en\\\/transparencia\\\/el-secretario-general-de-idea-internacional-kevin-casas-brindo-la-conferencia-los-desafios-de-la-democracia-en-el-contexto-del-covid-19\\\/#primaryimage\",\"url\":\"\",\"contentUrl\":\"\"},{\"@type\":\"BreadcrumbList\",\"@id\":\"https:\\\/\\\/transparenciaelectoral.org\\\/en\\\/transparencia\\\/el-secretario-general-de-idea-internacional-kevin-casas-brindo-la-conferencia-los-desafios-de-la-democracia-en-el-contexto-del-covid-19\\\/#breadcrumb\",\"itemListElement\":[{\"@type\":\"ListItem\",\"position\":1,\"name\":\"Portada\",\"item\":\"https:\\\/\\\/transparenciaelectoral.org\\\/en\\\/transparencia\\\/\"},{\"@type\":\"ListItem\",\"position\":2,\"name\":\"El Secretario General de IDEA Internacional, Kevin Casas, brind\u00f3 la conferencia &#8220;Los desaf\u00edos de la democracia en el contexto del COVID-19&#8221;\"}]},{\"@type\":\"WebSite\",\"@id\":\"https:\\\/\\\/transparenciaelectoral.org\\\/en\\\/transparencia\\\/#website\",\"url\":\"https:\\\/\\\/transparenciaelectoral.org\\\/en\\\/transparencia\\\/\",\"name\":\"Transparencia Electoral\",\"description\":\"\",\"potentialAction\":[{\"@type\":\"SearchAction\",\"target\":{\"@type\":\"EntryPoint\",\"urlTemplate\":\"https:\\\/\\\/transparenciaelectoral.org\\\/en\\\/transparencia\\\/?s={search_term_string}\"},\"query-input\":{\"@type\":\"PropertyValueSpecification\",\"valueRequired\":true,\"valueName\":\"search_term_string\"}}],\"inLanguage\":\"es\"},{\"@type\":\"Person\",\"@id\":\"https:\\\/\\\/transparenciaelectoral.org\\\/en\\\/transparencia\\\/#\\\/schema\\\/person\\\/63a97f81afd2c3820c6d9f262e27fe50\",\"name\":\"Transparencia Electoral\",\"image\":{\"@type\":\"ImageObject\",\"inLanguage\":\"es\",\"@id\":\"https:\\\/\\\/secure.gravatar.com\\\/avatar\\\/1c42efe425475a030aa093c633a2e79e264536eaa08d7fbfe52ebefcd52ab8a2?s=96&d=mm&r=g\",\"url\":\"https:\\\/\\\/secure.gravatar.com\\\/avatar\\\/1c42efe425475a030aa093c633a2e79e264536eaa08d7fbfe52ebefcd52ab8a2?s=96&d=mm&r=g\",\"contentUrl\":\"https:\\\/\\\/secure.gravatar.com\\\/avatar\\\/1c42efe425475a030aa093c633a2e79e264536eaa08d7fbfe52ebefcd52ab8a2?s=96&d=mm&r=g\",\"caption\":\"Transparencia Electoral\"},\"sameAs\":[\"https:\\\/\\\/transparenciaelectoral.org\\\/en\\\/transparencia\\\/\\\/\"]}]}<\/script>\n<!-- \/ Yoast SEO plugin. -->","yoast_head_json":{"title":"El Secretario General de IDEA Internacional, Kevin Casas, brind\u00f3 la conferencia \"Los desaf\u00edos de la democracia en el contexto del COVID-19\" - Transparencia Electoral","robots":{"index":"index","follow":"follow","max-snippet":"max-snippet:-1","max-image-preview":"max-image-preview:large","max-video-preview":"max-video-preview:-1"},"canonical":"https:\/\/transparenciaelectoral.org\/en\/transparencia\/el-secretario-general-de-idea-internacional-kevin-casas-brindo-la-conferencia-los-desafios-de-la-democracia-en-el-contexto-del-covid-19\/","og_locale":"es_ES","og_type":"article","og_title":"El Secretario General de IDEA Internacional, Kevin Casas, brind\u00f3 la conferencia \"Los desaf\u00edos de la democracia en el contexto del COVID-19\" - Transparencia Electoral","og_description":"El Secretario General de IDEA Internacional, Kevin Casas, brind\u00f3 una conferencia para Transparencia Electoral este lunes. La misma se titul\u00f3 &#8220;Los desaf\u00edos de la democracia en el contexto del COVID-19&#8221;, &hellip;","og_url":"https:\/\/transparenciaelectoral.org\/en\/transparencia\/el-secretario-general-de-idea-internacional-kevin-casas-brindo-la-conferencia-los-desafios-de-la-democracia-en-el-contexto-del-covid-19\/","og_site_name":"Transparencia Electoral","article_publisher":"https:\/\/www.facebook.com\/Transparencia-Electoral-en-Am%c3%a9rica-latina-171661009688456\/","article_published_time":"2020-05-19T13:37:37+00:00","article_modified_time":"2023-12-04T13:20:14+00:00","author":"Transparencia Electoral","twitter_card":"summary_large_image","twitter_creator":"@TransparenciaAL","twitter_site":"@TransparenciaAL","twitter_misc":{"Escrito por":"Transparencia Electoral","Tiempo de lectura":"1 minuto"},"schema":{"@context":"https:\/\/schema.org","@graph":[{"@type":"Article","@id":"https:\/\/transparenciaelectoral.org\/en\/transparencia\/el-secretario-general-de-idea-internacional-kevin-casas-brindo-la-conferencia-los-desafios-de-la-democracia-en-el-contexto-del-covid-19\/#article","isPartOf":{"@id":"https:\/\/transparenciaelectoral.org\/en\/transparencia\/el-secretario-general-de-idea-internacional-kevin-casas-brindo-la-conferencia-los-desafios-de-la-democracia-en-el-contexto-del-covid-19\/"},"author":{"name":"Transparencia Electoral","@id":"https:\/\/transparenciaelectoral.org\/en\/transparencia\/#\/schema\/person\/63a97f81afd2c3820c6d9f262e27fe50"},"headline":"El Secretario General de IDEA Internacional, Kevin Casas, brind\u00f3 la conferencia &#8220;Los desaf\u00edos de la democracia en el contexto del COVID-19&#8221;","datePublished":"2020-05-19T13:37:37+00:00","dateModified":"2023-12-04T13:20:14+00:00","mainEntityOfPage":{"@id":"https:\/\/transparenciaelectoral.org\/en\/transparencia\/el-secretario-general-de-idea-internacional-kevin-casas-brindo-la-conferencia-los-desafios-de-la-democracia-en-el-contexto-del-covid-19\/"},"wordCount":205,"image":{"@id":"https:\/\/transparenciaelectoral.org\/en\/transparencia\/el-secretario-general-de-idea-internacional-kevin-casas-brindo-la-conferencia-los-desafios-de-la-democracia-en-el-contexto-del-covid-19\/#primaryimage"},"thumbnailUrl":"","keywords":["Transparencia Electoral"],"articleSection":["Noticias"],"inLanguage":"es"},{"@type":"WebPage","@id":"https:\/\/transparenciaelectoral.org\/en\/transparencia\/el-secretario-general-de-idea-internacional-kevin-casas-brindo-la-conferencia-los-desafios-de-la-democracia-en-el-contexto-del-covid-19\/","url":"https:\/\/transparenciaelectoral.org\/en\/transparencia\/el-secretario-general-de-idea-internacional-kevin-casas-brindo-la-conferencia-los-desafios-de-la-democracia-en-el-contexto-del-covid-19\/","name":"El Secretario General de IDEA Internacional, Kevin Casas, brind\u00f3 la conferencia \"Los desaf\u00edos de la democracia en el contexto del COVID-19\" - Transparencia Electoral","isPartOf":{"@id":"https:\/\/transparenciaelectoral.org\/en\/transparencia\/#website"},"primaryImageOfPage":{"@id":"https:\/\/transparenciaelectoral.org\/en\/transparencia\/el-secretario-general-de-idea-internacional-kevin-casas-brindo-la-conferencia-los-desafios-de-la-democracia-en-el-contexto-del-covid-19\/#primaryimage"},"image":{"@id":"https:\/\/transparenciaelectoral.org\/en\/transparencia\/el-secretario-general-de-idea-internacional-kevin-casas-brindo-la-conferencia-los-desafios-de-la-democracia-en-el-contexto-del-covid-19\/#primaryimage"},"thumbnailUrl":"","datePublished":"2020-05-19T13:37:37+00:00","dateModified":"2023-12-04T13:20:14+00:00","author":{"@id":"https:\/\/transparenciaelectoral.org\/en\/transparencia\/#\/schema\/person\/63a97f81afd2c3820c6d9f262e27fe50"},"breadcrumb":{"@id":"https:\/\/transparenciaelectoral.org\/en\/transparencia\/el-secretario-general-de-idea-internacional-kevin-casas-brindo-la-conferencia-los-desafios-de-la-democracia-en-el-contexto-del-covid-19\/#breadcrumb"},"inLanguage":"es","potentialAction":[{"@type":"ReadAction","target":["https:\/\/transparenciaelectoral.org\/en\/transparencia\/el-secretario-general-de-idea-internacional-kevin-casas-brindo-la-conferencia-los-desafios-de-la-democracia-en-el-contexto-del-covid-19\/"]}]},{"@type":"ImageObject","inLanguage":"es","@id":"https:\/\/transparenciaelectoral.org\/en\/transparencia\/el-secretario-general-de-idea-internacional-kevin-casas-brindo-la-conferencia-los-desafios-de-la-democracia-en-el-contexto-del-covid-19\/#primaryimage","url":"","contentUrl":""},{"@type":"BreadcrumbList","@id":"https:\/\/transparenciaelectoral.org\/en\/transparencia\/el-secretario-general-de-idea-internacional-kevin-casas-brindo-la-conferencia-los-desafios-de-la-democracia-en-el-contexto-del-covid-19\/#breadcrumb","itemListElement":[{"@type":"ListItem","position":1,"name":"Portada","item":"https:\/\/transparenciaelectoral.org\/en\/transparencia\/"},{"@type":"ListItem","position":2,"name":"El Secretario General de IDEA Internacional, Kevin Casas, brind\u00f3 la conferencia &#8220;Los desaf\u00edos de la democracia en el contexto del COVID-19&#8221;"}]},{"@type":"WebSite","@id":"https:\/\/transparenciaelectoral.org\/en\/transparencia\/#website","url":"https:\/\/transparenciaelectoral.org\/en\/transparencia\/","name":"Transparencia Electoral","description":"","potentialAction":[{"@type":"SearchAction","target":{"@type":"EntryPoint","urlTemplate":"https:\/\/transparenciaelectoral.org\/en\/transparencia\/?s={search_term_string}"},"query-input":{"@type":"PropertyValueSpecification","valueRequired":true,"valueName":"search_term_string"}}],"inLanguage":"es"},{"@type":"Person","@id":"https:\/\/transparenciaelectoral.org\/en\/transparencia\/#\/schema\/person\/63a97f81afd2c3820c6d9f262e27fe50","name":"Transparencia Electoral","image":{"@type":"ImageObject","inLanguage":"es","@id":"https:\/\/secure.gravatar.com\/avatar\/1c42efe425475a030aa093c633a2e79e264536eaa08d7fbfe52ebefcd52ab8a2?s=96&d=mm&r=g","url":"https:\/\/secure.gravatar.com\/avatar\/1c42efe425475a030aa093c633a2e79e264536eaa08d7fbfe52ebefcd52ab8a2?s=96&d=mm&r=g","contentUrl":"https:\/\/secure.gravatar.com\/avatar\/1c42efe425475a030aa093c633a2e79e264536eaa08d7fbfe52ebefcd52ab8a2?s=96&d=mm&r=g","caption":"Transparencia Electoral"},"sameAs":["https:\/\/transparenciaelectoral.org\/en\/transparencia\/\/"]}]}},"_links":{"self":[{"href":"https:\/\/transparenciaelectoral.org\/en\/transparencia\/wp-json\/wp\/v2\/posts\/4151","targetHints":{"allow":["GET"]}}],"collection":[{"href":"https:\/\/transparenciaelectoral.org\/en\/transparencia\/wp-json\/wp\/v2\/posts"}],"about":[{"href":"https:\/\/transparenciaelectoral.org\/en\/transparencia\/wp-json\/wp\/v2\/types\/post"}],"author":[{"embeddable":true,"href":"https:\/\/transparenciaelectoral.org\/en\/transparencia\/wp-json\/wp\/v2\/users\/6"}],"replies":[{"embeddable":true,"href":"https:\/\/transparenciaelectoral.org\/en\/transparencia\/wp-json\/wp\/v2\/comments?post=4151"}],"version-history":[{"count":1,"href":"https:\/\/transparenciaelectoral.org\/en\/transparencia\/wp-json\/wp\/v2\/posts\/4151\/revisions"}],"predecessor-version":[{"id":5780,"href":"https:\/\/transparenciaelectoral.org\/en\/transparencia\/wp-json\/wp\/v2\/posts\/4151\/revisions\/5780"}],"wp:featuredmedia":[{"embeddable":true,"href":"https:\/\/transparenciaelectoral.org\/en\/transparencia\/wp-json\/"}],"wp:attachment":[{"href":"https:\/\/transparenciaelectoral.org\/en\/transparencia\/wp-json\/wp\/v2\/media?parent=4151"}],"wp:term":[{"taxonomy":"category","embeddable":true,"href":"https:\/\/transparenciaelectoral.org\/en\/transparencia\/wp-json\/wp\/v2\/categories?post=4151"},{"taxonomy":"post_tag","embeddable":true,"href":"https:\/\/transparenciaelectoral.org\/en\/transparencia\/wp-json\/wp\/v2\/tags?post=4151"}],"curies":[{"name":"wp","href":"https:\/\/api.w.org\/{rel}","templated":true}]}}