{"id":3384,"date":"2019-10-11T14:43:02","date_gmt":"2019-10-11T14:43:02","guid":{"rendered":"https:\/\/transparenciaelectoral.org\/en\/transparencia\/\/?p=3384"},"modified":"2023-12-04T10:21:24","modified_gmt":"2023-12-04T13:21:24","slug":"transparencia-electoral-saluda-al-dr-alexander-vega-flamante-titular-de-la-registraduria-nacional-de-colombia","status":"publish","type":"post","link":"https:\/\/transparenciaelectoral.org\/en\/transparencia\/transparencia-electoral-saluda-al-dr-alexander-vega-flamante-titular-de-la-registraduria-nacional-de-colombia\/","title":{"rendered":"Transparencia Electoral saluda al Dr. Alexander Vega, flamante titular de la Registradur\u00eda Nacional de Colombia"},"content":{"rendered":"<p><img fetchpriority=\"high\" decoding=\"async\" class=\"aligncenter size-full wp-image-3385\" src=\"https:\/\/transparenciaelectoral.org\/en\/transparencia\/\/wp-content\/uploads\/2019\/10\/alexander-vega-e.jpg\" alt=\"\" width=\"1024\" height=\"682\"><\/p>\n<p>Transparencia Electoral extiende un saludo al Dr. Alexander Vega por su reciente nombramiento como titular de la Registradur\u00eda Nacional del Estado Civil de Colombia.<\/p>\n<p>Vega anteriormente se desempe\u00f1\u00f3 como Presidente del Consejo Nacional Electoral, y como Director de Transparencia Electoral para el pa\u00eds caribe\u00f1o.<\/p>\n<p>El nuevo Registrador atraves\u00f3 un largo proceso que consisti\u00f3 en la presentaci\u00f3n de la hoja de vida, una prueba de conocimientos y de actitudes, y entrevista con los candidatos.<\/p>\n<p>Los presidentes de las tres altas cortes de Colombia dictaminaron que Alexander Vega obtuvo el mejor puntaje de entre sus competidores.<\/p>\n<p>Desde Transparencia Electoral le deseamos al flamante Registrador una excelente gesti\u00f3n en sus nuevas labores.<\/p>\n","protected":false},"excerpt":{"rendered":"<p>Transparencia Electoral extiende un saludo al Dr. Alexander Vega por su reciente nombramiento como titular de la Registradur\u00eda Nacional del Estado Civil de Colombia. Vega anteriormente se desempe\u00f1\u00f3 como Presidente &hellip;<\/p>\n","protected":false},"author":6,"featured_media":3385,"comment_status":"closed","ping_status":"open","sticky":false,"template":"","format":"standard","meta":{"footnotes":""},"categories":[100],"tags":[104],"class_list":["post-3384","post","type-post","status-publish","format-standard","has-post-thumbnail","hentry","category-noticias","tag-transparencia-electoral"],"yoast_head":"<!-- This site is optimized with the Yoast SEO plugin v27.5 - https:\/\/yoast.com\/product\/yoast-seo-wordpress\/ -->\n<title>Transparencia Electoral saluda al Dr. Alexander Vega, flamante titular de la Registradur\u00eda Nacional de Colombia - Transparencia Electoral<\/title>\n<meta name=\"robots\" content=\"index, follow, max-snippet:-1, max-image-preview:large, max-video-preview:-1\" \/>\n<link rel=\"canonical\" href=\"https:\/\/transparenciaelectoral.org\/en\/transparencia\/transparencia-electoral-saluda-al-dr-alexander-vega-flamante-titular-de-la-registraduria-nacional-de-colombia\/\" \/>\n<meta property=\"og:locale\" content=\"es_ES\" \/>\n<meta property=\"og:type\" content=\"article\" \/>\n<meta property=\"og:title\" content=\"Transparencia Electoral saluda al Dr. Alexander Vega, flamante titular de la Registradur\u00eda Nacional de Colombia - Transparencia Electoral\" \/>\n<meta property=\"og:description\" content=\"Transparencia Electoral extiende un saludo al Dr. Alexander Vega por su reciente nombramiento como titular de la Registradur\u00eda Nacional del Estado Civil de Colombia. Vega anteriormente se desempe\u00f1\u00f3 como Presidente &hellip;\" \/>\n<meta property=\"og:url\" content=\"https:\/\/transparenciaelectoral.org\/en\/transparencia\/transparencia-electoral-saluda-al-dr-alexander-vega-flamante-titular-de-la-registraduria-nacional-de-colombia\/\" \/>\n<meta property=\"og:site_name\" content=\"Transparencia Electoral\" \/>\n<meta property=\"article:publisher\" content=\"https:\/\/www.facebook.com\/Transparencia-Electoral-en-Am%c3%a9rica-latina-171661009688456\/\" \/>\n<meta property=\"article:published_time\" content=\"2019-10-11T14:43:02+00:00\" \/>\n<meta property=\"article:modified_time\" content=\"2023-12-04T13:21:24+00:00\" \/>\n<meta name=\"author\" content=\"Transparencia Electoral\" \/>\n<meta name=\"twitter:card\" content=\"summary_large_image\" \/>\n<meta name=\"twitter:creator\" content=\"@TransparenciaAL\" \/>\n<meta name=\"twitter:site\" content=\"@TransparenciaAL\" \/>\n<meta name=\"twitter:label1\" content=\"Escrito por\" \/>\n\t<meta name=\"twitter:data1\" content=\"Transparencia Electoral\" \/>\n\t<meta name=\"twitter:label2\" content=\"Tiempo de lectura\" \/>\n\t<meta name=\"twitter:data2\" content=\"1 minuto\" \/>\n<script type=\"application\/ld+json\" class=\"yoast-schema-graph\">{\"@context\":\"https:\\\/\\\/schema.org\",\"@graph\":[{\"@type\":\"Article\",\"@id\":\"https:\\\/\\\/transparenciaelectoral.org\\\/en\\\/transparencia\\\/transparencia-electoral-saluda-al-dr-alexander-vega-flamante-titular-de-la-registraduria-nacional-de-colombia\\\/#article\",\"isPartOf\":{\"@id\":\"https:\\\/\\\/transparenciaelectoral.org\\\/en\\\/transparencia\\\/transparencia-electoral-saluda-al-dr-alexander-vega-flamante-titular-de-la-registraduria-nacional-de-colombia\\\/\"},\"author\":{\"name\":\"Transparencia Electoral\",\"@id\":\"https:\\\/\\\/transparenciaelectoral.org\\\/en\\\/transparencia\\\/#\\\/schema\\\/person\\\/63a97f81afd2c3820c6d9f262e27fe50\"},\"headline\":\"Transparencia Electoral saluda al Dr. Alexander Vega, flamante titular de la Registradur\u00eda Nacional de Colombia\",\"datePublished\":\"2019-10-11T14:43:02+00:00\",\"dateModified\":\"2023-12-04T13:21:24+00:00\",\"mainEntityOfPage\":{\"@id\":\"https:\\\/\\\/transparenciaelectoral.org\\\/en\\\/transparencia\\\/transparencia-electoral-saluda-al-dr-alexander-vega-flamante-titular-de-la-registraduria-nacional-de-colombia\\\/\"},\"wordCount\":130,\"image\":{\"@id\":\"https:\\\/\\\/transparenciaelectoral.org\\\/en\\\/transparencia\\\/transparencia-electoral-saluda-al-dr-alexander-vega-flamante-titular-de-la-registraduria-nacional-de-colombia\\\/#primaryimage\"},\"thumbnailUrl\":\"\",\"keywords\":[\"Transparencia Electoral\"],\"articleSection\":[\"Noticias\"],\"inLanguage\":\"es\"},{\"@type\":\"WebPage\",\"@id\":\"https:\\\/\\\/transparenciaelectoral.org\\\/en\\\/transparencia\\\/transparencia-electoral-saluda-al-dr-alexander-vega-flamante-titular-de-la-registraduria-nacional-de-colombia\\\/\",\"url\":\"https:\\\/\\\/transparenciaelectoral.org\\\/en\\\/transparencia\\\/transparencia-electoral-saluda-al-dr-alexander-vega-flamante-titular-de-la-registraduria-nacional-de-colombia\\\/\",\"name\":\"Transparencia Electoral saluda al Dr. Alexander Vega, flamante titular de la Registradur\u00eda Nacional de Colombia - Transparencia Electoral\",\"isPartOf\":{\"@id\":\"https:\\\/\\\/transparenciaelectoral.org\\\/en\\\/transparencia\\\/#website\"},\"primaryImageOfPage\":{\"@id\":\"https:\\\/\\\/transparenciaelectoral.org\\\/en\\\/transparencia\\\/transparencia-electoral-saluda-al-dr-alexander-vega-flamante-titular-de-la-registraduria-nacional-de-colombia\\\/#primaryimage\"},\"image\":{\"@id\":\"https:\\\/\\\/transparenciaelectoral.org\\\/en\\\/transparencia\\\/transparencia-electoral-saluda-al-dr-alexander-vega-flamante-titular-de-la-registraduria-nacional-de-colombia\\\/#primaryimage\"},\"thumbnailUrl\":\"\",\"datePublished\":\"2019-10-11T14:43:02+00:00\",\"dateModified\":\"2023-12-04T13:21:24+00:00\",\"author\":{\"@id\":\"https:\\\/\\\/transparenciaelectoral.org\\\/en\\\/transparencia\\\/#\\\/schema\\\/person\\\/63a97f81afd2c3820c6d9f262e27fe50\"},\"breadcrumb\":{\"@id\":\"https:\\\/\\\/transparenciaelectoral.org\\\/en\\\/transparencia\\\/transparencia-electoral-saluda-al-dr-alexander-vega-flamante-titular-de-la-registraduria-nacional-de-colombia\\\/#breadcrumb\"},\"inLanguage\":\"es\",\"potentialAction\":[{\"@type\":\"ReadAction\",\"target\":[\"https:\\\/\\\/transparenciaelectoral.org\\\/en\\\/transparencia\\\/transparencia-electoral-saluda-al-dr-alexander-vega-flamante-titular-de-la-registraduria-nacional-de-colombia\\\/\"]}]},{\"@type\":\"ImageObject\",\"inLanguage\":\"es\",\"@id\":\"https:\\\/\\\/transparenciaelectoral.org\\\/en\\\/transparencia\\\/transparencia-electoral-saluda-al-dr-alexander-vega-flamante-titular-de-la-registraduria-nacional-de-colombia\\\/#primaryimage\",\"url\":\"\",\"contentUrl\":\"\"},{\"@type\":\"BreadcrumbList\",\"@id\":\"https:\\\/\\\/transparenciaelectoral.org\\\/en\\\/transparencia\\\/transparencia-electoral-saluda-al-dr-alexander-vega-flamante-titular-de-la-registraduria-nacional-de-colombia\\\/#breadcrumb\",\"itemListElement\":[{\"@type\":\"ListItem\",\"position\":1,\"name\":\"Portada\",\"item\":\"https:\\\/\\\/transparenciaelectoral.org\\\/en\\\/transparencia\\\/\"},{\"@type\":\"ListItem\",\"position\":2,\"name\":\"Transparencia Electoral saluda al Dr. Alexander Vega, flamante titular de la Registradur\u00eda Nacional de Colombia\"}]},{\"@type\":\"WebSite\",\"@id\":\"https:\\\/\\\/transparenciaelectoral.org\\\/en\\\/transparencia\\\/#website\",\"url\":\"https:\\\/\\\/transparenciaelectoral.org\\\/en\\\/transparencia\\\/\",\"name\":\"Transparencia Electoral\",\"description\":\"\",\"potentialAction\":[{\"@type\":\"SearchAction\",\"target\":{\"@type\":\"EntryPoint\",\"urlTemplate\":\"https:\\\/\\\/transparenciaelectoral.org\\\/en\\\/transparencia\\\/?s={search_term_string}\"},\"query-input\":{\"@type\":\"PropertyValueSpecification\",\"valueRequired\":true,\"valueName\":\"search_term_string\"}}],\"inLanguage\":\"es\"},{\"@type\":\"Person\",\"@id\":\"https:\\\/\\\/transparenciaelectoral.org\\\/en\\\/transparencia\\\/#\\\/schema\\\/person\\\/63a97f81afd2c3820c6d9f262e27fe50\",\"name\":\"Transparencia Electoral\",\"image\":{\"@type\":\"ImageObject\",\"inLanguage\":\"es\",\"@id\":\"https:\\\/\\\/secure.gravatar.com\\\/avatar\\\/1c42efe425475a030aa093c633a2e79e264536eaa08d7fbfe52ebefcd52ab8a2?s=96&d=mm&r=g\",\"url\":\"https:\\\/\\\/secure.gravatar.com\\\/avatar\\\/1c42efe425475a030aa093c633a2e79e264536eaa08d7fbfe52ebefcd52ab8a2?s=96&d=mm&r=g\",\"contentUrl\":\"https:\\\/\\\/secure.gravatar.com\\\/avatar\\\/1c42efe425475a030aa093c633a2e79e264536eaa08d7fbfe52ebefcd52ab8a2?s=96&d=mm&r=g\",\"caption\":\"Transparencia Electoral\"},\"sameAs\":[\"https:\\\/\\\/transparenciaelectoral.org\\\/en\\\/transparencia\\\/\\\/\"]}]}<\/script>\n<!-- \/ Yoast SEO plugin. -->","yoast_head_json":{"title":"Transparencia Electoral saluda al Dr. Alexander Vega, flamante titular de la Registradur\u00eda Nacional de Colombia - Transparencia Electoral","robots":{"index":"index","follow":"follow","max-snippet":"max-snippet:-1","max-image-preview":"max-image-preview:large","max-video-preview":"max-video-preview:-1"},"canonical":"https:\/\/transparenciaelectoral.org\/en\/transparencia\/transparencia-electoral-saluda-al-dr-alexander-vega-flamante-titular-de-la-registraduria-nacional-de-colombia\/","og_locale":"es_ES","og_type":"article","og_title":"Transparencia Electoral saluda al Dr. Alexander Vega, flamante titular de la Registradur\u00eda Nacional de Colombia - Transparencia Electoral","og_description":"Transparencia Electoral extiende un saludo al Dr. Alexander Vega por su reciente nombramiento como titular de la Registradur\u00eda Nacional del Estado Civil de Colombia. Vega anteriormente se desempe\u00f1\u00f3 como Presidente &hellip;","og_url":"https:\/\/transparenciaelectoral.org\/en\/transparencia\/transparencia-electoral-saluda-al-dr-alexander-vega-flamante-titular-de-la-registraduria-nacional-de-colombia\/","og_site_name":"Transparencia Electoral","article_publisher":"https:\/\/www.facebook.com\/Transparencia-Electoral-en-Am%c3%a9rica-latina-171661009688456\/","article_published_time":"2019-10-11T14:43:02+00:00","article_modified_time":"2023-12-04T13:21:24+00:00","author":"Transparencia Electoral","twitter_card":"summary_large_image","twitter_creator":"@TransparenciaAL","twitter_site":"@TransparenciaAL","twitter_misc":{"Escrito por":"Transparencia Electoral","Tiempo de lectura":"1 minuto"},"schema":{"@context":"https:\/\/schema.org","@graph":[{"@type":"Article","@id":"https:\/\/transparenciaelectoral.org\/en\/transparencia\/transparencia-electoral-saluda-al-dr-alexander-vega-flamante-titular-de-la-registraduria-nacional-de-colombia\/#article","isPartOf":{"@id":"https:\/\/transparenciaelectoral.org\/en\/transparencia\/transparencia-electoral-saluda-al-dr-alexander-vega-flamante-titular-de-la-registraduria-nacional-de-colombia\/"},"author":{"name":"Transparencia Electoral","@id":"https:\/\/transparenciaelectoral.org\/en\/transparencia\/#\/schema\/person\/63a97f81afd2c3820c6d9f262e27fe50"},"headline":"Transparencia Electoral saluda al Dr. Alexander Vega, flamante titular de la Registradur\u00eda Nacional de Colombia","datePublished":"2019-10-11T14:43:02+00:00","dateModified":"2023-12-04T13:21:24+00:00","mainEntityOfPage":{"@id":"https:\/\/transparenciaelectoral.org\/en\/transparencia\/transparencia-electoral-saluda-al-dr-alexander-vega-flamante-titular-de-la-registraduria-nacional-de-colombia\/"},"wordCount":130,"image":{"@id":"https:\/\/transparenciaelectoral.org\/en\/transparencia\/transparencia-electoral-saluda-al-dr-alexander-vega-flamante-titular-de-la-registraduria-nacional-de-colombia\/#primaryimage"},"thumbnailUrl":"","keywords":["Transparencia Electoral"],"articleSection":["Noticias"],"inLanguage":"es"},{"@type":"WebPage","@id":"https:\/\/transparenciaelectoral.org\/en\/transparencia\/transparencia-electoral-saluda-al-dr-alexander-vega-flamante-titular-de-la-registraduria-nacional-de-colombia\/","url":"https:\/\/transparenciaelectoral.org\/en\/transparencia\/transparencia-electoral-saluda-al-dr-alexander-vega-flamante-titular-de-la-registraduria-nacional-de-colombia\/","name":"Transparencia Electoral saluda al Dr. Alexander Vega, flamante titular de la Registradur\u00eda Nacional de Colombia - Transparencia Electoral","isPartOf":{"@id":"https:\/\/transparenciaelectoral.org\/en\/transparencia\/#website"},"primaryImageOfPage":{"@id":"https:\/\/transparenciaelectoral.org\/en\/transparencia\/transparencia-electoral-saluda-al-dr-alexander-vega-flamante-titular-de-la-registraduria-nacional-de-colombia\/#primaryimage"},"image":{"@id":"https:\/\/transparenciaelectoral.org\/en\/transparencia\/transparencia-electoral-saluda-al-dr-alexander-vega-flamante-titular-de-la-registraduria-nacional-de-colombia\/#primaryimage"},"thumbnailUrl":"","datePublished":"2019-10-11T14:43:02+00:00","dateModified":"2023-12-04T13:21:24+00:00","author":{"@id":"https:\/\/transparenciaelectoral.org\/en\/transparencia\/#\/schema\/person\/63a97f81afd2c3820c6d9f262e27fe50"},"breadcrumb":{"@id":"https:\/\/transparenciaelectoral.org\/en\/transparencia\/transparencia-electoral-saluda-al-dr-alexander-vega-flamante-titular-de-la-registraduria-nacional-de-colombia\/#breadcrumb"},"inLanguage":"es","potentialAction":[{"@type":"ReadAction","target":["https:\/\/transparenciaelectoral.org\/en\/transparencia\/transparencia-electoral-saluda-al-dr-alexander-vega-flamante-titular-de-la-registraduria-nacional-de-colombia\/"]}]},{"@type":"ImageObject","inLanguage":"es","@id":"https:\/\/transparenciaelectoral.org\/en\/transparencia\/transparencia-electoral-saluda-al-dr-alexander-vega-flamante-titular-de-la-registraduria-nacional-de-colombia\/#primaryimage","url":"","contentUrl":""},{"@type":"BreadcrumbList","@id":"https:\/\/transparenciaelectoral.org\/en\/transparencia\/transparencia-electoral-saluda-al-dr-alexander-vega-flamante-titular-de-la-registraduria-nacional-de-colombia\/#breadcrumb","itemListElement":[{"@type":"ListItem","position":1,"name":"Portada","item":"https:\/\/transparenciaelectoral.org\/en\/transparencia\/"},{"@type":"ListItem","position":2,"name":"Transparencia Electoral saluda al Dr. Alexander Vega, flamante titular de la Registradur\u00eda Nacional de Colombia"}]},{"@type":"WebSite","@id":"https:\/\/transparenciaelectoral.org\/en\/transparencia\/#website","url":"https:\/\/transparenciaelectoral.org\/en\/transparencia\/","name":"Transparencia Electoral","description":"","potentialAction":[{"@type":"SearchAction","target":{"@type":"EntryPoint","urlTemplate":"https:\/\/transparenciaelectoral.org\/en\/transparencia\/?s={search_term_string}"},"query-input":{"@type":"PropertyValueSpecification","valueRequired":true,"valueName":"search_term_string"}}],"inLanguage":"es"},{"@type":"Person","@id":"https:\/\/transparenciaelectoral.org\/en\/transparencia\/#\/schema\/person\/63a97f81afd2c3820c6d9f262e27fe50","name":"Transparencia Electoral","image":{"@type":"ImageObject","inLanguage":"es","@id":"https:\/\/secure.gravatar.com\/avatar\/1c42efe425475a030aa093c633a2e79e264536eaa08d7fbfe52ebefcd52ab8a2?s=96&d=mm&r=g","url":"https:\/\/secure.gravatar.com\/avatar\/1c42efe425475a030aa093c633a2e79e264536eaa08d7fbfe52ebefcd52ab8a2?s=96&d=mm&r=g","contentUrl":"https:\/\/secure.gravatar.com\/avatar\/1c42efe425475a030aa093c633a2e79e264536eaa08d7fbfe52ebefcd52ab8a2?s=96&d=mm&r=g","caption":"Transparencia Electoral"},"sameAs":["https:\/\/transparenciaelectoral.org\/en\/transparencia\/\/"]}]}},"_links":{"self":[{"href":"https:\/\/transparenciaelectoral.org\/en\/transparencia\/wp-json\/wp\/v2\/posts\/3384","targetHints":{"allow":["GET"]}}],"collection":[{"href":"https:\/\/transparenciaelectoral.org\/en\/transparencia\/wp-json\/wp\/v2\/posts"}],"about":[{"href":"https:\/\/transparenciaelectoral.org\/en\/transparencia\/wp-json\/wp\/v2\/types\/post"}],"author":[{"embeddable":true,"href":"https:\/\/transparenciaelectoral.org\/en\/transparencia\/wp-json\/wp\/v2\/users\/6"}],"replies":[{"embeddable":true,"href":"https:\/\/transparenciaelectoral.org\/en\/transparencia\/wp-json\/wp\/v2\/comments?post=3384"}],"version-history":[{"count":2,"href":"https:\/\/transparenciaelectoral.org\/en\/transparencia\/wp-json\/wp\/v2\/posts\/3384\/revisions"}],"predecessor-version":[{"id":6822,"href":"https:\/\/transparenciaelectoral.org\/en\/transparencia\/wp-json\/wp\/v2\/posts\/3384\/revisions\/6822"}],"wp:featuredmedia":[{"embeddable":true,"href":"https:\/\/transparenciaelectoral.org\/en\/transparencia\/wp-json\/"}],"wp:attachment":[{"href":"https:\/\/transparenciaelectoral.org\/en\/transparencia\/wp-json\/wp\/v2\/media?parent=3384"}],"wp:term":[{"taxonomy":"category","embeddable":true,"href":"https:\/\/transparenciaelectoral.org\/en\/transparencia\/wp-json\/wp\/v2\/categories?post=3384"},{"taxonomy":"post_tag","embeddable":true,"href":"https:\/\/transparenciaelectoral.org\/en\/transparencia\/wp-json\/wp\/v2\/tags?post=3384"}],"curies":[{"name":"wp","href":"https:\/\/api.w.org\/{rel}","templated":true}]}}