{"id":2653,"date":"2018-11-06T01:58:48","date_gmt":"2018-11-06T01:58:48","guid":{"rendered":"https:\/\/transparenciaelectoral.org\/en\/transparencia\/\/?p=2653"},"modified":"2023-12-04T10:21:45","modified_gmt":"2023-12-04T13:21:45","slug":"el-secretario-general-de-la-oea-luis-almagro-recibio-a-la-delegacion-de-transparencia-electoral","status":"publish","type":"post","link":"https:\/\/transparenciaelectoral.org\/en\/transparencia\/el-secretario-general-de-la-oea-luis-almagro-recibio-a-la-delegacion-de-transparencia-electoral\/","title":{"rendered":"El Secretario General de la OEA, Luis Almagro, recibi\u00f3 a la delegaci\u00f3n de Transparencia Electoral"},"content":{"rendered":"<p><img fetchpriority=\"high\" decoding=\"async\" class=\"aligncenter size-full wp-image-2655\" src=\"https:\/\/transparenciaelectoral.org\/en\/transparencia\/\/wp-content\/uploads\/2018\/11\/el-secretario-general-de-la-oea-luis-almagro-recibio-a-la-delegacion-de-transparencia-electoral-1.jpg\" alt=\"\" width=\"1024\" height=\"652\"><\/p>\n<p>Transparencia Electoral est\u00e1 desarrollando una Misi\u00f3n Electoral enmarcada en las elecciones de medio t\u00e9rmino que se celebrar\u00e1n este martes en los Estados Unidos.<\/p>\n<p>La misma est\u00e1 conformada por autoridades electorales, altos funcionarios, acad\u00e9micos, investigadores y periodistas de Argentina, Brasil, Per\u00fa, Colombia, Venezuela y M\u00e9xico.<\/p>\n<p>El d\u00eda de hoy la delegaci\u00f3n&nbsp;fue recibida por Luis Almagro, Secretario General de la Organizaci\u00f3n de Estados Americanos (OEA).<\/p>\n<p>Al encuentro acudieron el ex presidente del Consejo Nacional Electoral de Colombia y Jefe de la Misi\u00f3n de Transparencia Electoral, Alexander Vega; Leandro Querido, Director Ejecutivo; y Adri\u00e1n Veleff, Director de Asuntos Jur\u00eddicos e Institucionales.<\/p>\n<p>La cita sirvi\u00f3 para reforzar los lazos entre Transparencia Electoral y la OEA, as\u00ed como para hacer un repaso por la actualidad pol\u00edtica de Am\u00e9rica latina. Ambas partes se mostraron preocupadas por el retroceso en materia democr\u00e1tica y de derechos humanos en la regi\u00f3n, especialmente en Cuba y Venezuela.<\/p>\n<p><img decoding=\"async\" class=\"aligncenter size-full wp-image-2656\" src=\"https:\/\/transparenciaelectoral.org\/en\/transparencia\/\/wp-content\/uploads\/2018\/11\/el-secretario-general-de-la-oea-luis-almagro-recibio-a-la-delegacion-de-transparencia-electoral-2.jpg\" alt=\"\" width=\"1024\" height=\"937\"><\/p>\n<p>Por otro lado, las autoridades&nbsp;de la organizaci\u00f3n le informaron a Almagro que el a\u00f1o que viene se inaugurar\u00e1n las sedes de la organizaci\u00f3n en Brasil, Per\u00fa, Colombia y M\u00e9xico. El Secretario General se comprometi\u00f3 a colaborar con Transparencia Electoral en materia de promoci\u00f3n democr\u00e1tica en Am\u00e9rica latina.<\/p>\n<p>Por \u00faltimo, Leandro Querido le hizo entrega de su \u00faltima publicaci\u00f3n, &#8220;As\u00ed se vota en Cuba&#8221;, que analiza el sistema electoral cubano en el marco del \u00faltimo proceso electoral 2017 &#8211; 2018.<\/p>\n","protected":false},"excerpt":{"rendered":"<p>Transparencia Electoral est\u00e1 desarrollando una Misi\u00f3n Electoral enmarcada en las elecciones de medio t\u00e9rmino que se celebrar\u00e1n este martes en los Estados Unidos. La misma est\u00e1 conformada por autoridades electorales, &hellip;<\/p>\n","protected":false},"author":6,"featured_media":2655,"comment_status":"closed","ping_status":"open","sticky":false,"template":"","format":"standard","meta":{"footnotes":""},"categories":[100],"tags":[104],"class_list":["post-2653","post","type-post","status-publish","format-standard","has-post-thumbnail","hentry","category-noticias","tag-transparencia-electoral"],"yoast_head":"<!-- This site is optimized with the Yoast SEO plugin v27.5 - https:\/\/yoast.com\/product\/yoast-seo-wordpress\/ -->\n<title>El Secretario General de la OEA, Luis Almagro, recibi\u00f3 a la delegaci\u00f3n de Transparencia Electoral - Transparencia Electoral<\/title>\n<meta name=\"robots\" content=\"index, follow, max-snippet:-1, max-image-preview:large, max-video-preview:-1\" \/>\n<link rel=\"canonical\" href=\"https:\/\/transparenciaelectoral.org\/en\/transparencia\/el-secretario-general-de-la-oea-luis-almagro-recibio-a-la-delegacion-de-transparencia-electoral\/\" \/>\n<meta property=\"og:locale\" content=\"es_ES\" \/>\n<meta property=\"og:type\" content=\"article\" \/>\n<meta property=\"og:title\" content=\"El Secretario General de la OEA, Luis Almagro, recibi\u00f3 a la delegaci\u00f3n de Transparencia Electoral - Transparencia Electoral\" \/>\n<meta property=\"og:description\" content=\"Transparencia Electoral est\u00e1 desarrollando una Misi\u00f3n Electoral enmarcada en las elecciones de medio t\u00e9rmino que se celebrar\u00e1n este martes en los Estados Unidos. La misma est\u00e1 conformada por autoridades electorales, &hellip;\" \/>\n<meta property=\"og:url\" content=\"https:\/\/transparenciaelectoral.org\/en\/transparencia\/el-secretario-general-de-la-oea-luis-almagro-recibio-a-la-delegacion-de-transparencia-electoral\/\" \/>\n<meta property=\"og:site_name\" content=\"Transparencia Electoral\" \/>\n<meta property=\"article:publisher\" content=\"https:\/\/www.facebook.com\/Transparencia-Electoral-en-Am%c3%a9rica-latina-171661009688456\/\" \/>\n<meta property=\"article:published_time\" content=\"2018-11-06T01:58:48+00:00\" \/>\n<meta property=\"article:modified_time\" content=\"2023-12-04T13:21:45+00:00\" \/>\n<meta property=\"og:image\" content=\"https:\/\/transparenciaelectoral.org\/en\/transparencia\/wp-content\/uploads\/2018\/11\/el-secretario-general-de-la-oea-luis-almagro-recibio-a-la-delegacion-de-transparencia-electoral-1-1.jpg\" \/>\n\t<meta property=\"og:image:width\" content=\"1024\" \/>\n\t<meta property=\"og:image:height\" content=\"652\" \/>\n\t<meta property=\"og:image:type\" content=\"image\/jpeg\" \/>\n<meta name=\"author\" content=\"Transparencia Electoral\" \/>\n<meta name=\"twitter:card\" content=\"summary_large_image\" \/>\n<meta name=\"twitter:creator\" content=\"@TransparenciaAL\" \/>\n<meta name=\"twitter:site\" content=\"@TransparenciaAL\" \/>\n<meta name=\"twitter:label1\" content=\"Escrito por\" \/>\n\t<meta name=\"twitter:data1\" content=\"Transparencia Electoral\" \/>\n\t<meta name=\"twitter:label2\" content=\"Tiempo de lectura\" \/>\n\t<meta name=\"twitter:data2\" content=\"1 minuto\" \/>\n<script type=\"application\/ld+json\" class=\"yoast-schema-graph\">{\"@context\":\"https:\\\/\\\/schema.org\",\"@graph\":[{\"@type\":\"Article\",\"@id\":\"https:\\\/\\\/transparenciaelectoral.org\\\/en\\\/transparencia\\\/el-secretario-general-de-la-oea-luis-almagro-recibio-a-la-delegacion-de-transparencia-electoral\\\/#article\",\"isPartOf\":{\"@id\":\"https:\\\/\\\/transparenciaelectoral.org\\\/en\\\/transparencia\\\/el-secretario-general-de-la-oea-luis-almagro-recibio-a-la-delegacion-de-transparencia-electoral\\\/\"},\"author\":{\"name\":\"Transparencia Electoral\",\"@id\":\"https:\\\/\\\/transparenciaelectoral.org\\\/en\\\/transparencia\\\/#\\\/schema\\\/person\\\/63a97f81afd2c3820c6d9f262e27fe50\"},\"headline\":\"El Secretario General de la OEA, Luis Almagro, recibi\u00f3 a la delegaci\u00f3n de Transparencia Electoral\",\"datePublished\":\"2018-11-06T01:58:48+00:00\",\"dateModified\":\"2023-12-04T13:21:45+00:00\",\"mainEntityOfPage\":{\"@id\":\"https:\\\/\\\/transparenciaelectoral.org\\\/en\\\/transparencia\\\/el-secretario-general-de-la-oea-luis-almagro-recibio-a-la-delegacion-de-transparencia-electoral\\\/\"},\"wordCount\":268,\"image\":{\"@id\":\"https:\\\/\\\/transparenciaelectoral.org\\\/en\\\/transparencia\\\/el-secretario-general-de-la-oea-luis-almagro-recibio-a-la-delegacion-de-transparencia-electoral\\\/#primaryimage\"},\"thumbnailUrl\":\"https:\\\/\\\/transparenciaelectoral.org\\\/en\\\/transparencia\\\/wp-content\\\/uploads\\\/2018\\\/11\\\/el-secretario-general-de-la-oea-luis-almagro-recibio-a-la-delegacion-de-transparencia-electoral-1-1.jpg\",\"keywords\":[\"Transparencia Electoral\"],\"articleSection\":[\"Noticias\"],\"inLanguage\":\"es\"},{\"@type\":\"WebPage\",\"@id\":\"https:\\\/\\\/transparenciaelectoral.org\\\/en\\\/transparencia\\\/el-secretario-general-de-la-oea-luis-almagro-recibio-a-la-delegacion-de-transparencia-electoral\\\/\",\"url\":\"https:\\\/\\\/transparenciaelectoral.org\\\/en\\\/transparencia\\\/el-secretario-general-de-la-oea-luis-almagro-recibio-a-la-delegacion-de-transparencia-electoral\\\/\",\"name\":\"El Secretario General de la OEA, Luis Almagro, recibi\u00f3 a la delegaci\u00f3n de Transparencia Electoral - Transparencia Electoral\",\"isPartOf\":{\"@id\":\"https:\\\/\\\/transparenciaelectoral.org\\\/en\\\/transparencia\\\/#website\"},\"primaryImageOfPage\":{\"@id\":\"https:\\\/\\\/transparenciaelectoral.org\\\/en\\\/transparencia\\\/el-secretario-general-de-la-oea-luis-almagro-recibio-a-la-delegacion-de-transparencia-electoral\\\/#primaryimage\"},\"image\":{\"@id\":\"https:\\\/\\\/transparenciaelectoral.org\\\/en\\\/transparencia\\\/el-secretario-general-de-la-oea-luis-almagro-recibio-a-la-delegacion-de-transparencia-electoral\\\/#primaryimage\"},\"thumbnailUrl\":\"https:\\\/\\\/transparenciaelectoral.org\\\/en\\\/transparencia\\\/wp-content\\\/uploads\\\/2018\\\/11\\\/el-secretario-general-de-la-oea-luis-almagro-recibio-a-la-delegacion-de-transparencia-electoral-1-1.jpg\",\"datePublished\":\"2018-11-06T01:58:48+00:00\",\"dateModified\":\"2023-12-04T13:21:45+00:00\",\"author\":{\"@id\":\"https:\\\/\\\/transparenciaelectoral.org\\\/en\\\/transparencia\\\/#\\\/schema\\\/person\\\/63a97f81afd2c3820c6d9f262e27fe50\"},\"breadcrumb\":{\"@id\":\"https:\\\/\\\/transparenciaelectoral.org\\\/en\\\/transparencia\\\/el-secretario-general-de-la-oea-luis-almagro-recibio-a-la-delegacion-de-transparencia-electoral\\\/#breadcrumb\"},\"inLanguage\":\"es\",\"potentialAction\":[{\"@type\":\"ReadAction\",\"target\":[\"https:\\\/\\\/transparenciaelectoral.org\\\/en\\\/transparencia\\\/el-secretario-general-de-la-oea-luis-almagro-recibio-a-la-delegacion-de-transparencia-electoral\\\/\"]}]},{\"@type\":\"ImageObject\",\"inLanguage\":\"es\",\"@id\":\"https:\\\/\\\/transparenciaelectoral.org\\\/en\\\/transparencia\\\/el-secretario-general-de-la-oea-luis-almagro-recibio-a-la-delegacion-de-transparencia-electoral\\\/#primaryimage\",\"url\":\"https:\\\/\\\/transparenciaelectoral.org\\\/en\\\/transparencia\\\/wp-content\\\/uploads\\\/2018\\\/11\\\/el-secretario-general-de-la-oea-luis-almagro-recibio-a-la-delegacion-de-transparencia-electoral-1-1.jpg\",\"contentUrl\":\"https:\\\/\\\/transparenciaelectoral.org\\\/en\\\/transparencia\\\/wp-content\\\/uploads\\\/2018\\\/11\\\/el-secretario-general-de-la-oea-luis-almagro-recibio-a-la-delegacion-de-transparencia-electoral-1-1.jpg\",\"width\":1024,\"height\":652},{\"@type\":\"BreadcrumbList\",\"@id\":\"https:\\\/\\\/transparenciaelectoral.org\\\/en\\\/transparencia\\\/el-secretario-general-de-la-oea-luis-almagro-recibio-a-la-delegacion-de-transparencia-electoral\\\/#breadcrumb\",\"itemListElement\":[{\"@type\":\"ListItem\",\"position\":1,\"name\":\"Portada\",\"item\":\"https:\\\/\\\/transparenciaelectoral.org\\\/en\\\/transparencia\\\/\"},{\"@type\":\"ListItem\",\"position\":2,\"name\":\"El Secretario General de la OEA, Luis Almagro, recibi\u00f3 a la delegaci\u00f3n de Transparencia Electoral\"}]},{\"@type\":\"WebSite\",\"@id\":\"https:\\\/\\\/transparenciaelectoral.org\\\/en\\\/transparencia\\\/#website\",\"url\":\"https:\\\/\\\/transparenciaelectoral.org\\\/en\\\/transparencia\\\/\",\"name\":\"Transparencia Electoral\",\"description\":\"\",\"potentialAction\":[{\"@type\":\"SearchAction\",\"target\":{\"@type\":\"EntryPoint\",\"urlTemplate\":\"https:\\\/\\\/transparenciaelectoral.org\\\/en\\\/transparencia\\\/?s={search_term_string}\"},\"query-input\":{\"@type\":\"PropertyValueSpecification\",\"valueRequired\":true,\"valueName\":\"search_term_string\"}}],\"inLanguage\":\"es\"},{\"@type\":\"Person\",\"@id\":\"https:\\\/\\\/transparenciaelectoral.org\\\/en\\\/transparencia\\\/#\\\/schema\\\/person\\\/63a97f81afd2c3820c6d9f262e27fe50\",\"name\":\"Transparencia Electoral\",\"image\":{\"@type\":\"ImageObject\",\"inLanguage\":\"es\",\"@id\":\"https:\\\/\\\/secure.gravatar.com\\\/avatar\\\/1c42efe425475a030aa093c633a2e79e264536eaa08d7fbfe52ebefcd52ab8a2?s=96&d=mm&r=g\",\"url\":\"https:\\\/\\\/secure.gravatar.com\\\/avatar\\\/1c42efe425475a030aa093c633a2e79e264536eaa08d7fbfe52ebefcd52ab8a2?s=96&d=mm&r=g\",\"contentUrl\":\"https:\\\/\\\/secure.gravatar.com\\\/avatar\\\/1c42efe425475a030aa093c633a2e79e264536eaa08d7fbfe52ebefcd52ab8a2?s=96&d=mm&r=g\",\"caption\":\"Transparencia Electoral\"},\"sameAs\":[\"https:\\\/\\\/transparenciaelectoral.org\\\/en\\\/transparencia\\\/\\\/\"]}]}<\/script>\n<!-- \/ Yoast SEO plugin. -->","yoast_head_json":{"title":"El Secretario General de la OEA, Luis Almagro, recibi\u00f3 a la delegaci\u00f3n de Transparencia Electoral - Transparencia Electoral","robots":{"index":"index","follow":"follow","max-snippet":"max-snippet:-1","max-image-preview":"max-image-preview:large","max-video-preview":"max-video-preview:-1"},"canonical":"https:\/\/transparenciaelectoral.org\/en\/transparencia\/el-secretario-general-de-la-oea-luis-almagro-recibio-a-la-delegacion-de-transparencia-electoral\/","og_locale":"es_ES","og_type":"article","og_title":"El Secretario General de la OEA, Luis Almagro, recibi\u00f3 a la delegaci\u00f3n de Transparencia Electoral - Transparencia Electoral","og_description":"Transparencia Electoral est\u00e1 desarrollando una Misi\u00f3n Electoral enmarcada en las elecciones de medio t\u00e9rmino que se celebrar\u00e1n este martes en los Estados Unidos. La misma est\u00e1 conformada por autoridades electorales, &hellip;","og_url":"https:\/\/transparenciaelectoral.org\/en\/transparencia\/el-secretario-general-de-la-oea-luis-almagro-recibio-a-la-delegacion-de-transparencia-electoral\/","og_site_name":"Transparencia Electoral","article_publisher":"https:\/\/www.facebook.com\/Transparencia-Electoral-en-Am%c3%a9rica-latina-171661009688456\/","article_published_time":"2018-11-06T01:58:48+00:00","article_modified_time":"2023-12-04T13:21:45+00:00","og_image":[{"width":1024,"height":652,"url":"https:\/\/transparenciaelectoral.org\/en\/transparencia\/wp-content\/uploads\/2018\/11\/el-secretario-general-de-la-oea-luis-almagro-recibio-a-la-delegacion-de-transparencia-electoral-1-1.jpg","type":"image\/jpeg"}],"author":"Transparencia Electoral","twitter_card":"summary_large_image","twitter_creator":"@TransparenciaAL","twitter_site":"@TransparenciaAL","twitter_misc":{"Escrito por":"Transparencia Electoral","Tiempo de lectura":"1 minuto"},"schema":{"@context":"https:\/\/schema.org","@graph":[{"@type":"Article","@id":"https:\/\/transparenciaelectoral.org\/en\/transparencia\/el-secretario-general-de-la-oea-luis-almagro-recibio-a-la-delegacion-de-transparencia-electoral\/#article","isPartOf":{"@id":"https:\/\/transparenciaelectoral.org\/en\/transparencia\/el-secretario-general-de-la-oea-luis-almagro-recibio-a-la-delegacion-de-transparencia-electoral\/"},"author":{"name":"Transparencia Electoral","@id":"https:\/\/transparenciaelectoral.org\/en\/transparencia\/#\/schema\/person\/63a97f81afd2c3820c6d9f262e27fe50"},"headline":"El Secretario General de la OEA, Luis Almagro, recibi\u00f3 a la delegaci\u00f3n de Transparencia Electoral","datePublished":"2018-11-06T01:58:48+00:00","dateModified":"2023-12-04T13:21:45+00:00","mainEntityOfPage":{"@id":"https:\/\/transparenciaelectoral.org\/en\/transparencia\/el-secretario-general-de-la-oea-luis-almagro-recibio-a-la-delegacion-de-transparencia-electoral\/"},"wordCount":268,"image":{"@id":"https:\/\/transparenciaelectoral.org\/en\/transparencia\/el-secretario-general-de-la-oea-luis-almagro-recibio-a-la-delegacion-de-transparencia-electoral\/#primaryimage"},"thumbnailUrl":"https:\/\/transparenciaelectoral.org\/en\/transparencia\/wp-content\/uploads\/2018\/11\/el-secretario-general-de-la-oea-luis-almagro-recibio-a-la-delegacion-de-transparencia-electoral-1-1.jpg","keywords":["Transparencia Electoral"],"articleSection":["Noticias"],"inLanguage":"es"},{"@type":"WebPage","@id":"https:\/\/transparenciaelectoral.org\/en\/transparencia\/el-secretario-general-de-la-oea-luis-almagro-recibio-a-la-delegacion-de-transparencia-electoral\/","url":"https:\/\/transparenciaelectoral.org\/en\/transparencia\/el-secretario-general-de-la-oea-luis-almagro-recibio-a-la-delegacion-de-transparencia-electoral\/","name":"El Secretario General de la OEA, Luis Almagro, recibi\u00f3 a la delegaci\u00f3n de Transparencia Electoral - Transparencia Electoral","isPartOf":{"@id":"https:\/\/transparenciaelectoral.org\/en\/transparencia\/#website"},"primaryImageOfPage":{"@id":"https:\/\/transparenciaelectoral.org\/en\/transparencia\/el-secretario-general-de-la-oea-luis-almagro-recibio-a-la-delegacion-de-transparencia-electoral\/#primaryimage"},"image":{"@id":"https:\/\/transparenciaelectoral.org\/en\/transparencia\/el-secretario-general-de-la-oea-luis-almagro-recibio-a-la-delegacion-de-transparencia-electoral\/#primaryimage"},"thumbnailUrl":"https:\/\/transparenciaelectoral.org\/en\/transparencia\/wp-content\/uploads\/2018\/11\/el-secretario-general-de-la-oea-luis-almagro-recibio-a-la-delegacion-de-transparencia-electoral-1-1.jpg","datePublished":"2018-11-06T01:58:48+00:00","dateModified":"2023-12-04T13:21:45+00:00","author":{"@id":"https:\/\/transparenciaelectoral.org\/en\/transparencia\/#\/schema\/person\/63a97f81afd2c3820c6d9f262e27fe50"},"breadcrumb":{"@id":"https:\/\/transparenciaelectoral.org\/en\/transparencia\/el-secretario-general-de-la-oea-luis-almagro-recibio-a-la-delegacion-de-transparencia-electoral\/#breadcrumb"},"inLanguage":"es","potentialAction":[{"@type":"ReadAction","target":["https:\/\/transparenciaelectoral.org\/en\/transparencia\/el-secretario-general-de-la-oea-luis-almagro-recibio-a-la-delegacion-de-transparencia-electoral\/"]}]},{"@type":"ImageObject","inLanguage":"es","@id":"https:\/\/transparenciaelectoral.org\/en\/transparencia\/el-secretario-general-de-la-oea-luis-almagro-recibio-a-la-delegacion-de-transparencia-electoral\/#primaryimage","url":"https:\/\/transparenciaelectoral.org\/en\/transparencia\/wp-content\/uploads\/2018\/11\/el-secretario-general-de-la-oea-luis-almagro-recibio-a-la-delegacion-de-transparencia-electoral-1-1.jpg","contentUrl":"https:\/\/transparenciaelectoral.org\/en\/transparencia\/wp-content\/uploads\/2018\/11\/el-secretario-general-de-la-oea-luis-almagro-recibio-a-la-delegacion-de-transparencia-electoral-1-1.jpg","width":1024,"height":652},{"@type":"BreadcrumbList","@id":"https:\/\/transparenciaelectoral.org\/en\/transparencia\/el-secretario-general-de-la-oea-luis-almagro-recibio-a-la-delegacion-de-transparencia-electoral\/#breadcrumb","itemListElement":[{"@type":"ListItem","position":1,"name":"Portada","item":"https:\/\/transparenciaelectoral.org\/en\/transparencia\/"},{"@type":"ListItem","position":2,"name":"El Secretario General de la OEA, Luis Almagro, recibi\u00f3 a la delegaci\u00f3n de Transparencia Electoral"}]},{"@type":"WebSite","@id":"https:\/\/transparenciaelectoral.org\/en\/transparencia\/#website","url":"https:\/\/transparenciaelectoral.org\/en\/transparencia\/","name":"Transparencia Electoral","description":"","potentialAction":[{"@type":"SearchAction","target":{"@type":"EntryPoint","urlTemplate":"https:\/\/transparenciaelectoral.org\/en\/transparencia\/?s={search_term_string}"},"query-input":{"@type":"PropertyValueSpecification","valueRequired":true,"valueName":"search_term_string"}}],"inLanguage":"es"},{"@type":"Person","@id":"https:\/\/transparenciaelectoral.org\/en\/transparencia\/#\/schema\/person\/63a97f81afd2c3820c6d9f262e27fe50","name":"Transparencia Electoral","image":{"@type":"ImageObject","inLanguage":"es","@id":"https:\/\/secure.gravatar.com\/avatar\/1c42efe425475a030aa093c633a2e79e264536eaa08d7fbfe52ebefcd52ab8a2?s=96&d=mm&r=g","url":"https:\/\/secure.gravatar.com\/avatar\/1c42efe425475a030aa093c633a2e79e264536eaa08d7fbfe52ebefcd52ab8a2?s=96&d=mm&r=g","contentUrl":"https:\/\/secure.gravatar.com\/avatar\/1c42efe425475a030aa093c633a2e79e264536eaa08d7fbfe52ebefcd52ab8a2?s=96&d=mm&r=g","caption":"Transparencia Electoral"},"sameAs":["https:\/\/transparenciaelectoral.org\/en\/transparencia\/\/"]}]}},"_links":{"self":[{"href":"https:\/\/transparenciaelectoral.org\/en\/transparencia\/wp-json\/wp\/v2\/posts\/2653","targetHints":{"allow":["GET"]}}],"collection":[{"href":"https:\/\/transparenciaelectoral.org\/en\/transparencia\/wp-json\/wp\/v2\/posts"}],"about":[{"href":"https:\/\/transparenciaelectoral.org\/en\/transparencia\/wp-json\/wp\/v2\/types\/post"}],"author":[{"embeddable":true,"href":"https:\/\/transparenciaelectoral.org\/en\/transparencia\/wp-json\/wp\/v2\/users\/6"}],"replies":[{"embeddable":true,"href":"https:\/\/transparenciaelectoral.org\/en\/transparencia\/wp-json\/wp\/v2\/comments?post=2653"}],"version-history":[{"count":2,"href":"https:\/\/transparenciaelectoral.org\/en\/transparencia\/wp-json\/wp\/v2\/posts\/2653\/revisions"}],"predecessor-version":[{"id":6859,"href":"https:\/\/transparenciaelectoral.org\/en\/transparencia\/wp-json\/wp\/v2\/posts\/2653\/revisions\/6859"}],"wp:featuredmedia":[{"embeddable":true,"href":"https:\/\/transparenciaelectoral.org\/en\/transparencia\/wp-json\/wp\/v2\/media\/2655"}],"wp:attachment":[{"href":"https:\/\/transparenciaelectoral.org\/en\/transparencia\/wp-json\/wp\/v2\/media?parent=2653"}],"wp:term":[{"taxonomy":"category","embeddable":true,"href":"https:\/\/transparenciaelectoral.org\/en\/transparencia\/wp-json\/wp\/v2\/categories?post=2653"},{"taxonomy":"post_tag","embeddable":true,"href":"https:\/\/transparenciaelectoral.org\/en\/transparencia\/wp-json\/wp\/v2\/tags?post=2653"}],"curies":[{"name":"wp","href":"https:\/\/api.w.org\/{rel}","templated":true}]}}