{"id":9729,"date":"2022-08-19T12:16:57","date_gmt":"2022-08-19T15:16:57","guid":{"rendered":"https:\/\/transparenciaelectoral.org\/caoeste\/?p=9729"},"modified":"2025-07-26T23:47:23","modified_gmt":"2025-07-27T02:47:23","slug":"el-presidente-de-la-caoeste-asistio-a-la-toma-de-posesion-de-la-nueva-directiva-del-tse","status":"publish","type":"post","link":"https:\/\/transparenciaelectoral.org\/caoeste\/el-presidente-de-la-caoeste-asistio-a-la-toma-de-posesion-de-la-nueva-directiva-del-tse\/","title":{"rendered":"El presidente de la CAOESTE asisti\u00f3 a la Toma de Posesi\u00f3n de la nueva directiva del TSE"},"content":{"rendered":"<p>El presidente de la <em>Conferencia Americana de Organismos Electorales por la Transparencia Electoral<\/em> (CAOESTE), <strong>Dr. Marcelo Peregrino,<\/strong> fue invitado por el Consejo Ceremonial de la Presidencia del <strong>Tribunal Superior Electoral<\/strong> (<strong>TSE<\/strong>) a la <em>Ceremonia de Toma de Posesi\u00f3n<\/em> de los Excelent\u00edsimos Ministros <strong>Alexandre de Moraes<\/strong> y <strong>Enrique Ricardo Lewandowski<\/strong>, en los cargos de Presidente y Vicepresidente del <strong>Tribunal Superior Electoral<\/strong> el pasado 17 de agosto.<\/p>\n<p>La ceremonia se celebr\u00f3 en Brasilia y cont\u00f3 con la presencia de 4 expresidentes de la Rep\u00fablica y 22 gobernadores en funciones.<\/p>\n<p><img fetchpriority=\"high\" decoding=\"async\" class=\"aligncenter wp-image-9730 size-large\" src=\"https:\/\/transparenciaelectoral.org\/caoeste\/wp-content\/uploads\/2022\/08\/WhatsApp-Image-2022-08-16-at-8.32.21-PM-e1660921727552-1024x520.jpeg\" alt=\"WhatsApp Image 2022 08 16 At 8.32.21 PM E1660921727552 1024x520\" width=\"1024\" height=\"520\" title=\"El presidente de la CAOESTE asisti\u00f3 a la Toma de Posesi\u00f3n de la nueva directiva del TSE\" srcset=\"https:\/\/transparenciaelectoral.org\/caoeste\/wp-content\/uploads\/2022\/08\/WhatsApp-Image-2022-08-16-at-8.32.21-PM-e1660921727552-1024x520.jpeg 1024w, https:\/\/transparenciaelectoral.org\/caoeste\/wp-content\/uploads\/2022\/08\/WhatsApp-Image-2022-08-16-at-8.32.21-PM-e1660921727552-300x152.jpeg 300w, https:\/\/transparenciaelectoral.org\/caoeste\/wp-content\/uploads\/2022\/08\/WhatsApp-Image-2022-08-16-at-8.32.21-PM-e1660921727552-768x390.jpeg 768w, https:\/\/transparenciaelectoral.org\/caoeste\/wp-content\/uploads\/2022\/08\/WhatsApp-Image-2022-08-16-at-8.32.21-PM-e1660921727552-1536x780.jpeg 1536w, https:\/\/transparenciaelectoral.org\/caoeste\/wp-content\/uploads\/2022\/08\/WhatsApp-Image-2022-08-16-at-8.32.21-PM-e1660921727552-1080x548.jpeg 1080w, https:\/\/transparenciaelectoral.org\/caoeste\/wp-content\/uploads\/2022\/08\/WhatsApp-Image-2022-08-16-at-8.32.21-PM-e1660921727552.jpeg 1600w\" sizes=\"(max-width: 1024px) 100vw, 1024px\" \/><\/p>\n<p>Por su parte, Marcelo tuvo la oportunidad de reunirse con el nuevo Ministro presidente del <strong>TSE<\/strong>, <strong>Alexandre de Moraes<\/strong>, con quien comparti\u00f3 detalles de la Misi\u00f3n de Observaci\u00f3n Electoral que se encuentra organizando la <strong>CAOESTE<\/strong> junto a <strong>Transparencia Electoral<\/strong> para las pr\u00f3ximas elecciones de Brasil a celebrarse el 2 de octubre.<\/p>\n<p><img decoding=\"async\" class=\"aligncenter wp-image-9736 size-large\" src=\"https:\/\/transparenciaelectoral.org\/caoeste\/wp-content\/uploads\/2022\/08\/52292921473_b98102d588_k-1024x683.jpg\" alt=\"52292921473 B98102d588 K 1024x683\" width=\"1024\" height=\"683\" title=\"El presidente de la CAOESTE asisti\u00f3 a la Toma de Posesi\u00f3n de la nueva directiva del TSE\" srcset=\"https:\/\/transparenciaelectoral.org\/caoeste\/wp-content\/uploads\/2022\/08\/52292921473_b98102d588_k-1024x683.jpg 1024w, https:\/\/transparenciaelectoral.org\/caoeste\/wp-content\/uploads\/2022\/08\/52292921473_b98102d588_k-300x200.jpg 300w, https:\/\/transparenciaelectoral.org\/caoeste\/wp-content\/uploads\/2022\/08\/52292921473_b98102d588_k-768x512.jpg 768w, https:\/\/transparenciaelectoral.org\/caoeste\/wp-content\/uploads\/2022\/08\/52292921473_b98102d588_k-1536x1024.jpg 1536w, https:\/\/transparenciaelectoral.org\/caoeste\/wp-content\/uploads\/2022\/08\/52292921473_b98102d588_k-1080x720.jpg 1080w, https:\/\/transparenciaelectoral.org\/caoeste\/wp-content\/uploads\/2022\/08\/52292921473_b98102d588_k-1280x853.jpg 1280w, https:\/\/transparenciaelectoral.org\/caoeste\/wp-content\/uploads\/2022\/08\/52292921473_b98102d588_k-980x653.jpg 980w, https:\/\/transparenciaelectoral.org\/caoeste\/wp-content\/uploads\/2022\/08\/52292921473_b98102d588_k-480x320.jpg 480w, https:\/\/transparenciaelectoral.org\/caoeste\/wp-content\/uploads\/2022\/08\/52292921473_b98102d588_k.jpg 2048w\" sizes=\"(max-width: 1024px) 100vw, 1024px\" \/><\/p>\n<p>&nbsp;<\/p>\n","protected":false},"excerpt":{"rendered":"<p>El presidente de la Conferencia Americana de Organismos Electorales por la Transparencia Electoral (CAOESTE), Dr. Marcelo Peregrino, fue invitado por el Consejo Ceremonial de la Presidencia del Tribunal Superior Electoral (TSE) a la Ceremonia de Toma de Posesi\u00f3n de los Excelent\u00edsimos Ministros Alexandre de Moraes y Enrique Ricardo Lewandowski, en los cargos de Presidente y [&hellip;]<\/p>\n","protected":false},"author":1,"featured_media":9736,"comment_status":"closed","ping_status":"open","sticky":false,"template":"","format":"standard","meta":{"site-sidebar-layout":"default","site-content-layout":"","ast-site-content-layout":"default","site-content-style":"default","site-sidebar-style":"default","ast-global-header-display":"","ast-banner-title-visibility":"","ast-main-header-display":"","ast-hfb-above-header-display":"","ast-hfb-below-header-display":"","ast-hfb-mobile-header-display":"","site-post-title":"","ast-breadcrumbs-content":"","ast-featured-img":"","footer-sml-layout":"","ast-disable-related-posts":"","theme-transparent-header-meta":"","adv-header-id-meta":"","stick-header-meta":"","header-above-stick-meta":"","header-main-stick-meta":"","header-below-stick-meta":"","astra-migrate-meta-layouts":"default","ast-page-background-enabled":"default","ast-page-background-meta":{"desktop":{"background-color":"","background-image":"","background-repeat":"repeat","background-position":"center center","background-size":"auto","background-attachment":"scroll","background-type":"","background-media":"","overlay-type":"","overlay-color":"","overlay-opacity":"","overlay-gradient":""},"tablet":{"background-color":"","background-image":"","background-repeat":"repeat","background-position":"center center","background-size":"auto","background-attachment":"scroll","background-type":"","background-media":"","overlay-type":"","overlay-color":"","overlay-opacity":"","overlay-gradient":""},"mobile":{"background-color":"","background-image":"","background-repeat":"repeat","background-position":"center center","background-size":"auto","background-attachment":"scroll","background-type":"","background-media":"","overlay-type":"","overlay-color":"","overlay-opacity":"","overlay-gradient":""}},"ast-content-background-meta":{"desktop":{"background-color":"var(--ast-global-color-5)","background-image":"","background-repeat":"repeat","background-position":"center center","background-size":"auto","background-attachment":"scroll","background-type":"","background-media":"","overlay-type":"","overlay-color":"","overlay-opacity":"","overlay-gradient":""},"tablet":{"background-color":"var(--ast-global-color-5)","background-image":"","background-repeat":"repeat","background-position":"center center","background-size":"auto","background-attachment":"scroll","background-type":"","background-media":"","overlay-type":"","overlay-color":"","overlay-opacity":"","overlay-gradient":""},"mobile":{"background-color":"var(--ast-global-color-5)","background-image":"","background-repeat":"repeat","background-position":"center center","background-size":"auto","background-attachment":"scroll","background-type":"","background-media":"","overlay-type":"","overlay-color":"","overlay-opacity":"","overlay-gradient":""}},"_themeisle_gutenberg_block_has_review":false,"footnotes":""},"categories":[4],"tags":[],"class_list":["post-9729","post","type-post","status-publish","format-standard","has-post-thumbnail","hentry","category-noticias-"],"yoast_head":"<!-- This site is optimized with the Yoast SEO plugin v26.0 - https:\/\/yoast.com\/wordpress\/plugins\/seo\/ -->\n<title>El presidente de la CAOESTE asisti\u00f3 a la Toma de Posesi\u00f3n de la nueva directiva del TSE - CAOESTE<\/title>\n<meta name=\"robots\" content=\"index, follow, max-snippet:-1, max-image-preview:large, max-video-preview:-1\" \/>\n<link rel=\"canonical\" href=\"https:\/\/transparenciaelectoral.org\/caoeste\/el-presidente-de-la-caoeste-asistio-a-la-toma-de-posesion-de-la-nueva-directiva-del-tse\/\" \/>\n<meta property=\"og:locale\" content=\"es_ES\" \/>\n<meta property=\"og:type\" content=\"article\" \/>\n<meta property=\"og:title\" content=\"El presidente de la CAOESTE asisti\u00f3 a la Toma de Posesi\u00f3n de la nueva directiva del TSE - CAOESTE\" \/>\n<meta property=\"og:description\" content=\"El presidente de la Conferencia Americana de Organismos Electorales por la Transparencia Electoral (CAOESTE), Dr. Marcelo Peregrino, fue invitado por el Consejo Ceremonial de la Presidencia del Tribunal Superior Electoral (TSE) a la Ceremonia de Toma de Posesi\u00f3n de los Excelent\u00edsimos Ministros Alexandre de Moraes y Enrique Ricardo Lewandowski, en los cargos de Presidente y [&hellip;]\" \/>\n<meta property=\"og:url\" content=\"https:\/\/transparenciaelectoral.org\/caoeste\/el-presidente-de-la-caoeste-asistio-a-la-toma-de-posesion-de-la-nueva-directiva-del-tse\/\" \/>\n<meta property=\"og:site_name\" content=\"CAOESTE\" \/>\n<meta property=\"article:publisher\" content=\"https:\/\/www.facebook.com\/Caoeste-Mexico-101156461660798\/\" \/>\n<meta property=\"article:published_time\" content=\"2022-08-19T15:16:57+00:00\" \/>\n<meta property=\"article:modified_time\" content=\"2025-07-27T02:47:23+00:00\" \/>\n<meta property=\"og:image\" content=\"https:\/\/transparenciaelectoral.org\/caoeste\/wp-content\/uploads\/2022\/08\/52292921473_b98102d588_k.jpg\" \/>\n\t<meta property=\"og:image:width\" content=\"2048\" \/>\n\t<meta property=\"og:image:height\" content=\"1365\" \/>\n\t<meta property=\"og:image:type\" content=\"image\/jpeg\" \/>\n<meta name=\"author\" content=\"webmasteradmin\" \/>\n<meta name=\"twitter:card\" content=\"summary_large_image\" \/>\n<meta name=\"twitter:creator\" content=\"@CAOESTE_ONG\" \/>\n<meta name=\"twitter:site\" content=\"@CAOESTE_ONG\" \/>\n<meta name=\"twitter:label1\" content=\"Escrito por\" \/>\n\t<meta name=\"twitter:data1\" content=\"webmasteradmin\" \/>\n\t<meta name=\"twitter:label2\" content=\"Tiempo de lectura\" \/>\n\t<meta name=\"twitter:data2\" content=\"2 minutos\" \/>\n<script type=\"application\/ld+json\" class=\"yoast-schema-graph\">{\"@context\":\"https:\/\/schema.org\",\"@graph\":[{\"@type\":\"Article\",\"@id\":\"https:\/\/transparenciaelectoral.org\/caoeste\/el-presidente-de-la-caoeste-asistio-a-la-toma-de-posesion-de-la-nueva-directiva-del-tse\/#article\",\"isPartOf\":{\"@id\":\"https:\/\/transparenciaelectoral.org\/caoeste\/el-presidente-de-la-caoeste-asistio-a-la-toma-de-posesion-de-la-nueva-directiva-del-tse\/\"},\"author\":{\"name\":\"webmasteradmin\",\"@id\":\"https:\/\/transparenciaelectoral.org\/caoeste\/#\/schema\/person\/333f9723decc685673405097840867a1\"},\"headline\":\"El presidente de la CAOESTE asisti\u00f3 a la Toma de Posesi\u00f3n de la nueva directiva del TSE\",\"datePublished\":\"2022-08-19T15:16:57+00:00\",\"dateModified\":\"2025-07-27T02:47:23+00:00\",\"mainEntityOfPage\":{\"@id\":\"https:\/\/transparenciaelectoral.org\/caoeste\/el-presidente-de-la-caoeste-asistio-a-la-toma-de-posesion-de-la-nueva-directiva-del-tse\/\"},\"wordCount\":159,\"publisher\":{\"@id\":\"https:\/\/transparenciaelectoral.org\/caoeste\/#organization\"},\"image\":{\"@id\":\"https:\/\/transparenciaelectoral.org\/caoeste\/el-presidente-de-la-caoeste-asistio-a-la-toma-de-posesion-de-la-nueva-directiva-del-tse\/#primaryimage\"},\"thumbnailUrl\":\"https:\/\/transparenciaelectoral.org\/caoeste\/wp-content\/uploads\/2022\/08\/52292921473_b98102d588_k.jpg\",\"articleSection\":[\"- Noticias \ud83c\uddea\ud83c\uddf8\"],\"inLanguage\":\"es\"},{\"@type\":\"WebPage\",\"@id\":\"https:\/\/transparenciaelectoral.org\/caoeste\/el-presidente-de-la-caoeste-asistio-a-la-toma-de-posesion-de-la-nueva-directiva-del-tse\/\",\"url\":\"https:\/\/transparenciaelectoral.org\/caoeste\/el-presidente-de-la-caoeste-asistio-a-la-toma-de-posesion-de-la-nueva-directiva-del-tse\/\",\"name\":\"El presidente de la CAOESTE asisti\u00f3 a la Toma de Posesi\u00f3n de la nueva directiva del TSE - CAOESTE\",\"isPartOf\":{\"@id\":\"https:\/\/transparenciaelectoral.org\/caoeste\/#website\"},\"primaryImageOfPage\":{\"@id\":\"https:\/\/transparenciaelectoral.org\/caoeste\/el-presidente-de-la-caoeste-asistio-a-la-toma-de-posesion-de-la-nueva-directiva-del-tse\/#primaryimage\"},\"image\":{\"@id\":\"https:\/\/transparenciaelectoral.org\/caoeste\/el-presidente-de-la-caoeste-asistio-a-la-toma-de-posesion-de-la-nueva-directiva-del-tse\/#primaryimage\"},\"thumbnailUrl\":\"https:\/\/transparenciaelectoral.org\/caoeste\/wp-content\/uploads\/2022\/08\/52292921473_b98102d588_k.jpg\",\"datePublished\":\"2022-08-19T15:16:57+00:00\",\"dateModified\":\"2025-07-27T02:47:23+00:00\",\"breadcrumb\":{\"@id\":\"https:\/\/transparenciaelectoral.org\/caoeste\/el-presidente-de-la-caoeste-asistio-a-la-toma-de-posesion-de-la-nueva-directiva-del-tse\/#breadcrumb\"},\"inLanguage\":\"es\",\"potentialAction\":[{\"@type\":\"ReadAction\",\"target\":[\"https:\/\/transparenciaelectoral.org\/caoeste\/el-presidente-de-la-caoeste-asistio-a-la-toma-de-posesion-de-la-nueva-directiva-del-tse\/\"]}]},{\"@type\":\"ImageObject\",\"inLanguage\":\"es\",\"@id\":\"https:\/\/transparenciaelectoral.org\/caoeste\/el-presidente-de-la-caoeste-asistio-a-la-toma-de-posesion-de-la-nueva-directiva-del-tse\/#primaryimage\",\"url\":\"https:\/\/transparenciaelectoral.org\/caoeste\/wp-content\/uploads\/2022\/08\/52292921473_b98102d588_k.jpg\",\"contentUrl\":\"https:\/\/transparenciaelectoral.org\/caoeste\/wp-content\/uploads\/2022\/08\/52292921473_b98102d588_k.jpg\",\"width\":2048,\"height\":1365},{\"@type\":\"BreadcrumbList\",\"@id\":\"https:\/\/transparenciaelectoral.org\/caoeste\/el-presidente-de-la-caoeste-asistio-a-la-toma-de-posesion-de-la-nueva-directiva-del-tse\/#breadcrumb\",\"itemListElement\":[{\"@type\":\"ListItem\",\"position\":1,\"name\":\"Portada\",\"item\":\"https:\/\/transparenciaelectoral.org\/caoeste\/\"},{\"@type\":\"ListItem\",\"position\":2,\"name\":\"El presidente de la CAOESTE asisti\u00f3 a la Toma de Posesi\u00f3n de la nueva directiva del TSE\"}]},{\"@type\":\"WebSite\",\"@id\":\"https:\/\/transparenciaelectoral.org\/caoeste\/#website\",\"url\":\"https:\/\/transparenciaelectoral.org\/caoeste\/\",\"name\":\"CAOESTE\",\"description\":\"Conferencia Americana de Organismos Electorales Subnacionales\",\"publisher\":{\"@id\":\"https:\/\/transparenciaelectoral.org\/caoeste\/#organization\"},\"potentialAction\":[{\"@type\":\"SearchAction\",\"target\":{\"@type\":\"EntryPoint\",\"urlTemplate\":\"https:\/\/transparenciaelectoral.org\/caoeste\/?s={search_term_string}\"},\"query-input\":{\"@type\":\"PropertyValueSpecification\",\"valueRequired\":true,\"valueName\":\"search_term_string\"}}],\"inLanguage\":\"es\"},{\"@type\":\"Organization\",\"@id\":\"https:\/\/transparenciaelectoral.org\/caoeste\/#organization\",\"name\":\"CAOESTE\",\"url\":\"https:\/\/transparenciaelectoral.org\/caoeste\/\",\"logo\":{\"@type\":\"ImageObject\",\"inLanguage\":\"es\",\"@id\":\"https:\/\/transparenciaelectoral.org\/caoeste\/#\/schema\/logo\/image\/\",\"url\":\"https:\/\/transparenciaelectoral.org\/caoeste\/wp-content\/uploads\/2026\/04\/Diseno-sin-titulo-7-e1777387837965.png\",\"contentUrl\":\"https:\/\/transparenciaelectoral.org\/caoeste\/wp-content\/uploads\/2026\/04\/Diseno-sin-titulo-7-e1777387837965.png\",\"width\":591,\"height\":198,\"caption\":\"CAOESTE\"},\"image\":{\"@id\":\"https:\/\/transparenciaelectoral.org\/caoeste\/#\/schema\/logo\/image\/\"},\"sameAs\":[\"https:\/\/www.facebook.com\/Caoeste-Mexico-101156461660798\/\",\"https:\/\/x.com\/CAOESTE_ONG\",\"https:\/\/www.linkedin.com\/showcase\/caoeste\/\",\"https:\/\/www.youtube.com\/watch?v=hp9DVXqvyEs\"]},{\"@type\":\"Person\",\"@id\":\"https:\/\/transparenciaelectoral.org\/caoeste\/#\/schema\/person\/333f9723decc685673405097840867a1\",\"name\":\"webmasteradmin\",\"image\":{\"@type\":\"ImageObject\",\"inLanguage\":\"es\",\"@id\":\"https:\/\/transparenciaelectoral.org\/caoeste\/#\/schema\/person\/image\/\",\"url\":\"https:\/\/secure.gravatar.com\/avatar\/1c300b8f55663912634f3d4958ca2eebe38efe9a9453ad10089cf673128a520b?s=96&d=mm&r=g\",\"contentUrl\":\"https:\/\/secure.gravatar.com\/avatar\/1c300b8f55663912634f3d4958ca2eebe38efe9a9453ad10089cf673128a520b?s=96&d=mm&r=g\",\"caption\":\"webmasteradmin\"},\"url\":\"https:\/\/transparenciaelectoral.org\/caoeste\/author\/webmasteradmin\/\"}]}<\/script>\n<!-- \/ Yoast SEO plugin. -->","yoast_head_json":{"title":"El presidente de la CAOESTE asisti\u00f3 a la Toma de Posesi\u00f3n de la nueva directiva del TSE - CAOESTE","robots":{"index":"index","follow":"follow","max-snippet":"max-snippet:-1","max-image-preview":"max-image-preview:large","max-video-preview":"max-video-preview:-1"},"canonical":"https:\/\/transparenciaelectoral.org\/caoeste\/el-presidente-de-la-caoeste-asistio-a-la-toma-de-posesion-de-la-nueva-directiva-del-tse\/","og_locale":"es_ES","og_type":"article","og_title":"El presidente de la CAOESTE asisti\u00f3 a la Toma de Posesi\u00f3n de la nueva directiva del TSE - CAOESTE","og_description":"El presidente de la Conferencia Americana de Organismos Electorales por la Transparencia Electoral (CAOESTE), Dr. Marcelo Peregrino, fue invitado por el Consejo Ceremonial de la Presidencia del Tribunal Superior Electoral (TSE) a la Ceremonia de Toma de Posesi\u00f3n de los Excelent\u00edsimos Ministros Alexandre de Moraes y Enrique Ricardo Lewandowski, en los cargos de Presidente y [&hellip;]","og_url":"https:\/\/transparenciaelectoral.org\/caoeste\/el-presidente-de-la-caoeste-asistio-a-la-toma-de-posesion-de-la-nueva-directiva-del-tse\/","og_site_name":"CAOESTE","article_publisher":"https:\/\/www.facebook.com\/Caoeste-Mexico-101156461660798\/","article_published_time":"2022-08-19T15:16:57+00:00","article_modified_time":"2025-07-27T02:47:23+00:00","og_image":[{"width":2048,"height":1365,"url":"https:\/\/transparenciaelectoral.org\/caoeste\/wp-content\/uploads\/2022\/08\/52292921473_b98102d588_k.jpg","type":"image\/jpeg"}],"author":"webmasteradmin","twitter_card":"summary_large_image","twitter_creator":"@CAOESTE_ONG","twitter_site":"@CAOESTE_ONG","twitter_misc":{"Escrito por":"webmasteradmin","Tiempo de lectura":"2 minutos"},"schema":{"@context":"https:\/\/schema.org","@graph":[{"@type":"Article","@id":"https:\/\/transparenciaelectoral.org\/caoeste\/el-presidente-de-la-caoeste-asistio-a-la-toma-de-posesion-de-la-nueva-directiva-del-tse\/#article","isPartOf":{"@id":"https:\/\/transparenciaelectoral.org\/caoeste\/el-presidente-de-la-caoeste-asistio-a-la-toma-de-posesion-de-la-nueva-directiva-del-tse\/"},"author":{"name":"webmasteradmin","@id":"https:\/\/transparenciaelectoral.org\/caoeste\/#\/schema\/person\/333f9723decc685673405097840867a1"},"headline":"El presidente de la CAOESTE asisti\u00f3 a la Toma de Posesi\u00f3n de la nueva directiva del TSE","datePublished":"2022-08-19T15:16:57+00:00","dateModified":"2025-07-27T02:47:23+00:00","mainEntityOfPage":{"@id":"https:\/\/transparenciaelectoral.org\/caoeste\/el-presidente-de-la-caoeste-asistio-a-la-toma-de-posesion-de-la-nueva-directiva-del-tse\/"},"wordCount":159,"publisher":{"@id":"https:\/\/transparenciaelectoral.org\/caoeste\/#organization"},"image":{"@id":"https:\/\/transparenciaelectoral.org\/caoeste\/el-presidente-de-la-caoeste-asistio-a-la-toma-de-posesion-de-la-nueva-directiva-del-tse\/#primaryimage"},"thumbnailUrl":"https:\/\/transparenciaelectoral.org\/caoeste\/wp-content\/uploads\/2022\/08\/52292921473_b98102d588_k.jpg","articleSection":["- Noticias \ud83c\uddea\ud83c\uddf8"],"inLanguage":"es"},{"@type":"WebPage","@id":"https:\/\/transparenciaelectoral.org\/caoeste\/el-presidente-de-la-caoeste-asistio-a-la-toma-de-posesion-de-la-nueva-directiva-del-tse\/","url":"https:\/\/transparenciaelectoral.org\/caoeste\/el-presidente-de-la-caoeste-asistio-a-la-toma-de-posesion-de-la-nueva-directiva-del-tse\/","name":"El presidente de la CAOESTE asisti\u00f3 a la Toma de Posesi\u00f3n de la nueva directiva del TSE - CAOESTE","isPartOf":{"@id":"https:\/\/transparenciaelectoral.org\/caoeste\/#website"},"primaryImageOfPage":{"@id":"https:\/\/transparenciaelectoral.org\/caoeste\/el-presidente-de-la-caoeste-asistio-a-la-toma-de-posesion-de-la-nueva-directiva-del-tse\/#primaryimage"},"image":{"@id":"https:\/\/transparenciaelectoral.org\/caoeste\/el-presidente-de-la-caoeste-asistio-a-la-toma-de-posesion-de-la-nueva-directiva-del-tse\/#primaryimage"},"thumbnailUrl":"https:\/\/transparenciaelectoral.org\/caoeste\/wp-content\/uploads\/2022\/08\/52292921473_b98102d588_k.jpg","datePublished":"2022-08-19T15:16:57+00:00","dateModified":"2025-07-27T02:47:23+00:00","breadcrumb":{"@id":"https:\/\/transparenciaelectoral.org\/caoeste\/el-presidente-de-la-caoeste-asistio-a-la-toma-de-posesion-de-la-nueva-directiva-del-tse\/#breadcrumb"},"inLanguage":"es","potentialAction":[{"@type":"ReadAction","target":["https:\/\/transparenciaelectoral.org\/caoeste\/el-presidente-de-la-caoeste-asistio-a-la-toma-de-posesion-de-la-nueva-directiva-del-tse\/"]}]},{"@type":"ImageObject","inLanguage":"es","@id":"https:\/\/transparenciaelectoral.org\/caoeste\/el-presidente-de-la-caoeste-asistio-a-la-toma-de-posesion-de-la-nueva-directiva-del-tse\/#primaryimage","url":"https:\/\/transparenciaelectoral.org\/caoeste\/wp-content\/uploads\/2022\/08\/52292921473_b98102d588_k.jpg","contentUrl":"https:\/\/transparenciaelectoral.org\/caoeste\/wp-content\/uploads\/2022\/08\/52292921473_b98102d588_k.jpg","width":2048,"height":1365},{"@type":"BreadcrumbList","@id":"https:\/\/transparenciaelectoral.org\/caoeste\/el-presidente-de-la-caoeste-asistio-a-la-toma-de-posesion-de-la-nueva-directiva-del-tse\/#breadcrumb","itemListElement":[{"@type":"ListItem","position":1,"name":"Portada","item":"https:\/\/transparenciaelectoral.org\/caoeste\/"},{"@type":"ListItem","position":2,"name":"El presidente de la CAOESTE asisti\u00f3 a la Toma de Posesi\u00f3n de la nueva directiva del TSE"}]},{"@type":"WebSite","@id":"https:\/\/transparenciaelectoral.org\/caoeste\/#website","url":"https:\/\/transparenciaelectoral.org\/caoeste\/","name":"CAOESTE","description":"Conferencia Americana de Organismos Electorales Subnacionales","publisher":{"@id":"https:\/\/transparenciaelectoral.org\/caoeste\/#organization"},"potentialAction":[{"@type":"SearchAction","target":{"@type":"EntryPoint","urlTemplate":"https:\/\/transparenciaelectoral.org\/caoeste\/?s={search_term_string}"},"query-input":{"@type":"PropertyValueSpecification","valueRequired":true,"valueName":"search_term_string"}}],"inLanguage":"es"},{"@type":"Organization","@id":"https:\/\/transparenciaelectoral.org\/caoeste\/#organization","name":"CAOESTE","url":"https:\/\/transparenciaelectoral.org\/caoeste\/","logo":{"@type":"ImageObject","inLanguage":"es","@id":"https:\/\/transparenciaelectoral.org\/caoeste\/#\/schema\/logo\/image\/","url":"https:\/\/transparenciaelectoral.org\/caoeste\/wp-content\/uploads\/2026\/04\/Diseno-sin-titulo-7-e1777387837965.png","contentUrl":"https:\/\/transparenciaelectoral.org\/caoeste\/wp-content\/uploads\/2026\/04\/Diseno-sin-titulo-7-e1777387837965.png","width":591,"height":198,"caption":"CAOESTE"},"image":{"@id":"https:\/\/transparenciaelectoral.org\/caoeste\/#\/schema\/logo\/image\/"},"sameAs":["https:\/\/www.facebook.com\/Caoeste-Mexico-101156461660798\/","https:\/\/x.com\/CAOESTE_ONG","https:\/\/www.linkedin.com\/showcase\/caoeste\/","https:\/\/www.youtube.com\/watch?v=hp9DVXqvyEs"]},{"@type":"Person","@id":"https:\/\/transparenciaelectoral.org\/caoeste\/#\/schema\/person\/333f9723decc685673405097840867a1","name":"webmasteradmin","image":{"@type":"ImageObject","inLanguage":"es","@id":"https:\/\/transparenciaelectoral.org\/caoeste\/#\/schema\/person\/image\/","url":"https:\/\/secure.gravatar.com\/avatar\/1c300b8f55663912634f3d4958ca2eebe38efe9a9453ad10089cf673128a520b?s=96&d=mm&r=g","contentUrl":"https:\/\/secure.gravatar.com\/avatar\/1c300b8f55663912634f3d4958ca2eebe38efe9a9453ad10089cf673128a520b?s=96&d=mm&r=g","caption":"webmasteradmin"},"url":"https:\/\/transparenciaelectoral.org\/caoeste\/author\/webmasteradmin\/"}]}},"_links":{"self":[{"href":"https:\/\/transparenciaelectoral.org\/caoeste\/wp-json\/wp\/v2\/posts\/9729","targetHints":{"allow":["GET"]}}],"collection":[{"href":"https:\/\/transparenciaelectoral.org\/caoeste\/wp-json\/wp\/v2\/posts"}],"about":[{"href":"https:\/\/transparenciaelectoral.org\/caoeste\/wp-json\/wp\/v2\/types\/post"}],"author":[{"embeddable":true,"href":"https:\/\/transparenciaelectoral.org\/caoeste\/wp-json\/wp\/v2\/users\/1"}],"replies":[{"embeddable":true,"href":"https:\/\/transparenciaelectoral.org\/caoeste\/wp-json\/wp\/v2\/comments?post=9729"}],"version-history":[{"count":4,"href":"https:\/\/transparenciaelectoral.org\/caoeste\/wp-json\/wp\/v2\/posts\/9729\/revisions"}],"predecessor-version":[{"id":9737,"href":"https:\/\/transparenciaelectoral.org\/caoeste\/wp-json\/wp\/v2\/posts\/9729\/revisions\/9737"}],"wp:featuredmedia":[{"embeddable":true,"href":"https:\/\/transparenciaelectoral.org\/caoeste\/wp-json\/wp\/v2\/media\/9736"}],"wp:attachment":[{"href":"https:\/\/transparenciaelectoral.org\/caoeste\/wp-json\/wp\/v2\/media?parent=9729"}],"wp:term":[{"taxonomy":"category","embeddable":true,"href":"https:\/\/transparenciaelectoral.org\/caoeste\/wp-json\/wp\/v2\/categories?post=9729"},{"taxonomy":"post_tag","embeddable":true,"href":"https:\/\/transparenciaelectoral.org\/caoeste\/wp-json\/wp\/v2\/tags?post=9729"}],"curies":[{"name":"wp","href":"https:\/\/api.w.org\/{rel}","templated":true}]}}