{"id":9720,"date":"2022-07-26T13:28:34","date_gmt":"2022-07-26T16:28:34","guid":{"rendered":"https:\/\/transparenciaelectoral.org\/caoeste\/?p=9720"},"modified":"2025-07-26T23:47:23","modified_gmt":"2025-07-27T02:47:23","slug":"la-caoeste-y-el-tribunal-regional-de-santa-catarina-firmaron-una-carta-de-compromiso-con-la-campana-voce-ve-recursos-publicos-en-campana","status":"publish","type":"post","link":"https:\/\/transparenciaelectoral.org\/caoeste\/la-caoeste-y-el-tribunal-regional-de-santa-catarina-firmaron-una-carta-de-compromiso-con-la-campana-voce-ve-recursos-publicos-en-campana\/","title":{"rendered":"La CAOESTE y el Tribunal Regional de Santa Catarina firmaron una carta de compromiso con la campa\u00f1a \u201cVoc\u00ea V\u00ea \u2013 Recursos P\u00fablicos en Campa\u00f1a\u00bb"},"content":{"rendered":"<p style=\"text-align: left;\"><img decoding=\"async\" class=\"alignleft wp-image-9721 \" src=\"https:\/\/transparenciaelectoral.org\/caoeste\/wp-content\/uploads\/2022\/07\/WhatsApp-Image-2022-07-26-at-12.58.31-PM-e1658851286437-205x300.jpeg\" alt=\"WhatsApp Image 2022 07 26 At 12.58.31 PM E1658851286437 205x300\" width=\"168\" height=\"246\" title=\"La CAOESTE y el Tribunal Regional de Santa Catarina firmaron una carta de compromiso con la campa\u00f1a \u201cVoc\u00ea V\u00ea \u2013 Recursos P\u00fablicos en Campa\u00f1a&quot;\" srcset=\"https:\/\/transparenciaelectoral.org\/caoeste\/wp-content\/uploads\/2022\/07\/WhatsApp-Image-2022-07-26-at-12.58.31-PM-e1658851286437-205x300.jpeg 205w, https:\/\/transparenciaelectoral.org\/caoeste\/wp-content\/uploads\/2022\/07\/WhatsApp-Image-2022-07-26-at-12.58.31-PM-e1658851286437-699x1024.jpeg 699w, https:\/\/transparenciaelectoral.org\/caoeste\/wp-content\/uploads\/2022\/07\/WhatsApp-Image-2022-07-26-at-12.58.31-PM-e1658851286437-768x1125.jpeg 768w, https:\/\/transparenciaelectoral.org\/caoeste\/wp-content\/uploads\/2022\/07\/WhatsApp-Image-2022-07-26-at-12.58.31-PM-e1658851286437-1049x1536.jpeg 1049w, https:\/\/transparenciaelectoral.org\/caoeste\/wp-content\/uploads\/2022\/07\/WhatsApp-Image-2022-07-26-at-12.58.31-PM-e1658851286437.jpeg 1076w\" sizes=\"(max-width: 168px) 100vw, 168px\" \/>El pasado lunes 25 de julio, la <em>Conferencia Americana de Organismos Electorales Subnacionales por la Transparencia Electoral<\/em> (<strong>CAOESTE<\/strong>) firm\u00f3 junto al Tribunal Regional Electoral de Santa Catarina (<strong>TRE- SC<\/strong>),\u00a0una carta de compromiso con la campa\u00f1a \u201c<strong>Voc\u00ea V\u00ea \u2013 Recursos P\u00fablicos em Campanha<\/strong>\u201d.<\/p>\n<p>La misma busca promover la \u00e9tica y la transparencia en la asignaci\u00f3n de los recursos p\u00fablicos que financian las campa\u00f1as electorales en las elecciones de 2022 con el objetivo de movilizar a ciudadanos e instituciones de Santa Catarina para supervisar la asignaci\u00f3n de recursos p\u00fablicos y privados en las elecciones de 2022.<\/p>\n<p>&nbsp;<\/p>\n","protected":false},"excerpt":{"rendered":"<p>El pasado lunes 25 de julio, la Conferencia Americana de Organismos Electorales Subnacionales por la Transparencia Electoral (CAOESTE) firm\u00f3 junto al Tribunal Regional Electoral de Santa Catarina (TRE- SC),\u00a0una carta de compromiso con la campa\u00f1a \u201cVoc\u00ea V\u00ea \u2013 Recursos P\u00fablicos em Campanha\u201d. La misma busca promover la \u00e9tica y la transparencia en la asignaci\u00f3n de [&hellip;]<\/p>\n","protected":false},"author":1,"featured_media":9721,"comment_status":"closed","ping_status":"open","sticky":false,"template":"","format":"standard","meta":{"site-sidebar-layout":"default","site-content-layout":"","ast-site-content-layout":"default","site-content-style":"default","site-sidebar-style":"default","ast-global-header-display":"","ast-banner-title-visibility":"","ast-main-header-display":"","ast-hfb-above-header-display":"","ast-hfb-below-header-display":"","ast-hfb-mobile-header-display":"","site-post-title":"","ast-breadcrumbs-content":"","ast-featured-img":"","footer-sml-layout":"","ast-disable-related-posts":"","theme-transparent-header-meta":"","adv-header-id-meta":"","stick-header-meta":"","header-above-stick-meta":"","header-main-stick-meta":"","header-below-stick-meta":"","astra-migrate-meta-layouts":"default","ast-page-background-enabled":"default","ast-page-background-meta":{"desktop":{"background-color":"","background-image":"","background-repeat":"repeat","background-position":"center center","background-size":"auto","background-attachment":"scroll","background-type":"","background-media":"","overlay-type":"","overlay-color":"","overlay-opacity":"","overlay-gradient":""},"tablet":{"background-color":"","background-image":"","background-repeat":"repeat","background-position":"center center","background-size":"auto","background-attachment":"scroll","background-type":"","background-media":"","overlay-type":"","overlay-color":"","overlay-opacity":"","overlay-gradient":""},"mobile":{"background-color":"","background-image":"","background-repeat":"repeat","background-position":"center center","background-size":"auto","background-attachment":"scroll","background-type":"","background-media":"","overlay-type":"","overlay-color":"","overlay-opacity":"","overlay-gradient":""}},"ast-content-background-meta":{"desktop":{"background-color":"var(--ast-global-color-5)","background-image":"","background-repeat":"repeat","background-position":"center center","background-size":"auto","background-attachment":"scroll","background-type":"","background-media":"","overlay-type":"","overlay-color":"","overlay-opacity":"","overlay-gradient":""},"tablet":{"background-color":"var(--ast-global-color-5)","background-image":"","background-repeat":"repeat","background-position":"center center","background-size":"auto","background-attachment":"scroll","background-type":"","background-media":"","overlay-type":"","overlay-color":"","overlay-opacity":"","overlay-gradient":""},"mobile":{"background-color":"var(--ast-global-color-5)","background-image":"","background-repeat":"repeat","background-position":"center center","background-size":"auto","background-attachment":"scroll","background-type":"","background-media":"","overlay-type":"","overlay-color":"","overlay-opacity":"","overlay-gradient":""}},"_themeisle_gutenberg_block_has_review":false,"footnotes":""},"categories":[4],"tags":[],"class_list":["post-9720","post","type-post","status-publish","format-standard","has-post-thumbnail","hentry","category-noticias-"],"yoast_head":"<!-- This site is optimized with the Yoast SEO plugin v26.0 - https:\/\/yoast.com\/wordpress\/plugins\/seo\/ -->\n<title>La CAOESTE y el Tribunal Regional de Santa Catarina firmaron una carta de compromiso con la campa\u00f1a \u201cVoc\u00ea V\u00ea \u2013 Recursos P\u00fablicos en Campa\u00f1a&quot; - CAOESTE<\/title>\n<meta name=\"robots\" content=\"index, follow, max-snippet:-1, max-image-preview:large, max-video-preview:-1\" \/>\n<link rel=\"canonical\" href=\"https:\/\/transparenciaelectoral.org\/caoeste\/la-caoeste-y-el-tribunal-regional-de-santa-catarina-firmaron-una-carta-de-compromiso-con-la-campana-voce-ve-recursos-publicos-en-campana\/\" \/>\n<meta property=\"og:locale\" content=\"es_ES\" \/>\n<meta property=\"og:type\" content=\"article\" \/>\n<meta property=\"og:title\" content=\"La CAOESTE y el Tribunal Regional de Santa Catarina firmaron una carta de compromiso con la campa\u00f1a \u201cVoc\u00ea V\u00ea \u2013 Recursos P\u00fablicos en Campa\u00f1a&quot; - CAOESTE\" \/>\n<meta property=\"og:description\" content=\"El pasado lunes 25 de julio, la Conferencia Americana de Organismos Electorales Subnacionales por la Transparencia Electoral (CAOESTE) firm\u00f3 junto al Tribunal Regional Electoral de Santa Catarina (TRE- SC),\u00a0una carta de compromiso con la campa\u00f1a \u201cVoc\u00ea V\u00ea \u2013 Recursos P\u00fablicos em Campanha\u201d. La misma busca promover la \u00e9tica y la transparencia en la asignaci\u00f3n de [&hellip;]\" \/>\n<meta property=\"og:url\" content=\"https:\/\/transparenciaelectoral.org\/caoeste\/la-caoeste-y-el-tribunal-regional-de-santa-catarina-firmaron-una-carta-de-compromiso-con-la-campana-voce-ve-recursos-publicos-en-campana\/\" \/>\n<meta property=\"og:site_name\" content=\"CAOESTE\" \/>\n<meta property=\"article:publisher\" content=\"https:\/\/www.facebook.com\/Caoeste-Mexico-101156461660798\/\" \/>\n<meta property=\"article:published_time\" content=\"2022-07-26T16:28:34+00:00\" \/>\n<meta property=\"article:modified_time\" content=\"2025-07-27T02:47:23+00:00\" \/>\n<meta property=\"og:image\" content=\"https:\/\/transparenciaelectoral.org\/caoeste\/wp-content\/uploads\/2022\/07\/WhatsApp-Image-2022-07-26-at-12.58.31-PM-e1658851286437.jpeg\" \/>\n\t<meta property=\"og:image:width\" content=\"1076\" \/>\n\t<meta property=\"og:image:height\" content=\"1576\" \/>\n\t<meta property=\"og:image:type\" content=\"image\/jpeg\" \/>\n<meta name=\"author\" content=\"webmasteradmin\" \/>\n<meta name=\"twitter:card\" content=\"summary_large_image\" \/>\n<meta name=\"twitter:creator\" content=\"@CAOESTE_ONG\" \/>\n<meta name=\"twitter:site\" content=\"@CAOESTE_ONG\" \/>\n<meta name=\"twitter:label1\" content=\"Escrito por\" \/>\n\t<meta name=\"twitter:data1\" content=\"webmasteradmin\" \/>\n\t<meta name=\"twitter:label2\" content=\"Tiempo de lectura\" \/>\n\t<meta name=\"twitter:data2\" content=\"1 minuto\" \/>\n<script type=\"application\/ld+json\" class=\"yoast-schema-graph\">{\"@context\":\"https:\/\/schema.org\",\"@graph\":[{\"@type\":\"Article\",\"@id\":\"https:\/\/transparenciaelectoral.org\/caoeste\/la-caoeste-y-el-tribunal-regional-de-santa-catarina-firmaron-una-carta-de-compromiso-con-la-campana-voce-ve-recursos-publicos-en-campana\/#article\",\"isPartOf\":{\"@id\":\"https:\/\/transparenciaelectoral.org\/caoeste\/la-caoeste-y-el-tribunal-regional-de-santa-catarina-firmaron-una-carta-de-compromiso-con-la-campana-voce-ve-recursos-publicos-en-campana\/\"},\"author\":{\"name\":\"webmasteradmin\",\"@id\":\"https:\/\/transparenciaelectoral.org\/caoeste\/#\/schema\/person\/333f9723decc685673405097840867a1\"},\"headline\":\"La CAOESTE y el Tribunal Regional de Santa Catarina firmaron una carta de compromiso con la campa\u00f1a \u201cVoc\u00ea V\u00ea \u2013 Recursos P\u00fablicos en Campa\u00f1a\u00bb\",\"datePublished\":\"2022-07-26T16:28:34+00:00\",\"dateModified\":\"2025-07-27T02:47:23+00:00\",\"mainEntityOfPage\":{\"@id\":\"https:\/\/transparenciaelectoral.org\/caoeste\/la-caoeste-y-el-tribunal-regional-de-santa-catarina-firmaron-una-carta-de-compromiso-con-la-campana-voce-ve-recursos-publicos-en-campana\/\"},\"wordCount\":125,\"publisher\":{\"@id\":\"https:\/\/transparenciaelectoral.org\/caoeste\/#organization\"},\"image\":{\"@id\":\"https:\/\/transparenciaelectoral.org\/caoeste\/la-caoeste-y-el-tribunal-regional-de-santa-catarina-firmaron-una-carta-de-compromiso-con-la-campana-voce-ve-recursos-publicos-en-campana\/#primaryimage\"},\"thumbnailUrl\":\"https:\/\/transparenciaelectoral.org\/caoeste\/wp-content\/uploads\/2022\/07\/WhatsApp-Image-2022-07-26-at-12.58.31-PM-e1658851286437.jpeg\",\"articleSection\":[\"- Noticias \ud83c\uddea\ud83c\uddf8\"],\"inLanguage\":\"es\"},{\"@type\":\"WebPage\",\"@id\":\"https:\/\/transparenciaelectoral.org\/caoeste\/la-caoeste-y-el-tribunal-regional-de-santa-catarina-firmaron-una-carta-de-compromiso-con-la-campana-voce-ve-recursos-publicos-en-campana\/\",\"url\":\"https:\/\/transparenciaelectoral.org\/caoeste\/la-caoeste-y-el-tribunal-regional-de-santa-catarina-firmaron-una-carta-de-compromiso-con-la-campana-voce-ve-recursos-publicos-en-campana\/\",\"name\":\"La CAOESTE y el Tribunal Regional de Santa Catarina firmaron una carta de compromiso con la campa\u00f1a \u201cVoc\u00ea V\u00ea \u2013 Recursos P\u00fablicos en Campa\u00f1a\\\" - CAOESTE\",\"isPartOf\":{\"@id\":\"https:\/\/transparenciaelectoral.org\/caoeste\/#website\"},\"primaryImageOfPage\":{\"@id\":\"https:\/\/transparenciaelectoral.org\/caoeste\/la-caoeste-y-el-tribunal-regional-de-santa-catarina-firmaron-una-carta-de-compromiso-con-la-campana-voce-ve-recursos-publicos-en-campana\/#primaryimage\"},\"image\":{\"@id\":\"https:\/\/transparenciaelectoral.org\/caoeste\/la-caoeste-y-el-tribunal-regional-de-santa-catarina-firmaron-una-carta-de-compromiso-con-la-campana-voce-ve-recursos-publicos-en-campana\/#primaryimage\"},\"thumbnailUrl\":\"https:\/\/transparenciaelectoral.org\/caoeste\/wp-content\/uploads\/2022\/07\/WhatsApp-Image-2022-07-26-at-12.58.31-PM-e1658851286437.jpeg\",\"datePublished\":\"2022-07-26T16:28:34+00:00\",\"dateModified\":\"2025-07-27T02:47:23+00:00\",\"breadcrumb\":{\"@id\":\"https:\/\/transparenciaelectoral.org\/caoeste\/la-caoeste-y-el-tribunal-regional-de-santa-catarina-firmaron-una-carta-de-compromiso-con-la-campana-voce-ve-recursos-publicos-en-campana\/#breadcrumb\"},\"inLanguage\":\"es\",\"potentialAction\":[{\"@type\":\"ReadAction\",\"target\":[\"https:\/\/transparenciaelectoral.org\/caoeste\/la-caoeste-y-el-tribunal-regional-de-santa-catarina-firmaron-una-carta-de-compromiso-con-la-campana-voce-ve-recursos-publicos-en-campana\/\"]}]},{\"@type\":\"ImageObject\",\"inLanguage\":\"es\",\"@id\":\"https:\/\/transparenciaelectoral.org\/caoeste\/la-caoeste-y-el-tribunal-regional-de-santa-catarina-firmaron-una-carta-de-compromiso-con-la-campana-voce-ve-recursos-publicos-en-campana\/#primaryimage\",\"url\":\"https:\/\/transparenciaelectoral.org\/caoeste\/wp-content\/uploads\/2022\/07\/WhatsApp-Image-2022-07-26-at-12.58.31-PM-e1658851286437.jpeg\",\"contentUrl\":\"https:\/\/transparenciaelectoral.org\/caoeste\/wp-content\/uploads\/2022\/07\/WhatsApp-Image-2022-07-26-at-12.58.31-PM-e1658851286437.jpeg\",\"width\":1076,\"height\":1576},{\"@type\":\"BreadcrumbList\",\"@id\":\"https:\/\/transparenciaelectoral.org\/caoeste\/la-caoeste-y-el-tribunal-regional-de-santa-catarina-firmaron-una-carta-de-compromiso-con-la-campana-voce-ve-recursos-publicos-en-campana\/#breadcrumb\",\"itemListElement\":[{\"@type\":\"ListItem\",\"position\":1,\"name\":\"Portada\",\"item\":\"https:\/\/transparenciaelectoral.org\/caoeste\/\"},{\"@type\":\"ListItem\",\"position\":2,\"name\":\"La CAOESTE y el Tribunal Regional de Santa Catarina firmaron una carta de compromiso con la campa\u00f1a \u201cVoc\u00ea V\u00ea \u2013 Recursos P\u00fablicos en Campa\u00f1a&#8221;\"}]},{\"@type\":\"WebSite\",\"@id\":\"https:\/\/transparenciaelectoral.org\/caoeste\/#website\",\"url\":\"https:\/\/transparenciaelectoral.org\/caoeste\/\",\"name\":\"CAOESTE\",\"description\":\"Conferencia Americana de Organismos Electorales Subnacionales\",\"publisher\":{\"@id\":\"https:\/\/transparenciaelectoral.org\/caoeste\/#organization\"},\"potentialAction\":[{\"@type\":\"SearchAction\",\"target\":{\"@type\":\"EntryPoint\",\"urlTemplate\":\"https:\/\/transparenciaelectoral.org\/caoeste\/?s={search_term_string}\"},\"query-input\":{\"@type\":\"PropertyValueSpecification\",\"valueRequired\":true,\"valueName\":\"search_term_string\"}}],\"inLanguage\":\"es\"},{\"@type\":\"Organization\",\"@id\":\"https:\/\/transparenciaelectoral.org\/caoeste\/#organization\",\"name\":\"CAOESTE\",\"url\":\"https:\/\/transparenciaelectoral.org\/caoeste\/\",\"logo\":{\"@type\":\"ImageObject\",\"inLanguage\":\"es\",\"@id\":\"https:\/\/transparenciaelectoral.org\/caoeste\/#\/schema\/logo\/image\/\",\"url\":\"https:\/\/transparenciaelectoral.org\/caoeste\/wp-content\/uploads\/2026\/04\/Diseno-sin-titulo-7-e1777387837965.png\",\"contentUrl\":\"https:\/\/transparenciaelectoral.org\/caoeste\/wp-content\/uploads\/2026\/04\/Diseno-sin-titulo-7-e1777387837965.png\",\"width\":591,\"height\":198,\"caption\":\"CAOESTE\"},\"image\":{\"@id\":\"https:\/\/transparenciaelectoral.org\/caoeste\/#\/schema\/logo\/image\/\"},\"sameAs\":[\"https:\/\/www.facebook.com\/Caoeste-Mexico-101156461660798\/\",\"https:\/\/x.com\/CAOESTE_ONG\",\"https:\/\/www.linkedin.com\/showcase\/caoeste\/\",\"https:\/\/www.youtube.com\/watch?v=hp9DVXqvyEs\"]},{\"@type\":\"Person\",\"@id\":\"https:\/\/transparenciaelectoral.org\/caoeste\/#\/schema\/person\/333f9723decc685673405097840867a1\",\"name\":\"webmasteradmin\",\"image\":{\"@type\":\"ImageObject\",\"inLanguage\":\"es\",\"@id\":\"https:\/\/transparenciaelectoral.org\/caoeste\/#\/schema\/person\/image\/\",\"url\":\"https:\/\/secure.gravatar.com\/avatar\/1c300b8f55663912634f3d4958ca2eebe38efe9a9453ad10089cf673128a520b?s=96&d=mm&r=g\",\"contentUrl\":\"https:\/\/secure.gravatar.com\/avatar\/1c300b8f55663912634f3d4958ca2eebe38efe9a9453ad10089cf673128a520b?s=96&d=mm&r=g\",\"caption\":\"webmasteradmin\"},\"url\":\"https:\/\/transparenciaelectoral.org\/caoeste\/author\/webmasteradmin\/\"}]}<\/script>\n<!-- \/ Yoast SEO plugin. -->","yoast_head_json":{"title":"La CAOESTE y el Tribunal Regional de Santa Catarina firmaron una carta de compromiso con la campa\u00f1a \u201cVoc\u00ea V\u00ea \u2013 Recursos P\u00fablicos en Campa\u00f1a\" - CAOESTE","robots":{"index":"index","follow":"follow","max-snippet":"max-snippet:-1","max-image-preview":"max-image-preview:large","max-video-preview":"max-video-preview:-1"},"canonical":"https:\/\/transparenciaelectoral.org\/caoeste\/la-caoeste-y-el-tribunal-regional-de-santa-catarina-firmaron-una-carta-de-compromiso-con-la-campana-voce-ve-recursos-publicos-en-campana\/","og_locale":"es_ES","og_type":"article","og_title":"La CAOESTE y el Tribunal Regional de Santa Catarina firmaron una carta de compromiso con la campa\u00f1a \u201cVoc\u00ea V\u00ea \u2013 Recursos P\u00fablicos en Campa\u00f1a\" - CAOESTE","og_description":"El pasado lunes 25 de julio, la Conferencia Americana de Organismos Electorales Subnacionales por la Transparencia Electoral (CAOESTE) firm\u00f3 junto al Tribunal Regional Electoral de Santa Catarina (TRE- SC),\u00a0una carta de compromiso con la campa\u00f1a \u201cVoc\u00ea V\u00ea \u2013 Recursos P\u00fablicos em Campanha\u201d. La misma busca promover la \u00e9tica y la transparencia en la asignaci\u00f3n de [&hellip;]","og_url":"https:\/\/transparenciaelectoral.org\/caoeste\/la-caoeste-y-el-tribunal-regional-de-santa-catarina-firmaron-una-carta-de-compromiso-con-la-campana-voce-ve-recursos-publicos-en-campana\/","og_site_name":"CAOESTE","article_publisher":"https:\/\/www.facebook.com\/Caoeste-Mexico-101156461660798\/","article_published_time":"2022-07-26T16:28:34+00:00","article_modified_time":"2025-07-27T02:47:23+00:00","og_image":[{"width":1076,"height":1576,"url":"https:\/\/transparenciaelectoral.org\/caoeste\/wp-content\/uploads\/2022\/07\/WhatsApp-Image-2022-07-26-at-12.58.31-PM-e1658851286437.jpeg","type":"image\/jpeg"}],"author":"webmasteradmin","twitter_card":"summary_large_image","twitter_creator":"@CAOESTE_ONG","twitter_site":"@CAOESTE_ONG","twitter_misc":{"Escrito por":"webmasteradmin","Tiempo de lectura":"1 minuto"},"schema":{"@context":"https:\/\/schema.org","@graph":[{"@type":"Article","@id":"https:\/\/transparenciaelectoral.org\/caoeste\/la-caoeste-y-el-tribunal-regional-de-santa-catarina-firmaron-una-carta-de-compromiso-con-la-campana-voce-ve-recursos-publicos-en-campana\/#article","isPartOf":{"@id":"https:\/\/transparenciaelectoral.org\/caoeste\/la-caoeste-y-el-tribunal-regional-de-santa-catarina-firmaron-una-carta-de-compromiso-con-la-campana-voce-ve-recursos-publicos-en-campana\/"},"author":{"name":"webmasteradmin","@id":"https:\/\/transparenciaelectoral.org\/caoeste\/#\/schema\/person\/333f9723decc685673405097840867a1"},"headline":"La CAOESTE y el Tribunal Regional de Santa Catarina firmaron una carta de compromiso con la campa\u00f1a \u201cVoc\u00ea V\u00ea \u2013 Recursos P\u00fablicos en Campa\u00f1a\u00bb","datePublished":"2022-07-26T16:28:34+00:00","dateModified":"2025-07-27T02:47:23+00:00","mainEntityOfPage":{"@id":"https:\/\/transparenciaelectoral.org\/caoeste\/la-caoeste-y-el-tribunal-regional-de-santa-catarina-firmaron-una-carta-de-compromiso-con-la-campana-voce-ve-recursos-publicos-en-campana\/"},"wordCount":125,"publisher":{"@id":"https:\/\/transparenciaelectoral.org\/caoeste\/#organization"},"image":{"@id":"https:\/\/transparenciaelectoral.org\/caoeste\/la-caoeste-y-el-tribunal-regional-de-santa-catarina-firmaron-una-carta-de-compromiso-con-la-campana-voce-ve-recursos-publicos-en-campana\/#primaryimage"},"thumbnailUrl":"https:\/\/transparenciaelectoral.org\/caoeste\/wp-content\/uploads\/2022\/07\/WhatsApp-Image-2022-07-26-at-12.58.31-PM-e1658851286437.jpeg","articleSection":["- Noticias \ud83c\uddea\ud83c\uddf8"],"inLanguage":"es"},{"@type":"WebPage","@id":"https:\/\/transparenciaelectoral.org\/caoeste\/la-caoeste-y-el-tribunal-regional-de-santa-catarina-firmaron-una-carta-de-compromiso-con-la-campana-voce-ve-recursos-publicos-en-campana\/","url":"https:\/\/transparenciaelectoral.org\/caoeste\/la-caoeste-y-el-tribunal-regional-de-santa-catarina-firmaron-una-carta-de-compromiso-con-la-campana-voce-ve-recursos-publicos-en-campana\/","name":"La CAOESTE y el Tribunal Regional de Santa Catarina firmaron una carta de compromiso con la campa\u00f1a \u201cVoc\u00ea V\u00ea \u2013 Recursos P\u00fablicos en Campa\u00f1a\" - CAOESTE","isPartOf":{"@id":"https:\/\/transparenciaelectoral.org\/caoeste\/#website"},"primaryImageOfPage":{"@id":"https:\/\/transparenciaelectoral.org\/caoeste\/la-caoeste-y-el-tribunal-regional-de-santa-catarina-firmaron-una-carta-de-compromiso-con-la-campana-voce-ve-recursos-publicos-en-campana\/#primaryimage"},"image":{"@id":"https:\/\/transparenciaelectoral.org\/caoeste\/la-caoeste-y-el-tribunal-regional-de-santa-catarina-firmaron-una-carta-de-compromiso-con-la-campana-voce-ve-recursos-publicos-en-campana\/#primaryimage"},"thumbnailUrl":"https:\/\/transparenciaelectoral.org\/caoeste\/wp-content\/uploads\/2022\/07\/WhatsApp-Image-2022-07-26-at-12.58.31-PM-e1658851286437.jpeg","datePublished":"2022-07-26T16:28:34+00:00","dateModified":"2025-07-27T02:47:23+00:00","breadcrumb":{"@id":"https:\/\/transparenciaelectoral.org\/caoeste\/la-caoeste-y-el-tribunal-regional-de-santa-catarina-firmaron-una-carta-de-compromiso-con-la-campana-voce-ve-recursos-publicos-en-campana\/#breadcrumb"},"inLanguage":"es","potentialAction":[{"@type":"ReadAction","target":["https:\/\/transparenciaelectoral.org\/caoeste\/la-caoeste-y-el-tribunal-regional-de-santa-catarina-firmaron-una-carta-de-compromiso-con-la-campana-voce-ve-recursos-publicos-en-campana\/"]}]},{"@type":"ImageObject","inLanguage":"es","@id":"https:\/\/transparenciaelectoral.org\/caoeste\/la-caoeste-y-el-tribunal-regional-de-santa-catarina-firmaron-una-carta-de-compromiso-con-la-campana-voce-ve-recursos-publicos-en-campana\/#primaryimage","url":"https:\/\/transparenciaelectoral.org\/caoeste\/wp-content\/uploads\/2022\/07\/WhatsApp-Image-2022-07-26-at-12.58.31-PM-e1658851286437.jpeg","contentUrl":"https:\/\/transparenciaelectoral.org\/caoeste\/wp-content\/uploads\/2022\/07\/WhatsApp-Image-2022-07-26-at-12.58.31-PM-e1658851286437.jpeg","width":1076,"height":1576},{"@type":"BreadcrumbList","@id":"https:\/\/transparenciaelectoral.org\/caoeste\/la-caoeste-y-el-tribunal-regional-de-santa-catarina-firmaron-una-carta-de-compromiso-con-la-campana-voce-ve-recursos-publicos-en-campana\/#breadcrumb","itemListElement":[{"@type":"ListItem","position":1,"name":"Portada","item":"https:\/\/transparenciaelectoral.org\/caoeste\/"},{"@type":"ListItem","position":2,"name":"La CAOESTE y el Tribunal Regional de Santa Catarina firmaron una carta de compromiso con la campa\u00f1a \u201cVoc\u00ea V\u00ea \u2013 Recursos P\u00fablicos en Campa\u00f1a&#8221;"}]},{"@type":"WebSite","@id":"https:\/\/transparenciaelectoral.org\/caoeste\/#website","url":"https:\/\/transparenciaelectoral.org\/caoeste\/","name":"CAOESTE","description":"Conferencia Americana de Organismos Electorales Subnacionales","publisher":{"@id":"https:\/\/transparenciaelectoral.org\/caoeste\/#organization"},"potentialAction":[{"@type":"SearchAction","target":{"@type":"EntryPoint","urlTemplate":"https:\/\/transparenciaelectoral.org\/caoeste\/?s={search_term_string}"},"query-input":{"@type":"PropertyValueSpecification","valueRequired":true,"valueName":"search_term_string"}}],"inLanguage":"es"},{"@type":"Organization","@id":"https:\/\/transparenciaelectoral.org\/caoeste\/#organization","name":"CAOESTE","url":"https:\/\/transparenciaelectoral.org\/caoeste\/","logo":{"@type":"ImageObject","inLanguage":"es","@id":"https:\/\/transparenciaelectoral.org\/caoeste\/#\/schema\/logo\/image\/","url":"https:\/\/transparenciaelectoral.org\/caoeste\/wp-content\/uploads\/2026\/04\/Diseno-sin-titulo-7-e1777387837965.png","contentUrl":"https:\/\/transparenciaelectoral.org\/caoeste\/wp-content\/uploads\/2026\/04\/Diseno-sin-titulo-7-e1777387837965.png","width":591,"height":198,"caption":"CAOESTE"},"image":{"@id":"https:\/\/transparenciaelectoral.org\/caoeste\/#\/schema\/logo\/image\/"},"sameAs":["https:\/\/www.facebook.com\/Caoeste-Mexico-101156461660798\/","https:\/\/x.com\/CAOESTE_ONG","https:\/\/www.linkedin.com\/showcase\/caoeste\/","https:\/\/www.youtube.com\/watch?v=hp9DVXqvyEs"]},{"@type":"Person","@id":"https:\/\/transparenciaelectoral.org\/caoeste\/#\/schema\/person\/333f9723decc685673405097840867a1","name":"webmasteradmin","image":{"@type":"ImageObject","inLanguage":"es","@id":"https:\/\/transparenciaelectoral.org\/caoeste\/#\/schema\/person\/image\/","url":"https:\/\/secure.gravatar.com\/avatar\/1c300b8f55663912634f3d4958ca2eebe38efe9a9453ad10089cf673128a520b?s=96&d=mm&r=g","contentUrl":"https:\/\/secure.gravatar.com\/avatar\/1c300b8f55663912634f3d4958ca2eebe38efe9a9453ad10089cf673128a520b?s=96&d=mm&r=g","caption":"webmasteradmin"},"url":"https:\/\/transparenciaelectoral.org\/caoeste\/author\/webmasteradmin\/"}]}},"_links":{"self":[{"href":"https:\/\/transparenciaelectoral.org\/caoeste\/wp-json\/wp\/v2\/posts\/9720","targetHints":{"allow":["GET"]}}],"collection":[{"href":"https:\/\/transparenciaelectoral.org\/caoeste\/wp-json\/wp\/v2\/posts"}],"about":[{"href":"https:\/\/transparenciaelectoral.org\/caoeste\/wp-json\/wp\/v2\/types\/post"}],"author":[{"embeddable":true,"href":"https:\/\/transparenciaelectoral.org\/caoeste\/wp-json\/wp\/v2\/users\/1"}],"replies":[{"embeddable":true,"href":"https:\/\/transparenciaelectoral.org\/caoeste\/wp-json\/wp\/v2\/comments?post=9720"}],"version-history":[{"count":4,"href":"https:\/\/transparenciaelectoral.org\/caoeste\/wp-json\/wp\/v2\/posts\/9720\/revisions"}],"predecessor-version":[{"id":9726,"href":"https:\/\/transparenciaelectoral.org\/caoeste\/wp-json\/wp\/v2\/posts\/9720\/revisions\/9726"}],"wp:featuredmedia":[{"embeddable":true,"href":"https:\/\/transparenciaelectoral.org\/caoeste\/wp-json\/wp\/v2\/media\/9721"}],"wp:attachment":[{"href":"https:\/\/transparenciaelectoral.org\/caoeste\/wp-json\/wp\/v2\/media?parent=9720"}],"wp:term":[{"taxonomy":"category","embeddable":true,"href":"https:\/\/transparenciaelectoral.org\/caoeste\/wp-json\/wp\/v2\/categories?post=9720"},{"taxonomy":"post_tag","embeddable":true,"href":"https:\/\/transparenciaelectoral.org\/caoeste\/wp-json\/wp\/v2\/tags?post=9720"}],"curies":[{"name":"wp","href":"https:\/\/api.w.org\/{rel}","templated":true}]}}