{"id":5911,"date":"2021-01-20T13:46:08","date_gmt":"2021-01-20T13:46:08","guid":{"rendered":"https:\/\/transparenciaelectoral.org\/caoeste\/?p=5911"},"modified":"2025-07-26T23:47:52","modified_gmt":"2025-07-27T02:47:52","slug":"candidaturas-indigenas-en-yucatan","status":"publish","type":"post","link":"https:\/\/transparenciaelectoral.org\/caoeste\/candidaturas-indigenas-en-yucatan\/","title":{"rendered":"Candidaturas ind\u00edgenas en Yucat\u00e1n"},"content":{"rendered":"<p><em>Acciones afirmativas en busca de una mayor integraci\u00f3n e inclusi\u00f3n de las comunidades ind\u00edgenas en la vida pol\u00edtica mexicana. Las comunidades mayas de Yucat\u00e1n esperan la efectiva aplicaci\u00f3n, reformas mediante, de leyes y medidas que aseguren definitivamente su representaci\u00f3n en los \u00f3rganos de gobierno.<\/em><\/p>\n<p><img fetchpriority=\"high\" decoding=\"async\" class=\"aligncenter wp-image-5893 size-full\" src=\"https:\/\/transparenciaelectoral.org\/caoeste\/wp-content\/uploads\/2021\/01\/Maria-del-Mar-Trejo-Perez.png\" alt=\"Maria Del Mar Trejo Perez\" width=\"597\" height=\"325\" title=\"Candidaturas ind\u00edgenas en Yucat\u00e1n\" srcset=\"https:\/\/transparenciaelectoral.org\/caoeste\/wp-content\/uploads\/2021\/01\/Maria-del-Mar-Trejo-Perez.png 597w, https:\/\/transparenciaelectoral.org\/caoeste\/wp-content\/uploads\/2021\/01\/Maria-del-Mar-Trejo-Perez-300x163.png 300w, https:\/\/transparenciaelectoral.org\/caoeste\/wp-content\/uploads\/2021\/01\/Maria-del-Mar-Trejo-Perez-480x261.png 480w\" sizes=\"(max-width: 597px) 100vw, 597px\" \/><\/p>\n<p><strong>Ciudadan\u00eda Ind\u00edgena y representaci\u00f3n<\/strong><\/p>\n<p>El sistema de gobierno de los Estados Unidos Mexicanos es el de una Rep\u00fablica Representativa, Democr\u00e1tica y Federal. Es representativa, en virtud de que es la ciudadan\u00eda quien nombra a sus representantes mediante elecciones libres y aut\u00e9nticas, con el objeto de integrar los \u00f3rganos que gobernar\u00e1n, siendo estos los referentes a los Poderes Ejecutivo y Legislativo. Como una Rep\u00fablica Federal, el sistema de gobierno mexicano opera en tres niveles: el federal, en donde se renuevan los cargos de la presidencia de la Rep\u00fablica y las diputaciones y senadur\u00edas del Congreso de la Uni\u00f3n; el estatal, renov\u00e1ndose los cargos de gubernatura y diputaciones de los Congresos de los Estados; y, el municipal, en que se eligen a las regidur\u00edas. En la democracia inclusiva, es necesario que en estos \u00f3rganos sean representados todos los sectores sociales.<\/p>\n<p>Ahora bien, las personas ind\u00edgenas forman parte de un colectivo que ha sido hist\u00f3ricamente vulnerable. Los pueblos ind\u00edgenas son aquellos que \u201chacen referencia a un pasado glorioso del cual todav\u00eda quedan vestigios, que prexist\u00edan a la formaci\u00f3n del Estado-naci\u00f3n y que sufrieron la traum\u00e1tica experiencia de la colonizaci\u00f3n\u2026, que fueron v\u00edctimas del extermino\u2026 o de la esclavitud,\u2026 que se encuentran en situaci\u00f3n de desventaja, social y pol\u00edtica frente a una \u00e9lite dominante\u201d.<a href=\"#_ftn1\" name=\"_ftnref1\">[1]<\/a> Partiendo de esta definici\u00f3n, las comunidades ind\u00edgenas mayas en Yucat\u00e1n cumplen con los supuestos se\u00f1alados: tuvieron un pasado glorioso prehisp\u00e1nico que a\u00fan asombra a toda la poblaci\u00f3n mundial, la traum\u00e1tica experiencia de la colonizaci\u00f3n; durante la Guerra de Castas del siglo XIX, las y los prisioneros de la comunidad maya rebelde fueron vendidas y vendidos como esclavos a las plantaciones cubanas. Al ser un grupo social e hist\u00f3ricamente vulnerable, quienes integran a las comunidades ind\u00edgenas poseen lo que se denomina ciudadan\u00eda \u00e9tnica, la cual incluye \u201c\u2026 los derechos propios de la ciudadan\u00eda general, ya que la primera es parte de la segunda, pero, por el otro lado, se registran dos tipos de derechos: los derechos de protecci\u00f3n externa y los derechos de restricci\u00f3n interna\u201d<a href=\"#_ftn2\" name=\"_ftnref2\">[2]<\/a> Los primeros se refieren a aquellos relacionados con la representaci\u00f3n pol\u00edtica y se presenta en la forma de la distritaci\u00f3n, las circunscripciones especiales y las cuotas<a href=\"#_ftn3\" name=\"_ftnref3\">[3]<\/a>.<\/p>\n<p>Yucat\u00e1n ocupa en M\u00e9xico el segundo lugar por el n\u00famero de personas ind\u00edgenas como un porcentaje de la poblaci\u00f3n total del estado. La presencia del Estado en las estructuras comunitarias nativas en Yucat\u00e1n es alta. Incluso en las comunidades mayas m\u00e1s remotas, aunque hay organizaciones ind\u00edgenas mayas, no existe en el estado lo que se considera un movimiento \u00e9tnico amplio. De los estados ind\u00edgenas del sur de M\u00e9xico, Yucat\u00e1n fue el \u00faltimo en hacer cambios constitucionales y legislativos en el tema de los derechos ind\u00edgenas.<\/p>\n<p>Hay que destacar que en el 2017, el Instituto Nacional Electoral en conjunto con la Defensor\u00eda P\u00fablica Electoral para los Pueblos y Comunidades Ind\u00edgenas del Tribunal Electoral del Poder Judicial de la Federaci\u00f3n, tres foros regionales con representantes de las comunidades ind\u00edgenas en M\u00e9xico.<a href=\"#_ftn4\" name=\"_ftnref4\">[4]<\/a> Tuvieron sus sedes en las ciudades de Chihuahua, Puebla y M\u00e9rida.<\/p>\n<p>En dichos foros, quienes representaron a las comunidades ind\u00edgenas se\u00f1alaron que ellas y ellos emplean tres formas de participaci\u00f3n pol\u00edtica: la convencional, apoyando a candidaturas que, seg\u00fan ellas y ellos, no las y los representan, la no convencional, materializada en movimientos sociales; y, la electoral, en el d\u00eda de la elecci\u00f3n<a href=\"#_ftn5\" name=\"_ftnref5\">[5]<\/a>. Las comunidades ind\u00edgenas en M\u00e9xico consideran, de viva voz, que no se encuentran representadas en el ejercicio del gobierno.<\/p>\n<p>Cabe mencionar que para el tema de representaci\u00f3n ind\u00edgena existen cuatro factores a analizar: a) el n\u00famero de integrantes que corresponden a los \u00f3rganos legislativos y municipales; b) la proporci\u00f3n total de la poblaci\u00f3n ind\u00edgena con respecto del total de la poblaci\u00f3n de la entidad; c) la participaci\u00f3n hist\u00f3rica de la ciudadan\u00eda ind\u00edgena en los cargos en cuesti\u00f3n; y, d) la diversidad de grupos, etnias o comunidades ind\u00edgenas existentes.<a href=\"#_ftn6\" name=\"_ftnref6\">[6]<\/a><\/p>\n<p>&nbsp;<\/p>\n<p><strong>Marco jur\u00eddico nacional de la representaci\u00f3n ind\u00edgena aplicable en Yucat\u00e1n<\/strong><\/p>\n<p>La Constituci\u00f3n Pol\u00edtica de los Estados Unidos Mexicanos, en la fracci\u00f3n III de la Base A del art\u00edculo 2\u00b0, establece que las personas pertenecientes a las comunidades ind\u00edgenas tienen derecho a acceder y desempe\u00f1ar los cargos p\u00fablicos y de elecci\u00f3n popular para los que hayan sido electos o designados<a href=\"#_ftn7\" name=\"_ftnref7\">[7]<\/a>. En este sentido, el Numeral 3 del art\u00edculo 26 de la Ley General de Instituciones y Procedimientos Electorales, establece que;<\/p>\n<p>\u201cLos pueblos y comunidades ind\u00edgenas tienen derecho a elegir, en los municipios con poblaci\u00f3n ind\u00edgena, representantes ante los Ayuntamientos. Las constituciones y leyes de las entidades federativas reconocer\u00e1n y regular\u00e1n estos derechos en los municipios, as\u00ed como el de elegir a sus autoridades, con el prop\u00f3sito de fortalecer la participaci\u00f3n y representaci\u00f3n pol\u00edtica de conformidad con sus tradiciones y normas internas, garantizando el principio de paridad de g\u00e9nero, en cumplimiento de lo establecido en el art\u00edculo 2o. de la Constituci\u00f3n, de manera gradual.\u201d<a href=\"#_ftn8\" name=\"_ftnref8\">[8]<\/a><\/p>\n<p>En cuanto a la regulaci\u00f3n sobre candidaturas y representaci\u00f3n ind\u00edgena en Yucat\u00e1n, s\u00f3lo existe, en la fracci\u00f3n IV del art\u00edculo 7 Bis de la Constituci\u00f3n Pol\u00edtica del Estado de Yucat\u00e1n, el reconocimiento como derechos pol\u00edtico-electorales de las personas integrantes de la comunidad maya el de acceder y desempe\u00f1ar los cargos p\u00fablicos y de elecci\u00f3n popular para los que hayan sido electos o designados<a href=\"#_ftn9\" name=\"_ftnref9\">[9]<\/a>. La legislaci\u00f3n electoral secundaria yucateca expresamente no regula estos temas en materia de derecho ind\u00edgena.<\/p>\n<p>Como consecuencia de lo anterior, el Instituto Electoral y de Participaci\u00f3n Ciudadana de Yucat\u00e1n (IEPAC), se avoc\u00f3 a la formulaci\u00f3n de lineamientos para la \u201cregulaci\u00f3n y acreditaci\u00f3n de la autoadscripci\u00f3n calificada, garantizando la vinculaci\u00f3n real y efectiva con la comunidad maya para el registro como candidatos y candidatas por los partidos pol\u00edticos\u201d.<\/p>\n<p><strong>Lineamientos para el Registro de Candidaturas Ind\u00edgenas de Pueblos y Comunidades Mayas e Inclusi\u00f3n de Grupos en Situaci\u00f3n de Vulnerabilidad e Hist\u00f3ricamente Discriminados para el Proceso Electoral 2020-2021<\/strong><\/p>\n<p>En la sesi\u00f3n extraordinaria del Consejo General del IEPAC, celebrada el 23 de noviembre de 2020, se aprob\u00f3 el Acuerdo C.G.-048\/2020, por el cual se aprueban los Lineamientos para el Registro de Candidaturas Ind\u00edgenas de Pueblos y Comunidades Mayas e Inclusi\u00f3n de Grupos en Situaci\u00f3n de Vulnerabilidad e Hist\u00f3ricamente Discriminados para el Proceso Electoral 2020-2021, motivando estos lineamientos en virtud de que \u201ces deber de las autoridades electorales el establecimiento de instrumentos encaminados a revertir situaciones de desigualdad, haciendo prevalecer los principios de igualdad y no discriminaci\u00f3n a favor de grupos en situaci\u00f3n de desigualdad\u201d.<a href=\"#_ftn10\" name=\"_ftnref10\">[10]<\/a><\/p>\n<p>La decisi\u00f3n de aplicar esta acci\u00f3n afirmativa se debi\u00f3 a la falta de regulaci\u00f3n expresa sobre las candidaturas ind\u00edgenas y con el prop\u00f3sito de visibilizar y propiciar la representaci\u00f3n de este grupo vulnerable en el Congreso del Estado de Yucat\u00e1n y en los 106 Ayuntamientos de la entidad federativa. Sobre la base del criterio poblacional, expresi\u00f3n de la autoadscripci\u00f3n de las personas a pertenecer a una comunidad ind\u00edgena, en estos lineamientos se establecieron las siguientes disposiciones:<a href=\"#_ftn11\" name=\"_ftnref11\">[11]<\/a><\/p>\n<ol>\n<li>Los partidos pol\u00edticos y las candidaturas independientes garantizaran la paridad de g\u00e9nero en las candidaturas ind\u00edgenas a postular.<\/li>\n<li>Se deber\u00e1n postular candidaturas ind\u00edgenas en al menos dos de entre los cuatro distritos con mayor \u00edndice poblacional ind\u00edgena, sin ser limitativo a la totalidad de postulaciones.<\/li>\n<li>Para acceder a la candidatura de un cargo bajo el criterio de candidatura ind\u00edgena, las personas que sean postuladas los partidos pol\u00edticos deber\u00e1n verificar si dichas personas cuentan con un v\u00ednculo y pertenencia a una comunidad ind\u00edgena, esto se denomina autoadscripci\u00f3n calificada.<\/li>\n<li>En los 36 municipios con mayor poblaci\u00f3n ind\u00edgena, los partidos pol\u00edticos y las candidaturas independientes, para las presidencias municipales y\/o la primera regidur\u00eda de representaci\u00f3n proporcional, deber\u00e1n postular a una persona ind\u00edgena para dicho cargo, tanto en candidaturas propietarias y suplentes; observando el principio de paridad de g\u00e9nero.<\/li>\n<\/ol>\n<p>Con la aplicaci\u00f3n de esta acci\u00f3n afirmativa se espera la integraci\u00f3n efectiva de las comunidades mayas en los \u00f3rganos de gobierno. Hay que se\u00f1alar que esta acci\u00f3n afirmativa s\u00f3lo est\u00e1 aplicando para el Proceso Electoral Ordinario Local 2020-2021, por lo que ser\u00e1 necesario que el Congreso del Estado de Yucat\u00e1n reforme la Ley de Instituciones y Procedimientos Electorales del Estado de Yucat\u00e1n y la Ley de Partidos Pol\u00edticos del Estado de Yucat\u00e1n, con el objeto de armonizar la legislaci\u00f3n electoral local con la general, para garantizar la participaci\u00f3n ind\u00edgena en cargos de elecci\u00f3n popular. Con estas acciones, el IEPAC contribuye al fortalecimiento de la democracia.<\/p>\n<p><strong>\u00a0<\/strong><\/p>\n<p><strong>Bibliograf\u00eda<\/strong><\/p>\n<p>\u00c1vila Ortiz, Ra\u00fal. \u201cRepresentaci\u00f3n de minor\u00edas \u00e9tnicas\u201d. En <em>Derecho electoral latinoamericano<\/em>. Compilado por Dieter Nohlen, Leonardo Vald\u00e9s y Daniel Zovatto. 757-774. M\u00e9xico: Fondo de Cultura Econ\u00f3mica, 2019.<\/p>\n<p>Instituto Electoral y de Participaci\u00f3n Ciudadana de Yucat\u00e1n, <em>Acuerdo C.G.-048\/2020, por el cual se aprueban los Lineamientos para el Registro de Candidaturas Ind\u00edgenas de Pueblos y Comunidades Mayas e Inclusi\u00f3n de Grupos en Situaci\u00f3n de Vulnerabilidad e Hist\u00f3ricamente Discriminados para el Proceso Electoral 2020-2021<\/em>, M\u00e9rida: Instituto Electoral y de Participaci\u00f3n Ciudadana de Yucat\u00e1n, 2020. Recuperado el d\u00eda 12 de diciembre de 2020 de http:\/\/www.iepac.mx\/public\/documentos-del-consejo-general\/acuerdos\/iepac\/2020\/ACUERDO-C.G.048-2020.pdf<\/p>\n<p>Instituto Nacional Electoral. <em>La agenda pendiente en materia de representaci\u00f3n pol\u00edtica: voces de los pueblos y comunidades ind\u00edgenas de M\u00e9xico<\/em>. M\u00e9xico: Instituto Nacional Electoral, 2018.<\/p>\n<p>Morales Canales, Lourdes. <em>Multiculturalismo y democracia<\/em>. M\u00e9xico: Instituto Nacional Electoral, 2019.<\/p>\n<p>Roiz Elizondo, Alfonso, \u201cReflexiones acerca de la acci\u00f3n afirmativa ind\u00edgena en el \u00e1mbito federal\u201d, <em>Justicia Electoral. Revista del Tribunal Electoral del Poder Judicial de la Federaci\u00f3n<\/em>, M\u00e9xico, Volumen 1, N\u00famero 24, julio-diciembre, 2019, 65-86.<\/p>\n<p><strong>Legislaci\u00f3n<\/strong><\/p>\n<p>Constituci\u00f3n Pol\u00edtica de los Estados Unidos Mexicanos. Honorable C\u00e1mara de Diputados del Congreso de la Uni\u00f3n. 2020. Recuperado el 12 de diciembre de 2020 de <a href=\"http:\/\/www.diputados.gob.mx\/LeyesBiblio\/pdf\/1_080520.pdf\">http:\/\/www.diputados.gob.mx\/LeyesBiblio\/pdf\/1_080520.pdf<\/a><\/p>\n<p>Constituci\u00f3n Pol\u00edtica del Estado de Yucat\u00e1n. Honorable Congreso del Estado de Yucat\u00e1n. 2020. Recuperado el d\u00eda 12 de diciembre de 2020 de <a href=\"http:\/\/www.congresoyucatan.gob.mx\/transparencia\/gaceta\/recursos\/constitucion\/070e2f_CONST-POL-YUC-%C3%9Alt-ref.%2022-07-2020.pdf\">http:\/\/www.congresoyucatan.gob.mx\/transparencia\/gaceta\/recursos\/constitucion\/070e2f_CONST-POL-YUC-%C3%9Alt-ref.%2022-07-2020.pdf<\/a><\/p>\n<p>Ley General de Instituciones y Procedimientos Electorales. Honorable C\u00e1mara de Diputados del Congreso de la Uni\u00f3n. 2020, Recuperado el 12 de diciembre de 2020 de <a href=\"http:\/\/www.diputados.gob.mx\/LeyesBiblio\/pdf\/LGIPE_130420.pdf\">http:\/\/www.diputados.gob.mx\/LeyesBiblio\/pdf\/LGIPE_130420.pdf<\/a><\/p>\n<p>Lineamientos para el Registro de Candidaturas Ind\u00edgenas de Pueblos y Comunidades Mayas e Inclusi\u00f3n de Grupos en Situaci\u00f3n de Vulnerabilidad e Hist\u00f3ricamente Discriminados para el Proceso Electoral 2020-2021, Instituto Electoral y de Participaci\u00f3n Ciudadana de Yucat\u00e1n, 2020, recuperado el 12 de diciembre de 2020 de http:\/\/www.iepac.mx\/public\/marco-normativo\/lineamientos\/lineamientos-para-el-registro-de-candidaturas-indigenas.pdf<\/p>\n<p>&nbsp;<\/p>\n<p><strong>REFERENCIAS<\/strong><\/p>\n<p><a href=\"#_ftnref1\" name=\"_ftn1\">[1]<\/a> Morales Canales, Lourdes, <em>Multiculturalismo y democracia<\/em>, (M\u00e9xico: Instituto Nacional Electoral, 2019), 19.<\/p>\n<p><a href=\"#_ftnref2\" name=\"_ftn2\">[2]<\/a> \u00c1vila Ortiz, Ra\u00fal, \u201cRepresentaci\u00f3n de minor\u00edas \u00e9tnicas\u201d, en <em>Derecho electoral latinoamericano<\/em>, comp., Dieter Nohlen, Leonardo Vald\u00e9s y Daniel Zovatto, (M\u00e9xico: Fondo de Cultura Econ\u00f3mica, 2019), 761.<\/p>\n<p><a href=\"#_ftnref3\" name=\"_ftn3\">[3]<\/a> \u00c1vila Ortiz, Ra\u00fal, <em>Representaci\u00f3n,<\/em> 761.<\/p>\n<p><a href=\"#_ftnref4\" name=\"_ftn4\">[4]<\/a> Instituto Nacional Electoral, <em>La agenda pendiente en materia de representaci\u00f3n pol\u00edtica: voces de los pueblos y comunidades ind\u00edgenas de M\u00e9xico<\/em>, (M\u00e9xico: Instituto Nacional Electoral, 2018), 3.<\/p>\n<p><a href=\"#_ftnref5\" name=\"_ftn5\">[5]<\/a> Instituto Nacional Electoral, <em>La agenda,<\/em> 83.<\/p>\n<p><a href=\"#_ftnref6\" name=\"_ftn6\">[6]<\/a> Roiz Elizondo, Alfonso, \u201cReflexiones acerca de la acci\u00f3n afirmativa ind\u00edgena en el \u00e1mbito federal\u201d, <em>Justicia Electoral. Revista del Tribunal Electoral del Poder Judicial de la Federaci\u00f3n<\/em>, (M\u00e9xico, Volumen 1, N\u00famero 24, julio-diciembre, 2019), 80.<\/p>\n<p><a href=\"#_ftnref7\" name=\"_ftn7\">[7]<\/a> Constituci\u00f3n Pol\u00edtica de los Estados Unidos Mexicanos, (Honorable C\u00e1mara de Diputados del Congreso de la Uni\u00f3n, 2020), art\u00edculo 2\u00b0, Base A, fracci\u00f3n III, recuperado el 12 de diciembre de 2020 de <a href=\"http:\/\/www.diputados.gob.mx\/LeyesBiblio\/pdf\/1_080520.pdf\">http:\/\/www.diputados.gob.mx\/LeyesBiblio\/pdf\/1_080520.pdf<\/a><\/p>\n<p><a href=\"#_ftnref8\" name=\"_ftn8\">[8]<\/a> Ley General de Instituciones y Procedimientos Electorales, (Honorable C\u00e1mara de Diputados del Congreso de la Uni\u00f3n, 2020), art\u00edculo 104, Numeral 1, inciso h, recuperado el 12 de diciembre de 2020 de <a href=\"http:\/\/www.diputados.gob.mx\/LeyesBiblio\/pdf\/LGIPE_130420.pdf\">http:\/\/www.diputados.gob.mx\/LeyesBiblio\/pdf\/LGIPE_130420.pdf<\/a><\/p>\n<p><a href=\"#_ftnref9\" name=\"_ftn9\">[9]<\/a> Constituci\u00f3n Pol\u00edtica del Estado de Yucat\u00e1n, (Honorable Congreso del Estado de Yucat\u00e1n, 2020), art\u00edculo 16, segundo p\u00e1rrafo. Recuperado el d\u00eda 12 de agosto de 2020 de <a href=\"http:\/\/www.congresoyucatan.gob.mx\/transparencia\/gaceta\/recursos\/constitucion\/070e2f_CONST-POL-YUC-%C3%9Alt-ref.%2022-07-2020.pdf\">http:\/\/www.congresoyucatan.gob.mx\/transparencia\/gaceta\/recursos\/constitucion\/070e2f_CONST-POL-YUC-%C3%9Alt-ref.%2022-07-2020.pdf<\/a><\/p>\n<p><a href=\"#_ftnref10\" name=\"_ftn10\">[10]<\/a> Instituto Electoral y de Participaci\u00f3n Ciudadana de Yucat\u00e1n, <em>Acuerdo C.G.-048\/2020, por el cual se aprueban los Lineamientos para el Registro de Candidaturas Ind\u00edgenas de Pueblos y Comunidades Mayas e Inclusi\u00f3n de Grupos en Situaci\u00f3n de Vulnerabilidad e Hist\u00f3ricamente Discriminados para el Proceso Electoral 2020-2021<\/em>, (M\u00e9rida: Instituto Electoral y de Participaci\u00f3n Ciudadana de Yucat\u00e1n, 2020), 29. Recuperado el d\u00eda 12 de diciembre de 2020 de http:\/\/www.iepac.mx\/public\/documentos-del-consejo-general\/acuerdos\/iepac\/2020\/ACUERDO-C.G.048-2020.pdf<\/p>\n<p><a href=\"#_ftnref11\" name=\"_ftn11\">[11]<\/a> Lineamientos para el Registro de Candidaturas Ind\u00edgenas de Pueblos y Comunidades Mayas e Inclusi\u00f3n de Grupos en Situaci\u00f3n de Vulnerabilidad e Hist\u00f3ricamente Discriminados para el Proceso Electoral 2020-2021, (Instituto Electoral y de Participaci\u00f3n Ciudadana de Yucat\u00e1n, 2020), recuperado el 12 de diciembre de 2020 de http:\/\/www.iepac.mx\/public\/marco-normativo\/lineamientos\/lineamientos-para-el-registro-de-candidaturas-indigenas.pdf<\/p>\n<p>&nbsp;<\/p>\n<p>[author] [author_image timthumb=&#8217;on&#8217;]https:\/\/transparenciaelectoral.org\/caoeste\/wp-content\/uploads\/2021\/01\/Maria-del-Mar-Trejo-Perez-Copie-scaled.jpg[\/author_image] [author_info]Mar\u00eda del Mar Tejo P\u00e9rez<\/p>\n<p>Maestra en Ciencias de la Educaci\u00f3n por la Universidad An\u00e1huac Mayab. Integrante de la CAOESTE, de la Red de Mujeres L\u00edderes de las Am\u00e9ricas y Presidenta del Consejo Directivo Nacional de la Asociaci\u00f3n Mexicana de Consejeras Estatales Electorales A.C. (AMCEE). Actualmente se desempe\u00f1a como Consejera Electoral del Instituto Electoral y de Participaci\u00f3n Ciudadana de Yucat\u00e1n (IEPAC), donde preside la Comisi\u00f3n de Participaci\u00f3n Ciudadana y la Comisi\u00f3n Temporal de Seguimiento al Convenio y Plan Integral del Proceso Electoral 2020-2021 con el INE. Se ha caracterizado por el impulso de pol\u00edticas de Igualdad de g\u00e9nero y No Discriminaci\u00f3n al interior del instituto, as\u00ed como la Certificaci\u00f3n del Instituto en la Norma Mexicana 025 de Igualdad Laboral y No Discriminaci\u00f3n. Realiz\u00f3 colaboraciones en Libros como \u201cCompromisos por la Igualdad Ciudadana\u201d, con revistas como Ruta Ciudadana, Revista Valores y Revista digital Ka\u2019 Taan (Tu Voz). Editorialista en el Diario de Yucat\u00e1n con temas como; \u201cParidad Total\u201d, \u201cPoder para las mujeres\u201d y \u201cPor la democracia paritaria\u201d.[\/author_info] [\/author]<\/p>\n","protected":false},"excerpt":{"rendered":"<p>Acciones afirmativas en busca de una mayor integraci\u00f3n e inclusi\u00f3n de las comunidades ind\u00edgenas en la vida pol\u00edtica mexicana. Las comunidades mayas de Yucat\u00e1n esperan la efectiva aplicaci\u00f3n, reformas mediante, de leyes y medidas que aseguren definitivamente su representaci\u00f3n en los \u00f3rganos de gobierno. Ciudadan\u00eda Ind\u00edgena y representaci\u00f3n El sistema de gobierno de los Estados [&hellip;]<\/p>\n","protected":false},"author":2,"featured_media":5893,"comment_status":"closed","ping_status":"open","sticky":false,"template":"","format":"standard","meta":{"site-sidebar-layout":"default","site-content-layout":"","ast-site-content-layout":"default","site-content-style":"default","site-sidebar-style":"default","ast-global-header-display":"","ast-banner-title-visibility":"","ast-main-header-display":"","ast-hfb-above-header-display":"","ast-hfb-below-header-display":"","ast-hfb-mobile-header-display":"","site-post-title":"","ast-breadcrumbs-content":"","ast-featured-img":"","footer-sml-layout":"","ast-disable-related-posts":"","theme-transparent-header-meta":"","adv-header-id-meta":"","stick-header-meta":"","header-above-stick-meta":"","header-main-stick-meta":"","header-below-stick-meta":"","astra-migrate-meta-layouts":"default","ast-page-background-enabled":"default","ast-page-background-meta":{"desktop":{"background-color":"","background-image":"","background-repeat":"repeat","background-position":"center center","background-size":"auto","background-attachment":"scroll","background-type":"","background-media":"","overlay-type":"","overlay-color":"","overlay-opacity":"","overlay-gradient":""},"tablet":{"background-color":"","background-image":"","background-repeat":"repeat","background-position":"center center","background-size":"auto","background-attachment":"scroll","background-type":"","background-media":"","overlay-type":"","overlay-color":"","overlay-opacity":"","overlay-gradient":""},"mobile":{"background-color":"","background-image":"","background-repeat":"repeat","background-position":"center center","background-size":"auto","background-attachment":"scroll","background-type":"","background-media":"","overlay-type":"","overlay-color":"","overlay-opacity":"","overlay-gradient":""}},"ast-content-background-meta":{"desktop":{"background-color":"var(--ast-global-color-5)","background-image":"","background-repeat":"repeat","background-position":"center center","background-size":"auto","background-attachment":"scroll","background-type":"","background-media":"","overlay-type":"","overlay-color":"","overlay-opacity":"","overlay-gradient":""},"tablet":{"background-color":"var(--ast-global-color-5)","background-image":"","background-repeat":"repeat","background-position":"center center","background-size":"auto","background-attachment":"scroll","background-type":"","background-media":"","overlay-type":"","overlay-color":"","overlay-opacity":"","overlay-gradient":""},"mobile":{"background-color":"var(--ast-global-color-5)","background-image":"","background-repeat":"repeat","background-position":"center center","background-size":"auto","background-attachment":"scroll","background-type":"","background-media":"","overlay-type":"","overlay-color":"","overlay-opacity":"","overlay-gradient":""}},"_themeisle_gutenberg_block_has_review":false,"footnotes":""},"categories":[13,22,26],"tags":[68,66,52],"class_list":["post-5911","post","type-post","status-publish","format-standard","has-post-thumbnail","hentry","category-articulos-revista-","category-caoeste","category-mexico-","tag-articulos","tag-ediciones","tag-revista"],"yoast_head":"<!-- This site is optimized with the Yoast SEO plugin v26.0 - https:\/\/yoast.com\/wordpress\/plugins\/seo\/ -->\n<title>Candidaturas ind\u00edgenas en Yucat\u00e1n - CAOESTE<\/title>\n<meta name=\"robots\" content=\"index, follow, max-snippet:-1, max-image-preview:large, max-video-preview:-1\" \/>\n<link rel=\"canonical\" href=\"https:\/\/transparenciaelectoral.org\/caoeste\/candidaturas-indigenas-en-yucatan\/\" \/>\n<meta property=\"og:locale\" content=\"es_ES\" \/>\n<meta property=\"og:type\" content=\"article\" \/>\n<meta property=\"og:title\" content=\"Candidaturas ind\u00edgenas en Yucat\u00e1n - CAOESTE\" \/>\n<meta property=\"og:description\" content=\"Acciones afirmativas en busca de una mayor integraci\u00f3n e inclusi\u00f3n de las comunidades ind\u00edgenas en la vida pol\u00edtica mexicana. Las comunidades mayas de Yucat\u00e1n esperan la efectiva aplicaci\u00f3n, reformas mediante, de leyes y medidas que aseguren definitivamente su representaci\u00f3n en los \u00f3rganos de gobierno. Ciudadan\u00eda Ind\u00edgena y representaci\u00f3n El sistema de gobierno de los Estados [&hellip;]\" \/>\n<meta property=\"og:url\" content=\"https:\/\/transparenciaelectoral.org\/caoeste\/candidaturas-indigenas-en-yucatan\/\" \/>\n<meta property=\"og:site_name\" content=\"CAOESTE\" \/>\n<meta property=\"article:publisher\" content=\"https:\/\/www.facebook.com\/Caoeste-Mexico-101156461660798\/\" \/>\n<meta property=\"article:published_time\" content=\"2021-01-20T13:46:08+00:00\" \/>\n<meta property=\"article:modified_time\" content=\"2025-07-27T02:47:52+00:00\" \/>\n<meta property=\"og:image\" content=\"https:\/\/transparenciaelectoral.org\/caoeste\/wp-content\/uploads\/2021\/01\/Maria-del-Mar-Trejo-Perez.png\" \/>\n\t<meta property=\"og:image:width\" content=\"597\" \/>\n\t<meta property=\"og:image:height\" content=\"325\" \/>\n\t<meta property=\"og:image:type\" content=\"image\/png\" \/>\n<meta name=\"author\" content=\"Nicole Vuarambon\" \/>\n<meta name=\"twitter:card\" content=\"summary_large_image\" \/>\n<meta name=\"twitter:creator\" content=\"@CAOESTE_ONG\" \/>\n<meta name=\"twitter:site\" content=\"@CAOESTE_ONG\" \/>\n<meta name=\"twitter:label1\" content=\"Escrito por\" \/>\n\t<meta name=\"twitter:data1\" content=\"Nicole Vuarambon\" \/>\n\t<meta name=\"twitter:label2\" content=\"Tiempo de lectura\" \/>\n\t<meta name=\"twitter:data2\" content=\"10 minutos\" \/>\n<script type=\"application\/ld+json\" class=\"yoast-schema-graph\">{\"@context\":\"https:\/\/schema.org\",\"@graph\":[{\"@type\":\"Article\",\"@id\":\"https:\/\/transparenciaelectoral.org\/caoeste\/candidaturas-indigenas-en-yucatan\/#article\",\"isPartOf\":{\"@id\":\"https:\/\/transparenciaelectoral.org\/caoeste\/candidaturas-indigenas-en-yucatan\/\"},\"author\":{\"name\":\"Nicole Vuarambon\",\"@id\":\"https:\/\/transparenciaelectoral.org\/caoeste\/#\/schema\/person\/4e926c11792bb28fe9b3934c5738c492\"},\"headline\":\"Candidaturas ind\u00edgenas en Yucat\u00e1n\",\"datePublished\":\"2021-01-20T13:46:08+00:00\",\"dateModified\":\"2025-07-27T02:47:52+00:00\",\"mainEntityOfPage\":{\"@id\":\"https:\/\/transparenciaelectoral.org\/caoeste\/candidaturas-indigenas-en-yucatan\/\"},\"wordCount\":2561,\"publisher\":{\"@id\":\"https:\/\/transparenciaelectoral.org\/caoeste\/#organization\"},\"image\":{\"@id\":\"https:\/\/transparenciaelectoral.org\/caoeste\/candidaturas-indigenas-en-yucatan\/#primaryimage\"},\"thumbnailUrl\":\"https:\/\/transparenciaelectoral.org\/caoeste\/wp-content\/uploads\/2021\/01\/Maria-del-Mar-Trejo-Perez.png\",\"keywords\":[\"Art\u00edculos\",\"Ediciones\",\"Revista\"],\"articleSection\":[\"- Art\u00edculos Revista \ud83c\uddea\ud83c\uddf8\",\"CAOESTE\",\"M\u00e9xico \ud83c\uddf2\ud83c\uddfd\"],\"inLanguage\":\"es\"},{\"@type\":\"WebPage\",\"@id\":\"https:\/\/transparenciaelectoral.org\/caoeste\/candidaturas-indigenas-en-yucatan\/\",\"url\":\"https:\/\/transparenciaelectoral.org\/caoeste\/candidaturas-indigenas-en-yucatan\/\",\"name\":\"Candidaturas ind\u00edgenas en Yucat\u00e1n - CAOESTE\",\"isPartOf\":{\"@id\":\"https:\/\/transparenciaelectoral.org\/caoeste\/#website\"},\"primaryImageOfPage\":{\"@id\":\"https:\/\/transparenciaelectoral.org\/caoeste\/candidaturas-indigenas-en-yucatan\/#primaryimage\"},\"image\":{\"@id\":\"https:\/\/transparenciaelectoral.org\/caoeste\/candidaturas-indigenas-en-yucatan\/#primaryimage\"},\"thumbnailUrl\":\"https:\/\/transparenciaelectoral.org\/caoeste\/wp-content\/uploads\/2021\/01\/Maria-del-Mar-Trejo-Perez.png\",\"datePublished\":\"2021-01-20T13:46:08+00:00\",\"dateModified\":\"2025-07-27T02:47:52+00:00\",\"breadcrumb\":{\"@id\":\"https:\/\/transparenciaelectoral.org\/caoeste\/candidaturas-indigenas-en-yucatan\/#breadcrumb\"},\"inLanguage\":\"es\",\"potentialAction\":[{\"@type\":\"ReadAction\",\"target\":[\"https:\/\/transparenciaelectoral.org\/caoeste\/candidaturas-indigenas-en-yucatan\/\"]}]},{\"@type\":\"ImageObject\",\"inLanguage\":\"es\",\"@id\":\"https:\/\/transparenciaelectoral.org\/caoeste\/candidaturas-indigenas-en-yucatan\/#primaryimage\",\"url\":\"https:\/\/transparenciaelectoral.org\/caoeste\/wp-content\/uploads\/2021\/01\/Maria-del-Mar-Trejo-Perez.png\",\"contentUrl\":\"https:\/\/transparenciaelectoral.org\/caoeste\/wp-content\/uploads\/2021\/01\/Maria-del-Mar-Trejo-Perez.png\",\"width\":597,\"height\":325},{\"@type\":\"BreadcrumbList\",\"@id\":\"https:\/\/transparenciaelectoral.org\/caoeste\/candidaturas-indigenas-en-yucatan\/#breadcrumb\",\"itemListElement\":[{\"@type\":\"ListItem\",\"position\":1,\"name\":\"Portada\",\"item\":\"https:\/\/transparenciaelectoral.org\/caoeste\/\"},{\"@type\":\"ListItem\",\"position\":2,\"name\":\"Candidaturas ind\u00edgenas en Yucat\u00e1n\"}]},{\"@type\":\"WebSite\",\"@id\":\"https:\/\/transparenciaelectoral.org\/caoeste\/#website\",\"url\":\"https:\/\/transparenciaelectoral.org\/caoeste\/\",\"name\":\"CAOESTE\",\"description\":\"Conferencia Americana de Organismos Electorales Subnacionales\",\"publisher\":{\"@id\":\"https:\/\/transparenciaelectoral.org\/caoeste\/#organization\"},\"potentialAction\":[{\"@type\":\"SearchAction\",\"target\":{\"@type\":\"EntryPoint\",\"urlTemplate\":\"https:\/\/transparenciaelectoral.org\/caoeste\/?s={search_term_string}\"},\"query-input\":{\"@type\":\"PropertyValueSpecification\",\"valueRequired\":true,\"valueName\":\"search_term_string\"}}],\"inLanguage\":\"es\"},{\"@type\":\"Organization\",\"@id\":\"https:\/\/transparenciaelectoral.org\/caoeste\/#organization\",\"name\":\"CAOESTE\",\"url\":\"https:\/\/transparenciaelectoral.org\/caoeste\/\",\"logo\":{\"@type\":\"ImageObject\",\"inLanguage\":\"es\",\"@id\":\"https:\/\/transparenciaelectoral.org\/caoeste\/#\/schema\/logo\/image\/\",\"url\":\"https:\/\/transparenciaelectoral.org\/caoeste\/wp-content\/uploads\/2026\/04\/Diseno-sin-titulo-7-e1777387837965.png\",\"contentUrl\":\"https:\/\/transparenciaelectoral.org\/caoeste\/wp-content\/uploads\/2026\/04\/Diseno-sin-titulo-7-e1777387837965.png\",\"width\":591,\"height\":198,\"caption\":\"CAOESTE\"},\"image\":{\"@id\":\"https:\/\/transparenciaelectoral.org\/caoeste\/#\/schema\/logo\/image\/\"},\"sameAs\":[\"https:\/\/www.facebook.com\/Caoeste-Mexico-101156461660798\/\",\"https:\/\/x.com\/CAOESTE_ONG\",\"https:\/\/www.linkedin.com\/showcase\/caoeste\/\",\"https:\/\/www.youtube.com\/watch?v=hp9DVXqvyEs\"]},{\"@type\":\"Person\",\"@id\":\"https:\/\/transparenciaelectoral.org\/caoeste\/#\/schema\/person\/4e926c11792bb28fe9b3934c5738c492\",\"name\":\"Nicole Vuarambon\",\"image\":{\"@type\":\"ImageObject\",\"inLanguage\":\"es\",\"@id\":\"https:\/\/transparenciaelectoral.org\/caoeste\/#\/schema\/person\/image\/\",\"url\":\"https:\/\/secure.gravatar.com\/avatar\/f3a51bf0ca3eec1938b7c0d18f577ccb6faa2aa7ceddd5da9014302c3fdbaf96?s=96&d=mm&r=g\",\"contentUrl\":\"https:\/\/secure.gravatar.com\/avatar\/f3a51bf0ca3eec1938b7c0d18f577ccb6faa2aa7ceddd5da9014302c3fdbaf96?s=96&d=mm&r=g\",\"caption\":\"Nicole Vuarambon\"},\"url\":\"https:\/\/transparenciaelectoral.org\/caoeste\/author\/nicolevuarambon\/\"}]}<\/script>\n<!-- \/ Yoast SEO plugin. -->","yoast_head_json":{"title":"Candidaturas ind\u00edgenas en Yucat\u00e1n - CAOESTE","robots":{"index":"index","follow":"follow","max-snippet":"max-snippet:-1","max-image-preview":"max-image-preview:large","max-video-preview":"max-video-preview:-1"},"canonical":"https:\/\/transparenciaelectoral.org\/caoeste\/candidaturas-indigenas-en-yucatan\/","og_locale":"es_ES","og_type":"article","og_title":"Candidaturas ind\u00edgenas en Yucat\u00e1n - CAOESTE","og_description":"Acciones afirmativas en busca de una mayor integraci\u00f3n e inclusi\u00f3n de las comunidades ind\u00edgenas en la vida pol\u00edtica mexicana. Las comunidades mayas de Yucat\u00e1n esperan la efectiva aplicaci\u00f3n, reformas mediante, de leyes y medidas que aseguren definitivamente su representaci\u00f3n en los \u00f3rganos de gobierno. Ciudadan\u00eda Ind\u00edgena y representaci\u00f3n El sistema de gobierno de los Estados [&hellip;]","og_url":"https:\/\/transparenciaelectoral.org\/caoeste\/candidaturas-indigenas-en-yucatan\/","og_site_name":"CAOESTE","article_publisher":"https:\/\/www.facebook.com\/Caoeste-Mexico-101156461660798\/","article_published_time":"2021-01-20T13:46:08+00:00","article_modified_time":"2025-07-27T02:47:52+00:00","og_image":[{"width":597,"height":325,"url":"https:\/\/transparenciaelectoral.org\/caoeste\/wp-content\/uploads\/2021\/01\/Maria-del-Mar-Trejo-Perez.png","type":"image\/png"}],"author":"Nicole Vuarambon","twitter_card":"summary_large_image","twitter_creator":"@CAOESTE_ONG","twitter_site":"@CAOESTE_ONG","twitter_misc":{"Escrito por":"Nicole Vuarambon","Tiempo de lectura":"10 minutos"},"schema":{"@context":"https:\/\/schema.org","@graph":[{"@type":"Article","@id":"https:\/\/transparenciaelectoral.org\/caoeste\/candidaturas-indigenas-en-yucatan\/#article","isPartOf":{"@id":"https:\/\/transparenciaelectoral.org\/caoeste\/candidaturas-indigenas-en-yucatan\/"},"author":{"name":"Nicole Vuarambon","@id":"https:\/\/transparenciaelectoral.org\/caoeste\/#\/schema\/person\/4e926c11792bb28fe9b3934c5738c492"},"headline":"Candidaturas ind\u00edgenas en Yucat\u00e1n","datePublished":"2021-01-20T13:46:08+00:00","dateModified":"2025-07-27T02:47:52+00:00","mainEntityOfPage":{"@id":"https:\/\/transparenciaelectoral.org\/caoeste\/candidaturas-indigenas-en-yucatan\/"},"wordCount":2561,"publisher":{"@id":"https:\/\/transparenciaelectoral.org\/caoeste\/#organization"},"image":{"@id":"https:\/\/transparenciaelectoral.org\/caoeste\/candidaturas-indigenas-en-yucatan\/#primaryimage"},"thumbnailUrl":"https:\/\/transparenciaelectoral.org\/caoeste\/wp-content\/uploads\/2021\/01\/Maria-del-Mar-Trejo-Perez.png","keywords":["Art\u00edculos","Ediciones","Revista"],"articleSection":["- Art\u00edculos Revista \ud83c\uddea\ud83c\uddf8","CAOESTE","M\u00e9xico \ud83c\uddf2\ud83c\uddfd"],"inLanguage":"es"},{"@type":"WebPage","@id":"https:\/\/transparenciaelectoral.org\/caoeste\/candidaturas-indigenas-en-yucatan\/","url":"https:\/\/transparenciaelectoral.org\/caoeste\/candidaturas-indigenas-en-yucatan\/","name":"Candidaturas ind\u00edgenas en Yucat\u00e1n - CAOESTE","isPartOf":{"@id":"https:\/\/transparenciaelectoral.org\/caoeste\/#website"},"primaryImageOfPage":{"@id":"https:\/\/transparenciaelectoral.org\/caoeste\/candidaturas-indigenas-en-yucatan\/#primaryimage"},"image":{"@id":"https:\/\/transparenciaelectoral.org\/caoeste\/candidaturas-indigenas-en-yucatan\/#primaryimage"},"thumbnailUrl":"https:\/\/transparenciaelectoral.org\/caoeste\/wp-content\/uploads\/2021\/01\/Maria-del-Mar-Trejo-Perez.png","datePublished":"2021-01-20T13:46:08+00:00","dateModified":"2025-07-27T02:47:52+00:00","breadcrumb":{"@id":"https:\/\/transparenciaelectoral.org\/caoeste\/candidaturas-indigenas-en-yucatan\/#breadcrumb"},"inLanguage":"es","potentialAction":[{"@type":"ReadAction","target":["https:\/\/transparenciaelectoral.org\/caoeste\/candidaturas-indigenas-en-yucatan\/"]}]},{"@type":"ImageObject","inLanguage":"es","@id":"https:\/\/transparenciaelectoral.org\/caoeste\/candidaturas-indigenas-en-yucatan\/#primaryimage","url":"https:\/\/transparenciaelectoral.org\/caoeste\/wp-content\/uploads\/2021\/01\/Maria-del-Mar-Trejo-Perez.png","contentUrl":"https:\/\/transparenciaelectoral.org\/caoeste\/wp-content\/uploads\/2021\/01\/Maria-del-Mar-Trejo-Perez.png","width":597,"height":325},{"@type":"BreadcrumbList","@id":"https:\/\/transparenciaelectoral.org\/caoeste\/candidaturas-indigenas-en-yucatan\/#breadcrumb","itemListElement":[{"@type":"ListItem","position":1,"name":"Portada","item":"https:\/\/transparenciaelectoral.org\/caoeste\/"},{"@type":"ListItem","position":2,"name":"Candidaturas ind\u00edgenas en Yucat\u00e1n"}]},{"@type":"WebSite","@id":"https:\/\/transparenciaelectoral.org\/caoeste\/#website","url":"https:\/\/transparenciaelectoral.org\/caoeste\/","name":"CAOESTE","description":"Conferencia Americana de Organismos Electorales Subnacionales","publisher":{"@id":"https:\/\/transparenciaelectoral.org\/caoeste\/#organization"},"potentialAction":[{"@type":"SearchAction","target":{"@type":"EntryPoint","urlTemplate":"https:\/\/transparenciaelectoral.org\/caoeste\/?s={search_term_string}"},"query-input":{"@type":"PropertyValueSpecification","valueRequired":true,"valueName":"search_term_string"}}],"inLanguage":"es"},{"@type":"Organization","@id":"https:\/\/transparenciaelectoral.org\/caoeste\/#organization","name":"CAOESTE","url":"https:\/\/transparenciaelectoral.org\/caoeste\/","logo":{"@type":"ImageObject","inLanguage":"es","@id":"https:\/\/transparenciaelectoral.org\/caoeste\/#\/schema\/logo\/image\/","url":"https:\/\/transparenciaelectoral.org\/caoeste\/wp-content\/uploads\/2026\/04\/Diseno-sin-titulo-7-e1777387837965.png","contentUrl":"https:\/\/transparenciaelectoral.org\/caoeste\/wp-content\/uploads\/2026\/04\/Diseno-sin-titulo-7-e1777387837965.png","width":591,"height":198,"caption":"CAOESTE"},"image":{"@id":"https:\/\/transparenciaelectoral.org\/caoeste\/#\/schema\/logo\/image\/"},"sameAs":["https:\/\/www.facebook.com\/Caoeste-Mexico-101156461660798\/","https:\/\/x.com\/CAOESTE_ONG","https:\/\/www.linkedin.com\/showcase\/caoeste\/","https:\/\/www.youtube.com\/watch?v=hp9DVXqvyEs"]},{"@type":"Person","@id":"https:\/\/transparenciaelectoral.org\/caoeste\/#\/schema\/person\/4e926c11792bb28fe9b3934c5738c492","name":"Nicole Vuarambon","image":{"@type":"ImageObject","inLanguage":"es","@id":"https:\/\/transparenciaelectoral.org\/caoeste\/#\/schema\/person\/image\/","url":"https:\/\/secure.gravatar.com\/avatar\/f3a51bf0ca3eec1938b7c0d18f577ccb6faa2aa7ceddd5da9014302c3fdbaf96?s=96&d=mm&r=g","contentUrl":"https:\/\/secure.gravatar.com\/avatar\/f3a51bf0ca3eec1938b7c0d18f577ccb6faa2aa7ceddd5da9014302c3fdbaf96?s=96&d=mm&r=g","caption":"Nicole Vuarambon"},"url":"https:\/\/transparenciaelectoral.org\/caoeste\/author\/nicolevuarambon\/"}]}},"_links":{"self":[{"href":"https:\/\/transparenciaelectoral.org\/caoeste\/wp-json\/wp\/v2\/posts\/5911","targetHints":{"allow":["GET"]}}],"collection":[{"href":"https:\/\/transparenciaelectoral.org\/caoeste\/wp-json\/wp\/v2\/posts"}],"about":[{"href":"https:\/\/transparenciaelectoral.org\/caoeste\/wp-json\/wp\/v2\/types\/post"}],"author":[{"embeddable":true,"href":"https:\/\/transparenciaelectoral.org\/caoeste\/wp-json\/wp\/v2\/users\/2"}],"replies":[{"embeddable":true,"href":"https:\/\/transparenciaelectoral.org\/caoeste\/wp-json\/wp\/v2\/comments?post=5911"}],"version-history":[{"count":1,"href":"https:\/\/transparenciaelectoral.org\/caoeste\/wp-json\/wp\/v2\/posts\/5911\/revisions"}],"predecessor-version":[{"id":8942,"href":"https:\/\/transparenciaelectoral.org\/caoeste\/wp-json\/wp\/v2\/posts\/5911\/revisions\/8942"}],"wp:featuredmedia":[{"embeddable":true,"href":"https:\/\/transparenciaelectoral.org\/caoeste\/wp-json\/wp\/v2\/media\/5893"}],"wp:attachment":[{"href":"https:\/\/transparenciaelectoral.org\/caoeste\/wp-json\/wp\/v2\/media?parent=5911"}],"wp:term":[{"taxonomy":"category","embeddable":true,"href":"https:\/\/transparenciaelectoral.org\/caoeste\/wp-json\/wp\/v2\/categories?post=5911"},{"taxonomy":"post_tag","embeddable":true,"href":"https:\/\/transparenciaelectoral.org\/caoeste\/wp-json\/wp\/v2\/tags?post=5911"}],"curies":[{"name":"wp","href":"https:\/\/api.w.org\/{rel}","templated":true}]}}