{"id":5386,"date":"2020-10-23T20:05:20","date_gmt":"2020-10-23T20:05:20","guid":{"rendered":"https:\/\/transparenciaelectoral.org\/caoeste\/?p=5386"},"modified":"2025-07-26T23:57:22","modified_gmt":"2025-07-27T02:57:22","slug":"tre-es-impulsa-el-i-foro-internacional-sobre-inteligencia-artificial-y-elecciones","status":"publish","type":"post","link":"https:\/\/transparenciaelectoral.org\/caoeste\/tre-es-impulsa-el-i-foro-internacional-sobre-inteligencia-artificial-y-elecciones\/","title":{"rendered":"TRE-ES impulsa el I Foro Internacional sobre Inteligencia Artificial y Elecciones"},"content":{"rendered":"<p><em>El evento contar\u00e1 con ponentes internacionales y con la mediaci\u00f3n del Presidente del TRE-ES) Juez Samuel Meira Brasil J\u00fanior.<\/em><\/p>\n<p><img fetchpriority=\"high\" decoding=\"async\" class=\"aligncenter wp-image-5387 size-large\" src=\"https:\/\/transparenciaelectoral.org\/caoeste\/wp-content\/uploads\/2020\/10\/WhatsApp-Image-2020-10-19-at-12.01.36-723x1024.jpeg\" alt=\"WhatsApp Image 2020 10 19 At 12.01.36 723x1024\" width=\"723\" height=\"1024\" title=\"TRE-ES impulsa el I Foro Internacional sobre Inteligencia Artificial y Elecciones\" srcset=\"https:\/\/transparenciaelectoral.org\/caoeste\/wp-content\/uploads\/2020\/10\/WhatsApp-Image-2020-10-19-at-12.01.36-723x1024.jpeg 723w, https:\/\/transparenciaelectoral.org\/caoeste\/wp-content\/uploads\/2020\/10\/WhatsApp-Image-2020-10-19-at-12.01.36-212x300.jpeg 212w, https:\/\/transparenciaelectoral.org\/caoeste\/wp-content\/uploads\/2020\/10\/WhatsApp-Image-2020-10-19-at-12.01.36-768x1087.jpeg 768w, https:\/\/transparenciaelectoral.org\/caoeste\/wp-content\/uploads\/2020\/10\/WhatsApp-Image-2020-10-19-at-12.01.36-610x864.jpeg 610w, https:\/\/transparenciaelectoral.org\/caoeste\/wp-content\/uploads\/2020\/10\/WhatsApp-Image-2020-10-19-at-12.01.36-480x679.jpeg 480w, https:\/\/transparenciaelectoral.org\/caoeste\/wp-content\/uploads\/2020\/10\/WhatsApp-Image-2020-10-19-at-12.01.36-scaled.jpeg 848w\" sizes=\"(max-width: 723px) 100vw, 723px\" \/><\/p>\n<p>El Tribunal Regional Electoral de Esp\u00edrito Santo (TRE-ES), en l\u00ednea con los cambios que impulsa el uso de las nuevas tecnolog\u00edas en el proceso electoral, promover\u00e1, los\u00a0<strong>d\u00edas 22 y 29 de octubre<\/strong>\u00a0, el I Foro Internacional de Inteligencia Artificial y Elecciones.\u00a0Con ponentes internacionales, el evento ser\u00e1 mediado por el Presidente de la Corte, Juez Samuel Meira Brasil J\u00fanior y ser\u00e1 transmitido en vivo por la Escola Judici\u00e1ria Eleitoral en YouTube:\u00a0<a class=\"external-link\" href=\"https:\/\/www.youtube.com\/ejees\" target=\"_blank\" rel=\"noopener noreferrer\">https:\/\/www.youtube.com\/ejees<\/a><\/p>\n<p>El foro fue organizado por el Presidente de TRE-ES, Juez Samuel Meira Brasil J\u00fanior, especialista en la materia con Maestr\u00eda en Inteligencia Artificial de la Universidad Federal de Esp\u00edrito Santo (Ufes) y creador del Centro de Inteligencia Artificial (CorE-IA) de Tribunal de Justicia del Estado, creado para atender las demandas del Poder Judicial del Estado;\u00a0y el Laboratorio de Innovaci\u00f3n e Inteligencia Artificial TRE-ES, que en su primer a\u00f1o aport\u00f3 dos productos &#8211; Bel (\u00a0<a class=\"external-link\" href=\"https:\/\/bel.tre-es.jus.br\/\" target=\"_blank\" rel=\"noopener noreferrer\">https:\/\/bel.tre-es.jus.br<\/a>\u00a0) y Justifica ES, este \u00faltimo incorporado a nivel nacional a la aplicaci\u00f3n Tribunal Superior Electoral, el\u00a0<a class=\"internal-link\" href=\"https:\/\/www.tse.jus.br\/imprensa\/noticias-tse\/2020\/Outubro\/e-titulo-passa-a-ter-foto-do-eleitor-e-pode-ser-usado-como-documento-oficial-para-votar\" target=\"_blank\" rel=\"noopener noreferrer\">e- T\u00edtulo<\/a>\u00a0.<\/p>\n<p><strong>El 22 de octubre (jueves), a las 10:30 a. M.<\/strong>\u00a0(3:30 p. M. CET), el ponente ser\u00e1 Henry Prakken, profesor del Grupo de Sistemas Inteligentes en el departamento de inform\u00e1tica de la Universidad de Utrecht y profesor de inform\u00e1tica jur\u00eddica y argumentaci\u00f3n en la Facultad de Derecho. la Universidad de Groningen (Holanda);\u00a0Maestr\u00eda en Derecho y Filosof\u00eda de la Universidad de Groningen;\u00a0PhD de la Universidad Libre de Amsterdam;\u00a0ex presidente de la International Association for AI &amp; Law (IAAIL), la JURIX Foundation for Legal Knowlegde-Based Systems y el comit\u00e9 directivo de las conferencias COMMA sobre modelos inform\u00e1ticos de argumentos;\u00a0y autor de varios libros y art\u00edculos en el \u00e1rea.<\/p>\n<p><strong>El 29 de octubre (jueves), a las 9.00 horas<\/strong>\u00a0(14.00 horas CET), el invitado ser\u00e1 Giovanni Sartor, profesor de inform\u00e1tica jur\u00eddica en la Universidad de Bolonia y en el Instituto Universitario Europeo de Florencia (Italia);\u00a0Doctorado por el European Unversity Institute (Florencia), trabaj\u00f3 en el Tribunal de Justicia de la Uni\u00f3n Europea (Luxemburgo) y fue investigador en el Consejo Nacional de Investigaci\u00f3n de Italia (ITTIG, Florencia);\u00a0ex presidente de la Asociaci\u00f3n Internacional de Inteligencia Artificial y Derecho;\u00a0y autor de varios libros y art\u00edculos en el \u00e1rea.<\/p>\n<p>El registro para fines de certificaci\u00f3n debe ser realizado por el Entorno Virtual EJE-ES en\u00a0<a class=\"external-link\" href=\"https:\/\/cutt.ly\/iggSJyo\" target=\"_blank\" rel=\"noopener noreferrer\">https:\/\/cutt.ly\/iggSJyo<\/a><\/p>\n<p>&nbsp;<\/p>\n<p><strong>Extra\u00eddo de <a href=\"https:\/\/www.tre-es.jus.br\/imprensa\/noticias-tre-es\/2020\/Outubro\/tre-es-promove-o-i-forum-internacional-de-inteligencia-artificial-e-eleicoes\" target=\"_blank\" rel=\"noopener noreferrer\">TRE-ES<\/a><\/strong><\/p>\n","protected":false},"excerpt":{"rendered":"<p>El evento contar\u00e1 con ponentes internacionales y con la mediaci\u00f3n del Presidente del TRE-ES) Juez Samuel Meira Brasil J\u00fanior. El [&hellip;]<\/p>\n","protected":false},"author":2,"featured_media":5387,"comment_status":"closed","ping_status":"open","sticky":false,"template":"","format":"standard","meta":{"site-sidebar-layout":"default","site-content-layout":"","ast-site-content-layout":"default","site-content-style":"default","site-sidebar-style":"default","ast-global-header-display":"","ast-banner-title-visibility":"","ast-main-header-display":"","ast-hfb-above-header-display":"","ast-hfb-below-header-display":"","ast-hfb-mobile-header-display":"","site-post-title":"","ast-breadcrumbs-content":"","ast-featured-img":"","footer-sml-layout":"","ast-disable-related-posts":"","theme-transparent-header-meta":"","adv-header-id-meta":"","stick-header-meta":"","header-above-stick-meta":"","header-main-stick-meta":"","header-below-stick-meta":"","astra-migrate-meta-layouts":"default","ast-page-background-enabled":"default","ast-page-background-meta":{"desktop":{"background-color":"","background-image":"","background-repeat":"repeat","background-position":"center center","background-size":"auto","background-attachment":"scroll","background-type":"","background-media":"","overlay-type":"","overlay-color":"","overlay-opacity":"","overlay-gradient":""},"tablet":{"background-color":"","background-image":"","background-repeat":"repeat","background-position":"center center","background-size":"auto","background-attachment":"scroll","background-type":"","background-media":"","overlay-type":"","overlay-color":"","overlay-opacity":"","overlay-gradient":""},"mobile":{"background-color":"","background-image":"","background-repeat":"repeat","background-position":"center center","background-size":"auto","background-attachment":"scroll","background-type":"","background-media":"","overlay-type":"","overlay-color":"","overlay-opacity":"","overlay-gradient":""}},"ast-content-background-meta":{"desktop":{"background-color":"var(--ast-global-color-5)","background-image":"","background-repeat":"repeat","background-position":"center center","background-size":"auto","background-attachment":"scroll","background-type":"","background-media":"","overlay-type":"","overlay-color":"","overlay-opacity":"","overlay-gradient":""},"tablet":{"background-color":"var(--ast-global-color-5)","background-image":"","background-repeat":"repeat","background-position":"center center","background-size":"auto","background-attachment":"scroll","background-type":"","background-media":"","overlay-type":"","overlay-color":"","overlay-opacity":"","overlay-gradient":""},"mobile":{"background-color":"var(--ast-global-color-5)","background-image":"","background-repeat":"repeat","background-position":"center center","background-size":"auto","background-attachment":"scroll","background-type":"","background-media":"","overlay-type":"","overlay-color":"","overlay-opacity":"","overlay-gradient":""}},"_themeisle_gutenberg_block_has_review":false,"footnotes":""},"categories":[4,23,22],"tags":[128,104,147,148,36,94,129],"class_list":["post-5386","post","type-post","status-publish","format-standard","has-post-thumbnail","hentry","category-noticias-","category-brasil-","category-caoeste","tag-eje-es","tag-eventos","tag-foro-internacional","tag-ia","tag-procesos-electorales","tag-tecnologia","tag-tre-es"],"yoast_head":"<!-- This site is optimized with the Yoast SEO plugin v26.0 - https:\/\/yoast.com\/wordpress\/plugins\/seo\/ -->\n<title>TRE-ES impulsa el I Foro Internacional sobre Inteligencia Artificial y Elecciones - CAOESTE<\/title>\n<meta name=\"robots\" content=\"index, follow, max-snippet:-1, max-image-preview:large, max-video-preview:-1\" \/>\n<link rel=\"canonical\" href=\"https:\/\/transparenciaelectoral.org\/caoeste\/tre-es-impulsa-el-i-foro-internacional-sobre-inteligencia-artificial-y-elecciones\/\" \/>\n<meta property=\"og:locale\" content=\"es_ES\" \/>\n<meta property=\"og:type\" content=\"article\" \/>\n<meta property=\"og:title\" content=\"TRE-ES impulsa el I Foro Internacional sobre Inteligencia Artificial y Elecciones - CAOESTE\" \/>\n<meta property=\"og:description\" content=\"El evento contar\u00e1 con ponentes internacionales y con la mediaci\u00f3n del Presidente del TRE-ES) Juez Samuel Meira Brasil J\u00fanior. El [&hellip;]\" \/>\n<meta property=\"og:url\" content=\"https:\/\/transparenciaelectoral.org\/caoeste\/tre-es-impulsa-el-i-foro-internacional-sobre-inteligencia-artificial-y-elecciones\/\" \/>\n<meta property=\"og:site_name\" content=\"CAOESTE\" \/>\n<meta property=\"article:publisher\" content=\"https:\/\/www.facebook.com\/Caoeste-Mexico-101156461660798\/\" \/>\n<meta property=\"article:published_time\" content=\"2020-10-23T20:05:20+00:00\" \/>\n<meta property=\"article:modified_time\" content=\"2025-07-27T02:57:22+00:00\" \/>\n<meta property=\"og:image\" content=\"https:\/\/transparenciaelectoral.org\/caoeste\/wp-content\/uploads\/2020\/10\/WhatsApp-Image-2020-10-19-at-12.01.36-scaled.jpeg\" \/>\n\t<meta property=\"og:image:width\" content=\"848\" \/>\n\t<meta property=\"og:image:height\" content=\"1200\" \/>\n\t<meta property=\"og:image:type\" content=\"image\/jpeg\" \/>\n<meta name=\"author\" content=\"Nicole Vuarambon\" \/>\n<meta name=\"twitter:card\" content=\"summary_large_image\" \/>\n<meta name=\"twitter:creator\" content=\"@CAOESTE_ONG\" \/>\n<meta name=\"twitter:site\" content=\"@CAOESTE_ONG\" \/>\n<meta name=\"twitter:label1\" content=\"Escrito por\" \/>\n\t<meta name=\"twitter:data1\" content=\"Nicole Vuarambon\" \/>\n\t<meta name=\"twitter:label2\" content=\"Tiempo de lectura\" \/>\n\t<meta name=\"twitter:data2\" content=\"2 minutos\" \/>\n<script type=\"application\/ld+json\" class=\"yoast-schema-graph\">{\"@context\":\"https:\/\/schema.org\",\"@graph\":[{\"@type\":\"Article\",\"@id\":\"https:\/\/transparenciaelectoral.org\/caoeste\/tre-es-impulsa-el-i-foro-internacional-sobre-inteligencia-artificial-y-elecciones\/#article\",\"isPartOf\":{\"@id\":\"https:\/\/transparenciaelectoral.org\/caoeste\/tre-es-impulsa-el-i-foro-internacional-sobre-inteligencia-artificial-y-elecciones\/\"},\"author\":{\"name\":\"Nicole Vuarambon\",\"@id\":\"https:\/\/transparenciaelectoral.org\/caoeste\/#\/schema\/person\/4e926c11792bb28fe9b3934c5738c492\"},\"headline\":\"TRE-ES impulsa el I Foro Internacional sobre Inteligencia Artificial y Elecciones\",\"datePublished\":\"2020-10-23T20:05:20+00:00\",\"dateModified\":\"2025-07-27T02:57:22+00:00\",\"mainEntityOfPage\":{\"@id\":\"https:\/\/transparenciaelectoral.org\/caoeste\/tre-es-impulsa-el-i-foro-internacional-sobre-inteligencia-artificial-y-elecciones\/\"},\"wordCount\":447,\"publisher\":{\"@id\":\"https:\/\/transparenciaelectoral.org\/caoeste\/#organization\"},\"image\":{\"@id\":\"https:\/\/transparenciaelectoral.org\/caoeste\/tre-es-impulsa-el-i-foro-internacional-sobre-inteligencia-artificial-y-elecciones\/#primaryimage\"},\"thumbnailUrl\":\"https:\/\/transparenciaelectoral.org\/caoeste\/wp-content\/uploads\/2020\/10\/WhatsApp-Image-2020-10-19-at-12.01.36-scaled.jpeg\",\"keywords\":[\"EJE-ES\",\"Eventos\",\"Foro Internacional\",\"IA\",\"Procesos electorales\",\"Tecnolog\u00eda\",\"TRE-ES\"],\"articleSection\":[\"- Noticias \ud83c\uddea\ud83c\uddf8\",\"Brasil \ud83c\udde7\ud83c\uddf7\",\"CAOESTE\"],\"inLanguage\":\"es\"},{\"@type\":\"WebPage\",\"@id\":\"https:\/\/transparenciaelectoral.org\/caoeste\/tre-es-impulsa-el-i-foro-internacional-sobre-inteligencia-artificial-y-elecciones\/\",\"url\":\"https:\/\/transparenciaelectoral.org\/caoeste\/tre-es-impulsa-el-i-foro-internacional-sobre-inteligencia-artificial-y-elecciones\/\",\"name\":\"TRE-ES impulsa el I Foro Internacional sobre Inteligencia Artificial y Elecciones - CAOESTE\",\"isPartOf\":{\"@id\":\"https:\/\/transparenciaelectoral.org\/caoeste\/#website\"},\"primaryImageOfPage\":{\"@id\":\"https:\/\/transparenciaelectoral.org\/caoeste\/tre-es-impulsa-el-i-foro-internacional-sobre-inteligencia-artificial-y-elecciones\/#primaryimage\"},\"image\":{\"@id\":\"https:\/\/transparenciaelectoral.org\/caoeste\/tre-es-impulsa-el-i-foro-internacional-sobre-inteligencia-artificial-y-elecciones\/#primaryimage\"},\"thumbnailUrl\":\"https:\/\/transparenciaelectoral.org\/caoeste\/wp-content\/uploads\/2020\/10\/WhatsApp-Image-2020-10-19-at-12.01.36-scaled.jpeg\",\"datePublished\":\"2020-10-23T20:05:20+00:00\",\"dateModified\":\"2025-07-27T02:57:22+00:00\",\"breadcrumb\":{\"@id\":\"https:\/\/transparenciaelectoral.org\/caoeste\/tre-es-impulsa-el-i-foro-internacional-sobre-inteligencia-artificial-y-elecciones\/#breadcrumb\"},\"inLanguage\":\"es\",\"potentialAction\":[{\"@type\":\"ReadAction\",\"target\":[\"https:\/\/transparenciaelectoral.org\/caoeste\/tre-es-impulsa-el-i-foro-internacional-sobre-inteligencia-artificial-y-elecciones\/\"]}]},{\"@type\":\"ImageObject\",\"inLanguage\":\"es\",\"@id\":\"https:\/\/transparenciaelectoral.org\/caoeste\/tre-es-impulsa-el-i-foro-internacional-sobre-inteligencia-artificial-y-elecciones\/#primaryimage\",\"url\":\"https:\/\/transparenciaelectoral.org\/caoeste\/wp-content\/uploads\/2020\/10\/WhatsApp-Image-2020-10-19-at-12.01.36-scaled.jpeg\",\"contentUrl\":\"https:\/\/transparenciaelectoral.org\/caoeste\/wp-content\/uploads\/2020\/10\/WhatsApp-Image-2020-10-19-at-12.01.36-scaled.jpeg\",\"width\":848,\"height\":1200},{\"@type\":\"BreadcrumbList\",\"@id\":\"https:\/\/transparenciaelectoral.org\/caoeste\/tre-es-impulsa-el-i-foro-internacional-sobre-inteligencia-artificial-y-elecciones\/#breadcrumb\",\"itemListElement\":[{\"@type\":\"ListItem\",\"position\":1,\"name\":\"Portada\",\"item\":\"https:\/\/transparenciaelectoral.org\/caoeste\/\"},{\"@type\":\"ListItem\",\"position\":2,\"name\":\"TRE-ES impulsa el I Foro Internacional sobre Inteligencia Artificial y Elecciones\"}]},{\"@type\":\"WebSite\",\"@id\":\"https:\/\/transparenciaelectoral.org\/caoeste\/#website\",\"url\":\"https:\/\/transparenciaelectoral.org\/caoeste\/\",\"name\":\"CAOESTE\",\"description\":\"Conferencia Americana de Organismos Electorales Subnacionales\",\"publisher\":{\"@id\":\"https:\/\/transparenciaelectoral.org\/caoeste\/#organization\"},\"potentialAction\":[{\"@type\":\"SearchAction\",\"target\":{\"@type\":\"EntryPoint\",\"urlTemplate\":\"https:\/\/transparenciaelectoral.org\/caoeste\/?s={search_term_string}\"},\"query-input\":{\"@type\":\"PropertyValueSpecification\",\"valueRequired\":true,\"valueName\":\"search_term_string\"}}],\"inLanguage\":\"es\"},{\"@type\":\"Organization\",\"@id\":\"https:\/\/transparenciaelectoral.org\/caoeste\/#organization\",\"name\":\"CAOESTE\",\"url\":\"https:\/\/transparenciaelectoral.org\/caoeste\/\",\"logo\":{\"@type\":\"ImageObject\",\"inLanguage\":\"es\",\"@id\":\"https:\/\/transparenciaelectoral.org\/caoeste\/#\/schema\/logo\/image\/\",\"url\":\"https:\/\/transparenciaelectoral.org\/caoeste\/wp-content\/uploads\/2026\/04\/Diseno-sin-titulo-7-e1777387837965.png\",\"contentUrl\":\"https:\/\/transparenciaelectoral.org\/caoeste\/wp-content\/uploads\/2026\/04\/Diseno-sin-titulo-7-e1777387837965.png\",\"width\":591,\"height\":198,\"caption\":\"CAOESTE\"},\"image\":{\"@id\":\"https:\/\/transparenciaelectoral.org\/caoeste\/#\/schema\/logo\/image\/\"},\"sameAs\":[\"https:\/\/www.facebook.com\/Caoeste-Mexico-101156461660798\/\",\"https:\/\/x.com\/CAOESTE_ONG\",\"https:\/\/www.linkedin.com\/showcase\/caoeste\/\",\"https:\/\/www.youtube.com\/watch?v=hp9DVXqvyEs\"]},{\"@type\":\"Person\",\"@id\":\"https:\/\/transparenciaelectoral.org\/caoeste\/#\/schema\/person\/4e926c11792bb28fe9b3934c5738c492\",\"name\":\"Nicole Vuarambon\",\"image\":{\"@type\":\"ImageObject\",\"inLanguage\":\"es\",\"@id\":\"https:\/\/transparenciaelectoral.org\/caoeste\/#\/schema\/person\/image\/\",\"url\":\"https:\/\/secure.gravatar.com\/avatar\/f3a51bf0ca3eec1938b7c0d18f577ccb6faa2aa7ceddd5da9014302c3fdbaf96?s=96&d=mm&r=g\",\"contentUrl\":\"https:\/\/secure.gravatar.com\/avatar\/f3a51bf0ca3eec1938b7c0d18f577ccb6faa2aa7ceddd5da9014302c3fdbaf96?s=96&d=mm&r=g\",\"caption\":\"Nicole Vuarambon\"},\"url\":\"https:\/\/transparenciaelectoral.org\/caoeste\/author\/nicolevuarambon\/\"}]}<\/script>\n<!-- \/ Yoast SEO plugin. -->","yoast_head_json":{"title":"TRE-ES impulsa el I Foro Internacional sobre Inteligencia Artificial y Elecciones - CAOESTE","robots":{"index":"index","follow":"follow","max-snippet":"max-snippet:-1","max-image-preview":"max-image-preview:large","max-video-preview":"max-video-preview:-1"},"canonical":"https:\/\/transparenciaelectoral.org\/caoeste\/tre-es-impulsa-el-i-foro-internacional-sobre-inteligencia-artificial-y-elecciones\/","og_locale":"es_ES","og_type":"article","og_title":"TRE-ES impulsa el I Foro Internacional sobre Inteligencia Artificial y Elecciones - CAOESTE","og_description":"El evento contar\u00e1 con ponentes internacionales y con la mediaci\u00f3n del Presidente del TRE-ES) Juez Samuel Meira Brasil J\u00fanior. El [&hellip;]","og_url":"https:\/\/transparenciaelectoral.org\/caoeste\/tre-es-impulsa-el-i-foro-internacional-sobre-inteligencia-artificial-y-elecciones\/","og_site_name":"CAOESTE","article_publisher":"https:\/\/www.facebook.com\/Caoeste-Mexico-101156461660798\/","article_published_time":"2020-10-23T20:05:20+00:00","article_modified_time":"2025-07-27T02:57:22+00:00","og_image":[{"width":848,"height":1200,"url":"https:\/\/transparenciaelectoral.org\/caoeste\/wp-content\/uploads\/2020\/10\/WhatsApp-Image-2020-10-19-at-12.01.36-scaled.jpeg","type":"image\/jpeg"}],"author":"Nicole Vuarambon","twitter_card":"summary_large_image","twitter_creator":"@CAOESTE_ONG","twitter_site":"@CAOESTE_ONG","twitter_misc":{"Escrito por":"Nicole Vuarambon","Tiempo de lectura":"2 minutos"},"schema":{"@context":"https:\/\/schema.org","@graph":[{"@type":"Article","@id":"https:\/\/transparenciaelectoral.org\/caoeste\/tre-es-impulsa-el-i-foro-internacional-sobre-inteligencia-artificial-y-elecciones\/#article","isPartOf":{"@id":"https:\/\/transparenciaelectoral.org\/caoeste\/tre-es-impulsa-el-i-foro-internacional-sobre-inteligencia-artificial-y-elecciones\/"},"author":{"name":"Nicole Vuarambon","@id":"https:\/\/transparenciaelectoral.org\/caoeste\/#\/schema\/person\/4e926c11792bb28fe9b3934c5738c492"},"headline":"TRE-ES impulsa el I Foro Internacional sobre Inteligencia Artificial y Elecciones","datePublished":"2020-10-23T20:05:20+00:00","dateModified":"2025-07-27T02:57:22+00:00","mainEntityOfPage":{"@id":"https:\/\/transparenciaelectoral.org\/caoeste\/tre-es-impulsa-el-i-foro-internacional-sobre-inteligencia-artificial-y-elecciones\/"},"wordCount":447,"publisher":{"@id":"https:\/\/transparenciaelectoral.org\/caoeste\/#organization"},"image":{"@id":"https:\/\/transparenciaelectoral.org\/caoeste\/tre-es-impulsa-el-i-foro-internacional-sobre-inteligencia-artificial-y-elecciones\/#primaryimage"},"thumbnailUrl":"https:\/\/transparenciaelectoral.org\/caoeste\/wp-content\/uploads\/2020\/10\/WhatsApp-Image-2020-10-19-at-12.01.36-scaled.jpeg","keywords":["EJE-ES","Eventos","Foro Internacional","IA","Procesos electorales","Tecnolog\u00eda","TRE-ES"],"articleSection":["- Noticias \ud83c\uddea\ud83c\uddf8","Brasil \ud83c\udde7\ud83c\uddf7","CAOESTE"],"inLanguage":"es"},{"@type":"WebPage","@id":"https:\/\/transparenciaelectoral.org\/caoeste\/tre-es-impulsa-el-i-foro-internacional-sobre-inteligencia-artificial-y-elecciones\/","url":"https:\/\/transparenciaelectoral.org\/caoeste\/tre-es-impulsa-el-i-foro-internacional-sobre-inteligencia-artificial-y-elecciones\/","name":"TRE-ES impulsa el I Foro Internacional sobre Inteligencia Artificial y Elecciones - CAOESTE","isPartOf":{"@id":"https:\/\/transparenciaelectoral.org\/caoeste\/#website"},"primaryImageOfPage":{"@id":"https:\/\/transparenciaelectoral.org\/caoeste\/tre-es-impulsa-el-i-foro-internacional-sobre-inteligencia-artificial-y-elecciones\/#primaryimage"},"image":{"@id":"https:\/\/transparenciaelectoral.org\/caoeste\/tre-es-impulsa-el-i-foro-internacional-sobre-inteligencia-artificial-y-elecciones\/#primaryimage"},"thumbnailUrl":"https:\/\/transparenciaelectoral.org\/caoeste\/wp-content\/uploads\/2020\/10\/WhatsApp-Image-2020-10-19-at-12.01.36-scaled.jpeg","datePublished":"2020-10-23T20:05:20+00:00","dateModified":"2025-07-27T02:57:22+00:00","breadcrumb":{"@id":"https:\/\/transparenciaelectoral.org\/caoeste\/tre-es-impulsa-el-i-foro-internacional-sobre-inteligencia-artificial-y-elecciones\/#breadcrumb"},"inLanguage":"es","potentialAction":[{"@type":"ReadAction","target":["https:\/\/transparenciaelectoral.org\/caoeste\/tre-es-impulsa-el-i-foro-internacional-sobre-inteligencia-artificial-y-elecciones\/"]}]},{"@type":"ImageObject","inLanguage":"es","@id":"https:\/\/transparenciaelectoral.org\/caoeste\/tre-es-impulsa-el-i-foro-internacional-sobre-inteligencia-artificial-y-elecciones\/#primaryimage","url":"https:\/\/transparenciaelectoral.org\/caoeste\/wp-content\/uploads\/2020\/10\/WhatsApp-Image-2020-10-19-at-12.01.36-scaled.jpeg","contentUrl":"https:\/\/transparenciaelectoral.org\/caoeste\/wp-content\/uploads\/2020\/10\/WhatsApp-Image-2020-10-19-at-12.01.36-scaled.jpeg","width":848,"height":1200},{"@type":"BreadcrumbList","@id":"https:\/\/transparenciaelectoral.org\/caoeste\/tre-es-impulsa-el-i-foro-internacional-sobre-inteligencia-artificial-y-elecciones\/#breadcrumb","itemListElement":[{"@type":"ListItem","position":1,"name":"Portada","item":"https:\/\/transparenciaelectoral.org\/caoeste\/"},{"@type":"ListItem","position":2,"name":"TRE-ES impulsa el I Foro Internacional sobre Inteligencia Artificial y Elecciones"}]},{"@type":"WebSite","@id":"https:\/\/transparenciaelectoral.org\/caoeste\/#website","url":"https:\/\/transparenciaelectoral.org\/caoeste\/","name":"CAOESTE","description":"Conferencia Americana de Organismos Electorales Subnacionales","publisher":{"@id":"https:\/\/transparenciaelectoral.org\/caoeste\/#organization"},"potentialAction":[{"@type":"SearchAction","target":{"@type":"EntryPoint","urlTemplate":"https:\/\/transparenciaelectoral.org\/caoeste\/?s={search_term_string}"},"query-input":{"@type":"PropertyValueSpecification","valueRequired":true,"valueName":"search_term_string"}}],"inLanguage":"es"},{"@type":"Organization","@id":"https:\/\/transparenciaelectoral.org\/caoeste\/#organization","name":"CAOESTE","url":"https:\/\/transparenciaelectoral.org\/caoeste\/","logo":{"@type":"ImageObject","inLanguage":"es","@id":"https:\/\/transparenciaelectoral.org\/caoeste\/#\/schema\/logo\/image\/","url":"https:\/\/transparenciaelectoral.org\/caoeste\/wp-content\/uploads\/2026\/04\/Diseno-sin-titulo-7-e1777387837965.png","contentUrl":"https:\/\/transparenciaelectoral.org\/caoeste\/wp-content\/uploads\/2026\/04\/Diseno-sin-titulo-7-e1777387837965.png","width":591,"height":198,"caption":"CAOESTE"},"image":{"@id":"https:\/\/transparenciaelectoral.org\/caoeste\/#\/schema\/logo\/image\/"},"sameAs":["https:\/\/www.facebook.com\/Caoeste-Mexico-101156461660798\/","https:\/\/x.com\/CAOESTE_ONG","https:\/\/www.linkedin.com\/showcase\/caoeste\/","https:\/\/www.youtube.com\/watch?v=hp9DVXqvyEs"]},{"@type":"Person","@id":"https:\/\/transparenciaelectoral.org\/caoeste\/#\/schema\/person\/4e926c11792bb28fe9b3934c5738c492","name":"Nicole Vuarambon","image":{"@type":"ImageObject","inLanguage":"es","@id":"https:\/\/transparenciaelectoral.org\/caoeste\/#\/schema\/person\/image\/","url":"https:\/\/secure.gravatar.com\/avatar\/f3a51bf0ca3eec1938b7c0d18f577ccb6faa2aa7ceddd5da9014302c3fdbaf96?s=96&d=mm&r=g","contentUrl":"https:\/\/secure.gravatar.com\/avatar\/f3a51bf0ca3eec1938b7c0d18f577ccb6faa2aa7ceddd5da9014302c3fdbaf96?s=96&d=mm&r=g","caption":"Nicole Vuarambon"},"url":"https:\/\/transparenciaelectoral.org\/caoeste\/author\/nicolevuarambon\/"}]}},"_links":{"self":[{"href":"https:\/\/transparenciaelectoral.org\/caoeste\/wp-json\/wp\/v2\/posts\/5386","targetHints":{"allow":["GET"]}}],"collection":[{"href":"https:\/\/transparenciaelectoral.org\/caoeste\/wp-json\/wp\/v2\/posts"}],"about":[{"href":"https:\/\/transparenciaelectoral.org\/caoeste\/wp-json\/wp\/v2\/types\/post"}],"author":[{"embeddable":true,"href":"https:\/\/transparenciaelectoral.org\/caoeste\/wp-json\/wp\/v2\/users\/2"}],"replies":[{"embeddable":true,"href":"https:\/\/transparenciaelectoral.org\/caoeste\/wp-json\/wp\/v2\/comments?post=5386"}],"version-history":[{"count":1,"href":"https:\/\/transparenciaelectoral.org\/caoeste\/wp-json\/wp\/v2\/posts\/5386\/revisions"}],"predecessor-version":[{"id":9083,"href":"https:\/\/transparenciaelectoral.org\/caoeste\/wp-json\/wp\/v2\/posts\/5386\/revisions\/9083"}],"wp:featuredmedia":[{"embeddable":true,"href":"https:\/\/transparenciaelectoral.org\/caoeste\/wp-json\/wp\/v2\/media\/5387"}],"wp:attachment":[{"href":"https:\/\/transparenciaelectoral.org\/caoeste\/wp-json\/wp\/v2\/media?parent=5386"}],"wp:term":[{"taxonomy":"category","embeddable":true,"href":"https:\/\/transparenciaelectoral.org\/caoeste\/wp-json\/wp\/v2\/categories?post=5386"},{"taxonomy":"post_tag","embeddable":true,"href":"https:\/\/transparenciaelectoral.org\/caoeste\/wp-json\/wp\/v2\/tags?post=5386"}],"curies":[{"name":"wp","href":"https:\/\/api.w.org\/{rel}","templated":true}]}}