{"id":11455,"date":"2024-05-10T07:14:48","date_gmt":"2024-05-10T10:14:48","guid":{"rendered":"https:\/\/transparenciaelectoral.org\/caoeste\/?p=11455"},"modified":"2025-07-26T23:47:01","modified_gmt":"2025-07-27T02:47:01","slug":"juliana-bastos-y-leandro-querido-participan-en-webinar-sobre-el-50-aniversario-de-la-revolucion-de-los-claveles-y-su-impacto-en-america-latina","status":"publish","type":"post","link":"https:\/\/transparenciaelectoral.org\/caoeste\/juliana-bastos-y-leandro-querido-participan-en-webinar-sobre-el-50-aniversario-de-la-revolucion-de-los-claveles-y-su-impacto-en-america-latina\/","title":{"rendered":"Juliana Bastos y Leandro Querido participan en webinar sobre el 50\u00b0 Aniversario de la Revoluci\u00f3n de los Claveles y su impacto en Am\u00e9rica Latina"},"content":{"rendered":"<p>El mi\u00e9rcoles 8 de mayo, Transparencia Electoral celebr\u00f3 el webinar \u00ab50 Aniversario de la Revoluci\u00f3n de los Claveles y su impacto en la democracia en Am\u00e9rica Latina\u00bb con la participaci\u00f3n de <strong>Jos\u00e9 V\u00edtor Soreto de Barro<\/strong>, Juez Consejero de la Comisi\u00f3n Nacional Electoral de Portugal; <strong>Marcela R\u00edos Tobar<\/strong>, Directora para Am\u00e9rica Latina y el Caribe de IDEA Internacional; <strong>Rafael L\u00f3pez Pintor<\/strong>, Catedr\u00e1tico y asesor internacional en asuntos electorales; <strong>Leandro Querido<\/strong>, Secretario Ejecutivo y fundado de Transparencia Electoral, <strong>Richard Soudriette<\/strong>, Integrante del Consejo de Expertos de Transparencia Electoral y <strong>Juliana Bastos<\/strong>, Vicepresidenta para Brasil de la CAOESTE.<\/p>\n<p>Para comenzar con este evento, Jos\u00e9 V\u00edtor Soreto de Barro, se refiri\u00f3 a la actualidad de las elecciones de Portugal, al cumplirse 50 a\u00f1os de la Revoluci\u00f3n de los Claveles, un hito que ha marcado el inicio de la tercera ola democr\u00e1tica.<\/p>\n<p>En su exposici\u00f3n, Marcela R\u00edos Tobar analiza el impacto de la tercera ola democr\u00e1tica en nuestra regi\u00f3n. Asegur\u00f3 que \u00abla transici\u00f3n en Portugal tuvo un impacto pol\u00edtico, simb\u00f3lico e intelectual en la producci\u00f3n acad\u00e9mica\u00bb y que al d\u00eda de hoy, las democracias enfrentan nuevos desaf\u00edos ante el aumento de autoritarismos en la regi\u00f3n.<\/p>\n<p>En la celebraci\u00f3n de elecciones libres y transparentes hay un rol fundamental asignado a los organismos electorales, Rafael L\u00f3pez Pintor, sostuvo que es esencial que estos entes sean independientes del poder pol\u00edtico. Para ellos deben cumplir con tres factores: la forma en que se nombra a sus miembros, como se designa y gestiona el presupuesto, y el tipo de personal con el que cuenta.<\/p>\n<p>Para finalizar, el evento cont\u00f3 con unas palabras de cierre a cargo de Leandro Querido y Richard Soudriette. Querido analiz\u00f3 el panorama actual que se vive en la regi\u00f3n: \u00abse ha perdido a la izquierda y a la derecha democr\u00e1tica, se ha perdido al centro pol\u00edtico, estamos en un escenario polarizado y esto complica la gobernanza electoral\u00bb. Mientras que Soudriette celebr\u00f3 el impacto de la revoluci\u00f3n en el mundo: \u201cla revoluci\u00f3n de los claveles tuvo un impacto enorme no solo en Portugal, result\u00f3 una nueva etapa democr\u00e1tica, el desarrollo de un Estado de derecho, e instituciones democr\u00e1ticas fuertes\u201d.<\/p>\n<div class=\"ast-oembed-container \" style=\"height: 100%;\"><iframe title=\"50 Aniversario de la Revoluci\u00f3n de los Claveles y su impacto en la democracia en Am\u00e9rica Latina\" width=\"500\" height=\"281\" src=\"https:\/\/www.youtube.com\/embed\/-V4jERJgYZI?feature=oembed\" frameborder=\"0\" allow=\"accelerometer; autoplay; clipboard-write; encrypted-media; gyroscope; picture-in-picture; web-share\" referrerpolicy=\"strict-origin-when-cross-origin\" allowfullscreen><\/iframe><\/div>\n","protected":false},"excerpt":{"rendered":"<p>El mi\u00e9rcoles 8 de mayo, Transparencia Electoral celebr\u00f3 el webinar \u00ab50 Aniversario de la Revoluci\u00f3n de los Claveles y su impacto en la democracia en Am\u00e9rica Latina\u00bb con la participaci\u00f3n de Jos\u00e9 V\u00edtor Soreto de Barro, Juez Consejero de la Comisi\u00f3n Nacional Electoral de Portugal; Marcela R\u00edos Tobar, Directora para Am\u00e9rica Latina y el Caribe [&hellip;]<\/p>\n","protected":false},"author":1,"featured_media":11456,"comment_status":"closed","ping_status":"open","sticky":false,"template":"","format":"standard","meta":{"site-sidebar-layout":"default","site-content-layout":"","ast-site-content-layout":"default","site-content-style":"default","site-sidebar-style":"default","ast-global-header-display":"","ast-banner-title-visibility":"","ast-main-header-display":"","ast-hfb-above-header-display":"","ast-hfb-below-header-display":"","ast-hfb-mobile-header-display":"","site-post-title":"","ast-breadcrumbs-content":"","ast-featured-img":"","footer-sml-layout":"","ast-disable-related-posts":"","theme-transparent-header-meta":"","adv-header-id-meta":"","stick-header-meta":"","header-above-stick-meta":"","header-main-stick-meta":"","header-below-stick-meta":"","astra-migrate-meta-layouts":"default","ast-page-background-enabled":"default","ast-page-background-meta":{"desktop":{"background-color":"","background-image":"","background-repeat":"repeat","background-position":"center center","background-size":"auto","background-attachment":"scroll","background-type":"","background-media":"","overlay-type":"","overlay-color":"","overlay-opacity":"","overlay-gradient":""},"tablet":{"background-color":"","background-image":"","background-repeat":"repeat","background-position":"center center","background-size":"auto","background-attachment":"scroll","background-type":"","background-media":"","overlay-type":"","overlay-color":"","overlay-opacity":"","overlay-gradient":""},"mobile":{"background-color":"","background-image":"","background-repeat":"repeat","background-position":"center center","background-size":"auto","background-attachment":"scroll","background-type":"","background-media":"","overlay-type":"","overlay-color":"","overlay-opacity":"","overlay-gradient":""}},"ast-content-background-meta":{"desktop":{"background-color":"var(--ast-global-color-5)","background-image":"","background-repeat":"repeat","background-position":"center center","background-size":"auto","background-attachment":"scroll","background-type":"","background-media":"","overlay-type":"","overlay-color":"","overlay-opacity":"","overlay-gradient":""},"tablet":{"background-color":"var(--ast-global-color-5)","background-image":"","background-repeat":"repeat","background-position":"center center","background-size":"auto","background-attachment":"scroll","background-type":"","background-media":"","overlay-type":"","overlay-color":"","overlay-opacity":"","overlay-gradient":""},"mobile":{"background-color":"var(--ast-global-color-5)","background-image":"","background-repeat":"repeat","background-position":"center center","background-size":"auto","background-attachment":"scroll","background-type":"","background-media":"","overlay-type":"","overlay-color":"","overlay-opacity":"","overlay-gradient":""}},"_themeisle_gutenberg_block_has_review":false,"footnotes":""},"categories":[4],"tags":[],"class_list":["post-11455","post","type-post","status-publish","format-standard","has-post-thumbnail","hentry","category-noticias-"],"yoast_head":"<!-- This site is optimized with the Yoast SEO plugin v26.0 - https:\/\/yoast.com\/wordpress\/plugins\/seo\/ -->\n<title>Juliana Bastos y Leandro Querido participan en webinar sobre el 50\u00b0 Aniversario de la Revoluci\u00f3n de los Claveles y su impacto en Am\u00e9rica Latina - CAOESTE<\/title>\n<meta name=\"robots\" content=\"index, follow, max-snippet:-1, max-image-preview:large, max-video-preview:-1\" \/>\n<link rel=\"canonical\" href=\"https:\/\/transparenciaelectoral.org\/caoeste\/juliana-bastos-y-leandro-querido-participan-en-webinar-sobre-el-50-aniversario-de-la-revolucion-de-los-claveles-y-su-impacto-en-america-latina\/\" \/>\n<meta property=\"og:locale\" content=\"es_ES\" \/>\n<meta property=\"og:type\" content=\"article\" \/>\n<meta property=\"og:title\" content=\"Juliana Bastos y Leandro Querido participan en webinar sobre el 50\u00b0 Aniversario de la Revoluci\u00f3n de los Claveles y su impacto en Am\u00e9rica Latina - CAOESTE\" \/>\n<meta property=\"og:description\" content=\"El mi\u00e9rcoles 8 de mayo, Transparencia Electoral celebr\u00f3 el webinar \u00ab50 Aniversario de la Revoluci\u00f3n de los Claveles y su impacto en la democracia en Am\u00e9rica Latina\u00bb con la participaci\u00f3n de Jos\u00e9 V\u00edtor Soreto de Barro, Juez Consejero de la Comisi\u00f3n Nacional Electoral de Portugal; Marcela R\u00edos Tobar, Directora para Am\u00e9rica Latina y el Caribe [&hellip;]\" \/>\n<meta property=\"og:url\" content=\"https:\/\/transparenciaelectoral.org\/caoeste\/juliana-bastos-y-leandro-querido-participan-en-webinar-sobre-el-50-aniversario-de-la-revolucion-de-los-claveles-y-su-impacto-en-america-latina\/\" \/>\n<meta property=\"og:site_name\" content=\"CAOESTE\" \/>\n<meta property=\"article:publisher\" content=\"https:\/\/www.facebook.com\/Caoeste-Mexico-101156461660798\/\" \/>\n<meta property=\"article:published_time\" content=\"2024-05-10T10:14:48+00:00\" \/>\n<meta property=\"article:modified_time\" content=\"2025-07-27T02:47:01+00:00\" \/>\n<meta property=\"og:image\" content=\"https:\/\/transparenciaelectoral.org\/caoeste\/wp-content\/uploads\/2024\/12\/webinar-TE-8-de-mayo.jpeg\" \/>\n\t<meta property=\"og:image:width\" content=\"1189\" \/>\n\t<meta property=\"og:image:height\" content=\"668\" \/>\n\t<meta property=\"og:image:type\" content=\"image\/jpeg\" \/>\n<meta name=\"author\" content=\"webmasteradmin\" \/>\n<meta name=\"twitter:card\" content=\"summary_large_image\" \/>\n<meta name=\"twitter:creator\" content=\"@CAOESTE_ONG\" \/>\n<meta name=\"twitter:site\" content=\"@CAOESTE_ONG\" \/>\n<meta name=\"twitter:label1\" content=\"Escrito por\" \/>\n\t<meta name=\"twitter:data1\" content=\"webmasteradmin\" \/>\n\t<meta name=\"twitter:label2\" content=\"Tiempo de lectura\" \/>\n\t<meta name=\"twitter:data2\" content=\"2 minutos\" \/>\n<script type=\"application\/ld+json\" class=\"yoast-schema-graph\">{\"@context\":\"https:\/\/schema.org\",\"@graph\":[{\"@type\":\"Article\",\"@id\":\"https:\/\/transparenciaelectoral.org\/caoeste\/juliana-bastos-y-leandro-querido-participan-en-webinar-sobre-el-50-aniversario-de-la-revolucion-de-los-claveles-y-su-impacto-en-america-latina\/#article\",\"isPartOf\":{\"@id\":\"https:\/\/transparenciaelectoral.org\/caoeste\/juliana-bastos-y-leandro-querido-participan-en-webinar-sobre-el-50-aniversario-de-la-revolucion-de-los-claveles-y-su-impacto-en-america-latina\/\"},\"author\":{\"name\":\"webmasteradmin\",\"@id\":\"https:\/\/transparenciaelectoral.org\/caoeste\/#\/schema\/person\/333f9723decc685673405097840867a1\"},\"headline\":\"Juliana Bastos y Leandro Querido participan en webinar sobre el 50\u00b0 Aniversario de la Revoluci\u00f3n de los Claveles y su impacto en Am\u00e9rica Latina\",\"datePublished\":\"2024-05-10T10:14:48+00:00\",\"dateModified\":\"2025-07-27T02:47:01+00:00\",\"mainEntityOfPage\":{\"@id\":\"https:\/\/transparenciaelectoral.org\/caoeste\/juliana-bastos-y-leandro-querido-participan-en-webinar-sobre-el-50-aniversario-de-la-revolucion-de-los-claveles-y-su-impacto-en-america-latina\/\"},\"wordCount\":418,\"publisher\":{\"@id\":\"https:\/\/transparenciaelectoral.org\/caoeste\/#organization\"},\"image\":{\"@id\":\"https:\/\/transparenciaelectoral.org\/caoeste\/juliana-bastos-y-leandro-querido-participan-en-webinar-sobre-el-50-aniversario-de-la-revolucion-de-los-claveles-y-su-impacto-en-america-latina\/#primaryimage\"},\"thumbnailUrl\":\"https:\/\/transparenciaelectoral.org\/caoeste\/wp-content\/uploads\/2024\/12\/webinar-TE-8-de-mayo.jpeg\",\"articleSection\":[\"- Noticias \ud83c\uddea\ud83c\uddf8\"],\"inLanguage\":\"es\"},{\"@type\":\"WebPage\",\"@id\":\"https:\/\/transparenciaelectoral.org\/caoeste\/juliana-bastos-y-leandro-querido-participan-en-webinar-sobre-el-50-aniversario-de-la-revolucion-de-los-claveles-y-su-impacto-en-america-latina\/\",\"url\":\"https:\/\/transparenciaelectoral.org\/caoeste\/juliana-bastos-y-leandro-querido-participan-en-webinar-sobre-el-50-aniversario-de-la-revolucion-de-los-claveles-y-su-impacto-en-america-latina\/\",\"name\":\"Juliana Bastos y Leandro Querido participan en webinar sobre el 50\u00b0 Aniversario de la Revoluci\u00f3n de los Claveles y su impacto en Am\u00e9rica Latina - CAOESTE\",\"isPartOf\":{\"@id\":\"https:\/\/transparenciaelectoral.org\/caoeste\/#website\"},\"primaryImageOfPage\":{\"@id\":\"https:\/\/transparenciaelectoral.org\/caoeste\/juliana-bastos-y-leandro-querido-participan-en-webinar-sobre-el-50-aniversario-de-la-revolucion-de-los-claveles-y-su-impacto-en-america-latina\/#primaryimage\"},\"image\":{\"@id\":\"https:\/\/transparenciaelectoral.org\/caoeste\/juliana-bastos-y-leandro-querido-participan-en-webinar-sobre-el-50-aniversario-de-la-revolucion-de-los-claveles-y-su-impacto-en-america-latina\/#primaryimage\"},\"thumbnailUrl\":\"https:\/\/transparenciaelectoral.org\/caoeste\/wp-content\/uploads\/2024\/12\/webinar-TE-8-de-mayo.jpeg\",\"datePublished\":\"2024-05-10T10:14:48+00:00\",\"dateModified\":\"2025-07-27T02:47:01+00:00\",\"breadcrumb\":{\"@id\":\"https:\/\/transparenciaelectoral.org\/caoeste\/juliana-bastos-y-leandro-querido-participan-en-webinar-sobre-el-50-aniversario-de-la-revolucion-de-los-claveles-y-su-impacto-en-america-latina\/#breadcrumb\"},\"inLanguage\":\"es\",\"potentialAction\":[{\"@type\":\"ReadAction\",\"target\":[\"https:\/\/transparenciaelectoral.org\/caoeste\/juliana-bastos-y-leandro-querido-participan-en-webinar-sobre-el-50-aniversario-de-la-revolucion-de-los-claveles-y-su-impacto-en-america-latina\/\"]}]},{\"@type\":\"ImageObject\",\"inLanguage\":\"es\",\"@id\":\"https:\/\/transparenciaelectoral.org\/caoeste\/juliana-bastos-y-leandro-querido-participan-en-webinar-sobre-el-50-aniversario-de-la-revolucion-de-los-claveles-y-su-impacto-en-america-latina\/#primaryimage\",\"url\":\"https:\/\/transparenciaelectoral.org\/caoeste\/wp-content\/uploads\/2024\/12\/webinar-TE-8-de-mayo.jpeg\",\"contentUrl\":\"https:\/\/transparenciaelectoral.org\/caoeste\/wp-content\/uploads\/2024\/12\/webinar-TE-8-de-mayo.jpeg\",\"width\":1189,\"height\":668},{\"@type\":\"BreadcrumbList\",\"@id\":\"https:\/\/transparenciaelectoral.org\/caoeste\/juliana-bastos-y-leandro-querido-participan-en-webinar-sobre-el-50-aniversario-de-la-revolucion-de-los-claveles-y-su-impacto-en-america-latina\/#breadcrumb\",\"itemListElement\":[{\"@type\":\"ListItem\",\"position\":1,\"name\":\"Portada\",\"item\":\"https:\/\/transparenciaelectoral.org\/caoeste\/\"},{\"@type\":\"ListItem\",\"position\":2,\"name\":\"Juliana Bastos y Leandro Querido participan en webinar sobre el 50\u00b0 Aniversario de la Revoluci\u00f3n de los Claveles y su impacto en Am\u00e9rica Latina\"}]},{\"@type\":\"WebSite\",\"@id\":\"https:\/\/transparenciaelectoral.org\/caoeste\/#website\",\"url\":\"https:\/\/transparenciaelectoral.org\/caoeste\/\",\"name\":\"CAOESTE\",\"description\":\"Conferencia Americana de Organismos Electorales Subnacionales\",\"publisher\":{\"@id\":\"https:\/\/transparenciaelectoral.org\/caoeste\/#organization\"},\"potentialAction\":[{\"@type\":\"SearchAction\",\"target\":{\"@type\":\"EntryPoint\",\"urlTemplate\":\"https:\/\/transparenciaelectoral.org\/caoeste\/?s={search_term_string}\"},\"query-input\":{\"@type\":\"PropertyValueSpecification\",\"valueRequired\":true,\"valueName\":\"search_term_string\"}}],\"inLanguage\":\"es\"},{\"@type\":\"Organization\",\"@id\":\"https:\/\/transparenciaelectoral.org\/caoeste\/#organization\",\"name\":\"CAOESTE\",\"url\":\"https:\/\/transparenciaelectoral.org\/caoeste\/\",\"logo\":{\"@type\":\"ImageObject\",\"inLanguage\":\"es\",\"@id\":\"https:\/\/transparenciaelectoral.org\/caoeste\/#\/schema\/logo\/image\/\",\"url\":\"https:\/\/transparenciaelectoral.org\/caoeste\/wp-content\/uploads\/2026\/04\/Diseno-sin-titulo-7-e1777387837965.png\",\"contentUrl\":\"https:\/\/transparenciaelectoral.org\/caoeste\/wp-content\/uploads\/2026\/04\/Diseno-sin-titulo-7-e1777387837965.png\",\"width\":591,\"height\":198,\"caption\":\"CAOESTE\"},\"image\":{\"@id\":\"https:\/\/transparenciaelectoral.org\/caoeste\/#\/schema\/logo\/image\/\"},\"sameAs\":[\"https:\/\/www.facebook.com\/Caoeste-Mexico-101156461660798\/\",\"https:\/\/x.com\/CAOESTE_ONG\",\"https:\/\/www.linkedin.com\/showcase\/caoeste\/\",\"https:\/\/www.youtube.com\/watch?v=hp9DVXqvyEs\"]},{\"@type\":\"Person\",\"@id\":\"https:\/\/transparenciaelectoral.org\/caoeste\/#\/schema\/person\/333f9723decc685673405097840867a1\",\"name\":\"webmasteradmin\",\"image\":{\"@type\":\"ImageObject\",\"inLanguage\":\"es\",\"@id\":\"https:\/\/transparenciaelectoral.org\/caoeste\/#\/schema\/person\/image\/\",\"url\":\"https:\/\/secure.gravatar.com\/avatar\/1c300b8f55663912634f3d4958ca2eebe38efe9a9453ad10089cf673128a520b?s=96&d=mm&r=g\",\"contentUrl\":\"https:\/\/secure.gravatar.com\/avatar\/1c300b8f55663912634f3d4958ca2eebe38efe9a9453ad10089cf673128a520b?s=96&d=mm&r=g\",\"caption\":\"webmasteradmin\"},\"url\":\"https:\/\/transparenciaelectoral.org\/caoeste\/author\/webmasteradmin\/\"}]}<\/script>\n<!-- \/ Yoast SEO plugin. -->","yoast_head_json":{"title":"Juliana Bastos y Leandro Querido participan en webinar sobre el 50\u00b0 Aniversario de la Revoluci\u00f3n de los Claveles y su impacto en Am\u00e9rica Latina - CAOESTE","robots":{"index":"index","follow":"follow","max-snippet":"max-snippet:-1","max-image-preview":"max-image-preview:large","max-video-preview":"max-video-preview:-1"},"canonical":"https:\/\/transparenciaelectoral.org\/caoeste\/juliana-bastos-y-leandro-querido-participan-en-webinar-sobre-el-50-aniversario-de-la-revolucion-de-los-claveles-y-su-impacto-en-america-latina\/","og_locale":"es_ES","og_type":"article","og_title":"Juliana Bastos y Leandro Querido participan en webinar sobre el 50\u00b0 Aniversario de la Revoluci\u00f3n de los Claveles y su impacto en Am\u00e9rica Latina - CAOESTE","og_description":"El mi\u00e9rcoles 8 de mayo, Transparencia Electoral celebr\u00f3 el webinar \u00ab50 Aniversario de la Revoluci\u00f3n de los Claveles y su impacto en la democracia en Am\u00e9rica Latina\u00bb con la participaci\u00f3n de Jos\u00e9 V\u00edtor Soreto de Barro, Juez Consejero de la Comisi\u00f3n Nacional Electoral de Portugal; Marcela R\u00edos Tobar, Directora para Am\u00e9rica Latina y el Caribe [&hellip;]","og_url":"https:\/\/transparenciaelectoral.org\/caoeste\/juliana-bastos-y-leandro-querido-participan-en-webinar-sobre-el-50-aniversario-de-la-revolucion-de-los-claveles-y-su-impacto-en-america-latina\/","og_site_name":"CAOESTE","article_publisher":"https:\/\/www.facebook.com\/Caoeste-Mexico-101156461660798\/","article_published_time":"2024-05-10T10:14:48+00:00","article_modified_time":"2025-07-27T02:47:01+00:00","og_image":[{"width":1189,"height":668,"url":"https:\/\/transparenciaelectoral.org\/caoeste\/wp-content\/uploads\/2024\/12\/webinar-TE-8-de-mayo.jpeg","type":"image\/jpeg"}],"author":"webmasteradmin","twitter_card":"summary_large_image","twitter_creator":"@CAOESTE_ONG","twitter_site":"@CAOESTE_ONG","twitter_misc":{"Escrito por":"webmasteradmin","Tiempo de lectura":"2 minutos"},"schema":{"@context":"https:\/\/schema.org","@graph":[{"@type":"Article","@id":"https:\/\/transparenciaelectoral.org\/caoeste\/juliana-bastos-y-leandro-querido-participan-en-webinar-sobre-el-50-aniversario-de-la-revolucion-de-los-claveles-y-su-impacto-en-america-latina\/#article","isPartOf":{"@id":"https:\/\/transparenciaelectoral.org\/caoeste\/juliana-bastos-y-leandro-querido-participan-en-webinar-sobre-el-50-aniversario-de-la-revolucion-de-los-claveles-y-su-impacto-en-america-latina\/"},"author":{"name":"webmasteradmin","@id":"https:\/\/transparenciaelectoral.org\/caoeste\/#\/schema\/person\/333f9723decc685673405097840867a1"},"headline":"Juliana Bastos y Leandro Querido participan en webinar sobre el 50\u00b0 Aniversario de la Revoluci\u00f3n de los Claveles y su impacto en Am\u00e9rica Latina","datePublished":"2024-05-10T10:14:48+00:00","dateModified":"2025-07-27T02:47:01+00:00","mainEntityOfPage":{"@id":"https:\/\/transparenciaelectoral.org\/caoeste\/juliana-bastos-y-leandro-querido-participan-en-webinar-sobre-el-50-aniversario-de-la-revolucion-de-los-claveles-y-su-impacto-en-america-latina\/"},"wordCount":418,"publisher":{"@id":"https:\/\/transparenciaelectoral.org\/caoeste\/#organization"},"image":{"@id":"https:\/\/transparenciaelectoral.org\/caoeste\/juliana-bastos-y-leandro-querido-participan-en-webinar-sobre-el-50-aniversario-de-la-revolucion-de-los-claveles-y-su-impacto-en-america-latina\/#primaryimage"},"thumbnailUrl":"https:\/\/transparenciaelectoral.org\/caoeste\/wp-content\/uploads\/2024\/12\/webinar-TE-8-de-mayo.jpeg","articleSection":["- Noticias \ud83c\uddea\ud83c\uddf8"],"inLanguage":"es"},{"@type":"WebPage","@id":"https:\/\/transparenciaelectoral.org\/caoeste\/juliana-bastos-y-leandro-querido-participan-en-webinar-sobre-el-50-aniversario-de-la-revolucion-de-los-claveles-y-su-impacto-en-america-latina\/","url":"https:\/\/transparenciaelectoral.org\/caoeste\/juliana-bastos-y-leandro-querido-participan-en-webinar-sobre-el-50-aniversario-de-la-revolucion-de-los-claveles-y-su-impacto-en-america-latina\/","name":"Juliana Bastos y Leandro Querido participan en webinar sobre el 50\u00b0 Aniversario de la Revoluci\u00f3n de los Claveles y su impacto en Am\u00e9rica Latina - CAOESTE","isPartOf":{"@id":"https:\/\/transparenciaelectoral.org\/caoeste\/#website"},"primaryImageOfPage":{"@id":"https:\/\/transparenciaelectoral.org\/caoeste\/juliana-bastos-y-leandro-querido-participan-en-webinar-sobre-el-50-aniversario-de-la-revolucion-de-los-claveles-y-su-impacto-en-america-latina\/#primaryimage"},"image":{"@id":"https:\/\/transparenciaelectoral.org\/caoeste\/juliana-bastos-y-leandro-querido-participan-en-webinar-sobre-el-50-aniversario-de-la-revolucion-de-los-claveles-y-su-impacto-en-america-latina\/#primaryimage"},"thumbnailUrl":"https:\/\/transparenciaelectoral.org\/caoeste\/wp-content\/uploads\/2024\/12\/webinar-TE-8-de-mayo.jpeg","datePublished":"2024-05-10T10:14:48+00:00","dateModified":"2025-07-27T02:47:01+00:00","breadcrumb":{"@id":"https:\/\/transparenciaelectoral.org\/caoeste\/juliana-bastos-y-leandro-querido-participan-en-webinar-sobre-el-50-aniversario-de-la-revolucion-de-los-claveles-y-su-impacto-en-america-latina\/#breadcrumb"},"inLanguage":"es","potentialAction":[{"@type":"ReadAction","target":["https:\/\/transparenciaelectoral.org\/caoeste\/juliana-bastos-y-leandro-querido-participan-en-webinar-sobre-el-50-aniversario-de-la-revolucion-de-los-claveles-y-su-impacto-en-america-latina\/"]}]},{"@type":"ImageObject","inLanguage":"es","@id":"https:\/\/transparenciaelectoral.org\/caoeste\/juliana-bastos-y-leandro-querido-participan-en-webinar-sobre-el-50-aniversario-de-la-revolucion-de-los-claveles-y-su-impacto-en-america-latina\/#primaryimage","url":"https:\/\/transparenciaelectoral.org\/caoeste\/wp-content\/uploads\/2024\/12\/webinar-TE-8-de-mayo.jpeg","contentUrl":"https:\/\/transparenciaelectoral.org\/caoeste\/wp-content\/uploads\/2024\/12\/webinar-TE-8-de-mayo.jpeg","width":1189,"height":668},{"@type":"BreadcrumbList","@id":"https:\/\/transparenciaelectoral.org\/caoeste\/juliana-bastos-y-leandro-querido-participan-en-webinar-sobre-el-50-aniversario-de-la-revolucion-de-los-claveles-y-su-impacto-en-america-latina\/#breadcrumb","itemListElement":[{"@type":"ListItem","position":1,"name":"Portada","item":"https:\/\/transparenciaelectoral.org\/caoeste\/"},{"@type":"ListItem","position":2,"name":"Juliana Bastos y Leandro Querido participan en webinar sobre el 50\u00b0 Aniversario de la Revoluci\u00f3n de los Claveles y su impacto en Am\u00e9rica Latina"}]},{"@type":"WebSite","@id":"https:\/\/transparenciaelectoral.org\/caoeste\/#website","url":"https:\/\/transparenciaelectoral.org\/caoeste\/","name":"CAOESTE","description":"Conferencia Americana de Organismos Electorales Subnacionales","publisher":{"@id":"https:\/\/transparenciaelectoral.org\/caoeste\/#organization"},"potentialAction":[{"@type":"SearchAction","target":{"@type":"EntryPoint","urlTemplate":"https:\/\/transparenciaelectoral.org\/caoeste\/?s={search_term_string}"},"query-input":{"@type":"PropertyValueSpecification","valueRequired":true,"valueName":"search_term_string"}}],"inLanguage":"es"},{"@type":"Organization","@id":"https:\/\/transparenciaelectoral.org\/caoeste\/#organization","name":"CAOESTE","url":"https:\/\/transparenciaelectoral.org\/caoeste\/","logo":{"@type":"ImageObject","inLanguage":"es","@id":"https:\/\/transparenciaelectoral.org\/caoeste\/#\/schema\/logo\/image\/","url":"https:\/\/transparenciaelectoral.org\/caoeste\/wp-content\/uploads\/2026\/04\/Diseno-sin-titulo-7-e1777387837965.png","contentUrl":"https:\/\/transparenciaelectoral.org\/caoeste\/wp-content\/uploads\/2026\/04\/Diseno-sin-titulo-7-e1777387837965.png","width":591,"height":198,"caption":"CAOESTE"},"image":{"@id":"https:\/\/transparenciaelectoral.org\/caoeste\/#\/schema\/logo\/image\/"},"sameAs":["https:\/\/www.facebook.com\/Caoeste-Mexico-101156461660798\/","https:\/\/x.com\/CAOESTE_ONG","https:\/\/www.linkedin.com\/showcase\/caoeste\/","https:\/\/www.youtube.com\/watch?v=hp9DVXqvyEs"]},{"@type":"Person","@id":"https:\/\/transparenciaelectoral.org\/caoeste\/#\/schema\/person\/333f9723decc685673405097840867a1","name":"webmasteradmin","image":{"@type":"ImageObject","inLanguage":"es","@id":"https:\/\/transparenciaelectoral.org\/caoeste\/#\/schema\/person\/image\/","url":"https:\/\/secure.gravatar.com\/avatar\/1c300b8f55663912634f3d4958ca2eebe38efe9a9453ad10089cf673128a520b?s=96&d=mm&r=g","contentUrl":"https:\/\/secure.gravatar.com\/avatar\/1c300b8f55663912634f3d4958ca2eebe38efe9a9453ad10089cf673128a520b?s=96&d=mm&r=g","caption":"webmasteradmin"},"url":"https:\/\/transparenciaelectoral.org\/caoeste\/author\/webmasteradmin\/"}]}},"_links":{"self":[{"href":"https:\/\/transparenciaelectoral.org\/caoeste\/wp-json\/wp\/v2\/posts\/11455","targetHints":{"allow":["GET"]}}],"collection":[{"href":"https:\/\/transparenciaelectoral.org\/caoeste\/wp-json\/wp\/v2\/posts"}],"about":[{"href":"https:\/\/transparenciaelectoral.org\/caoeste\/wp-json\/wp\/v2\/types\/post"}],"author":[{"embeddable":true,"href":"https:\/\/transparenciaelectoral.org\/caoeste\/wp-json\/wp\/v2\/users\/1"}],"replies":[{"embeddable":true,"href":"https:\/\/transparenciaelectoral.org\/caoeste\/wp-json\/wp\/v2\/comments?post=11455"}],"version-history":[{"count":1,"href":"https:\/\/transparenciaelectoral.org\/caoeste\/wp-json\/wp\/v2\/posts\/11455\/revisions"}],"predecessor-version":[{"id":11457,"href":"https:\/\/transparenciaelectoral.org\/caoeste\/wp-json\/wp\/v2\/posts\/11455\/revisions\/11457"}],"wp:featuredmedia":[{"embeddable":true,"href":"https:\/\/transparenciaelectoral.org\/caoeste\/wp-json\/wp\/v2\/media\/11456"}],"wp:attachment":[{"href":"https:\/\/transparenciaelectoral.org\/caoeste\/wp-json\/wp\/v2\/media?parent=11455"}],"wp:term":[{"taxonomy":"category","embeddable":true,"href":"https:\/\/transparenciaelectoral.org\/caoeste\/wp-json\/wp\/v2\/categories?post=11455"},{"taxonomy":"post_tag","embeddable":true,"href":"https:\/\/transparenciaelectoral.org\/caoeste\/wp-json\/wp\/v2\/tags?post=11455"}],"curies":[{"name":"wp","href":"https:\/\/api.w.org\/{rel}","templated":true}]}}