{"id":10217,"date":"2023-05-12T19:09:42","date_gmt":"2023-05-12T22:09:42","guid":{"rendered":"https:\/\/transparenciaelectoral.org\/caoeste\/?p=10217"},"modified":"2025-07-26T23:47:04","modified_gmt":"2025-07-27T02:47:04","slug":"elecciones-en-la-pampa-como-se-llevaran-a-cabo","status":"publish","type":"post","link":"https:\/\/transparenciaelectoral.org\/caoeste\/elecciones-en-la-pampa-como-se-llevaran-a-cabo\/","title":{"rendered":"Elecciones en La Pampa: \u00bfC\u00f3mo se llevar\u00e1n a cabo?"},"content":{"rendered":"<p><strong>Las elecciones en La Pampa 2023 que se llevar\u00e1n a cabo este domingo 14 de mayo son parte de un \u00absuper domingo\u00bb electoral,<\/strong> en el que tambi\u00e9n habr\u00e1 comicios en otras cuatro provincias: Salta, San Juan, y Tierra del Fuego. Estas elecciones se desdoblan de las nacionales, que tendr\u00e1n lugar en agosto (PASO) y octubre (generales).<\/p>\n<p><strong>La Pampa es la \u00fanica provincia donde ya hubo elecciones primarias, las cuales se realizaron el 12 de febrero<\/strong>, siguiendo un modelo distinto a las PASO, ya que el voto es optativo y solo pueden votar los electores afiliados a los partidos que participaran y los ciudadanos independientes, pero queda prohibida la participaci\u00f3n\u00a0 de los\u00a0 electores que sean afiliados a partidos que no se presentan a las elecciones internas.<\/p>\n<p><strong>\u00bfQu\u00e9 se vota en las elecciones en La Pampa 2023?<\/strong><\/p>\n<p>En las elecciones en La Pampa 2023 se elegir\u00e1n las siguientes autoridades:<\/p>\n<p>&#8211; <strong>Gobernador y vicegobernador:<\/strong> son los cargos ejecutivos m\u00e1s importantes de la provincia y se eligen por voto directo y mayoritario. El mandato es de cuatro a\u00f1os y se puede reelegir una sola vez consecutiva.<\/p>\n<p>&#8211; <strong>Diputados provinciales:<\/strong> son los representantes del pueblo pampeano en la legislatura provincial y se eligen por voto directo y proporcional. Se renuevan los 30 esca\u00f1os de la C\u00e1mara de Diputados, que tiene un total de 40 miembros. El mandato es de cuatro a\u00f1os y se puede reelegir indefinidamente.<\/p>\n<p>&#8211; <strong>Jueces de paz: <\/strong>son los encargados de resolver conflictos menores entre vecinos y de realizar actos notariales. Se eligen por voto directo y mayoritario en cada una de las 65 localidades de la provincia. El mandato es de cuatro a\u00f1os y se puede reelegir una sola vez consecutiva.<\/p>\n<p><strong>\u00a0<\/strong><strong>\u00bfQui\u00e9nes son los candidatos a gobernador y vicegobernador?<\/strong><\/p>\n<p><img fetchpriority=\"high\" fetchpriority=\"high\" decoding=\"async\" class=\"alignnone wp-image-10218 size-full\" src=\"https:\/\/transparenciaelectoral.org\/caoeste\/wp-content\/uploads\/2023\/05\/candi.jpg\" alt=\"\" width=\"1013\" height=\"754\" srcset=\"https:\/\/transparenciaelectoral.org\/caoeste\/wp-content\/uploads\/2023\/05\/candi.jpg 1013w, https:\/\/transparenciaelectoral.org\/caoeste\/wp-content\/uploads\/2023\/05\/candi-980x729.jpg 980w, https:\/\/transparenciaelectoral.org\/caoeste\/wp-content\/uploads\/2023\/05\/candi-480x357.jpg 480w\" sizes=\"(min-width: 0px) and (max-width: 480px) 480px, (min-width: 481px) and (max-width: 980px) 980px, (min-width: 981px) 1013px, 100vw\" \/><\/p>\n<p>Para las elecciones en La Pampa 2023 se presentaron seis f\u00f3rmulas para competir por la gobernaci\u00f3n, seg\u00fan lo aprobado por el Tribunal Electoral provincial. Estas son:<\/p>\n<ul>\n<li><strong>Frente Justicialista Pampeano (FreJuPa):<\/strong> encabezado por el actual gobernador Sergio Ziliotto, que busca la reelecci\u00f3n, y la diputada Alicia Mayoral como vice. Es el espacio oficialista que representa al peronismo local y al Frente de Todos a nivel nacional.<\/li>\n<li><strong>Juntos por el Cambio<\/strong>: liderado por el diputado nacional Mart\u00edn Berhongaray, que gan\u00f3 la interna en las PASO de febrero, y la abogada Patricia Testa como vice. Es la principal fuerza opositora que agrupa al radicalismo, al PRO y a otros partidos afines.<\/li>\n<li><strong>Comunidad Organizada<\/strong>: encabezado por el exministro Juan Carlos Tierno y la abogada Viviana Winsches como vice. Es un partido provincial que se presenta como una alternativa al bipartidismo.<\/li>\n<li><strong>Movimiento Federalista Pampeano (Mofepa)<\/strong>: compuesto por el empresario H\u00e9ctor Fazzini y la contadora Sonia Wisner como vice. Es un partido provincial que propone una mayor autonom\u00eda para La Pampa frente al gobierno nacional.<\/li>\n<li><strong>Frente de Izquierda y de los Trabajadores-Unidad (FIT-U)<\/strong>: integrado por el docente Luciano Gonz\u00e1lez Cabiati y la estudiante Sof\u00eda Fern\u00e1ndez como vice. Es la alianza de izquierda que re\u00fane al Partido Obrero, al Partido de los Trabajadores Socialistas y a Izquierda Socialista.<\/li>\n<li><strong>Partido Desde El Pie<\/strong>: conformado por el dirigente social Claudio Acosta y la docente Mar\u00eda Laura Gonz\u00e1lez como vice. Es un partido nuevo que se define como progresista, popular y feminista.<\/li>\n<\/ul>\n<p><img decoding=\"async\" class=\"alignnone wp-image-10219 size-full\" src=\"https:\/\/transparenciaelectoral.org\/caoeste\/wp-content\/uploads\/2023\/05\/elecc-1.jpg\" alt=\"\" width=\"965\" height=\"542\" srcset=\"https:\/\/transparenciaelectoral.org\/caoeste\/wp-content\/uploads\/2023\/05\/elecc-1.jpg 965w, https:\/\/transparenciaelectoral.org\/caoeste\/wp-content\/uploads\/2023\/05\/elecc-1-480x270.jpg 480w\" sizes=\"(min-width: 0px) and (max-width: 480px) 480px, (min-width: 481px) 965px, 100vw\" \/><\/p>\n<p>&nbsp;<\/p>\n<p>Seg\u00fan la consultora CB, la cual realiz\u00f3 un trabajo de opini\u00f3n p\u00fablica en La Pampa, dio a conocer los resultados, que ubican al actual gobernador Sergio Ziliotto, junto al Frente Justicialista Pampeano (FreJuPa), con el mayor porcentaje de intenci\u00f3n de votos en territorio pampeano con un 49,3%. Le sigue el candidato de Juntos por el Cambio, Martin Berhongaray, con el 27,6% de la intenci\u00f3n de votos.<\/p>\n<p><strong>Integridad electoral de La Pampa<\/strong><\/p>\n<p>Seg\u00fan el<u><a href=\"https:\/\/transparenciaelectoral.org\/tableau\/mapa-de-integridad-electoral-argentina-2021\/\"> Mapa de <\/a><a href=\"https:\/\/transparenciaelectoral.org\/tableau\/mapa-de-integridad-electoral-argentina-2021\/\">Integridad<\/a><a href=\"https:\/\/transparenciaelectoral.org\/tableau\/mapa-de-integridad-electoral-argentina-2021\/\"> Electoral<\/a><\/u>, un estudio realizado por Transparencia Electoral junto a Demotech en 2021 con el fin de evaluar la calidad de las elecciones y la democracia a nivel subnacional y formular recomendaciones, el \u00edndice de integridad electoral de La Pampa es de 0,76, es decir, que tiene un nivel medio de integridad. Las provincias que se acercan a cero cuentan con mayor integridad electoral, mientras que las provincias que m\u00e1s se alejan del cero del \u00edndice total son menos \u00edntegras electoralmente.<\/p>\n<p><img decoding=\"async\" class=\"alignnone wp-image-10220 size-full\" src=\"https:\/\/transparenciaelectoral.org\/caoeste\/wp-content\/uploads\/2023\/05\/La-pampa.jpg\" alt=\"\" width=\"794\" height=\"830\" srcset=\"https:\/\/transparenciaelectoral.org\/caoeste\/wp-content\/uploads\/2023\/05\/La-pampa.jpg 794w, https:\/\/transparenciaelectoral.org\/caoeste\/wp-content\/uploads\/2023\/05\/La-pampa-480x502.jpg 480w\" sizes=\"(min-width: 0px) and (max-width: 480px) 480px, (min-width: 481px) 794px, 100vw\" \/><\/p>\n<p>&nbsp;<\/p>\n","protected":false},"excerpt":{"rendered":"<p>Las elecciones en La Pampa 2023 que se llevar\u00e1n a cabo este domingo 14 de mayo son parte de un \u00absuper domingo\u00bb electoral, en el que tambi\u00e9n habr\u00e1 comicios en otras cuatro provincias: Salta, San Juan, y Tierra del Fuego. Estas elecciones se desdoblan de las nacionales, que tendr\u00e1n lugar en agosto (PASO) y octubre [&hellip;]<\/p>\n","protected":false},"author":1,"featured_media":10221,"comment_status":"closed","ping_status":"open","sticky":false,"template":"","format":"standard","meta":{"_et_pb_use_builder":"","_et_pb_old_content":"","_et_gb_content_width":"","footnotes":""},"categories":[251],"tags":[],"class_list":["post-10217","post","type-post","status-publish","format-standard","has-post-thumbnail","hentry","category-blog"],"yoast_head":"<!-- This site is optimized with the Yoast SEO plugin v26.0 - https:\/\/yoast.com\/wordpress\/plugins\/seo\/ -->\n<title>Elecciones en La Pampa: \u00bfC\u00f3mo se llevar\u00e1n a cabo? - CAOESTE<\/title>\n<meta name=\"robots\" content=\"index, follow, max-snippet:-1, max-image-preview:large, max-video-preview:-1\" \/>\n<link rel=\"canonical\" href=\"https:\/\/transparenciaelectoral.org\/caoeste\/elecciones-en-la-pampa-como-se-llevaran-a-cabo\/\" \/>\n<meta property=\"og:locale\" content=\"es_ES\" \/>\n<meta property=\"og:type\" content=\"article\" \/>\n<meta property=\"og:title\" content=\"Elecciones en La Pampa: \u00bfC\u00f3mo se llevar\u00e1n a cabo? - CAOESTE\" \/>\n<meta property=\"og:description\" content=\"Las elecciones en La Pampa 2023 que se llevar\u00e1n a cabo este domingo 14 de mayo son parte de un \u00absuper domingo\u00bb electoral, en el que tambi\u00e9n habr\u00e1 comicios en otras cuatro provincias: Salta, San Juan, y Tierra del Fuego. Estas elecciones se desdoblan de las nacionales, que tendr\u00e1n lugar en agosto (PASO) y octubre [&hellip;]\" \/>\n<meta property=\"og:url\" content=\"https:\/\/transparenciaelectoral.org\/caoeste\/elecciones-en-la-pampa-como-se-llevaran-a-cabo\/\" \/>\n<meta property=\"og:site_name\" content=\"CAOESTE\" \/>\n<meta property=\"article:publisher\" content=\"https:\/\/www.facebook.com\/Caoeste-Mexico-101156461660798\/\" \/>\n<meta property=\"article:published_time\" content=\"2023-05-12T22:09:42+00:00\" \/>\n<meta property=\"article:modified_time\" content=\"2025-07-27T02:47:04+00:00\" \/>\n<meta property=\"og:image\" content=\"https:\/\/transparenciaelectoral.org\/caoeste\/wp-content\/uploads\/2023\/05\/WhatsApp-Image-2023-05-12-at-19.05.56.jpeg\" \/>\n\t<meta property=\"og:image:width\" content=\"687\" \/>\n\t<meta property=\"og:image:height\" content=\"384\" \/>\n\t<meta property=\"og:image:type\" content=\"image\/jpeg\" \/>\n<meta name=\"author\" content=\"webmasteradmin\" \/>\n<meta name=\"twitter:card\" content=\"summary_large_image\" \/>\n<meta name=\"twitter:creator\" content=\"@CAOESTE_ONG\" \/>\n<meta name=\"twitter:site\" content=\"@CAOESTE_ONG\" \/>\n<meta name=\"twitter:label1\" content=\"Escrito por\" \/>\n\t<meta name=\"twitter:data1\" content=\"webmasteradmin\" \/>\n\t<meta name=\"twitter:label2\" content=\"Tiempo de lectura\" \/>\n\t<meta name=\"twitter:data2\" content=\"4 minutos\" \/>\n<script type=\"application\/ld+json\" class=\"yoast-schema-graph\">{\"@context\":\"https:\/\/schema.org\",\"@graph\":[{\"@type\":\"Article\",\"@id\":\"https:\/\/transparenciaelectoral.org\/caoeste\/elecciones-en-la-pampa-como-se-llevaran-a-cabo\/#article\",\"isPartOf\":{\"@id\":\"https:\/\/transparenciaelectoral.org\/caoeste\/elecciones-en-la-pampa-como-se-llevaran-a-cabo\/\"},\"author\":{\"name\":\"webmasteradmin\",\"@id\":\"https:\/\/transparenciaelectoral.org\/caoeste\/#\/schema\/person\/333f9723decc685673405097840867a1\"},\"headline\":\"Elecciones en La Pampa: \u00bfC\u00f3mo se llevar\u00e1n a cabo?\",\"datePublished\":\"2023-05-12T22:09:42+00:00\",\"dateModified\":\"2025-07-27T02:47:04+00:00\",\"mainEntityOfPage\":{\"@id\":\"https:\/\/transparenciaelectoral.org\/caoeste\/elecciones-en-la-pampa-como-se-llevaran-a-cabo\/\"},\"wordCount\":718,\"publisher\":{\"@id\":\"https:\/\/transparenciaelectoral.org\/caoeste\/#organization\"},\"image\":{\"@id\":\"https:\/\/transparenciaelectoral.org\/caoeste\/elecciones-en-la-pampa-como-se-llevaran-a-cabo\/#primaryimage\"},\"thumbnailUrl\":\"https:\/\/transparenciaelectoral.org\/caoeste\/wp-content\/uploads\/2023\/05\/WhatsApp-Image-2023-05-12-at-19.05.56.jpeg\",\"articleSection\":[\"Blog\"],\"inLanguage\":\"es\"},{\"@type\":\"WebPage\",\"@id\":\"https:\/\/transparenciaelectoral.org\/caoeste\/elecciones-en-la-pampa-como-se-llevaran-a-cabo\/\",\"url\":\"https:\/\/transparenciaelectoral.org\/caoeste\/elecciones-en-la-pampa-como-se-llevaran-a-cabo\/\",\"name\":\"Elecciones en La Pampa: \u00bfC\u00f3mo se llevar\u00e1n a cabo? - CAOESTE\",\"isPartOf\":{\"@id\":\"https:\/\/transparenciaelectoral.org\/caoeste\/#website\"},\"primaryImageOfPage\":{\"@id\":\"https:\/\/transparenciaelectoral.org\/caoeste\/elecciones-en-la-pampa-como-se-llevaran-a-cabo\/#primaryimage\"},\"image\":{\"@id\":\"https:\/\/transparenciaelectoral.org\/caoeste\/elecciones-en-la-pampa-como-se-llevaran-a-cabo\/#primaryimage\"},\"thumbnailUrl\":\"https:\/\/transparenciaelectoral.org\/caoeste\/wp-content\/uploads\/2023\/05\/WhatsApp-Image-2023-05-12-at-19.05.56.jpeg\",\"datePublished\":\"2023-05-12T22:09:42+00:00\",\"dateModified\":\"2025-07-27T02:47:04+00:00\",\"breadcrumb\":{\"@id\":\"https:\/\/transparenciaelectoral.org\/caoeste\/elecciones-en-la-pampa-como-se-llevaran-a-cabo\/#breadcrumb\"},\"inLanguage\":\"es\",\"potentialAction\":[{\"@type\":\"ReadAction\",\"target\":[\"https:\/\/transparenciaelectoral.org\/caoeste\/elecciones-en-la-pampa-como-se-llevaran-a-cabo\/\"]}]},{\"@type\":\"ImageObject\",\"inLanguage\":\"es\",\"@id\":\"https:\/\/transparenciaelectoral.org\/caoeste\/elecciones-en-la-pampa-como-se-llevaran-a-cabo\/#primaryimage\",\"url\":\"https:\/\/transparenciaelectoral.org\/caoeste\/wp-content\/uploads\/2023\/05\/WhatsApp-Image-2023-05-12-at-19.05.56.jpeg\",\"contentUrl\":\"https:\/\/transparenciaelectoral.org\/caoeste\/wp-content\/uploads\/2023\/05\/WhatsApp-Image-2023-05-12-at-19.05.56.jpeg\",\"width\":687,\"height\":384},{\"@type\":\"BreadcrumbList\",\"@id\":\"https:\/\/transparenciaelectoral.org\/caoeste\/elecciones-en-la-pampa-como-se-llevaran-a-cabo\/#breadcrumb\",\"itemListElement\":[{\"@type\":\"ListItem\",\"position\":1,\"name\":\"Portada\",\"item\":\"https:\/\/transparenciaelectoral.org\/caoeste\/\"},{\"@type\":\"ListItem\",\"position\":2,\"name\":\"Elecciones en La Pampa: \u00bfC\u00f3mo se llevar\u00e1n a cabo?\"}]},{\"@type\":\"WebSite\",\"@id\":\"https:\/\/transparenciaelectoral.org\/caoeste\/#website\",\"url\":\"https:\/\/transparenciaelectoral.org\/caoeste\/\",\"name\":\"CAOESTE\",\"description\":\"Conferencia Americana de Organismos Electorales Subnacionales por la Transparencia Electoral\",\"publisher\":{\"@id\":\"https:\/\/transparenciaelectoral.org\/caoeste\/#organization\"},\"potentialAction\":[{\"@type\":\"SearchAction\",\"target\":{\"@type\":\"EntryPoint\",\"urlTemplate\":\"https:\/\/transparenciaelectoral.org\/caoeste\/?s={search_term_string}\"},\"query-input\":{\"@type\":\"PropertyValueSpecification\",\"valueRequired\":true,\"valueName\":\"search_term_string\"}}],\"inLanguage\":\"es\"},{\"@type\":\"Organization\",\"@id\":\"https:\/\/transparenciaelectoral.org\/caoeste\/#organization\",\"name\":\"CAOESTE\",\"url\":\"https:\/\/transparenciaelectoral.org\/caoeste\/\",\"logo\":{\"@type\":\"ImageObject\",\"inLanguage\":\"es\",\"@id\":\"https:\/\/transparenciaelectoral.org\/caoeste\/#\/schema\/logo\/image\/\",\"url\":\"https:\/\/transparenciaelectoral.org\/caoeste\/wp-content\/uploads\/2025\/08\/caoeste-horizontalal.png\",\"contentUrl\":\"https:\/\/transparenciaelectoral.org\/caoeste\/wp-content\/uploads\/2025\/08\/caoeste-horizontalal.png\",\"width\":600,\"height\":322,\"caption\":\"CAOESTE\"},\"image\":{\"@id\":\"https:\/\/transparenciaelectoral.org\/caoeste\/#\/schema\/logo\/image\/\"},\"sameAs\":[\"https:\/\/www.facebook.com\/Caoeste-Mexico-101156461660798\/\",\"https:\/\/x.com\/CAOESTE_ONG\",\"https:\/\/www.linkedin.com\/showcase\/caoeste\/\",\"https:\/\/www.youtube.com\/watch?v=hp9DVXqvyEs\"]},{\"@type\":\"Person\",\"@id\":\"https:\/\/transparenciaelectoral.org\/caoeste\/#\/schema\/person\/333f9723decc685673405097840867a1\",\"name\":\"webmasteradmin\",\"image\":{\"@type\":\"ImageObject\",\"inLanguage\":\"es\",\"@id\":\"https:\/\/transparenciaelectoral.org\/caoeste\/#\/schema\/person\/image\/\",\"url\":\"https:\/\/secure.gravatar.com\/avatar\/1c300b8f55663912634f3d4958ca2eebe38efe9a9453ad10089cf673128a520b?s=96&d=mm&r=g\",\"contentUrl\":\"https:\/\/secure.gravatar.com\/avatar\/1c300b8f55663912634f3d4958ca2eebe38efe9a9453ad10089cf673128a520b?s=96&d=mm&r=g\",\"caption\":\"webmasteradmin\"},\"url\":\"https:\/\/transparenciaelectoral.org\/caoeste\/author\/webmasteradmin\/\"}]}<\/script>\n<!-- \/ Yoast SEO plugin. -->","yoast_head_json":{"title":"Elecciones en La Pampa: \u00bfC\u00f3mo se llevar\u00e1n a cabo? - CAOESTE","robots":{"index":"index","follow":"follow","max-snippet":"max-snippet:-1","max-image-preview":"max-image-preview:large","max-video-preview":"max-video-preview:-1"},"canonical":"https:\/\/transparenciaelectoral.org\/caoeste\/elecciones-en-la-pampa-como-se-llevaran-a-cabo\/","og_locale":"es_ES","og_type":"article","og_title":"Elecciones en La Pampa: \u00bfC\u00f3mo se llevar\u00e1n a cabo? - CAOESTE","og_description":"Las elecciones en La Pampa 2023 que se llevar\u00e1n a cabo este domingo 14 de mayo son parte de un \u00absuper domingo\u00bb electoral, en el que tambi\u00e9n habr\u00e1 comicios en otras cuatro provincias: Salta, San Juan, y Tierra del Fuego. Estas elecciones se desdoblan de las nacionales, que tendr\u00e1n lugar en agosto (PASO) y octubre [&hellip;]","og_url":"https:\/\/transparenciaelectoral.org\/caoeste\/elecciones-en-la-pampa-como-se-llevaran-a-cabo\/","og_site_name":"CAOESTE","article_publisher":"https:\/\/www.facebook.com\/Caoeste-Mexico-101156461660798\/","article_published_time":"2023-05-12T22:09:42+00:00","article_modified_time":"2025-07-27T02:47:04+00:00","og_image":[{"width":687,"height":384,"url":"https:\/\/transparenciaelectoral.org\/caoeste\/wp-content\/uploads\/2023\/05\/WhatsApp-Image-2023-05-12-at-19.05.56.jpeg","type":"image\/jpeg"}],"author":"webmasteradmin","twitter_card":"summary_large_image","twitter_creator":"@CAOESTE_ONG","twitter_site":"@CAOESTE_ONG","twitter_misc":{"Escrito por":"webmasteradmin","Tiempo de lectura":"4 minutos"},"schema":{"@context":"https:\/\/schema.org","@graph":[{"@type":"Article","@id":"https:\/\/transparenciaelectoral.org\/caoeste\/elecciones-en-la-pampa-como-se-llevaran-a-cabo\/#article","isPartOf":{"@id":"https:\/\/transparenciaelectoral.org\/caoeste\/elecciones-en-la-pampa-como-se-llevaran-a-cabo\/"},"author":{"name":"webmasteradmin","@id":"https:\/\/transparenciaelectoral.org\/caoeste\/#\/schema\/person\/333f9723decc685673405097840867a1"},"headline":"Elecciones en La Pampa: \u00bfC\u00f3mo se llevar\u00e1n a cabo?","datePublished":"2023-05-12T22:09:42+00:00","dateModified":"2025-07-27T02:47:04+00:00","mainEntityOfPage":{"@id":"https:\/\/transparenciaelectoral.org\/caoeste\/elecciones-en-la-pampa-como-se-llevaran-a-cabo\/"},"wordCount":718,"publisher":{"@id":"https:\/\/transparenciaelectoral.org\/caoeste\/#organization"},"image":{"@id":"https:\/\/transparenciaelectoral.org\/caoeste\/elecciones-en-la-pampa-como-se-llevaran-a-cabo\/#primaryimage"},"thumbnailUrl":"https:\/\/transparenciaelectoral.org\/caoeste\/wp-content\/uploads\/2023\/05\/WhatsApp-Image-2023-05-12-at-19.05.56.jpeg","articleSection":["Blog"],"inLanguage":"es"},{"@type":"WebPage","@id":"https:\/\/transparenciaelectoral.org\/caoeste\/elecciones-en-la-pampa-como-se-llevaran-a-cabo\/","url":"https:\/\/transparenciaelectoral.org\/caoeste\/elecciones-en-la-pampa-como-se-llevaran-a-cabo\/","name":"Elecciones en La Pampa: \u00bfC\u00f3mo se llevar\u00e1n a cabo? - CAOESTE","isPartOf":{"@id":"https:\/\/transparenciaelectoral.org\/caoeste\/#website"},"primaryImageOfPage":{"@id":"https:\/\/transparenciaelectoral.org\/caoeste\/elecciones-en-la-pampa-como-se-llevaran-a-cabo\/#primaryimage"},"image":{"@id":"https:\/\/transparenciaelectoral.org\/caoeste\/elecciones-en-la-pampa-como-se-llevaran-a-cabo\/#primaryimage"},"thumbnailUrl":"https:\/\/transparenciaelectoral.org\/caoeste\/wp-content\/uploads\/2023\/05\/WhatsApp-Image-2023-05-12-at-19.05.56.jpeg","datePublished":"2023-05-12T22:09:42+00:00","dateModified":"2025-07-27T02:47:04+00:00","breadcrumb":{"@id":"https:\/\/transparenciaelectoral.org\/caoeste\/elecciones-en-la-pampa-como-se-llevaran-a-cabo\/#breadcrumb"},"inLanguage":"es","potentialAction":[{"@type":"ReadAction","target":["https:\/\/transparenciaelectoral.org\/caoeste\/elecciones-en-la-pampa-como-se-llevaran-a-cabo\/"]}]},{"@type":"ImageObject","inLanguage":"es","@id":"https:\/\/transparenciaelectoral.org\/caoeste\/elecciones-en-la-pampa-como-se-llevaran-a-cabo\/#primaryimage","url":"https:\/\/transparenciaelectoral.org\/caoeste\/wp-content\/uploads\/2023\/05\/WhatsApp-Image-2023-05-12-at-19.05.56.jpeg","contentUrl":"https:\/\/transparenciaelectoral.org\/caoeste\/wp-content\/uploads\/2023\/05\/WhatsApp-Image-2023-05-12-at-19.05.56.jpeg","width":687,"height":384},{"@type":"BreadcrumbList","@id":"https:\/\/transparenciaelectoral.org\/caoeste\/elecciones-en-la-pampa-como-se-llevaran-a-cabo\/#breadcrumb","itemListElement":[{"@type":"ListItem","position":1,"name":"Portada","item":"https:\/\/transparenciaelectoral.org\/caoeste\/"},{"@type":"ListItem","position":2,"name":"Elecciones en La Pampa: \u00bfC\u00f3mo se llevar\u00e1n a cabo?"}]},{"@type":"WebSite","@id":"https:\/\/transparenciaelectoral.org\/caoeste\/#website","url":"https:\/\/transparenciaelectoral.org\/caoeste\/","name":"CAOESTE","description":"Conferencia Americana de Organismos Electorales Subnacionales por la Transparencia Electoral","publisher":{"@id":"https:\/\/transparenciaelectoral.org\/caoeste\/#organization"},"potentialAction":[{"@type":"SearchAction","target":{"@type":"EntryPoint","urlTemplate":"https:\/\/transparenciaelectoral.org\/caoeste\/?s={search_term_string}"},"query-input":{"@type":"PropertyValueSpecification","valueRequired":true,"valueName":"search_term_string"}}],"inLanguage":"es"},{"@type":"Organization","@id":"https:\/\/transparenciaelectoral.org\/caoeste\/#organization","name":"CAOESTE","url":"https:\/\/transparenciaelectoral.org\/caoeste\/","logo":{"@type":"ImageObject","inLanguage":"es","@id":"https:\/\/transparenciaelectoral.org\/caoeste\/#\/schema\/logo\/image\/","url":"https:\/\/transparenciaelectoral.org\/caoeste\/wp-content\/uploads\/2025\/08\/caoeste-horizontalal.png","contentUrl":"https:\/\/transparenciaelectoral.org\/caoeste\/wp-content\/uploads\/2025\/08\/caoeste-horizontalal.png","width":600,"height":322,"caption":"CAOESTE"},"image":{"@id":"https:\/\/transparenciaelectoral.org\/caoeste\/#\/schema\/logo\/image\/"},"sameAs":["https:\/\/www.facebook.com\/Caoeste-Mexico-101156461660798\/","https:\/\/x.com\/CAOESTE_ONG","https:\/\/www.linkedin.com\/showcase\/caoeste\/","https:\/\/www.youtube.com\/watch?v=hp9DVXqvyEs"]},{"@type":"Person","@id":"https:\/\/transparenciaelectoral.org\/caoeste\/#\/schema\/person\/333f9723decc685673405097840867a1","name":"webmasteradmin","image":{"@type":"ImageObject","inLanguage":"es","@id":"https:\/\/transparenciaelectoral.org\/caoeste\/#\/schema\/person\/image\/","url":"https:\/\/secure.gravatar.com\/avatar\/1c300b8f55663912634f3d4958ca2eebe38efe9a9453ad10089cf673128a520b?s=96&d=mm&r=g","contentUrl":"https:\/\/secure.gravatar.com\/avatar\/1c300b8f55663912634f3d4958ca2eebe38efe9a9453ad10089cf673128a520b?s=96&d=mm&r=g","caption":"webmasteradmin"},"url":"https:\/\/transparenciaelectoral.org\/caoeste\/author\/webmasteradmin\/"}]}},"_links":{"self":[{"href":"https:\/\/transparenciaelectoral.org\/caoeste\/wp-json\/wp\/v2\/posts\/10217","targetHints":{"allow":["GET"]}}],"collection":[{"href":"https:\/\/transparenciaelectoral.org\/caoeste\/wp-json\/wp\/v2\/posts"}],"about":[{"href":"https:\/\/transparenciaelectoral.org\/caoeste\/wp-json\/wp\/v2\/types\/post"}],"author":[{"embeddable":true,"href":"https:\/\/transparenciaelectoral.org\/caoeste\/wp-json\/wp\/v2\/users\/1"}],"replies":[{"embeddable":true,"href":"https:\/\/transparenciaelectoral.org\/caoeste\/wp-json\/wp\/v2\/comments?post=10217"}],"version-history":[{"count":2,"href":"https:\/\/transparenciaelectoral.org\/caoeste\/wp-json\/wp\/v2\/posts\/10217\/revisions"}],"predecessor-version":[{"id":10223,"href":"https:\/\/transparenciaelectoral.org\/caoeste\/wp-json\/wp\/v2\/posts\/10217\/revisions\/10223"}],"wp:featuredmedia":[{"embeddable":true,"href":"https:\/\/transparenciaelectoral.org\/caoeste\/wp-json\/wp\/v2\/media\/10221"}],"wp:attachment":[{"href":"https:\/\/transparenciaelectoral.org\/caoeste\/wp-json\/wp\/v2\/media?parent=10217"}],"wp:term":[{"taxonomy":"category","embeddable":true,"href":"https:\/\/transparenciaelectoral.org\/caoeste\/wp-json\/wp\/v2\/categories?post=10217"},{"taxonomy":"post_tag","embeddable":true,"href":"https:\/\/transparenciaelectoral.org\/caoeste\/wp-json\/wp\/v2\/tags?post=10217"}],"curies":[{"name":"wp","href":"https:\/\/api.w.org\/{rel}","templated":true}]}}