{"id":9951,"date":"2024-01-04T17:14:32","date_gmt":"2024-01-04T20:14:32","guid":{"rendered":"https:\/\/transparenciaelectoral.org\/blog\/?p=9951"},"modified":"2025-07-27T01:53:27","modified_gmt":"2025-07-27T04:53:27","slug":"transparencia-electoral-condena-ataques-contra-monitores-electorales-domesticos-en-serbia","status":"publish","type":"post","link":"https:\/\/transparenciaelectoral.org\/blog\/transparencia-electoral-condena-ataques-contra-monitores-electorales-domesticos-en-serbia\/","title":{"rendered":"Transparencia Electoral condena ataques contra monitores electorales dom\u00e9sticos en Serbia"},"content":{"rendered":"\n<p>Transparencia Electoral condena rotundamente los actos de violencia, amenazas y ataques en contra de monitores electorales dom\u00e9sticos en Serbia, sucedidos tras las Elecciones Parlamentarias anticipadas del pasado 17 de diciembre, sobre todo de monitores pertenecientes el Centro para la Investigaci\u00f3n, la Transparencia y la Responsabilidad (CRTA, por sus siglas en ingl\u00e9s). Los ataques, provenientes de funcionarios p\u00fablicos, restringen y comprometen el monitoreo electoral que lleva a cabo esta organizaci\u00f3n, adem\u00e1s de poner en riesgo su seguridad y bienestar f\u00edsicos. Quiz\u00e1s el m\u00e1s grave se dio durante la jornada electoral, en la que desconocidos destrozaron el veh\u00edculo de un observador en una comisar\u00eda de polic\u00eda local mientras se informaba sobre irregularidades electorales.<\/p>\n\n\n\n<p>Los informes publicados por el CRTA tras las elecciones del 17 de diciembre hacen referencia a graves irregularidades durante la jornada electoral que hacen dudar de la integridad del proceso electoral. Los ataques contra la organizaci\u00f3n son de car\u00e1cter verbal, e implican intimidaci\u00f3n e incitaci\u00f3n a la intolerancia contra sus voluntarios. La ret\u00f3rica es impulsada por funcionarios gubernamentales que buscan desacreditar las conclusiones de la organizaci\u00f3n y acusarles de intentar derrocar el orden constitucional, una pr\u00e1ctica com\u00fan de reg\u00edmenes h\u00edbridos y autocr\u00e1ticos.<\/p>\n\n\n\n<p>Transparencia Electoral se solidariza con el CRTA, sus voluntarios y todos los monitores electorales ciudadanos que han enfrentado y aun enfrentan amenazas contra su derecho a observar el proceso electoral y defender el derecho ciudadano al voto. Lamentablemente, recientemente se han dado casos de persecuci\u00f3n contra monitores electorales en Rusia, Zimbabue y Venezuela, que tambi\u00e9n hemos denunciado desde Transparencia Electoral.<\/p>\n\n\n\n<p>Nos unimos al llamado de la Red Global de Monitores Electorales Dom\u00e9sticos (GNDEM), red a la que nuestra organizaci\u00f3n pertenece, para que las autoridades serbias responsabilicen a los funcionarios que impulsan la ret\u00f3rica violenta y ofensiva contra el CRTA y cumplan con su deber de proteger a los defensores de los derechos humanos en apego al derecho internacional humanitario.<\/p>\n","protected":false},"excerpt":{"rendered":"<p>Transparencia Electoral condena rotundamente los actos de violencia, amenazas y ataques en contra de monitores electorales dom\u00e9sticos en Serbia, sucedidos tras las Elecciones Parlamentarias anticipadas del pasado 17 de diciembre, sobre todo de monitores pertenecientes el Centro para la Investigaci\u00f3n, la Transparencia y la Responsabilidad (CRTA, por sus siglas en ingl\u00e9s). Los ataques, provenientes de &hellip;<\/p>\n","protected":false},"author":6,"featured_media":0,"comment_status":"closed","ping_status":"open","sticky":false,"template":"","format":"standard","meta":{"footnotes":""},"categories":[100],"tags":[],"class_list":["post-9951","post","type-post","status-publish","format-standard","has-post-thumbnail","hentry","category-noticias"],"yoast_head":"<!-- This site is optimized with the Yoast SEO plugin v27.4 - https:\/\/yoast.com\/product\/yoast-seo-wordpress\/ -->\n<title>Transparencia Electoral condena ataques contra monitores electorales dom\u00e9sticos en Serbia - Transparencia Electoral<\/title>\n<meta name=\"robots\" content=\"index, follow, max-snippet:-1, max-image-preview:large, max-video-preview:-1\" \/>\n<link rel=\"canonical\" href=\"https:\/\/transparenciaelectoral.org\/blog\/transparencia-electoral-condena-ataques-contra-monitores-electorales-domesticos-en-serbia\/\" \/>\n<meta property=\"og:locale\" content=\"es_ES\" \/>\n<meta property=\"og:type\" content=\"article\" \/>\n<meta property=\"og:title\" content=\"Transparencia Electoral condena ataques contra monitores electorales dom\u00e9sticos en Serbia - Transparencia Electoral\" \/>\n<meta property=\"og:description\" content=\"Transparencia Electoral condena rotundamente los actos de violencia, amenazas y ataques en contra de monitores electorales dom\u00e9sticos en Serbia, sucedidos tras las Elecciones Parlamentarias anticipadas del pasado 17 de diciembre, sobre todo de monitores pertenecientes el Centro para la Investigaci\u00f3n, la Transparencia y la Responsabilidad (CRTA, por sus siglas en ingl\u00e9s). Los ataques, provenientes de &hellip;\" \/>\n<meta property=\"og:url\" content=\"https:\/\/transparenciaelectoral.org\/blog\/transparencia-electoral-condena-ataques-contra-monitores-electorales-domesticos-en-serbia\/\" \/>\n<meta property=\"og:site_name\" content=\"Transparencia Electoral\" \/>\n<meta property=\"article:publisher\" content=\"https:\/\/www.facebook.com\/Transparencia-Electoral-en-Am%c3%a9rica-latina-171661009688456\/\" \/>\n<meta property=\"article:published_time\" content=\"2024-01-04T20:14:32+00:00\" \/>\n<meta property=\"article:modified_time\" content=\"2025-07-27T04:53:27+00:00\" \/>\n<meta name=\"author\" content=\"Transparencia Electoral\" \/>\n<meta name=\"twitter:card\" content=\"summary_large_image\" \/>\n<meta name=\"twitter:creator\" content=\"@TransparenciaAL\" \/>\n<meta name=\"twitter:site\" content=\"@TransparenciaAL\" \/>\n<meta name=\"twitter:label1\" content=\"Escrito por\" \/>\n\t<meta name=\"twitter:data1\" content=\"Transparencia Electoral\" \/>\n\t<meta name=\"twitter:label2\" content=\"Tiempo de lectura\" \/>\n\t<meta name=\"twitter:data2\" content=\"2 minutos\" \/>\n<script type=\"application\/ld+json\" class=\"yoast-schema-graph\">{\"@context\":\"https:\\\/\\\/schema.org\",\"@graph\":[{\"@type\":\"Article\",\"@id\":\"https:\\\/\\\/transparenciaelectoral.org\\\/blog\\\/transparencia-electoral-condena-ataques-contra-monitores-electorales-domesticos-en-serbia\\\/#article\",\"isPartOf\":{\"@id\":\"https:\\\/\\\/transparenciaelectoral.org\\\/blog\\\/transparencia-electoral-condena-ataques-contra-monitores-electorales-domesticos-en-serbia\\\/\"},\"author\":{\"name\":\"Transparencia Electoral\",\"@id\":\"https:\\\/\\\/transparenciaelectoral.org\\\/blog\\\/#\\\/schema\\\/person\\\/63a97f81afd2c3820c6d9f262e27fe50\"},\"headline\":\"Transparencia Electoral condena ataques contra monitores electorales dom\u00e9sticos en Serbia\",\"datePublished\":\"2024-01-04T20:14:32+00:00\",\"dateModified\":\"2025-07-27T04:53:27+00:00\",\"mainEntityOfPage\":{\"@id\":\"https:\\\/\\\/transparenciaelectoral.org\\\/blog\\\/transparencia-electoral-condena-ataques-contra-monitores-electorales-domesticos-en-serbia\\\/\"},\"wordCount\":349,\"articleSection\":[\"Noticias\"],\"inLanguage\":\"es\"},{\"@type\":\"WebPage\",\"@id\":\"https:\\\/\\\/transparenciaelectoral.org\\\/blog\\\/transparencia-electoral-condena-ataques-contra-monitores-electorales-domesticos-en-serbia\\\/\",\"url\":\"https:\\\/\\\/transparenciaelectoral.org\\\/blog\\\/transparencia-electoral-condena-ataques-contra-monitores-electorales-domesticos-en-serbia\\\/\",\"name\":\"Transparencia Electoral condena ataques contra monitores electorales dom\u00e9sticos en Serbia - Transparencia Electoral\",\"isPartOf\":{\"@id\":\"https:\\\/\\\/transparenciaelectoral.org\\\/blog\\\/#website\"},\"datePublished\":\"2024-01-04T20:14:32+00:00\",\"dateModified\":\"2025-07-27T04:53:27+00:00\",\"author\":{\"@id\":\"https:\\\/\\\/transparenciaelectoral.org\\\/blog\\\/#\\\/schema\\\/person\\\/63a97f81afd2c3820c6d9f262e27fe50\"},\"breadcrumb\":{\"@id\":\"https:\\\/\\\/transparenciaelectoral.org\\\/blog\\\/transparencia-electoral-condena-ataques-contra-monitores-electorales-domesticos-en-serbia\\\/#breadcrumb\"},\"inLanguage\":\"es\",\"potentialAction\":[{\"@type\":\"ReadAction\",\"target\":[\"https:\\\/\\\/transparenciaelectoral.org\\\/blog\\\/transparencia-electoral-condena-ataques-contra-monitores-electorales-domesticos-en-serbia\\\/\"]}]},{\"@type\":\"BreadcrumbList\",\"@id\":\"https:\\\/\\\/transparenciaelectoral.org\\\/blog\\\/transparencia-electoral-condena-ataques-contra-monitores-electorales-domesticos-en-serbia\\\/#breadcrumb\",\"itemListElement\":[{\"@type\":\"ListItem\",\"position\":1,\"name\":\"Portada\",\"item\":\"https:\\\/\\\/transparenciaelectoral.org\\\/blog\\\/\"},{\"@type\":\"ListItem\",\"position\":2,\"name\":\"Transparencia Electoral condena ataques contra monitores electorales dom\u00e9sticos en Serbia\"}]},{\"@type\":\"WebSite\",\"@id\":\"https:\\\/\\\/transparenciaelectoral.org\\\/blog\\\/#website\",\"url\":\"https:\\\/\\\/transparenciaelectoral.org\\\/blog\\\/\",\"name\":\"Transparencia Electoral\",\"description\":\"\",\"potentialAction\":[{\"@type\":\"SearchAction\",\"target\":{\"@type\":\"EntryPoint\",\"urlTemplate\":\"https:\\\/\\\/transparenciaelectoral.org\\\/blog\\\/?s={search_term_string}\"},\"query-input\":{\"@type\":\"PropertyValueSpecification\",\"valueRequired\":true,\"valueName\":\"search_term_string\"}}],\"inLanguage\":\"es\"},{\"@type\":\"Person\",\"@id\":\"https:\\\/\\\/transparenciaelectoral.org\\\/blog\\\/#\\\/schema\\\/person\\\/63a97f81afd2c3820c6d9f262e27fe50\",\"name\":\"Transparencia Electoral\",\"sameAs\":[\"https:\\\/\\\/transparenciaelectoral.org\\\/blog\\\/\"]}]}<\/script>\n<!-- \/ Yoast SEO plugin. -->","yoast_head_json":{"title":"Transparencia Electoral condena ataques contra monitores electorales dom\u00e9sticos en Serbia - Transparencia Electoral","robots":{"index":"index","follow":"follow","max-snippet":"max-snippet:-1","max-image-preview":"max-image-preview:large","max-video-preview":"max-video-preview:-1"},"canonical":"https:\/\/transparenciaelectoral.org\/blog\/transparencia-electoral-condena-ataques-contra-monitores-electorales-domesticos-en-serbia\/","og_locale":"es_ES","og_type":"article","og_title":"Transparencia Electoral condena ataques contra monitores electorales dom\u00e9sticos en Serbia - Transparencia Electoral","og_description":"Transparencia Electoral condena rotundamente los actos de violencia, amenazas y ataques en contra de monitores electorales dom\u00e9sticos en Serbia, sucedidos tras las Elecciones Parlamentarias anticipadas del pasado 17 de diciembre, sobre todo de monitores pertenecientes el Centro para la Investigaci\u00f3n, la Transparencia y la Responsabilidad (CRTA, por sus siglas en ingl\u00e9s). Los ataques, provenientes de &hellip;","og_url":"https:\/\/transparenciaelectoral.org\/blog\/transparencia-electoral-condena-ataques-contra-monitores-electorales-domesticos-en-serbia\/","og_site_name":"Transparencia Electoral","article_publisher":"https:\/\/www.facebook.com\/Transparencia-Electoral-en-Am%c3%a9rica-latina-171661009688456\/","article_published_time":"2024-01-04T20:14:32+00:00","article_modified_time":"2025-07-27T04:53:27+00:00","author":"Transparencia Electoral","twitter_card":"summary_large_image","twitter_creator":"@TransparenciaAL","twitter_site":"@TransparenciaAL","twitter_misc":{"Escrito por":"Transparencia Electoral","Tiempo de lectura":"2 minutos"},"schema":{"@context":"https:\/\/schema.org","@graph":[{"@type":"Article","@id":"https:\/\/transparenciaelectoral.org\/blog\/transparencia-electoral-condena-ataques-contra-monitores-electorales-domesticos-en-serbia\/#article","isPartOf":{"@id":"https:\/\/transparenciaelectoral.org\/blog\/transparencia-electoral-condena-ataques-contra-monitores-electorales-domesticos-en-serbia\/"},"author":{"name":"Transparencia Electoral","@id":"https:\/\/transparenciaelectoral.org\/blog\/#\/schema\/person\/63a97f81afd2c3820c6d9f262e27fe50"},"headline":"Transparencia Electoral condena ataques contra monitores electorales dom\u00e9sticos en Serbia","datePublished":"2024-01-04T20:14:32+00:00","dateModified":"2025-07-27T04:53:27+00:00","mainEntityOfPage":{"@id":"https:\/\/transparenciaelectoral.org\/blog\/transparencia-electoral-condena-ataques-contra-monitores-electorales-domesticos-en-serbia\/"},"wordCount":349,"articleSection":["Noticias"],"inLanguage":"es"},{"@type":"WebPage","@id":"https:\/\/transparenciaelectoral.org\/blog\/transparencia-electoral-condena-ataques-contra-monitores-electorales-domesticos-en-serbia\/","url":"https:\/\/transparenciaelectoral.org\/blog\/transparencia-electoral-condena-ataques-contra-monitores-electorales-domesticos-en-serbia\/","name":"Transparencia Electoral condena ataques contra monitores electorales dom\u00e9sticos en Serbia - Transparencia Electoral","isPartOf":{"@id":"https:\/\/transparenciaelectoral.org\/blog\/#website"},"datePublished":"2024-01-04T20:14:32+00:00","dateModified":"2025-07-27T04:53:27+00:00","author":{"@id":"https:\/\/transparenciaelectoral.org\/blog\/#\/schema\/person\/63a97f81afd2c3820c6d9f262e27fe50"},"breadcrumb":{"@id":"https:\/\/transparenciaelectoral.org\/blog\/transparencia-electoral-condena-ataques-contra-monitores-electorales-domesticos-en-serbia\/#breadcrumb"},"inLanguage":"es","potentialAction":[{"@type":"ReadAction","target":["https:\/\/transparenciaelectoral.org\/blog\/transparencia-electoral-condena-ataques-contra-monitores-electorales-domesticos-en-serbia\/"]}]},{"@type":"BreadcrumbList","@id":"https:\/\/transparenciaelectoral.org\/blog\/transparencia-electoral-condena-ataques-contra-monitores-electorales-domesticos-en-serbia\/#breadcrumb","itemListElement":[{"@type":"ListItem","position":1,"name":"Portada","item":"https:\/\/transparenciaelectoral.org\/blog\/"},{"@type":"ListItem","position":2,"name":"Transparencia Electoral condena ataques contra monitores electorales dom\u00e9sticos en Serbia"}]},{"@type":"WebSite","@id":"https:\/\/transparenciaelectoral.org\/blog\/#website","url":"https:\/\/transparenciaelectoral.org\/blog\/","name":"Transparencia Electoral","description":"","potentialAction":[{"@type":"SearchAction","target":{"@type":"EntryPoint","urlTemplate":"https:\/\/transparenciaelectoral.org\/blog\/?s={search_term_string}"},"query-input":{"@type":"PropertyValueSpecification","valueRequired":true,"valueName":"search_term_string"}}],"inLanguage":"es"},{"@type":"Person","@id":"https:\/\/transparenciaelectoral.org\/blog\/#\/schema\/person\/63a97f81afd2c3820c6d9f262e27fe50","name":"Transparencia Electoral","sameAs":["https:\/\/transparenciaelectoral.org\/blog\/"]}]}},"_links":{"self":[{"href":"https:\/\/transparenciaelectoral.org\/blog\/wp-json\/wp\/v2\/posts\/9951","targetHints":{"allow":["GET"]}}],"collection":[{"href":"https:\/\/transparenciaelectoral.org\/blog\/wp-json\/wp\/v2\/posts"}],"about":[{"href":"https:\/\/transparenciaelectoral.org\/blog\/wp-json\/wp\/v2\/types\/post"}],"author":[{"embeddable":true,"href":"https:\/\/transparenciaelectoral.org\/blog\/wp-json\/wp\/v2\/users\/6"}],"replies":[{"embeddable":true,"href":"https:\/\/transparenciaelectoral.org\/blog\/wp-json\/wp\/v2\/comments?post=9951"}],"version-history":[{"count":2,"href":"https:\/\/transparenciaelectoral.org\/blog\/wp-json\/wp\/v2\/posts\/9951\/revisions"}],"predecessor-version":[{"id":9953,"href":"https:\/\/transparenciaelectoral.org\/blog\/wp-json\/wp\/v2\/posts\/9951\/revisions\/9953"}],"wp:attachment":[{"href":"https:\/\/transparenciaelectoral.org\/blog\/wp-json\/wp\/v2\/media?parent=9951"}],"wp:term":[{"taxonomy":"category","embeddable":true,"href":"https:\/\/transparenciaelectoral.org\/blog\/wp-json\/wp\/v2\/categories?post=9951"},{"taxonomy":"post_tag","embeddable":true,"href":"https:\/\/transparenciaelectoral.org\/blog\/wp-json\/wp\/v2\/tags?post=9951"}],"curies":[{"name":"wp","href":"https:\/\/api.w.org\/{rel}","templated":true}]}}