{"id":9824,"date":"2023-12-12T16:23:13","date_gmt":"2023-12-12T19:23:13","guid":{"rendered":"https:\/\/transparenciaelectoral.org\/blog\/?p=9824"},"modified":"2025-07-27T01:53:28","modified_gmt":"2025-07-27T04:53:28","slug":"firma-transparencia-electoral-convenio-interinstitucional-con-el-tribunal-supremo-electoral-de-el-salvador","status":"publish","type":"post","link":"https:\/\/transparenciaelectoral.org\/blog\/firma-transparencia-electoral-convenio-interinstitucional-con-el-tribunal-supremo-electoral-de-el-salvador\/","title":{"rendered":"Firma Transparencia Electoral convenio interinstitucional con el Tribunal Supremo Electoral de El Salvador"},"content":{"rendered":"\n<p>De cara a la Elecci\u00f3n Presidencial del a\u00f1o pr\u00f3ximo en El Salvador, Transparencia Electoral y el Tribunal Supremo Electoral de ese pa\u00eds firmaron un convenio general de colaboraci\u00f3n y apoyo, dentro del cual se estipula el despliegue de una Misi\u00f3n de Observaci\u00f3n Electoral.<\/p>\n\n\n\n<p>Adem\u00e1s de definir qui\u00e9n ocupa la Presidencia entre junio de 2024 y junio de 2029, estar\u00e1n en juego 60 esca\u00f1os de la&nbsp;Asamblea Legislativa y las concejal\u00edas que integran los&nbsp;Concejos Municipales&nbsp;de los 44 municipios del pa\u00eds.<\/p>\n\n\n\n<p>Este martes, 12 de diciembre, Transparencia Electoral fue representada en San Salvador por Luis Miguel Santib\u00e1\u00f1ez Su\u00e1rez, Coordinador para M\u00e9xico y Centroam\u00e9rica, y Marcelo Peregrino Ferreira, Coordinador de Relaciones Internacionales, quienes firmaron el acuerdo con la Presidenta del TSE de El Salvador, Dora Mart\u00ednez de Barahona.<\/p>\n","protected":false},"excerpt":{"rendered":"<p>De cara a la Elecci\u00f3n Presidencial del a\u00f1o pr\u00f3ximo en El Salvador, Transparencia Electoral y el Tribunal Supremo Electoral de ese pa\u00eds firmaron un convenio general de colaboraci\u00f3n y apoyo, dentro del cual se estipula el despliegue de una Misi\u00f3n de Observaci\u00f3n Electoral. Adem\u00e1s de definir qui\u00e9n ocupa la Presidencia entre junio de 2024 y &hellip;<\/p>\n","protected":false},"author":6,"featured_media":9828,"comment_status":"closed","ping_status":"open","sticky":false,"template":"","format":"standard","meta":{"footnotes":""},"categories":[309,100],"tags":[],"class_list":["post-9824","post","type-post","status-publish","format-standard","has-post-thumbnail","hentry","category-el-salvador-","category-noticias"],"yoast_head":"<!-- This site is optimized with the Yoast SEO plugin v27.5 - https:\/\/yoast.com\/product\/yoast-seo-wordpress\/ -->\n<title>Firma Transparencia Electoral convenio interinstitucional con el Tribunal Supremo Electoral de El Salvador - Transparencia Electoral<\/title>\n<meta name=\"robots\" content=\"index, follow, max-snippet:-1, max-image-preview:large, max-video-preview:-1\" \/>\n<link rel=\"canonical\" href=\"https:\/\/transparenciaelectoral.org\/blog\/firma-transparencia-electoral-convenio-interinstitucional-con-el-tribunal-supremo-electoral-de-el-salvador\/\" \/>\n<meta property=\"og:locale\" content=\"es_ES\" \/>\n<meta property=\"og:type\" content=\"article\" \/>\n<meta property=\"og:title\" content=\"Firma Transparencia Electoral convenio interinstitucional con el Tribunal Supremo Electoral de El Salvador - Transparencia Electoral\" \/>\n<meta property=\"og:description\" content=\"De cara a la Elecci\u00f3n Presidencial del a\u00f1o pr\u00f3ximo en El Salvador, Transparencia Electoral y el Tribunal Supremo Electoral de ese pa\u00eds firmaron un convenio general de colaboraci\u00f3n y apoyo, dentro del cual se estipula el despliegue de una Misi\u00f3n de Observaci\u00f3n Electoral. Adem\u00e1s de definir qui\u00e9n ocupa la Presidencia entre junio de 2024 y &hellip;\" \/>\n<meta property=\"og:url\" content=\"https:\/\/transparenciaelectoral.org\/blog\/firma-transparencia-electoral-convenio-interinstitucional-con-el-tribunal-supremo-electoral-de-el-salvador\/\" \/>\n<meta property=\"og:site_name\" content=\"Transparencia Electoral\" \/>\n<meta property=\"article:publisher\" content=\"https:\/\/www.facebook.com\/Transparencia-Electoral-en-Am%c3%a9rica-latina-171661009688456\/\" \/>\n<meta property=\"article:published_time\" content=\"2023-12-12T19:23:13+00:00\" \/>\n<meta property=\"article:modified_time\" content=\"2025-07-27T04:53:28+00:00\" \/>\n<meta property=\"og:image\" content=\"https:\/\/transparenciaelectoral.org\/blog\/wp-content\/uploads\/2023\/12\/GBKxiiCWMAAIcea-1.jpeg\" \/>\n\t<meta property=\"og:image:width\" content=\"1280\" \/>\n\t<meta property=\"og:image:height\" content=\"853\" \/>\n\t<meta property=\"og:image:type\" content=\"image\/jpeg\" \/>\n<meta name=\"author\" content=\"Transparencia Electoral\" \/>\n<meta name=\"twitter:card\" content=\"summary_large_image\" \/>\n<meta name=\"twitter:creator\" content=\"@TransparenciaAL\" \/>\n<meta name=\"twitter:site\" content=\"@TransparenciaAL\" \/>\n<meta name=\"twitter:label1\" content=\"Escrito por\" \/>\n\t<meta name=\"twitter:data1\" content=\"Transparencia Electoral\" \/>\n\t<meta name=\"twitter:label2\" content=\"Tiempo de lectura\" \/>\n\t<meta name=\"twitter:data2\" content=\"1 minuto\" \/>\n<script type=\"application\/ld+json\" class=\"yoast-schema-graph\">{\"@context\":\"https:\\\/\\\/schema.org\",\"@graph\":[{\"@type\":\"Article\",\"@id\":\"https:\\\/\\\/transparenciaelectoral.org\\\/blog\\\/firma-transparencia-electoral-convenio-interinstitucional-con-el-tribunal-supremo-electoral-de-el-salvador\\\/#article\",\"isPartOf\":{\"@id\":\"https:\\\/\\\/transparenciaelectoral.org\\\/blog\\\/firma-transparencia-electoral-convenio-interinstitucional-con-el-tribunal-supremo-electoral-de-el-salvador\\\/\"},\"author\":{\"name\":\"Transparencia Electoral\",\"@id\":\"https:\\\/\\\/transparenciaelectoral.org\\\/blog\\\/#\\\/schema\\\/person\\\/63a97f81afd2c3820c6d9f262e27fe50\"},\"headline\":\"Firma Transparencia Electoral convenio interinstitucional con el Tribunal Supremo Electoral de El Salvador\",\"datePublished\":\"2023-12-12T19:23:13+00:00\",\"dateModified\":\"2025-07-27T04:53:28+00:00\",\"mainEntityOfPage\":{\"@id\":\"https:\\\/\\\/transparenciaelectoral.org\\\/blog\\\/firma-transparencia-electoral-convenio-interinstitucional-con-el-tribunal-supremo-electoral-de-el-salvador\\\/\"},\"wordCount\":156,\"image\":{\"@id\":\"https:\\\/\\\/transparenciaelectoral.org\\\/blog\\\/firma-transparencia-electoral-convenio-interinstitucional-con-el-tribunal-supremo-electoral-de-el-salvador\\\/#primaryimage\"},\"thumbnailUrl\":\"https:\\\/\\\/transparenciaelectoral.org\\\/blog\\\/wp-content\\\/uploads\\\/2023\\\/12\\\/GBKxiiCWMAAIcea-1.jpeg\",\"articleSection\":[\"El Salvador \ud83c\uddf8\ud83c\uddfb\",\"Noticias\"],\"inLanguage\":\"es\"},{\"@type\":\"WebPage\",\"@id\":\"https:\\\/\\\/transparenciaelectoral.org\\\/blog\\\/firma-transparencia-electoral-convenio-interinstitucional-con-el-tribunal-supremo-electoral-de-el-salvador\\\/\",\"url\":\"https:\\\/\\\/transparenciaelectoral.org\\\/blog\\\/firma-transparencia-electoral-convenio-interinstitucional-con-el-tribunal-supremo-electoral-de-el-salvador\\\/\",\"name\":\"Firma Transparencia Electoral convenio interinstitucional con el Tribunal Supremo Electoral de El Salvador - Transparencia Electoral\",\"isPartOf\":{\"@id\":\"https:\\\/\\\/transparenciaelectoral.org\\\/blog\\\/#website\"},\"primaryImageOfPage\":{\"@id\":\"https:\\\/\\\/transparenciaelectoral.org\\\/blog\\\/firma-transparencia-electoral-convenio-interinstitucional-con-el-tribunal-supremo-electoral-de-el-salvador\\\/#primaryimage\"},\"image\":{\"@id\":\"https:\\\/\\\/transparenciaelectoral.org\\\/blog\\\/firma-transparencia-electoral-convenio-interinstitucional-con-el-tribunal-supremo-electoral-de-el-salvador\\\/#primaryimage\"},\"thumbnailUrl\":\"https:\\\/\\\/transparenciaelectoral.org\\\/blog\\\/wp-content\\\/uploads\\\/2023\\\/12\\\/GBKxiiCWMAAIcea-1.jpeg\",\"datePublished\":\"2023-12-12T19:23:13+00:00\",\"dateModified\":\"2025-07-27T04:53:28+00:00\",\"author\":{\"@id\":\"https:\\\/\\\/transparenciaelectoral.org\\\/blog\\\/#\\\/schema\\\/person\\\/63a97f81afd2c3820c6d9f262e27fe50\"},\"breadcrumb\":{\"@id\":\"https:\\\/\\\/transparenciaelectoral.org\\\/blog\\\/firma-transparencia-electoral-convenio-interinstitucional-con-el-tribunal-supremo-electoral-de-el-salvador\\\/#breadcrumb\"},\"inLanguage\":\"es\",\"potentialAction\":[{\"@type\":\"ReadAction\",\"target\":[\"https:\\\/\\\/transparenciaelectoral.org\\\/blog\\\/firma-transparencia-electoral-convenio-interinstitucional-con-el-tribunal-supremo-electoral-de-el-salvador\\\/\"]}]},{\"@type\":\"ImageObject\",\"inLanguage\":\"es\",\"@id\":\"https:\\\/\\\/transparenciaelectoral.org\\\/blog\\\/firma-transparencia-electoral-convenio-interinstitucional-con-el-tribunal-supremo-electoral-de-el-salvador\\\/#primaryimage\",\"url\":\"https:\\\/\\\/transparenciaelectoral.org\\\/blog\\\/wp-content\\\/uploads\\\/2023\\\/12\\\/GBKxiiCWMAAIcea-1.jpeg\",\"contentUrl\":\"https:\\\/\\\/transparenciaelectoral.org\\\/blog\\\/wp-content\\\/uploads\\\/2023\\\/12\\\/GBKxiiCWMAAIcea-1.jpeg\",\"width\":1280,\"height\":853},{\"@type\":\"BreadcrumbList\",\"@id\":\"https:\\\/\\\/transparenciaelectoral.org\\\/blog\\\/firma-transparencia-electoral-convenio-interinstitucional-con-el-tribunal-supremo-electoral-de-el-salvador\\\/#breadcrumb\",\"itemListElement\":[{\"@type\":\"ListItem\",\"position\":1,\"name\":\"Portada\",\"item\":\"https:\\\/\\\/transparenciaelectoral.org\\\/blog\\\/\"},{\"@type\":\"ListItem\",\"position\":2,\"name\":\"Firma Transparencia Electoral convenio interinstitucional con el Tribunal Supremo Electoral de El Salvador\"}]},{\"@type\":\"WebSite\",\"@id\":\"https:\\\/\\\/transparenciaelectoral.org\\\/blog\\\/#website\",\"url\":\"https:\\\/\\\/transparenciaelectoral.org\\\/blog\\\/\",\"name\":\"Transparencia Electoral\",\"description\":\"\",\"potentialAction\":[{\"@type\":\"SearchAction\",\"target\":{\"@type\":\"EntryPoint\",\"urlTemplate\":\"https:\\\/\\\/transparenciaelectoral.org\\\/blog\\\/?s={search_term_string}\"},\"query-input\":{\"@type\":\"PropertyValueSpecification\",\"valueRequired\":true,\"valueName\":\"search_term_string\"}}],\"inLanguage\":\"es\"},{\"@type\":\"Person\",\"@id\":\"https:\\\/\\\/transparenciaelectoral.org\\\/blog\\\/#\\\/schema\\\/person\\\/63a97f81afd2c3820c6d9f262e27fe50\",\"name\":\"Transparencia Electoral\",\"sameAs\":[\"https:\\\/\\\/transparenciaelectoral.org\\\/blog\\\/\"]}]}<\/script>\n<!-- \/ Yoast SEO plugin. -->","yoast_head_json":{"title":"Firma Transparencia Electoral convenio interinstitucional con el Tribunal Supremo Electoral de El Salvador - Transparencia Electoral","robots":{"index":"index","follow":"follow","max-snippet":"max-snippet:-1","max-image-preview":"max-image-preview:large","max-video-preview":"max-video-preview:-1"},"canonical":"https:\/\/transparenciaelectoral.org\/blog\/firma-transparencia-electoral-convenio-interinstitucional-con-el-tribunal-supremo-electoral-de-el-salvador\/","og_locale":"es_ES","og_type":"article","og_title":"Firma Transparencia Electoral convenio interinstitucional con el Tribunal Supremo Electoral de El Salvador - Transparencia Electoral","og_description":"De cara a la Elecci\u00f3n Presidencial del a\u00f1o pr\u00f3ximo en El Salvador, Transparencia Electoral y el Tribunal Supremo Electoral de ese pa\u00eds firmaron un convenio general de colaboraci\u00f3n y apoyo, dentro del cual se estipula el despliegue de una Misi\u00f3n de Observaci\u00f3n Electoral. Adem\u00e1s de definir qui\u00e9n ocupa la Presidencia entre junio de 2024 y &hellip;","og_url":"https:\/\/transparenciaelectoral.org\/blog\/firma-transparencia-electoral-convenio-interinstitucional-con-el-tribunal-supremo-electoral-de-el-salvador\/","og_site_name":"Transparencia Electoral","article_publisher":"https:\/\/www.facebook.com\/Transparencia-Electoral-en-Am%c3%a9rica-latina-171661009688456\/","article_published_time":"2023-12-12T19:23:13+00:00","article_modified_time":"2025-07-27T04:53:28+00:00","og_image":[{"width":1280,"height":853,"url":"https:\/\/transparenciaelectoral.org\/blog\/wp-content\/uploads\/2023\/12\/GBKxiiCWMAAIcea-1.jpeg","type":"image\/jpeg"}],"author":"Transparencia Electoral","twitter_card":"summary_large_image","twitter_creator":"@TransparenciaAL","twitter_site":"@TransparenciaAL","twitter_misc":{"Escrito por":"Transparencia Electoral","Tiempo de lectura":"1 minuto"},"schema":{"@context":"https:\/\/schema.org","@graph":[{"@type":"Article","@id":"https:\/\/transparenciaelectoral.org\/blog\/firma-transparencia-electoral-convenio-interinstitucional-con-el-tribunal-supremo-electoral-de-el-salvador\/#article","isPartOf":{"@id":"https:\/\/transparenciaelectoral.org\/blog\/firma-transparencia-electoral-convenio-interinstitucional-con-el-tribunal-supremo-electoral-de-el-salvador\/"},"author":{"name":"Transparencia Electoral","@id":"https:\/\/transparenciaelectoral.org\/blog\/#\/schema\/person\/63a97f81afd2c3820c6d9f262e27fe50"},"headline":"Firma Transparencia Electoral convenio interinstitucional con el Tribunal Supremo Electoral de El Salvador","datePublished":"2023-12-12T19:23:13+00:00","dateModified":"2025-07-27T04:53:28+00:00","mainEntityOfPage":{"@id":"https:\/\/transparenciaelectoral.org\/blog\/firma-transparencia-electoral-convenio-interinstitucional-con-el-tribunal-supremo-electoral-de-el-salvador\/"},"wordCount":156,"image":{"@id":"https:\/\/transparenciaelectoral.org\/blog\/firma-transparencia-electoral-convenio-interinstitucional-con-el-tribunal-supremo-electoral-de-el-salvador\/#primaryimage"},"thumbnailUrl":"https:\/\/transparenciaelectoral.org\/blog\/wp-content\/uploads\/2023\/12\/GBKxiiCWMAAIcea-1.jpeg","articleSection":["El Salvador \ud83c\uddf8\ud83c\uddfb","Noticias"],"inLanguage":"es"},{"@type":"WebPage","@id":"https:\/\/transparenciaelectoral.org\/blog\/firma-transparencia-electoral-convenio-interinstitucional-con-el-tribunal-supremo-electoral-de-el-salvador\/","url":"https:\/\/transparenciaelectoral.org\/blog\/firma-transparencia-electoral-convenio-interinstitucional-con-el-tribunal-supremo-electoral-de-el-salvador\/","name":"Firma Transparencia Electoral convenio interinstitucional con el Tribunal Supremo Electoral de El Salvador - Transparencia Electoral","isPartOf":{"@id":"https:\/\/transparenciaelectoral.org\/blog\/#website"},"primaryImageOfPage":{"@id":"https:\/\/transparenciaelectoral.org\/blog\/firma-transparencia-electoral-convenio-interinstitucional-con-el-tribunal-supremo-electoral-de-el-salvador\/#primaryimage"},"image":{"@id":"https:\/\/transparenciaelectoral.org\/blog\/firma-transparencia-electoral-convenio-interinstitucional-con-el-tribunal-supremo-electoral-de-el-salvador\/#primaryimage"},"thumbnailUrl":"https:\/\/transparenciaelectoral.org\/blog\/wp-content\/uploads\/2023\/12\/GBKxiiCWMAAIcea-1.jpeg","datePublished":"2023-12-12T19:23:13+00:00","dateModified":"2025-07-27T04:53:28+00:00","author":{"@id":"https:\/\/transparenciaelectoral.org\/blog\/#\/schema\/person\/63a97f81afd2c3820c6d9f262e27fe50"},"breadcrumb":{"@id":"https:\/\/transparenciaelectoral.org\/blog\/firma-transparencia-electoral-convenio-interinstitucional-con-el-tribunal-supremo-electoral-de-el-salvador\/#breadcrumb"},"inLanguage":"es","potentialAction":[{"@type":"ReadAction","target":["https:\/\/transparenciaelectoral.org\/blog\/firma-transparencia-electoral-convenio-interinstitucional-con-el-tribunal-supremo-electoral-de-el-salvador\/"]}]},{"@type":"ImageObject","inLanguage":"es","@id":"https:\/\/transparenciaelectoral.org\/blog\/firma-transparencia-electoral-convenio-interinstitucional-con-el-tribunal-supremo-electoral-de-el-salvador\/#primaryimage","url":"https:\/\/transparenciaelectoral.org\/blog\/wp-content\/uploads\/2023\/12\/GBKxiiCWMAAIcea-1.jpeg","contentUrl":"https:\/\/transparenciaelectoral.org\/blog\/wp-content\/uploads\/2023\/12\/GBKxiiCWMAAIcea-1.jpeg","width":1280,"height":853},{"@type":"BreadcrumbList","@id":"https:\/\/transparenciaelectoral.org\/blog\/firma-transparencia-electoral-convenio-interinstitucional-con-el-tribunal-supremo-electoral-de-el-salvador\/#breadcrumb","itemListElement":[{"@type":"ListItem","position":1,"name":"Portada","item":"https:\/\/transparenciaelectoral.org\/blog\/"},{"@type":"ListItem","position":2,"name":"Firma Transparencia Electoral convenio interinstitucional con el Tribunal Supremo Electoral de El Salvador"}]},{"@type":"WebSite","@id":"https:\/\/transparenciaelectoral.org\/blog\/#website","url":"https:\/\/transparenciaelectoral.org\/blog\/","name":"Transparencia Electoral","description":"","potentialAction":[{"@type":"SearchAction","target":{"@type":"EntryPoint","urlTemplate":"https:\/\/transparenciaelectoral.org\/blog\/?s={search_term_string}"},"query-input":{"@type":"PropertyValueSpecification","valueRequired":true,"valueName":"search_term_string"}}],"inLanguage":"es"},{"@type":"Person","@id":"https:\/\/transparenciaelectoral.org\/blog\/#\/schema\/person\/63a97f81afd2c3820c6d9f262e27fe50","name":"Transparencia Electoral","sameAs":["https:\/\/transparenciaelectoral.org\/blog\/"]}]}},"_links":{"self":[{"href":"https:\/\/transparenciaelectoral.org\/blog\/wp-json\/wp\/v2\/posts\/9824","targetHints":{"allow":["GET"]}}],"collection":[{"href":"https:\/\/transparenciaelectoral.org\/blog\/wp-json\/wp\/v2\/posts"}],"about":[{"href":"https:\/\/transparenciaelectoral.org\/blog\/wp-json\/wp\/v2\/types\/post"}],"author":[{"embeddable":true,"href":"https:\/\/transparenciaelectoral.org\/blog\/wp-json\/wp\/v2\/users\/6"}],"replies":[{"embeddable":true,"href":"https:\/\/transparenciaelectoral.org\/blog\/wp-json\/wp\/v2\/comments?post=9824"}],"version-history":[{"count":2,"href":"https:\/\/transparenciaelectoral.org\/blog\/wp-json\/wp\/v2\/posts\/9824\/revisions"}],"predecessor-version":[{"id":9829,"href":"https:\/\/transparenciaelectoral.org\/blog\/wp-json\/wp\/v2\/posts\/9824\/revisions\/9829"}],"wp:featuredmedia":[{"embeddable":true,"href":"https:\/\/transparenciaelectoral.org\/blog\/wp-json\/wp\/v2\/media\/9828"}],"wp:attachment":[{"href":"https:\/\/transparenciaelectoral.org\/blog\/wp-json\/wp\/v2\/media?parent=9824"}],"wp:term":[{"taxonomy":"category","embeddable":true,"href":"https:\/\/transparenciaelectoral.org\/blog\/wp-json\/wp\/v2\/categories?post=9824"},{"taxonomy":"post_tag","embeddable":true,"href":"https:\/\/transparenciaelectoral.org\/blog\/wp-json\/wp\/v2\/tags?post=9824"}],"curies":[{"name":"wp","href":"https:\/\/api.w.org\/{rel}","templated":true}]}}