{"id":9808,"date":"2023-12-06T11:47:40","date_gmt":"2023-12-06T14:47:40","guid":{"rendered":"https:\/\/transparenciaelectoral.org\/blog\/?p=9808"},"modified":"2025-07-27T01:53:57","modified_gmt":"2025-07-27T04:53:57","slug":"observadores-electorales-defensores-activos-de-los-derechos-humanos-en-el-ambito-electoral","status":"publish","type":"post","link":"https:\/\/transparenciaelectoral.org\/blog\/observadores-electorales-defensores-activos-de-los-derechos-humanos-en-el-ambito-electoral\/","title":{"rendered":"Observadores Electorales: Defensores Activos de los Derechos Humanos en el \u00c1mbito Electoral"},"content":{"rendered":"\n<p>Por B\u00e1rbara Benetti<\/p>\n\n\n\n<p>Coordinadora de la CAOESTE<\/p>\n\n\n\n<p>En el marco del D\u00eda Internacional de los Derechos Humanos, es fundamental abordar el papel crucial que desempe\u00f1an los observadores electorales como defensores activos de los derechos fundamentales en el \u00e1mbito democr\u00e1tico. La observaci\u00f3n electoral se erige como un pilar esencial en la salvaguarda de los principios democr\u00e1ticos, desempe\u00f1ando un rol cr\u00edtico en la defensa de los derechos humanos en el contexto de los procesos electorales. Este an\u00e1lisis se sumerge en la intrincada relaci\u00f3n entre la observaci\u00f3n electoral y la promoci\u00f3n de la justicia, la imparcialidad y la rendici\u00f3n de cuentas, destacando c\u00f3mo los observadores electorales se transforman en defensores activos de los derechos humanos.<\/p>\n\n\n\n<p>La esencia de la observaci\u00f3n electoral radica en la presencia de individuos imparciales y capacitados que supervisan cada fase del ciclo electoral. Estos observadores, provenientes de organizaciones nacionales e internacionales, no solo buscan garantizar la transparencia del proceso, sino que se convierten en actores fundamentales en la protecci\u00f3n de los derechos humanos con la capacidad de identificar y denunciar pr\u00e1cticas electorales injustas o fraudulentas que podr\u00edan socavar la legitimidad del proceso.<\/p>\n\n\n\n<p>La Relatora Especial sobre la situaci\u00f3n de los Defensores de los Derechos Humanos de la ONU, Mary Lawlor, junto con Cl\u00e9ment Nyaletossi Voule, Relator Especial sobre la Libertad de Reuni\u00f3n Pac\u00edfica y de Asociaci\u00f3n, emitieron una <a href=\"https:\/\/transparenciaelectoral.org\/blog\/la-situacion-de-los-observadores-electorales-como-defensores-de-derechos-humanos\/\">declaraci\u00f3n conjunta<\/a> resaltando la importancia del papel de los observadores electorales como defensores de los derechos humanos. En la misma, subrayan que estos observadores, tanto nacionales como internacionales, enfrentan crecientes desaf\u00edos tales como la salvaguardia de los derechos civiles y pol\u00edticos, abarcando sufragio, afiliaci\u00f3n pol\u00edtica, libertad de expresi\u00f3n, asociaci\u00f3n, acceso a informaci\u00f3n, medios, reuniones pac\u00edficas, circulaci\u00f3n y seguridad.&nbsp;<\/p>\n\n\n\n<p>A su vez, destacan la responsabilidad de los Estados miembros, seg\u00fan el derecho internacional, de proteger estos derechos y libertades. Adem\u00e1s, se aboga por preservar el espacio c\u00edvico y reconocer el derecho a la protecci\u00f3n de los observadores electorales nacionales e internacionales en el contexto electoral.<\/p>\n\n\n\n<p>La imparcialidad de los observadores electorales es crucial para asegurar que todas las partes involucradas sean tratadas equitativamente. Al permanecer independientes de las influencias pol\u00edticas locales, estos defensores de los derechos humanos abogan por un proceso electoral donde cada ciudadano tenga la oportunidad de ejercer su derecho a votar sin temor a represalias o discriminaci\u00f3n.<\/p>\n\n\n\n<p>Seg\u00fan Jes\u00fas Delgado, Director Ejecutivo de <a href=\"https:\/\/transparenciaelectoral.org\/blog\/\">Transparencia Electoral<\/a>, \u201cla observaci\u00f3n electoral cumple un rol fundamental en el escenario actual de recesi\u00f3n democr\u00e1tica. Las personas que se dedican a esta labor, son defensoras de los derechos humanos e incluso arriesgan en ocasiones su seguridad y sus vidas cuando act\u00faan bajo reg\u00edmenes no democr\u00e1ticos. Por ejemplo, monitorear los procesos electorales en Cuba, Venezuela o Nicaragua puede ser causa de detenciones arbitrarias\u201d.&nbsp;<\/p>\n\n\n\n<p>En conclusi\u00f3n, la observaci\u00f3n electoral trasciende su funci\u00f3n aparente al convertirse en un catalizador para la defensa de los derechos humanos en el \u00e1mbito electoral. Los observadores electorales, al abogar por la justicia, la imparcialidad y la rendici\u00f3n de cuentas, se erigen como guardianes de la democracia, contribuyendo a la construcci\u00f3n de sociedades donde la voz de cada ciudadano cuenta y los derechos fundamentales son respetados y protegidos.<\/p>\n","protected":false},"excerpt":{"rendered":"<p>Por B\u00e1rbara Benetti Coordinadora de la CAOESTE En el marco del D\u00eda Internacional de los Derechos Humanos, es fundamental abordar el papel crucial que desempe\u00f1an los observadores electorales como defensores activos de los derechos fundamentales en el \u00e1mbito democr\u00e1tico. La observaci\u00f3n electoral se erige como un pilar esencial en la salvaguarda de los principios democr\u00e1ticos, &hellip;<\/p>\n","protected":false},"author":6,"featured_media":9809,"comment_status":"closed","ping_status":"open","sticky":false,"template":"","format":"standard","meta":{"footnotes":""},"categories":[234],"tags":[],"class_list":["post-9808","post","type-post","status-publish","format-standard","has-post-thumbnail","hentry","category-opinion"],"yoast_head":"<!-- This site is optimized with the Yoast SEO plugin v27.5 - https:\/\/yoast.com\/product\/yoast-seo-wordpress\/ -->\n<title>Observadores Electorales: Defensores Activos de los Derechos Humanos en el \u00c1mbito Electoral - Transparencia Electoral<\/title>\n<meta name=\"robots\" content=\"index, follow, max-snippet:-1, max-image-preview:large, max-video-preview:-1\" \/>\n<link rel=\"canonical\" href=\"https:\/\/transparenciaelectoral.org\/blog\/observadores-electorales-defensores-activos-de-los-derechos-humanos-en-el-ambito-electoral\/\" \/>\n<meta property=\"og:locale\" content=\"es_ES\" \/>\n<meta property=\"og:type\" content=\"article\" \/>\n<meta property=\"og:title\" content=\"Observadores Electorales: Defensores Activos de los Derechos Humanos en el \u00c1mbito Electoral - Transparencia Electoral\" \/>\n<meta property=\"og:description\" content=\"Por B\u00e1rbara Benetti Coordinadora de la CAOESTE En el marco del D\u00eda Internacional de los Derechos Humanos, es fundamental abordar el papel crucial que desempe\u00f1an los observadores electorales como defensores activos de los derechos fundamentales en el \u00e1mbito democr\u00e1tico. La observaci\u00f3n electoral se erige como un pilar esencial en la salvaguarda de los principios democr\u00e1ticos, &hellip;\" \/>\n<meta property=\"og:url\" content=\"https:\/\/transparenciaelectoral.org\/blog\/observadores-electorales-defensores-activos-de-los-derechos-humanos-en-el-ambito-electoral\/\" \/>\n<meta property=\"og:site_name\" content=\"Transparencia Electoral\" \/>\n<meta property=\"article:publisher\" content=\"https:\/\/www.facebook.com\/Transparencia-Electoral-en-Am%c3%a9rica-latina-171661009688456\/\" \/>\n<meta property=\"article:published_time\" content=\"2023-12-06T14:47:40+00:00\" \/>\n<meta property=\"article:modified_time\" content=\"2025-07-27T04:53:57+00:00\" \/>\n<meta property=\"og:image\" content=\"https:\/\/transparenciaelectoral.org\/blog\/wp-content\/uploads\/2023\/12\/089c429f-bf85-44c3-b994-bd85d930a0c4-1024x576-1.jpg\" \/>\n\t<meta property=\"og:image:width\" content=\"1024\" \/>\n\t<meta property=\"og:image:height\" content=\"576\" \/>\n\t<meta property=\"og:image:type\" content=\"image\/jpeg\" \/>\n<meta name=\"author\" content=\"Transparencia Electoral\" \/>\n<meta name=\"twitter:card\" content=\"summary_large_image\" \/>\n<meta name=\"twitter:creator\" content=\"@TransparenciaAL\" \/>\n<meta name=\"twitter:site\" content=\"@TransparenciaAL\" \/>\n<meta name=\"twitter:label1\" content=\"Escrito por\" \/>\n\t<meta name=\"twitter:data1\" content=\"Transparencia Electoral\" \/>\n\t<meta name=\"twitter:label2\" content=\"Tiempo de lectura\" \/>\n\t<meta name=\"twitter:data2\" content=\"3 minutos\" \/>\n<script type=\"application\/ld+json\" class=\"yoast-schema-graph\">{\"@context\":\"https:\\\/\\\/schema.org\",\"@graph\":[{\"@type\":\"Article\",\"@id\":\"https:\\\/\\\/transparenciaelectoral.org\\\/blog\\\/observadores-electorales-defensores-activos-de-los-derechos-humanos-en-el-ambito-electoral\\\/#article\",\"isPartOf\":{\"@id\":\"https:\\\/\\\/transparenciaelectoral.org\\\/blog\\\/observadores-electorales-defensores-activos-de-los-derechos-humanos-en-el-ambito-electoral\\\/\"},\"author\":{\"name\":\"Transparencia Electoral\",\"@id\":\"https:\\\/\\\/transparenciaelectoral.org\\\/blog\\\/#\\\/schema\\\/person\\\/63a97f81afd2c3820c6d9f262e27fe50\"},\"headline\":\"Observadores Electorales: Defensores Activos de los Derechos Humanos en el \u00c1mbito Electoral\",\"datePublished\":\"2023-12-06T14:47:40+00:00\",\"dateModified\":\"2025-07-27T04:53:57+00:00\",\"mainEntityOfPage\":{\"@id\":\"https:\\\/\\\/transparenciaelectoral.org\\\/blog\\\/observadores-electorales-defensores-activos-de-los-derechos-humanos-en-el-ambito-electoral\\\/\"},\"wordCount\":581,\"image\":{\"@id\":\"https:\\\/\\\/transparenciaelectoral.org\\\/blog\\\/observadores-electorales-defensores-activos-de-los-derechos-humanos-en-el-ambito-electoral\\\/#primaryimage\"},\"thumbnailUrl\":\"https:\\\/\\\/transparenciaelectoral.org\\\/blog\\\/wp-content\\\/uploads\\\/2023\\\/12\\\/089c429f-bf85-44c3-b994-bd85d930a0c4-1024x576-1.jpg\",\"articleSection\":[\"Opini\u00f3n\"],\"inLanguage\":\"es\"},{\"@type\":\"WebPage\",\"@id\":\"https:\\\/\\\/transparenciaelectoral.org\\\/blog\\\/observadores-electorales-defensores-activos-de-los-derechos-humanos-en-el-ambito-electoral\\\/\",\"url\":\"https:\\\/\\\/transparenciaelectoral.org\\\/blog\\\/observadores-electorales-defensores-activos-de-los-derechos-humanos-en-el-ambito-electoral\\\/\",\"name\":\"Observadores Electorales: Defensores Activos de los Derechos Humanos en el \u00c1mbito Electoral - Transparencia Electoral\",\"isPartOf\":{\"@id\":\"https:\\\/\\\/transparenciaelectoral.org\\\/blog\\\/#website\"},\"primaryImageOfPage\":{\"@id\":\"https:\\\/\\\/transparenciaelectoral.org\\\/blog\\\/observadores-electorales-defensores-activos-de-los-derechos-humanos-en-el-ambito-electoral\\\/#primaryimage\"},\"image\":{\"@id\":\"https:\\\/\\\/transparenciaelectoral.org\\\/blog\\\/observadores-electorales-defensores-activos-de-los-derechos-humanos-en-el-ambito-electoral\\\/#primaryimage\"},\"thumbnailUrl\":\"https:\\\/\\\/transparenciaelectoral.org\\\/blog\\\/wp-content\\\/uploads\\\/2023\\\/12\\\/089c429f-bf85-44c3-b994-bd85d930a0c4-1024x576-1.jpg\",\"datePublished\":\"2023-12-06T14:47:40+00:00\",\"dateModified\":\"2025-07-27T04:53:57+00:00\",\"author\":{\"@id\":\"https:\\\/\\\/transparenciaelectoral.org\\\/blog\\\/#\\\/schema\\\/person\\\/63a97f81afd2c3820c6d9f262e27fe50\"},\"breadcrumb\":{\"@id\":\"https:\\\/\\\/transparenciaelectoral.org\\\/blog\\\/observadores-electorales-defensores-activos-de-los-derechos-humanos-en-el-ambito-electoral\\\/#breadcrumb\"},\"inLanguage\":\"es\",\"potentialAction\":[{\"@type\":\"ReadAction\",\"target\":[\"https:\\\/\\\/transparenciaelectoral.org\\\/blog\\\/observadores-electorales-defensores-activos-de-los-derechos-humanos-en-el-ambito-electoral\\\/\"]}]},{\"@type\":\"ImageObject\",\"inLanguage\":\"es\",\"@id\":\"https:\\\/\\\/transparenciaelectoral.org\\\/blog\\\/observadores-electorales-defensores-activos-de-los-derechos-humanos-en-el-ambito-electoral\\\/#primaryimage\",\"url\":\"https:\\\/\\\/transparenciaelectoral.org\\\/blog\\\/wp-content\\\/uploads\\\/2023\\\/12\\\/089c429f-bf85-44c3-b994-bd85d930a0c4-1024x576-1.jpg\",\"contentUrl\":\"https:\\\/\\\/transparenciaelectoral.org\\\/blog\\\/wp-content\\\/uploads\\\/2023\\\/12\\\/089c429f-bf85-44c3-b994-bd85d930a0c4-1024x576-1.jpg\",\"width\":1024,\"height\":576},{\"@type\":\"BreadcrumbList\",\"@id\":\"https:\\\/\\\/transparenciaelectoral.org\\\/blog\\\/observadores-electorales-defensores-activos-de-los-derechos-humanos-en-el-ambito-electoral\\\/#breadcrumb\",\"itemListElement\":[{\"@type\":\"ListItem\",\"position\":1,\"name\":\"Portada\",\"item\":\"https:\\\/\\\/transparenciaelectoral.org\\\/blog\\\/\"},{\"@type\":\"ListItem\",\"position\":2,\"name\":\"Observadores Electorales: Defensores Activos de los Derechos Humanos en el \u00c1mbito Electoral\"}]},{\"@type\":\"WebSite\",\"@id\":\"https:\\\/\\\/transparenciaelectoral.org\\\/blog\\\/#website\",\"url\":\"https:\\\/\\\/transparenciaelectoral.org\\\/blog\\\/\",\"name\":\"Transparencia Electoral\",\"description\":\"\",\"potentialAction\":[{\"@type\":\"SearchAction\",\"target\":{\"@type\":\"EntryPoint\",\"urlTemplate\":\"https:\\\/\\\/transparenciaelectoral.org\\\/blog\\\/?s={search_term_string}\"},\"query-input\":{\"@type\":\"PropertyValueSpecification\",\"valueRequired\":true,\"valueName\":\"search_term_string\"}}],\"inLanguage\":\"es\"},{\"@type\":\"Person\",\"@id\":\"https:\\\/\\\/transparenciaelectoral.org\\\/blog\\\/#\\\/schema\\\/person\\\/63a97f81afd2c3820c6d9f262e27fe50\",\"name\":\"Transparencia Electoral\",\"sameAs\":[\"https:\\\/\\\/transparenciaelectoral.org\\\/blog\\\/\"]}]}<\/script>\n<!-- \/ Yoast SEO plugin. -->","yoast_head_json":{"title":"Observadores Electorales: Defensores Activos de los Derechos Humanos en el \u00c1mbito Electoral - Transparencia Electoral","robots":{"index":"index","follow":"follow","max-snippet":"max-snippet:-1","max-image-preview":"max-image-preview:large","max-video-preview":"max-video-preview:-1"},"canonical":"https:\/\/transparenciaelectoral.org\/blog\/observadores-electorales-defensores-activos-de-los-derechos-humanos-en-el-ambito-electoral\/","og_locale":"es_ES","og_type":"article","og_title":"Observadores Electorales: Defensores Activos de los Derechos Humanos en el \u00c1mbito Electoral - Transparencia Electoral","og_description":"Por B\u00e1rbara Benetti Coordinadora de la CAOESTE En el marco del D\u00eda Internacional de los Derechos Humanos, es fundamental abordar el papel crucial que desempe\u00f1an los observadores electorales como defensores activos de los derechos fundamentales en el \u00e1mbito democr\u00e1tico. La observaci\u00f3n electoral se erige como un pilar esencial en la salvaguarda de los principios democr\u00e1ticos, &hellip;","og_url":"https:\/\/transparenciaelectoral.org\/blog\/observadores-electorales-defensores-activos-de-los-derechos-humanos-en-el-ambito-electoral\/","og_site_name":"Transparencia Electoral","article_publisher":"https:\/\/www.facebook.com\/Transparencia-Electoral-en-Am%c3%a9rica-latina-171661009688456\/","article_published_time":"2023-12-06T14:47:40+00:00","article_modified_time":"2025-07-27T04:53:57+00:00","og_image":[{"width":1024,"height":576,"url":"https:\/\/transparenciaelectoral.org\/blog\/wp-content\/uploads\/2023\/12\/089c429f-bf85-44c3-b994-bd85d930a0c4-1024x576-1.jpg","type":"image\/jpeg"}],"author":"Transparencia Electoral","twitter_card":"summary_large_image","twitter_creator":"@TransparenciaAL","twitter_site":"@TransparenciaAL","twitter_misc":{"Escrito por":"Transparencia Electoral","Tiempo de lectura":"3 minutos"},"schema":{"@context":"https:\/\/schema.org","@graph":[{"@type":"Article","@id":"https:\/\/transparenciaelectoral.org\/blog\/observadores-electorales-defensores-activos-de-los-derechos-humanos-en-el-ambito-electoral\/#article","isPartOf":{"@id":"https:\/\/transparenciaelectoral.org\/blog\/observadores-electorales-defensores-activos-de-los-derechos-humanos-en-el-ambito-electoral\/"},"author":{"name":"Transparencia Electoral","@id":"https:\/\/transparenciaelectoral.org\/blog\/#\/schema\/person\/63a97f81afd2c3820c6d9f262e27fe50"},"headline":"Observadores Electorales: Defensores Activos de los Derechos Humanos en el \u00c1mbito Electoral","datePublished":"2023-12-06T14:47:40+00:00","dateModified":"2025-07-27T04:53:57+00:00","mainEntityOfPage":{"@id":"https:\/\/transparenciaelectoral.org\/blog\/observadores-electorales-defensores-activos-de-los-derechos-humanos-en-el-ambito-electoral\/"},"wordCount":581,"image":{"@id":"https:\/\/transparenciaelectoral.org\/blog\/observadores-electorales-defensores-activos-de-los-derechos-humanos-en-el-ambito-electoral\/#primaryimage"},"thumbnailUrl":"https:\/\/transparenciaelectoral.org\/blog\/wp-content\/uploads\/2023\/12\/089c429f-bf85-44c3-b994-bd85d930a0c4-1024x576-1.jpg","articleSection":["Opini\u00f3n"],"inLanguage":"es"},{"@type":"WebPage","@id":"https:\/\/transparenciaelectoral.org\/blog\/observadores-electorales-defensores-activos-de-los-derechos-humanos-en-el-ambito-electoral\/","url":"https:\/\/transparenciaelectoral.org\/blog\/observadores-electorales-defensores-activos-de-los-derechos-humanos-en-el-ambito-electoral\/","name":"Observadores Electorales: Defensores Activos de los Derechos Humanos en el \u00c1mbito Electoral - Transparencia Electoral","isPartOf":{"@id":"https:\/\/transparenciaelectoral.org\/blog\/#website"},"primaryImageOfPage":{"@id":"https:\/\/transparenciaelectoral.org\/blog\/observadores-electorales-defensores-activos-de-los-derechos-humanos-en-el-ambito-electoral\/#primaryimage"},"image":{"@id":"https:\/\/transparenciaelectoral.org\/blog\/observadores-electorales-defensores-activos-de-los-derechos-humanos-en-el-ambito-electoral\/#primaryimage"},"thumbnailUrl":"https:\/\/transparenciaelectoral.org\/blog\/wp-content\/uploads\/2023\/12\/089c429f-bf85-44c3-b994-bd85d930a0c4-1024x576-1.jpg","datePublished":"2023-12-06T14:47:40+00:00","dateModified":"2025-07-27T04:53:57+00:00","author":{"@id":"https:\/\/transparenciaelectoral.org\/blog\/#\/schema\/person\/63a97f81afd2c3820c6d9f262e27fe50"},"breadcrumb":{"@id":"https:\/\/transparenciaelectoral.org\/blog\/observadores-electorales-defensores-activos-de-los-derechos-humanos-en-el-ambito-electoral\/#breadcrumb"},"inLanguage":"es","potentialAction":[{"@type":"ReadAction","target":["https:\/\/transparenciaelectoral.org\/blog\/observadores-electorales-defensores-activos-de-los-derechos-humanos-en-el-ambito-electoral\/"]}]},{"@type":"ImageObject","inLanguage":"es","@id":"https:\/\/transparenciaelectoral.org\/blog\/observadores-electorales-defensores-activos-de-los-derechos-humanos-en-el-ambito-electoral\/#primaryimage","url":"https:\/\/transparenciaelectoral.org\/blog\/wp-content\/uploads\/2023\/12\/089c429f-bf85-44c3-b994-bd85d930a0c4-1024x576-1.jpg","contentUrl":"https:\/\/transparenciaelectoral.org\/blog\/wp-content\/uploads\/2023\/12\/089c429f-bf85-44c3-b994-bd85d930a0c4-1024x576-1.jpg","width":1024,"height":576},{"@type":"BreadcrumbList","@id":"https:\/\/transparenciaelectoral.org\/blog\/observadores-electorales-defensores-activos-de-los-derechos-humanos-en-el-ambito-electoral\/#breadcrumb","itemListElement":[{"@type":"ListItem","position":1,"name":"Portada","item":"https:\/\/transparenciaelectoral.org\/blog\/"},{"@type":"ListItem","position":2,"name":"Observadores Electorales: Defensores Activos de los Derechos Humanos en el \u00c1mbito Electoral"}]},{"@type":"WebSite","@id":"https:\/\/transparenciaelectoral.org\/blog\/#website","url":"https:\/\/transparenciaelectoral.org\/blog\/","name":"Transparencia Electoral","description":"","potentialAction":[{"@type":"SearchAction","target":{"@type":"EntryPoint","urlTemplate":"https:\/\/transparenciaelectoral.org\/blog\/?s={search_term_string}"},"query-input":{"@type":"PropertyValueSpecification","valueRequired":true,"valueName":"search_term_string"}}],"inLanguage":"es"},{"@type":"Person","@id":"https:\/\/transparenciaelectoral.org\/blog\/#\/schema\/person\/63a97f81afd2c3820c6d9f262e27fe50","name":"Transparencia Electoral","sameAs":["https:\/\/transparenciaelectoral.org\/blog\/"]}]}},"_links":{"self":[{"href":"https:\/\/transparenciaelectoral.org\/blog\/wp-json\/wp\/v2\/posts\/9808","targetHints":{"allow":["GET"]}}],"collection":[{"href":"https:\/\/transparenciaelectoral.org\/blog\/wp-json\/wp\/v2\/posts"}],"about":[{"href":"https:\/\/transparenciaelectoral.org\/blog\/wp-json\/wp\/v2\/types\/post"}],"author":[{"embeddable":true,"href":"https:\/\/transparenciaelectoral.org\/blog\/wp-json\/wp\/v2\/users\/6"}],"replies":[{"embeddable":true,"href":"https:\/\/transparenciaelectoral.org\/blog\/wp-json\/wp\/v2\/comments?post=9808"}],"version-history":[{"count":1,"href":"https:\/\/transparenciaelectoral.org\/blog\/wp-json\/wp\/v2\/posts\/9808\/revisions"}],"predecessor-version":[{"id":9810,"href":"https:\/\/transparenciaelectoral.org\/blog\/wp-json\/wp\/v2\/posts\/9808\/revisions\/9810"}],"wp:featuredmedia":[{"embeddable":true,"href":"https:\/\/transparenciaelectoral.org\/blog\/wp-json\/wp\/v2\/media\/9809"}],"wp:attachment":[{"href":"https:\/\/transparenciaelectoral.org\/blog\/wp-json\/wp\/v2\/media?parent=9808"}],"wp:term":[{"taxonomy":"category","embeddable":true,"href":"https:\/\/transparenciaelectoral.org\/blog\/wp-json\/wp\/v2\/categories?post=9808"},{"taxonomy":"post_tag","embeddable":true,"href":"https:\/\/transparenciaelectoral.org\/blog\/wp-json\/wp\/v2\/tags?post=9808"}],"curies":[{"name":"wp","href":"https:\/\/api.w.org\/{rel}","templated":true}]}}