{"id":9086,"date":"2023-05-19T18:59:55","date_gmt":"2023-05-19T21:59:55","guid":{"rendered":"https:\/\/transparenciaelectoral.org\/blog\/?p=9086"},"modified":"2025-07-27T01:54:01","modified_gmt":"2025-07-27T04:54:01","slug":"la-disolucion-del-congreso-en-ecuador-y-la-muerte-cruzada","status":"publish","type":"post","link":"https:\/\/transparenciaelectoral.org\/blog\/la-disolucion-del-congreso-en-ecuador-y-la-muerte-cruzada\/","title":{"rendered":"La disoluci\u00f3n del Congreso en Ecuador y la muerte cruzada"},"content":{"rendered":"\n<p><strong>El 17 de mayo de 2023, el presidente de Ecuador, Guillermo Lasso, tom\u00f3 una decisi\u00f3n hist\u00f3rica: disolver el Congreso y convocar a elecciones anticipadas.<\/strong> Esta medida, que nunca se hab\u00eda aplicado antes en el pa\u00eds, se conoce como \u00abmuerte cruzada\u00bb y est\u00e1 contemplada en la Constituci\u00f3n de 2008.<\/p>\n\n\n\n<h2 class=\"wp-block-heading\"><strong>\u00bfQu\u00e9 es la muerte cruzada y por qu\u00e9 la us\u00f3 Lasso?<\/strong><\/h2>\n\n\n\n<p><strong>La muerte cruzada es un mecanismo que permite al presidente o a la Asamblea Nacional disolver el otro poder y llamar a nuevas elecciones generales, tanto legislativas como presidenciales.<\/strong> Es una forma de resolver una crisis pol\u00edtica o una situaci\u00f3n de bloqueo institucional.<\/p>\n\n\n\n<p><strong>Seg\u00fan el art\u00edculo 148 de la Constituci\u00f3n de Ecuador, el presidente puede usar la muerte cruzada por una sola vez y solo en los tres primeros a\u00f1os de su mandato, por tres causales: si considera que la Asamblea ha realizado funciones que no le corresponden, si obstruye el Plan Nacional de Desarrollo o si hay grave crisis pol\u00edtica y conmoci\u00f3n interna.<\/strong><\/p>\n\n\n\n<p>Lasso invoc\u00f3 esta \u00faltima causal para disolver el Congreso, de mayor\u00eda opositora, que hab\u00eda iniciado un juicio pol\u00edtico en su contra por acusaciones de malversaci\u00f3n de fondos p\u00fablicos. El mandatario neg\u00f3 las imputaciones y las calific\u00f3 como un intento de desestabilizaci\u00f3n.<\/p>\n\n\n\n<p>Seg\u00fan la oposici\u00f3n, el actual presidente no dio por terminado un contrato entre la Flota Petrolera Ecuatoriana (Flopec) y el consorcio Amazonas Tankers para el transporte de derivados de petr\u00f3leo, lo cual supuestamente habr\u00eda representado perjuicios a las arcas estatales.<\/p>\n\n\n\n<p>\u00abEsta es una decisi\u00f3n democr\u00e1tica, no solo porque es constitucional, sino porque le devuelve al pueblo ecuatoriano, a ustedes, el poder de decidir su futuro en las pr\u00f3ximas elecciones\u00bb, dijo Lasso al anunciar la disoluci\u00f3n.<\/p>\n\n\n\n<h2 class=\"wp-block-heading\" style=\"font-size:29px\"><strong>\u00bfQu\u00e9 implica la muerte cruzada?<\/strong><\/h2>\n\n\n\n<p><strong>Una vez que se activa la muerte cruzada, el Consejo Nacional Electoral tiene siete d\u00edas para convocar a elecciones generales anticipadas, que deben realizarse en un plazo m\u00e1ximo de 90 d\u00edas<\/strong>. El presidente y los legisladores pueden presentarse nuevamente como candidatos, siempre que est\u00e9n ejerciendo por primera vez el cargo de manera consecutiva.<\/p>\n\n\n\n<p>Hasta que se instale la nueva Asamblea Nacional, el presidente puede gobernar por decreto, pero debe contar con el visto bueno previo de la Corte Constitucional.<\/p>\n\n\n\n<p>La muerte cruzada implica un riesgo para ambos poderes, ya que pueden perder sus atribuciones por la v\u00eda del voto popular. De ah\u00ed viene el t\u00e9rmino \u00abmuerte cruzada\u00bb, ya que tanto el presidente como la Asamblea pueden quedar fuera del juego pol\u00edtico.<\/p>\n\n\n\n<h2 class=\"wp-block-heading\"><strong>\u00bfQu\u00e9 antecedentes hay de la muerte cruzada?<\/strong><\/h2>\n\n\n\n<p><strong>La muerte cruzada se incorpor\u00f3 al orden jur\u00eddico ecuatoriano en la reforma constitucional de 2008, impulsada por el ex presidente Rafael Correa. Sin embargo, nunca se hab\u00eda aplicado hasta ahora.<\/strong><\/p>\n\n\n\n<p>El propio Correa amenaz\u00f3 con usarla si Lasso era electo y el Congreso intentaba destituirlo. Tambi\u00e9n la Asamblea Nacional intent\u00f3 activarla en junio de 2022, durante las protestas sociales que paralizaron al pa\u00eds por 18 d\u00edas, pero no logr\u00f3 los votos necesarios<\/p>\n\n\n\n<h2 class=\"wp-block-heading\"><strong>\u201cElecciones de Emergencia\u201d<\/strong><\/h2>\n\n\n\n<p>En medio del caos y la crisis econ\u00f3mica y sanitaria, <strong>el Consejo Nacional Electoral de Ecuador(CNE) dispone hasta el pr\u00f3ximo mi\u00e9rcoles para convocar elecciones presidenciales <\/strong>y legislativas para completar el periodo de cuatro a\u00f1os, que comenz\u00f3 en mayo de 2021. <strong>El CNE tiene el 20 de agosto como fecha tentativa para que se lleven a cabo los comicios.\u00a0<\/strong><\/p>\n\n\n\n<p>Ahora, Lasso ha marcado un precedente al ser el primer presidente en usar la muerte cruzada. Su decisi\u00f3n ha generado reacciones diversas entre los sectores pol\u00edticos y sociales del pa\u00eds. Algunos lo apoyan y otros lo cuestionan.<\/p>\n","protected":false},"excerpt":{"rendered":"<p>El 17 de mayo de 2023, el presidente de Ecuador, Guillermo Lasso, tom\u00f3 una decisi\u00f3n hist\u00f3rica: disolver el Congreso y convocar a elecciones anticipadas. Esta medida, que nunca se hab\u00eda aplicado antes en el pa\u00eds, se conoce como \u00abmuerte cruzada\u00bb y est\u00e1 contemplada en la Constituci\u00f3n de 2008. \u00bfQu\u00e9 es la muerte cruzada y por &hellip;<\/p>\n","protected":false},"author":6,"featured_media":9087,"comment_status":"closed","ping_status":"open","sticky":false,"template":"","format":"standard","meta":{"footnotes":""},"categories":[290],"tags":[],"class_list":["post-9086","post","type-post","status-publish","format-standard","has-post-thumbnail","hentry","category-blog"],"yoast_head":"<!-- This site is optimized with the Yoast SEO plugin v27.4 - https:\/\/yoast.com\/product\/yoast-seo-wordpress\/ -->\n<title>La disoluci\u00f3n del Congreso en Ecuador y la muerte cruzada - Transparencia Electoral<\/title>\n<meta name=\"description\" content=\"El 17 de mayo de 2023, el presidente de Ecuador, tom\u00f3 una decisi\u00f3n hist\u00f3rica: disolver el Congreso y convocar a elecciones anticipadas.\" \/>\n<meta name=\"robots\" content=\"index, follow, max-snippet:-1, max-image-preview:large, max-video-preview:-1\" \/>\n<link rel=\"canonical\" href=\"https:\/\/transparenciaelectoral.org\/blog\/la-disolucion-del-congreso-en-ecuador-y-la-muerte-cruzada\/\" \/>\n<meta property=\"og:locale\" content=\"es_ES\" \/>\n<meta property=\"og:type\" content=\"article\" \/>\n<meta property=\"og:title\" content=\"La disoluci\u00f3n del Congreso en Ecuador y la muerte cruzada - Transparencia Electoral\" \/>\n<meta property=\"og:description\" content=\"El 17 de mayo de 2023, el presidente de Ecuador, tom\u00f3 una decisi\u00f3n hist\u00f3rica: disolver el Congreso y convocar a elecciones anticipadas.\" \/>\n<meta property=\"og:url\" content=\"https:\/\/transparenciaelectoral.org\/blog\/la-disolucion-del-congreso-en-ecuador-y-la-muerte-cruzada\/\" \/>\n<meta property=\"og:site_name\" content=\"Transparencia Electoral\" \/>\n<meta property=\"article:publisher\" content=\"https:\/\/www.facebook.com\/Transparencia-Electoral-en-Am%c3%a9rica-latina-171661009688456\/\" \/>\n<meta property=\"article:published_time\" content=\"2023-05-19T21:59:55+00:00\" \/>\n<meta property=\"article:modified_time\" content=\"2025-07-27T04:54:01+00:00\" \/>\n<meta property=\"og:image\" content=\"https:\/\/transparenciaelectoral.org\/blog\/wp-content\/uploads\/2023\/05\/GettyImages-1253360151.webp\" \/>\n\t<meta property=\"og:image:width\" content=\"1024\" \/>\n\t<meta property=\"og:image:height\" content=\"683\" \/>\n\t<meta property=\"og:image:type\" content=\"image\/webp\" \/>\n<meta name=\"author\" content=\"Transparencia Electoral\" \/>\n<meta name=\"twitter:card\" content=\"summary_large_image\" \/>\n<meta name=\"twitter:creator\" content=\"@TransparenciaAL\" \/>\n<meta name=\"twitter:site\" content=\"@TransparenciaAL\" \/>\n<meta name=\"twitter:label1\" content=\"Escrito por\" \/>\n\t<meta name=\"twitter:data1\" content=\"Transparencia Electoral\" \/>\n\t<meta name=\"twitter:label2\" content=\"Tiempo de lectura\" \/>\n\t<meta name=\"twitter:data2\" content=\"3 minutos\" \/>\n<script type=\"application\/ld+json\" class=\"yoast-schema-graph\">{\"@context\":\"https:\\\/\\\/schema.org\",\"@graph\":[{\"@type\":\"Article\",\"@id\":\"https:\\\/\\\/transparenciaelectoral.org\\\/blog\\\/la-disolucion-del-congreso-en-ecuador-y-la-muerte-cruzada\\\/#article\",\"isPartOf\":{\"@id\":\"https:\\\/\\\/transparenciaelectoral.org\\\/blog\\\/la-disolucion-del-congreso-en-ecuador-y-la-muerte-cruzada\\\/\"},\"author\":{\"name\":\"Transparencia Electoral\",\"@id\":\"https:\\\/\\\/transparenciaelectoral.org\\\/blog\\\/#\\\/schema\\\/person\\\/63a97f81afd2c3820c6d9f262e27fe50\"},\"headline\":\"La disoluci\u00f3n del Congreso en Ecuador y la muerte cruzada\",\"datePublished\":\"2023-05-19T21:59:55+00:00\",\"dateModified\":\"2025-07-27T04:54:01+00:00\",\"mainEntityOfPage\":{\"@id\":\"https:\\\/\\\/transparenciaelectoral.org\\\/blog\\\/la-disolucion-del-congreso-en-ecuador-y-la-muerte-cruzada\\\/\"},\"wordCount\":630,\"image\":{\"@id\":\"https:\\\/\\\/transparenciaelectoral.org\\\/blog\\\/la-disolucion-del-congreso-en-ecuador-y-la-muerte-cruzada\\\/#primaryimage\"},\"thumbnailUrl\":\"https:\\\/\\\/transparenciaelectoral.org\\\/blog\\\/wp-content\\\/uploads\\\/2023\\\/05\\\/GettyImages-1253360151.webp\",\"articleSection\":[\"Blog\"],\"inLanguage\":\"es\"},{\"@type\":\"WebPage\",\"@id\":\"https:\\\/\\\/transparenciaelectoral.org\\\/blog\\\/la-disolucion-del-congreso-en-ecuador-y-la-muerte-cruzada\\\/\",\"url\":\"https:\\\/\\\/transparenciaelectoral.org\\\/blog\\\/la-disolucion-del-congreso-en-ecuador-y-la-muerte-cruzada\\\/\",\"name\":\"La disoluci\u00f3n del Congreso en Ecuador y la muerte cruzada - Transparencia Electoral\",\"isPartOf\":{\"@id\":\"https:\\\/\\\/transparenciaelectoral.org\\\/blog\\\/#website\"},\"primaryImageOfPage\":{\"@id\":\"https:\\\/\\\/transparenciaelectoral.org\\\/blog\\\/la-disolucion-del-congreso-en-ecuador-y-la-muerte-cruzada\\\/#primaryimage\"},\"image\":{\"@id\":\"https:\\\/\\\/transparenciaelectoral.org\\\/blog\\\/la-disolucion-del-congreso-en-ecuador-y-la-muerte-cruzada\\\/#primaryimage\"},\"thumbnailUrl\":\"https:\\\/\\\/transparenciaelectoral.org\\\/blog\\\/wp-content\\\/uploads\\\/2023\\\/05\\\/GettyImages-1253360151.webp\",\"datePublished\":\"2023-05-19T21:59:55+00:00\",\"dateModified\":\"2025-07-27T04:54:01+00:00\",\"author\":{\"@id\":\"https:\\\/\\\/transparenciaelectoral.org\\\/blog\\\/#\\\/schema\\\/person\\\/63a97f81afd2c3820c6d9f262e27fe50\"},\"description\":\"El 17 de mayo de 2023, el presidente de Ecuador, tom\u00f3 una decisi\u00f3n hist\u00f3rica: disolver el Congreso y convocar a elecciones anticipadas.\",\"breadcrumb\":{\"@id\":\"https:\\\/\\\/transparenciaelectoral.org\\\/blog\\\/la-disolucion-del-congreso-en-ecuador-y-la-muerte-cruzada\\\/#breadcrumb\"},\"inLanguage\":\"es\",\"potentialAction\":[{\"@type\":\"ReadAction\",\"target\":[\"https:\\\/\\\/transparenciaelectoral.org\\\/blog\\\/la-disolucion-del-congreso-en-ecuador-y-la-muerte-cruzada\\\/\"]}]},{\"@type\":\"ImageObject\",\"inLanguage\":\"es\",\"@id\":\"https:\\\/\\\/transparenciaelectoral.org\\\/blog\\\/la-disolucion-del-congreso-en-ecuador-y-la-muerte-cruzada\\\/#primaryimage\",\"url\":\"https:\\\/\\\/transparenciaelectoral.org\\\/blog\\\/wp-content\\\/uploads\\\/2023\\\/05\\\/GettyImages-1253360151.webp\",\"contentUrl\":\"https:\\\/\\\/transparenciaelectoral.org\\\/blog\\\/wp-content\\\/uploads\\\/2023\\\/05\\\/GettyImages-1253360151.webp\",\"width\":1024,\"height\":683,\"caption\":\"Disoluci\u00f3n de la Asamblea Ecuador\"},{\"@type\":\"BreadcrumbList\",\"@id\":\"https:\\\/\\\/transparenciaelectoral.org\\\/blog\\\/la-disolucion-del-congreso-en-ecuador-y-la-muerte-cruzada\\\/#breadcrumb\",\"itemListElement\":[{\"@type\":\"ListItem\",\"position\":1,\"name\":\"Portada\",\"item\":\"https:\\\/\\\/transparenciaelectoral.org\\\/blog\\\/\"},{\"@type\":\"ListItem\",\"position\":2,\"name\":\"La disoluci\u00f3n del Congreso en Ecuador y la muerte cruzada\"}]},{\"@type\":\"WebSite\",\"@id\":\"https:\\\/\\\/transparenciaelectoral.org\\\/blog\\\/#website\",\"url\":\"https:\\\/\\\/transparenciaelectoral.org\\\/blog\\\/\",\"name\":\"Transparencia Electoral\",\"description\":\"\",\"potentialAction\":[{\"@type\":\"SearchAction\",\"target\":{\"@type\":\"EntryPoint\",\"urlTemplate\":\"https:\\\/\\\/transparenciaelectoral.org\\\/blog\\\/?s={search_term_string}\"},\"query-input\":{\"@type\":\"PropertyValueSpecification\",\"valueRequired\":true,\"valueName\":\"search_term_string\"}}],\"inLanguage\":\"es\"},{\"@type\":\"Person\",\"@id\":\"https:\\\/\\\/transparenciaelectoral.org\\\/blog\\\/#\\\/schema\\\/person\\\/63a97f81afd2c3820c6d9f262e27fe50\",\"name\":\"Transparencia Electoral\",\"sameAs\":[\"https:\\\/\\\/transparenciaelectoral.org\\\/blog\\\/\"]}]}<\/script>\n<!-- \/ Yoast SEO plugin. -->","yoast_head_json":{"title":"La disoluci\u00f3n del Congreso en Ecuador y la muerte cruzada - Transparencia Electoral","description":"El 17 de mayo de 2023, el presidente de Ecuador, tom\u00f3 una decisi\u00f3n hist\u00f3rica: disolver el Congreso y convocar a elecciones anticipadas.","robots":{"index":"index","follow":"follow","max-snippet":"max-snippet:-1","max-image-preview":"max-image-preview:large","max-video-preview":"max-video-preview:-1"},"canonical":"https:\/\/transparenciaelectoral.org\/blog\/la-disolucion-del-congreso-en-ecuador-y-la-muerte-cruzada\/","og_locale":"es_ES","og_type":"article","og_title":"La disoluci\u00f3n del Congreso en Ecuador y la muerte cruzada - Transparencia Electoral","og_description":"El 17 de mayo de 2023, el presidente de Ecuador, tom\u00f3 una decisi\u00f3n hist\u00f3rica: disolver el Congreso y convocar a elecciones anticipadas.","og_url":"https:\/\/transparenciaelectoral.org\/blog\/la-disolucion-del-congreso-en-ecuador-y-la-muerte-cruzada\/","og_site_name":"Transparencia Electoral","article_publisher":"https:\/\/www.facebook.com\/Transparencia-Electoral-en-Am%c3%a9rica-latina-171661009688456\/","article_published_time":"2023-05-19T21:59:55+00:00","article_modified_time":"2025-07-27T04:54:01+00:00","og_image":[{"width":1024,"height":683,"url":"https:\/\/transparenciaelectoral.org\/blog\/wp-content\/uploads\/2023\/05\/GettyImages-1253360151.webp","type":"image\/webp"}],"author":"Transparencia Electoral","twitter_card":"summary_large_image","twitter_creator":"@TransparenciaAL","twitter_site":"@TransparenciaAL","twitter_misc":{"Escrito por":"Transparencia Electoral","Tiempo de lectura":"3 minutos"},"schema":{"@context":"https:\/\/schema.org","@graph":[{"@type":"Article","@id":"https:\/\/transparenciaelectoral.org\/blog\/la-disolucion-del-congreso-en-ecuador-y-la-muerte-cruzada\/#article","isPartOf":{"@id":"https:\/\/transparenciaelectoral.org\/blog\/la-disolucion-del-congreso-en-ecuador-y-la-muerte-cruzada\/"},"author":{"name":"Transparencia Electoral","@id":"https:\/\/transparenciaelectoral.org\/blog\/#\/schema\/person\/63a97f81afd2c3820c6d9f262e27fe50"},"headline":"La disoluci\u00f3n del Congreso en Ecuador y la muerte cruzada","datePublished":"2023-05-19T21:59:55+00:00","dateModified":"2025-07-27T04:54:01+00:00","mainEntityOfPage":{"@id":"https:\/\/transparenciaelectoral.org\/blog\/la-disolucion-del-congreso-en-ecuador-y-la-muerte-cruzada\/"},"wordCount":630,"image":{"@id":"https:\/\/transparenciaelectoral.org\/blog\/la-disolucion-del-congreso-en-ecuador-y-la-muerte-cruzada\/#primaryimage"},"thumbnailUrl":"https:\/\/transparenciaelectoral.org\/blog\/wp-content\/uploads\/2023\/05\/GettyImages-1253360151.webp","articleSection":["Blog"],"inLanguage":"es"},{"@type":"WebPage","@id":"https:\/\/transparenciaelectoral.org\/blog\/la-disolucion-del-congreso-en-ecuador-y-la-muerte-cruzada\/","url":"https:\/\/transparenciaelectoral.org\/blog\/la-disolucion-del-congreso-en-ecuador-y-la-muerte-cruzada\/","name":"La disoluci\u00f3n del Congreso en Ecuador y la muerte cruzada - Transparencia Electoral","isPartOf":{"@id":"https:\/\/transparenciaelectoral.org\/blog\/#website"},"primaryImageOfPage":{"@id":"https:\/\/transparenciaelectoral.org\/blog\/la-disolucion-del-congreso-en-ecuador-y-la-muerte-cruzada\/#primaryimage"},"image":{"@id":"https:\/\/transparenciaelectoral.org\/blog\/la-disolucion-del-congreso-en-ecuador-y-la-muerte-cruzada\/#primaryimage"},"thumbnailUrl":"https:\/\/transparenciaelectoral.org\/blog\/wp-content\/uploads\/2023\/05\/GettyImages-1253360151.webp","datePublished":"2023-05-19T21:59:55+00:00","dateModified":"2025-07-27T04:54:01+00:00","author":{"@id":"https:\/\/transparenciaelectoral.org\/blog\/#\/schema\/person\/63a97f81afd2c3820c6d9f262e27fe50"},"description":"El 17 de mayo de 2023, el presidente de Ecuador, tom\u00f3 una decisi\u00f3n hist\u00f3rica: disolver el Congreso y convocar a elecciones anticipadas.","breadcrumb":{"@id":"https:\/\/transparenciaelectoral.org\/blog\/la-disolucion-del-congreso-en-ecuador-y-la-muerte-cruzada\/#breadcrumb"},"inLanguage":"es","potentialAction":[{"@type":"ReadAction","target":["https:\/\/transparenciaelectoral.org\/blog\/la-disolucion-del-congreso-en-ecuador-y-la-muerte-cruzada\/"]}]},{"@type":"ImageObject","inLanguage":"es","@id":"https:\/\/transparenciaelectoral.org\/blog\/la-disolucion-del-congreso-en-ecuador-y-la-muerte-cruzada\/#primaryimage","url":"https:\/\/transparenciaelectoral.org\/blog\/wp-content\/uploads\/2023\/05\/GettyImages-1253360151.webp","contentUrl":"https:\/\/transparenciaelectoral.org\/blog\/wp-content\/uploads\/2023\/05\/GettyImages-1253360151.webp","width":1024,"height":683,"caption":"Disoluci\u00f3n de la Asamblea Ecuador"},{"@type":"BreadcrumbList","@id":"https:\/\/transparenciaelectoral.org\/blog\/la-disolucion-del-congreso-en-ecuador-y-la-muerte-cruzada\/#breadcrumb","itemListElement":[{"@type":"ListItem","position":1,"name":"Portada","item":"https:\/\/transparenciaelectoral.org\/blog\/"},{"@type":"ListItem","position":2,"name":"La disoluci\u00f3n del Congreso en Ecuador y la muerte cruzada"}]},{"@type":"WebSite","@id":"https:\/\/transparenciaelectoral.org\/blog\/#website","url":"https:\/\/transparenciaelectoral.org\/blog\/","name":"Transparencia Electoral","description":"","potentialAction":[{"@type":"SearchAction","target":{"@type":"EntryPoint","urlTemplate":"https:\/\/transparenciaelectoral.org\/blog\/?s={search_term_string}"},"query-input":{"@type":"PropertyValueSpecification","valueRequired":true,"valueName":"search_term_string"}}],"inLanguage":"es"},{"@type":"Person","@id":"https:\/\/transparenciaelectoral.org\/blog\/#\/schema\/person\/63a97f81afd2c3820c6d9f262e27fe50","name":"Transparencia Electoral","sameAs":["https:\/\/transparenciaelectoral.org\/blog\/"]}]}},"_links":{"self":[{"href":"https:\/\/transparenciaelectoral.org\/blog\/wp-json\/wp\/v2\/posts\/9086","targetHints":{"allow":["GET"]}}],"collection":[{"href":"https:\/\/transparenciaelectoral.org\/blog\/wp-json\/wp\/v2\/posts"}],"about":[{"href":"https:\/\/transparenciaelectoral.org\/blog\/wp-json\/wp\/v2\/types\/post"}],"author":[{"embeddable":true,"href":"https:\/\/transparenciaelectoral.org\/blog\/wp-json\/wp\/v2\/users\/6"}],"replies":[{"embeddable":true,"href":"https:\/\/transparenciaelectoral.org\/blog\/wp-json\/wp\/v2\/comments?post=9086"}],"version-history":[{"count":1,"href":"https:\/\/transparenciaelectoral.org\/blog\/wp-json\/wp\/v2\/posts\/9086\/revisions"}],"predecessor-version":[{"id":9088,"href":"https:\/\/transparenciaelectoral.org\/blog\/wp-json\/wp\/v2\/posts\/9086\/revisions\/9088"}],"wp:featuredmedia":[{"embeddable":true,"href":"https:\/\/transparenciaelectoral.org\/blog\/wp-json\/wp\/v2\/media\/9087"}],"wp:attachment":[{"href":"https:\/\/transparenciaelectoral.org\/blog\/wp-json\/wp\/v2\/media?parent=9086"}],"wp:term":[{"taxonomy":"category","embeddable":true,"href":"https:\/\/transparenciaelectoral.org\/blog\/wp-json\/wp\/v2\/categories?post=9086"},{"taxonomy":"post_tag","embeddable":true,"href":"https:\/\/transparenciaelectoral.org\/blog\/wp-json\/wp\/v2\/tags?post=9086"}],"curies":[{"name":"wp","href":"https:\/\/api.w.org\/{rel}","templated":true}]}}