{"id":8826,"date":"2023-03-31T12:30:24","date_gmt":"2023-03-31T15:30:24","guid":{"rendered":"https:\/\/transparenciaelectoral.org\/blog\/?p=8826"},"modified":"2025-07-27T01:54:23","modified_gmt":"2025-07-27T04:54:23","slug":"auditoria-de-las-elecciones-de-cuba-transparencia-electoral-toma-palabra-del-consejo-electoral-nacional-y-solicita-auditar-las-elecciones","status":"publish","type":"post","link":"https:\/\/transparenciaelectoral.org\/blog\/auditoria-de-las-elecciones-de-cuba-transparencia-electoral-toma-palabra-del-consejo-electoral-nacional-y-solicita-auditar-las-elecciones\/","title":{"rendered":"Auditor\u00eda de las elecciones de Cuba: Transparencia Electoral toma palabra del Consejo Electoral Nacional y solicita auditar las elecciones"},"content":{"rendered":"\n<p>El d\u00eda de ayer la presidenta del Consejo Electoral Nacional (CEN), Alina Balseiro, <a href=\"https:\/\/www.youtube.com\/watch?v=FXNxa1H7LXI\">brind\u00f3 una rueda de prensa<\/a> para ofrecer los resultados definitivos de las elecciones para la Asamblea Nacional del Poder Popular (ANPP) de Cuba celebradas el pasado domingo 26 de marzo.<\/p>\n\n\n\n<p>En ella inform\u00f3 que el padr\u00f3n electoral cambi\u00f3 durante la jornada de votaci\u00f3n, algo com\u00fan en Cuba, aumentando en cerca de 9 mil electores debido a la \u201ccompatibilizaci\u00f3n\u201d de las listas de electores.<\/p>\n\n\n\n<p>Se\u00f1al\u00f3 que de acuerdo a datos oficiales la participaci\u00f3n pas\u00f3 a 75,89% (6.167.605), y que \u201ctodos los diputados resultaron electos con m\u00e1s del 61% de los votos v\u00e1lidos emitidos seg\u00fan exige la ley electoral, con el voto libre, igual, directo y secreto\u201d.<\/p>\n\n\n\n<p>Reiter\u00f3 en varias ocasiones la transparencia del proceso electoral, e incluso asegur\u00f3 que \u201ca nosotros, no es el caso pero <strong>nos pueden auditar, nos pueden revisar<\/strong>\u201d.<\/p>\n\n\n\n<p>Transparencia Electoral le toma la palabra a Balseiro y solicita de manera oficial hacer una auditor\u00eda integral en las distintas fases del proceso electoral.<\/p>\n\n\n\n<p>A pesar de las declaraciones de la titular del CEN, las elecciones cubanas son esencialmente autocr\u00e1ticas (por clausulas establecidas en la Constituci\u00f3n \u2013 r\u00e9gimen de partido \u00fanico e irrevocabilidad del socialismo -) y t\u00e9cnicamente opacas.<\/p>\n\n\n\n<p>Es decir, por su naturaleza son elecciones no competitivas, que solo sirven para buscar legitimar a los candidatos previamente seleccionados por las organizaciones de masas subordinadas al Partido Comunista de Cuba (PCC), y procedimentalmente son inescrutables, porque no hay controles cruzados, auditor\u00edas independientes ni observaci\u00f3n electoral nacional y\/o internacional.<\/p>\n\n\n\n<p>De manera tal que Transparencia Electoral propone la realizaci\u00f3n de una auditor\u00eda que pueda dar respuesta a temas como:<\/p>\n\n\n\n<ol class=\"wp-block-list\" type=\"1\">\n<li>\u00bfCu\u00e1les son los criterios usados por la Comisi\u00f3n Nacional de Candidaturas para la selecci\u00f3n de 470 candidatos de un universo de m\u00e1s de 19 mil que se hab\u00edan anunciado inicialmente?<\/li>\n\n\n\n<li>\u00bfCu\u00e1les son los criterios de selecci\u00f3n de los funcionarios electorales?<\/li>\n\n\n\n<li>\u00bfCu\u00e1les son los criterios para la selecci\u00f3n de las autoridades de mesa, qu\u00e9 tipo de capacitaci\u00f3n recibieron y c\u00f3mo fueron evaluadas?<\/li>\n\n\n\n<li>\u00bfCu\u00e1l es el criterio para la selecci\u00f3n de centros de votaci\u00f3n? \u00bfC\u00f3mo garantizan la accesibilidad?<\/li>\n\n\n\n<li>\u00bfCu\u00e1les son las medidas de seguridad en la labor de despliegue del material electoral? \u00bfLas boletas tienen alguna identificaci\u00f3n? \u00bfC\u00f3mo se aseguran de que no sean ap\u00f3crifas? \u00bfQu\u00e9 organismo est\u00e1 encargado de rendir cuentas sobre el operativo de despliegue?<\/li>\n\n\n\n<li>\u00bfC\u00f3mo se confecciona el padr\u00f3n electoral y c\u00f3mo se depura?<\/li>\n\n\n\n<li>\u00bfC\u00f3mo aseguran que una persona no vote en dos o m\u00e1s centros de votaci\u00f3n? \u00bfCu\u00e1l es el procedimiento para cruzar los listados de votaci\u00f3n? \u00bfC\u00f3mo se realiza la consolidaci\u00f3n?<\/li>\n\n\n\n<li>\u00bfCu\u00e1les son los protocolos para el traslado de la urna una vez finalizada la elecci\u00f3n? \u00bfC\u00f3mo se garantiza la cadena de custodia del material en caso de que sea necesario un reconteo de una mesa?<\/li>\n\n\n\n<li>\u00bfCu\u00e1les son las causales para reabrir una urna?<\/li>\n\n\n\n<li>\u00bfQu\u00e9 recursos pueden interponer los ciudadanos que observen el escrutinio en caso de que no est\u00e9n de acuerdo con lo reflejado en el acta de escrutinio y ante cu\u00e1les instancias?<\/li>\n\n\n\n<li>\u00bfD\u00f3nde est\u00e1n las actas de escrutinio? \u00bfPor qu\u00e9 no est\u00e1n publicadas y abiertas al p\u00fablico en formato digital?<\/li>\n\n\n\n<li>\u00bfCu\u00e1l es el sistema de transmisi\u00f3n y consolidaci\u00f3n de los datos? \u00bfQui\u00e9n lo audita?<\/li>\n<\/ol>\n\n\n\n<p>Estas son solo algunas cuestiones que pudieran ser analizadas en una auditor\u00eda integral que si bien no revertir\u00eda el talante antidemocr\u00e1tico de la elecci\u00f3n, s\u00ed pueda dar cuenta de su solidez t\u00e9cnica.<\/p>\n\n\n\n<p><a href=\"https:\/\/transparenciaelectoral.org\/blog\/transparencia-electoral-el-desempeno-del-cen-cuba-en-la-segunda-vuelta-de-las-elecciones-municipales-refuerza-la-necesidad-de-una-auditoria-a-los-resultados\/\">Transparencia Electoral solicit\u00f3 al Consejo Electoral Nacional abrirse a una auditor\u00eda independiente<\/a> despu\u00e9s de las elecciones municipales de 2022 con el objetivo de que los puntos anteriormente mencionados quedara claros antes de celebrar los comicios del 26 de marzo. Sin embargo, no hubo apertura por parte del organismo electoral.<\/p>\n\n\n\n<p>Dado que en esta ocasi\u00f3n la titular del CEN, Alina Balseiro, expresa p\u00fablicamente que est\u00e1n abiertos a una auditor\u00eda, y considerando que los resultados han generado dudas justificadas al no haber relaci\u00f3n entre el porcentaje de participaci\u00f3n anunciado y la afluencia de votantes en los centros de votaci\u00f3n, Transparencia Electoral reitera la solicitud para auditar el proceso. El equipo t\u00e9cnico de la organizaci\u00f3n pone a disposici\u00f3n a la unidad t\u00e9cnica para viajar a La Habana y poner en marcha una auditor\u00eda integral.<\/p>\n\n\n\n<p>Lamentablemente la p\u00e1gina web del CEN no est\u00e1 en funcionamiento al momento de la publicaci\u00f3n de este comunicado, por lo que Transparencia Electoral comunica v\u00eda Twitter la propuesta.<\/p>\n","protected":false},"excerpt":{"rendered":"<p>El d\u00eda de ayer la presidenta del Consejo Electoral Nacional (CEN), Alina Balseiro, brind\u00f3 una rueda de prensa para ofrecer los resultados definitivos de las elecciones para la Asamblea Nacional del Poder Popular (ANPP) de Cuba celebradas el pasado domingo 26 de marzo. En ella inform\u00f3 que el padr\u00f3n electoral cambi\u00f3 durante la jornada de &hellip;<\/p>\n","protected":false},"author":6,"featured_media":8827,"comment_status":"closed","ping_status":"open","sticky":false,"template":"","format":"standard","meta":{"footnotes":""},"categories":[220,100],"tags":[282,280,108,104],"class_list":["post-8826","post","type-post","status-publish","format-standard","has-post-thumbnail","hentry","category-cuba","category-noticias","tag-autocracia","tag-cuba","tag-elecciones","tag-transparencia-electoral"],"yoast_head":"<!-- This site is optimized with the Yoast SEO plugin v27.5 - https:\/\/yoast.com\/product\/yoast-seo-wordpress\/ -->\n<title>Auditor\u00eda de las elecciones de Cuba: Transparencia Electoral toma palabra del Consejo Electoral Nacional y solicita auditar las elecciones - Transparencia Electoral<\/title>\n<meta name=\"robots\" content=\"index, follow, max-snippet:-1, max-image-preview:large, max-video-preview:-1\" \/>\n<link rel=\"canonical\" href=\"https:\/\/transparenciaelectoral.org\/blog\/auditoria-de-las-elecciones-de-cuba-transparencia-electoral-toma-palabra-del-consejo-electoral-nacional-y-solicita-auditar-las-elecciones\/\" \/>\n<meta property=\"og:locale\" content=\"es_ES\" \/>\n<meta property=\"og:type\" content=\"article\" \/>\n<meta property=\"og:title\" content=\"Auditor\u00eda de las elecciones de Cuba: Transparencia Electoral toma palabra del Consejo Electoral Nacional y solicita auditar las elecciones - Transparencia Electoral\" \/>\n<meta property=\"og:description\" content=\"El d\u00eda de ayer la presidenta del Consejo Electoral Nacional (CEN), Alina Balseiro, brind\u00f3 una rueda de prensa para ofrecer los resultados definitivos de las elecciones para la Asamblea Nacional del Poder Popular (ANPP) de Cuba celebradas el pasado domingo 26 de marzo. En ella inform\u00f3 que el padr\u00f3n electoral cambi\u00f3 durante la jornada de &hellip;\" \/>\n<meta property=\"og:url\" content=\"https:\/\/transparenciaelectoral.org\/blog\/auditoria-de-las-elecciones-de-cuba-transparencia-electoral-toma-palabra-del-consejo-electoral-nacional-y-solicita-auditar-las-elecciones\/\" \/>\n<meta property=\"og:site_name\" content=\"Transparencia Electoral\" \/>\n<meta property=\"article:publisher\" content=\"https:\/\/www.facebook.com\/Transparencia-Electoral-en-Am%c3%a9rica-latina-171661009688456\/\" \/>\n<meta property=\"article:published_time\" content=\"2023-03-31T15:30:24+00:00\" \/>\n<meta property=\"article:modified_time\" content=\"2025-07-27T04:54:23+00:00\" \/>\n<meta property=\"og:image\" content=\"https:\/\/transparenciaelectoral.org\/blog\/wp-content\/uploads\/2023\/03\/Alina-Balseiro.png\" \/>\n\t<meta property=\"og:image:width\" content=\"1366\" \/>\n\t<meta property=\"og:image:height\" content=\"768\" \/>\n\t<meta property=\"og:image:type\" content=\"image\/png\" \/>\n<meta name=\"author\" content=\"Transparencia Electoral\" \/>\n<meta name=\"twitter:card\" content=\"summary_large_image\" \/>\n<meta name=\"twitter:creator\" content=\"@TransparenciaAL\" \/>\n<meta name=\"twitter:site\" content=\"@TransparenciaAL\" \/>\n<meta name=\"twitter:label1\" content=\"Escrito por\" \/>\n\t<meta name=\"twitter:data1\" content=\"Transparencia Electoral\" \/>\n\t<meta name=\"twitter:label2\" content=\"Tiempo de lectura\" \/>\n\t<meta name=\"twitter:data2\" content=\"4 minutos\" \/>\n<script type=\"application\/ld+json\" class=\"yoast-schema-graph\">{\"@context\":\"https:\\\/\\\/schema.org\",\"@graph\":[{\"@type\":\"Article\",\"@id\":\"https:\\\/\\\/transparenciaelectoral.org\\\/blog\\\/auditoria-de-las-elecciones-de-cuba-transparencia-electoral-toma-palabra-del-consejo-electoral-nacional-y-solicita-auditar-las-elecciones\\\/#article\",\"isPartOf\":{\"@id\":\"https:\\\/\\\/transparenciaelectoral.org\\\/blog\\\/auditoria-de-las-elecciones-de-cuba-transparencia-electoral-toma-palabra-del-consejo-electoral-nacional-y-solicita-auditar-las-elecciones\\\/\"},\"author\":{\"name\":\"Transparencia Electoral\",\"@id\":\"https:\\\/\\\/transparenciaelectoral.org\\\/blog\\\/#\\\/schema\\\/person\\\/63a97f81afd2c3820c6d9f262e27fe50\"},\"headline\":\"Auditor\u00eda de las elecciones de Cuba: Transparencia Electoral toma palabra del Consejo Electoral Nacional y solicita auditar las elecciones\",\"datePublished\":\"2023-03-31T15:30:24+00:00\",\"dateModified\":\"2025-07-27T04:54:23+00:00\",\"mainEntityOfPage\":{\"@id\":\"https:\\\/\\\/transparenciaelectoral.org\\\/blog\\\/auditoria-de-las-elecciones-de-cuba-transparencia-electoral-toma-palabra-del-consejo-electoral-nacional-y-solicita-auditar-las-elecciones\\\/\"},\"wordCount\":816,\"image\":{\"@id\":\"https:\\\/\\\/transparenciaelectoral.org\\\/blog\\\/auditoria-de-las-elecciones-de-cuba-transparencia-electoral-toma-palabra-del-consejo-electoral-nacional-y-solicita-auditar-las-elecciones\\\/#primaryimage\"},\"thumbnailUrl\":\"https:\\\/\\\/transparenciaelectoral.org\\\/blog\\\/wp-content\\\/uploads\\\/2023\\\/03\\\/Alina-Balseiro.png\",\"keywords\":[\"Autocracia\",\"Cuba\",\"Elecciones\",\"Transparencia Electoral\"],\"articleSection\":[\"Cuba \ud83c\udde8\ud83c\uddfa\",\"Noticias\"],\"inLanguage\":\"es\"},{\"@type\":\"WebPage\",\"@id\":\"https:\\\/\\\/transparenciaelectoral.org\\\/blog\\\/auditoria-de-las-elecciones-de-cuba-transparencia-electoral-toma-palabra-del-consejo-electoral-nacional-y-solicita-auditar-las-elecciones\\\/\",\"url\":\"https:\\\/\\\/transparenciaelectoral.org\\\/blog\\\/auditoria-de-las-elecciones-de-cuba-transparencia-electoral-toma-palabra-del-consejo-electoral-nacional-y-solicita-auditar-las-elecciones\\\/\",\"name\":\"Auditor\u00eda de las elecciones de Cuba: Transparencia Electoral toma palabra del Consejo Electoral Nacional y solicita auditar las elecciones - Transparencia Electoral\",\"isPartOf\":{\"@id\":\"https:\\\/\\\/transparenciaelectoral.org\\\/blog\\\/#website\"},\"primaryImageOfPage\":{\"@id\":\"https:\\\/\\\/transparenciaelectoral.org\\\/blog\\\/auditoria-de-las-elecciones-de-cuba-transparencia-electoral-toma-palabra-del-consejo-electoral-nacional-y-solicita-auditar-las-elecciones\\\/#primaryimage\"},\"image\":{\"@id\":\"https:\\\/\\\/transparenciaelectoral.org\\\/blog\\\/auditoria-de-las-elecciones-de-cuba-transparencia-electoral-toma-palabra-del-consejo-electoral-nacional-y-solicita-auditar-las-elecciones\\\/#primaryimage\"},\"thumbnailUrl\":\"https:\\\/\\\/transparenciaelectoral.org\\\/blog\\\/wp-content\\\/uploads\\\/2023\\\/03\\\/Alina-Balseiro.png\",\"datePublished\":\"2023-03-31T15:30:24+00:00\",\"dateModified\":\"2025-07-27T04:54:23+00:00\",\"author\":{\"@id\":\"https:\\\/\\\/transparenciaelectoral.org\\\/blog\\\/#\\\/schema\\\/person\\\/63a97f81afd2c3820c6d9f262e27fe50\"},\"breadcrumb\":{\"@id\":\"https:\\\/\\\/transparenciaelectoral.org\\\/blog\\\/auditoria-de-las-elecciones-de-cuba-transparencia-electoral-toma-palabra-del-consejo-electoral-nacional-y-solicita-auditar-las-elecciones\\\/#breadcrumb\"},\"inLanguage\":\"es\",\"potentialAction\":[{\"@type\":\"ReadAction\",\"target\":[\"https:\\\/\\\/transparenciaelectoral.org\\\/blog\\\/auditoria-de-las-elecciones-de-cuba-transparencia-electoral-toma-palabra-del-consejo-electoral-nacional-y-solicita-auditar-las-elecciones\\\/\"]}]},{\"@type\":\"ImageObject\",\"inLanguage\":\"es\",\"@id\":\"https:\\\/\\\/transparenciaelectoral.org\\\/blog\\\/auditoria-de-las-elecciones-de-cuba-transparencia-electoral-toma-palabra-del-consejo-electoral-nacional-y-solicita-auditar-las-elecciones\\\/#primaryimage\",\"url\":\"https:\\\/\\\/transparenciaelectoral.org\\\/blog\\\/wp-content\\\/uploads\\\/2023\\\/03\\\/Alina-Balseiro.png\",\"contentUrl\":\"https:\\\/\\\/transparenciaelectoral.org\\\/blog\\\/wp-content\\\/uploads\\\/2023\\\/03\\\/Alina-Balseiro.png\",\"width\":1366,\"height\":768},{\"@type\":\"BreadcrumbList\",\"@id\":\"https:\\\/\\\/transparenciaelectoral.org\\\/blog\\\/auditoria-de-las-elecciones-de-cuba-transparencia-electoral-toma-palabra-del-consejo-electoral-nacional-y-solicita-auditar-las-elecciones\\\/#breadcrumb\",\"itemListElement\":[{\"@type\":\"ListItem\",\"position\":1,\"name\":\"Portada\",\"item\":\"https:\\\/\\\/transparenciaelectoral.org\\\/blog\\\/\"},{\"@type\":\"ListItem\",\"position\":2,\"name\":\"Auditor\u00eda de las elecciones de Cuba: Transparencia Electoral toma palabra del Consejo Electoral Nacional y solicita auditar las elecciones\"}]},{\"@type\":\"WebSite\",\"@id\":\"https:\\\/\\\/transparenciaelectoral.org\\\/blog\\\/#website\",\"url\":\"https:\\\/\\\/transparenciaelectoral.org\\\/blog\\\/\",\"name\":\"Transparencia Electoral\",\"description\":\"\",\"potentialAction\":[{\"@type\":\"SearchAction\",\"target\":{\"@type\":\"EntryPoint\",\"urlTemplate\":\"https:\\\/\\\/transparenciaelectoral.org\\\/blog\\\/?s={search_term_string}\"},\"query-input\":{\"@type\":\"PropertyValueSpecification\",\"valueRequired\":true,\"valueName\":\"search_term_string\"}}],\"inLanguage\":\"es\"},{\"@type\":\"Person\",\"@id\":\"https:\\\/\\\/transparenciaelectoral.org\\\/blog\\\/#\\\/schema\\\/person\\\/63a97f81afd2c3820c6d9f262e27fe50\",\"name\":\"Transparencia Electoral\",\"sameAs\":[\"https:\\\/\\\/transparenciaelectoral.org\\\/blog\\\/\"]}]}<\/script>\n<!-- \/ Yoast SEO plugin. -->","yoast_head_json":{"title":"Auditor\u00eda de las elecciones de Cuba: Transparencia Electoral toma palabra del Consejo Electoral Nacional y solicita auditar las elecciones - Transparencia Electoral","robots":{"index":"index","follow":"follow","max-snippet":"max-snippet:-1","max-image-preview":"max-image-preview:large","max-video-preview":"max-video-preview:-1"},"canonical":"https:\/\/transparenciaelectoral.org\/blog\/auditoria-de-las-elecciones-de-cuba-transparencia-electoral-toma-palabra-del-consejo-electoral-nacional-y-solicita-auditar-las-elecciones\/","og_locale":"es_ES","og_type":"article","og_title":"Auditor\u00eda de las elecciones de Cuba: Transparencia Electoral toma palabra del Consejo Electoral Nacional y solicita auditar las elecciones - Transparencia Electoral","og_description":"El d\u00eda de ayer la presidenta del Consejo Electoral Nacional (CEN), Alina Balseiro, brind\u00f3 una rueda de prensa para ofrecer los resultados definitivos de las elecciones para la Asamblea Nacional del Poder Popular (ANPP) de Cuba celebradas el pasado domingo 26 de marzo. En ella inform\u00f3 que el padr\u00f3n electoral cambi\u00f3 durante la jornada de &hellip;","og_url":"https:\/\/transparenciaelectoral.org\/blog\/auditoria-de-las-elecciones-de-cuba-transparencia-electoral-toma-palabra-del-consejo-electoral-nacional-y-solicita-auditar-las-elecciones\/","og_site_name":"Transparencia Electoral","article_publisher":"https:\/\/www.facebook.com\/Transparencia-Electoral-en-Am%c3%a9rica-latina-171661009688456\/","article_published_time":"2023-03-31T15:30:24+00:00","article_modified_time":"2025-07-27T04:54:23+00:00","og_image":[{"width":1366,"height":768,"url":"https:\/\/transparenciaelectoral.org\/blog\/wp-content\/uploads\/2023\/03\/Alina-Balseiro.png","type":"image\/png"}],"author":"Transparencia Electoral","twitter_card":"summary_large_image","twitter_creator":"@TransparenciaAL","twitter_site":"@TransparenciaAL","twitter_misc":{"Escrito por":"Transparencia Electoral","Tiempo de lectura":"4 minutos"},"schema":{"@context":"https:\/\/schema.org","@graph":[{"@type":"Article","@id":"https:\/\/transparenciaelectoral.org\/blog\/auditoria-de-las-elecciones-de-cuba-transparencia-electoral-toma-palabra-del-consejo-electoral-nacional-y-solicita-auditar-las-elecciones\/#article","isPartOf":{"@id":"https:\/\/transparenciaelectoral.org\/blog\/auditoria-de-las-elecciones-de-cuba-transparencia-electoral-toma-palabra-del-consejo-electoral-nacional-y-solicita-auditar-las-elecciones\/"},"author":{"name":"Transparencia Electoral","@id":"https:\/\/transparenciaelectoral.org\/blog\/#\/schema\/person\/63a97f81afd2c3820c6d9f262e27fe50"},"headline":"Auditor\u00eda de las elecciones de Cuba: Transparencia Electoral toma palabra del Consejo Electoral Nacional y solicita auditar las elecciones","datePublished":"2023-03-31T15:30:24+00:00","dateModified":"2025-07-27T04:54:23+00:00","mainEntityOfPage":{"@id":"https:\/\/transparenciaelectoral.org\/blog\/auditoria-de-las-elecciones-de-cuba-transparencia-electoral-toma-palabra-del-consejo-electoral-nacional-y-solicita-auditar-las-elecciones\/"},"wordCount":816,"image":{"@id":"https:\/\/transparenciaelectoral.org\/blog\/auditoria-de-las-elecciones-de-cuba-transparencia-electoral-toma-palabra-del-consejo-electoral-nacional-y-solicita-auditar-las-elecciones\/#primaryimage"},"thumbnailUrl":"https:\/\/transparenciaelectoral.org\/blog\/wp-content\/uploads\/2023\/03\/Alina-Balseiro.png","keywords":["Autocracia","Cuba","Elecciones","Transparencia Electoral"],"articleSection":["Cuba \ud83c\udde8\ud83c\uddfa","Noticias"],"inLanguage":"es"},{"@type":"WebPage","@id":"https:\/\/transparenciaelectoral.org\/blog\/auditoria-de-las-elecciones-de-cuba-transparencia-electoral-toma-palabra-del-consejo-electoral-nacional-y-solicita-auditar-las-elecciones\/","url":"https:\/\/transparenciaelectoral.org\/blog\/auditoria-de-las-elecciones-de-cuba-transparencia-electoral-toma-palabra-del-consejo-electoral-nacional-y-solicita-auditar-las-elecciones\/","name":"Auditor\u00eda de las elecciones de Cuba: Transparencia Electoral toma palabra del Consejo Electoral Nacional y solicita auditar las elecciones - Transparencia Electoral","isPartOf":{"@id":"https:\/\/transparenciaelectoral.org\/blog\/#website"},"primaryImageOfPage":{"@id":"https:\/\/transparenciaelectoral.org\/blog\/auditoria-de-las-elecciones-de-cuba-transparencia-electoral-toma-palabra-del-consejo-electoral-nacional-y-solicita-auditar-las-elecciones\/#primaryimage"},"image":{"@id":"https:\/\/transparenciaelectoral.org\/blog\/auditoria-de-las-elecciones-de-cuba-transparencia-electoral-toma-palabra-del-consejo-electoral-nacional-y-solicita-auditar-las-elecciones\/#primaryimage"},"thumbnailUrl":"https:\/\/transparenciaelectoral.org\/blog\/wp-content\/uploads\/2023\/03\/Alina-Balseiro.png","datePublished":"2023-03-31T15:30:24+00:00","dateModified":"2025-07-27T04:54:23+00:00","author":{"@id":"https:\/\/transparenciaelectoral.org\/blog\/#\/schema\/person\/63a97f81afd2c3820c6d9f262e27fe50"},"breadcrumb":{"@id":"https:\/\/transparenciaelectoral.org\/blog\/auditoria-de-las-elecciones-de-cuba-transparencia-electoral-toma-palabra-del-consejo-electoral-nacional-y-solicita-auditar-las-elecciones\/#breadcrumb"},"inLanguage":"es","potentialAction":[{"@type":"ReadAction","target":["https:\/\/transparenciaelectoral.org\/blog\/auditoria-de-las-elecciones-de-cuba-transparencia-electoral-toma-palabra-del-consejo-electoral-nacional-y-solicita-auditar-las-elecciones\/"]}]},{"@type":"ImageObject","inLanguage":"es","@id":"https:\/\/transparenciaelectoral.org\/blog\/auditoria-de-las-elecciones-de-cuba-transparencia-electoral-toma-palabra-del-consejo-electoral-nacional-y-solicita-auditar-las-elecciones\/#primaryimage","url":"https:\/\/transparenciaelectoral.org\/blog\/wp-content\/uploads\/2023\/03\/Alina-Balseiro.png","contentUrl":"https:\/\/transparenciaelectoral.org\/blog\/wp-content\/uploads\/2023\/03\/Alina-Balseiro.png","width":1366,"height":768},{"@type":"BreadcrumbList","@id":"https:\/\/transparenciaelectoral.org\/blog\/auditoria-de-las-elecciones-de-cuba-transparencia-electoral-toma-palabra-del-consejo-electoral-nacional-y-solicita-auditar-las-elecciones\/#breadcrumb","itemListElement":[{"@type":"ListItem","position":1,"name":"Portada","item":"https:\/\/transparenciaelectoral.org\/blog\/"},{"@type":"ListItem","position":2,"name":"Auditor\u00eda de las elecciones de Cuba: Transparencia Electoral toma palabra del Consejo Electoral Nacional y solicita auditar las elecciones"}]},{"@type":"WebSite","@id":"https:\/\/transparenciaelectoral.org\/blog\/#website","url":"https:\/\/transparenciaelectoral.org\/blog\/","name":"Transparencia Electoral","description":"","potentialAction":[{"@type":"SearchAction","target":{"@type":"EntryPoint","urlTemplate":"https:\/\/transparenciaelectoral.org\/blog\/?s={search_term_string}"},"query-input":{"@type":"PropertyValueSpecification","valueRequired":true,"valueName":"search_term_string"}}],"inLanguage":"es"},{"@type":"Person","@id":"https:\/\/transparenciaelectoral.org\/blog\/#\/schema\/person\/63a97f81afd2c3820c6d9f262e27fe50","name":"Transparencia Electoral","sameAs":["https:\/\/transparenciaelectoral.org\/blog\/"]}]}},"_links":{"self":[{"href":"https:\/\/transparenciaelectoral.org\/blog\/wp-json\/wp\/v2\/posts\/8826","targetHints":{"allow":["GET"]}}],"collection":[{"href":"https:\/\/transparenciaelectoral.org\/blog\/wp-json\/wp\/v2\/posts"}],"about":[{"href":"https:\/\/transparenciaelectoral.org\/blog\/wp-json\/wp\/v2\/types\/post"}],"author":[{"embeddable":true,"href":"https:\/\/transparenciaelectoral.org\/blog\/wp-json\/wp\/v2\/users\/6"}],"replies":[{"embeddable":true,"href":"https:\/\/transparenciaelectoral.org\/blog\/wp-json\/wp\/v2\/comments?post=8826"}],"version-history":[{"count":1,"href":"https:\/\/transparenciaelectoral.org\/blog\/wp-json\/wp\/v2\/posts\/8826\/revisions"}],"predecessor-version":[{"id":8828,"href":"https:\/\/transparenciaelectoral.org\/blog\/wp-json\/wp\/v2\/posts\/8826\/revisions\/8828"}],"wp:featuredmedia":[{"embeddable":true,"href":"https:\/\/transparenciaelectoral.org\/blog\/wp-json\/wp\/v2\/media\/8827"}],"wp:attachment":[{"href":"https:\/\/transparenciaelectoral.org\/blog\/wp-json\/wp\/v2\/media?parent=8826"}],"wp:term":[{"taxonomy":"category","embeddable":true,"href":"https:\/\/transparenciaelectoral.org\/blog\/wp-json\/wp\/v2\/categories?post=8826"},{"taxonomy":"post_tag","embeddable":true,"href":"https:\/\/transparenciaelectoral.org\/blog\/wp-json\/wp\/v2\/tags?post=8826"}],"curies":[{"name":"wp","href":"https:\/\/api.w.org\/{rel}","templated":true}]}}