{"id":8814,"date":"2023-03-27T11:52:37","date_gmt":"2023-03-27T14:52:37","guid":{"rendered":"https:\/\/transparenciaelectoral.org\/blog\/?p=8814"},"modified":"2025-07-27T01:54:23","modified_gmt":"2025-07-27T04:54:23","slug":"abstencion-record-y-datos-incontrastables-en-las-elecciones-de-cuba","status":"publish","type":"post","link":"https:\/\/transparenciaelectoral.org\/blog\/abstencion-record-y-datos-incontrastables-en-las-elecciones-de-cuba\/","title":{"rendered":"Abstenci\u00f3n r\u00e9cord y datos incontrastables en las elecciones de Cuba"},"content":{"rendered":"\n<p>Este domingo 26 de marzo se celebraron las \u201celecciones\u201d para diputados de la Asamblea Nacional del Poder Popular de Cuba, <strong>siendo las que menos participaci\u00f3n han registrado desde 1976<\/strong>. Dado que la Comisi\u00f3n Nacional de Candidaturas, integrada por las organizaciones de masas subordinadas al Partido Comunista de Cuba(PCC), hab\u00eda designado a 470 candidatos para igual n\u00famero de curules, se trat\u00f3 m\u00e1s de un referendo (para aprobar la lista de candidatos) que de una elecci\u00f3n en la que los votantes cuentan con distintas opciones.<\/p>\n\n\n\n<p>En horas de la ma\u00f1ana se conoci\u00f3 el padr\u00f3n electoral. La presidenta del Consejo Electoral Nacional (CEN), Alina Balseiro, anunciaba que 8.120.072 de electores estaban habilitados (230 mil menos que en las elecciones municipales de noviembre \u2013 no explic\u00f3 el criterio que se us\u00f3 para la depuraci\u00f3n-), y que el territorio se divid\u00eda en 12.427 circunscripciones, 80 distritos, en los que estaban dispuestos 23.468 colegios electorales, 250 de ellos especiales.<\/p>\n\n\n\n<p>Activistas organizados para monitorear la jornada electoral que integraban las organizaciones ODE, COPE y COCUDE, denunciaron que desde hace d\u00edas recib\u00edan amenazas para disuadirlos de observar el proceso. En horas de la ma\u00f1ana los activistas Juan Moreno Borrego y Zelandia P\u00e9rez Abreu denunciaron la presencia de un patrullero frente a su casa.<\/p>\n\n\n\n<p>M\u00e1s tarde fue el turno de Mar\u00eda Elena Mir y Elsa Litsy Isaac, <a href=\"https:\/\/twitter.com\/TransparenciaAL\/status\/1640029631087517697?s=20\">que fueron impedidas de participar en el operativo de observaci\u00f3n electoral<\/a>. Esta \u00faltima incluso fue detenida y golpeada.<\/p>\n\n\n\n<p>Aquellos observadores que lograron acudir a algunos centros de votaci\u00f3n <strong>registraron una baja participaci\u00f3n a lo largo del d\u00eda<\/strong>. De acuerdo a sus reportes, el horario en el que m\u00e1s asistencia de document\u00f3 fue entre las 7:00 hs y las 10:00 hs, bajando posteriormente de manera paulatina.<\/p>\n\n\n\n<p>Las organizaciones que monitorearon el proceso denunciaron que la Seguridad del Estado, el PCC y las organizaciones de masas amenazaron a los ciudadanos con el prop\u00f3sito de que votaran. Incluso se report\u00f3 que se usaron ni\u00f1os para ir casa por casa entregando boletas para que las personas participaran en el proceso electoral usando un mecanismo (voto en casa) que est\u00e1 limitado para personas con movilidad reducida.<\/p>\n\n\n\n<p>El CEN decidi\u00f3 extender el horario de votaci\u00f3n hasta las 19:00 hs (las mesas deb\u00edan cerrar a las 18:00 hs) ampar\u00e1ndose en el art\u00edculo 97.2 de la Ley Electoral. Sin embargo, esta establece que el CEN tiene esta facultad \u00abcuando causas de fuerza mayor lo aconsejen\u00bb. En este caso no se explic\u00f3 cu\u00e1l fue la causa.<\/p>\n\n\n\n<p>Esta pr\u00e1ctica se ha presentado en las elecciones anteriores con el prop\u00f3sito de movilizar a las personas que para las 18:00 hs no han emitido su voto, de manera de aumentar el porcentaje de participaci\u00f3n. De hecho, entre el parte emitido por el CEN a las 17:00 hs y el de las 19:00 hs, la participaci\u00f3n aument\u00f3 5%.<\/p>\n\n\n\n<p>Algunos observadores denunciaron que no se les permiti\u00f3 observar el conteo de votos, aunque el art\u00edculo 117 de la Ley Electoral establece que \u201cel escrutinio es p\u00fablico\u201d. <a href=\"https:\/\/twitter.com\/TransparenciaAL\/status\/1640125457008828417?s=20\">Este fue el caso<\/a> de Manuel Cuesta Mor\u00faa y Mar\u00eda Mercedes Ben\u00edtez (COPE), quienes fueron detenidos temporalmente para que no asistieran al escrutinio.<\/p>\n\n\n\n<h2 class=\"wp-block-heading\">Baja asistencia contrasta con datos emitidos por el Consejo Electoral Nacional<\/h2>\n\n\n\n<p>Aunque tanto los observadores como los medios independientes documentaron una muy baja participaci\u00f3n, difundiendo im\u00e1genes de colegios electorales vac\u00edos, el CEN anunci\u00f3 en horas de la ma\u00f1ana del lunes que <strong>vot\u00f3 el 75,92% del padr\u00f3n<\/strong> (6.164.876 electores), y que el 90% de los votos fueron v\u00e1lidos (6,22% en blanco y 3,50% nulos).<\/p>\n\n\n\n<p>Si bien se trata de <strong>la m\u00e1s alta abstenci\u00f3n en elecciones para la Asamblea Nacional del Poder Popular<\/strong> (en 2018 la participaci\u00f3n fue del 85%), de acuerdo a datos oficiales la participaci\u00f3n aument\u00f3 con respecto al referendo del C\u00f3digo de las Familias (74,12%) y las elecciones municipales (68,58%).<\/p>\n\n\n\n<p>Dado que el CEN no cuenta con instancias de auditor\u00eda independiente, no hay fiscalizaci\u00f3n partidaria porque se trata de un r\u00e9gimen de partido \u00fanico, no hay observaci\u00f3n electoral internacional profesional e independiente, y no hay posibilidad de hacer conteos paralelos y\/o tener testigos en todas las mesas que garanticen el correcto desempe\u00f1o de las autoridades, <strong>los datos que emite son incontrastables.<\/strong><\/p>\n\n\n\n<p>La opacidad propia del sistema electoral aunado al cambio en la tendencia abstencionista registrada en 2022, la profundizaci\u00f3n de la crisis econ\u00f3mica y el rechazo al modelo expresado en numerosas manifestaciones a lo largo de los \u00faltimos a\u00f1os, impide que los datos emitidos por la autoridad electoral sean tomados como v\u00e1lidos.<\/p>\n\n\n\n<p>Es por ello que el a\u00f1o pasado Transparencia Electoral <a href=\"https:\/\/transparenciaelectoral.org\/blog\/transparencia-electoral-exhorta-al-consejo-electoral-nacional-de-cuba-a-permitir-una-auditoria-independiente-de-los-resultados\/\">exhort\u00f3 al Consejo Electoral Nacional a someterse a una auditor\u00eda integral<\/a> que d\u00e9 cuenta de sus procesos y genere confianza en los resultados.<\/p>\n\n\n\n<p>Si bien una auditor\u00eda determinar\u00eda la solidez t\u00e9cnica del proceso eleccionario, no revertir\u00eda la naturaleza autocr\u00e1tica de una votaci\u00f3n en la que no se elige, sino que se refrenda. Pero al menos tendr\u00eda el potencial de confirmar los datos de participaci\u00f3n, que a d\u00eda de hoy son incontrastables.<\/p>\n\n\n\n<p>Transparencia Electoral publicar\u00e1 en los pr\u00f3ximos d\u00edas un informe que dar\u00e1 cuenta de las condiciones en las que se celebraron estos comicios y los datos recopilados por las organizaciones que observaron el proceso.<\/p>\n","protected":false},"excerpt":{"rendered":"<p>Este domingo 26 de marzo se celebraron las \u201celecciones\u201d para diputados de la Asamblea Nacional del Poder Popular de Cuba, siendo las que menos participaci\u00f3n han registrado desde 1976. Dado que la Comisi\u00f3n Nacional de Candidaturas, integrada por las organizaciones de masas subordinadas al Partido Comunista de Cuba(PCC), hab\u00eda designado a 470 candidatos para igual &hellip;<\/p>\n","protected":false},"author":6,"featured_media":8815,"comment_status":"closed","ping_status":"open","sticky":false,"template":"","format":"standard","meta":{"footnotes":""},"categories":[220,100],"tags":[282,280,284,108,104],"class_list":["post-8814","post","type-post","status-publish","format-standard","has-post-thumbnail","hentry","category-cuba","category-noticias","tag-autocracia","tag-cuba","tag-dictadura","tag-elecciones","tag-transparencia-electoral"],"yoast_head":"<!-- This site is optimized with the Yoast SEO plugin v27.5 - https:\/\/yoast.com\/product\/yoast-seo-wordpress\/ -->\n<title>Abstenci\u00f3n r\u00e9cord y datos incontrastables en las elecciones de Cuba - Transparencia Electoral<\/title>\n<meta name=\"robots\" content=\"index, follow, max-snippet:-1, max-image-preview:large, max-video-preview:-1\" \/>\n<link rel=\"canonical\" href=\"https:\/\/transparenciaelectoral.org\/blog\/abstencion-record-y-datos-incontrastables-en-las-elecciones-de-cuba\/\" \/>\n<meta property=\"og:locale\" content=\"es_ES\" \/>\n<meta property=\"og:type\" content=\"article\" \/>\n<meta property=\"og:title\" content=\"Abstenci\u00f3n r\u00e9cord y datos incontrastables en las elecciones de Cuba - Transparencia Electoral\" \/>\n<meta property=\"og:description\" content=\"Este domingo 26 de marzo se celebraron las \u201celecciones\u201d para diputados de la Asamblea Nacional del Poder Popular de Cuba, siendo las que menos participaci\u00f3n han registrado desde 1976. Dado que la Comisi\u00f3n Nacional de Candidaturas, integrada por las organizaciones de masas subordinadas al Partido Comunista de Cuba(PCC), hab\u00eda designado a 470 candidatos para igual &hellip;\" \/>\n<meta property=\"og:url\" content=\"https:\/\/transparenciaelectoral.org\/blog\/abstencion-record-y-datos-incontrastables-en-las-elecciones-de-cuba\/\" \/>\n<meta property=\"og:site_name\" content=\"Transparencia Electoral\" \/>\n<meta property=\"article:publisher\" content=\"https:\/\/www.facebook.com\/Transparencia-Electoral-en-Am%c3%a9rica-latina-171661009688456\/\" \/>\n<meta property=\"article:published_time\" content=\"2023-03-27T14:52:37+00:00\" \/>\n<meta property=\"article:modified_time\" content=\"2025-07-27T04:54:23+00:00\" \/>\n<meta property=\"og:image\" content=\"https:\/\/transparenciaelectoral.org\/blog\/wp-content\/uploads\/2023\/03\/WhatsApp-Image-2023-03-19-at-16.35.28.jpeg\" \/>\n\t<meta property=\"og:image:width\" content=\"1080\" \/>\n\t<meta property=\"og:image:height\" content=\"810\" \/>\n\t<meta property=\"og:image:type\" content=\"image\/jpeg\" \/>\n<meta name=\"author\" content=\"Transparencia Electoral\" \/>\n<meta name=\"twitter:card\" content=\"summary_large_image\" \/>\n<meta name=\"twitter:creator\" content=\"@TransparenciaAL\" \/>\n<meta name=\"twitter:site\" content=\"@TransparenciaAL\" \/>\n<meta name=\"twitter:label1\" content=\"Escrito por\" \/>\n\t<meta name=\"twitter:data1\" content=\"Transparencia Electoral\" \/>\n\t<meta name=\"twitter:label2\" content=\"Tiempo de lectura\" \/>\n\t<meta name=\"twitter:data2\" content=\"4 minutos\" \/>\n<script type=\"application\/ld+json\" class=\"yoast-schema-graph\">{\"@context\":\"https:\\\/\\\/schema.org\",\"@graph\":[{\"@type\":\"Article\",\"@id\":\"https:\\\/\\\/transparenciaelectoral.org\\\/blog\\\/abstencion-record-y-datos-incontrastables-en-las-elecciones-de-cuba\\\/#article\",\"isPartOf\":{\"@id\":\"https:\\\/\\\/transparenciaelectoral.org\\\/blog\\\/abstencion-record-y-datos-incontrastables-en-las-elecciones-de-cuba\\\/\"},\"author\":{\"name\":\"Transparencia Electoral\",\"@id\":\"https:\\\/\\\/transparenciaelectoral.org\\\/blog\\\/#\\\/schema\\\/person\\\/63a97f81afd2c3820c6d9f262e27fe50\"},\"headline\":\"Abstenci\u00f3n r\u00e9cord y datos incontrastables en las elecciones de Cuba\",\"datePublished\":\"2023-03-27T14:52:37+00:00\",\"dateModified\":\"2025-07-27T04:54:23+00:00\",\"mainEntityOfPage\":{\"@id\":\"https:\\\/\\\/transparenciaelectoral.org\\\/blog\\\/abstencion-record-y-datos-incontrastables-en-las-elecciones-de-cuba\\\/\"},\"wordCount\":903,\"image\":{\"@id\":\"https:\\\/\\\/transparenciaelectoral.org\\\/blog\\\/abstencion-record-y-datos-incontrastables-en-las-elecciones-de-cuba\\\/#primaryimage\"},\"thumbnailUrl\":\"https:\\\/\\\/transparenciaelectoral.org\\\/blog\\\/wp-content\\\/uploads\\\/2023\\\/03\\\/WhatsApp-Image-2023-03-19-at-16.35.28.jpeg\",\"keywords\":[\"Autocracia\",\"Cuba\",\"Dictadura\",\"Elecciones\",\"Transparencia Electoral\"],\"articleSection\":[\"Cuba \ud83c\udde8\ud83c\uddfa\",\"Noticias\"],\"inLanguage\":\"es\"},{\"@type\":\"WebPage\",\"@id\":\"https:\\\/\\\/transparenciaelectoral.org\\\/blog\\\/abstencion-record-y-datos-incontrastables-en-las-elecciones-de-cuba\\\/\",\"url\":\"https:\\\/\\\/transparenciaelectoral.org\\\/blog\\\/abstencion-record-y-datos-incontrastables-en-las-elecciones-de-cuba\\\/\",\"name\":\"Abstenci\u00f3n r\u00e9cord y datos incontrastables en las elecciones de Cuba - Transparencia Electoral\",\"isPartOf\":{\"@id\":\"https:\\\/\\\/transparenciaelectoral.org\\\/blog\\\/#website\"},\"primaryImageOfPage\":{\"@id\":\"https:\\\/\\\/transparenciaelectoral.org\\\/blog\\\/abstencion-record-y-datos-incontrastables-en-las-elecciones-de-cuba\\\/#primaryimage\"},\"image\":{\"@id\":\"https:\\\/\\\/transparenciaelectoral.org\\\/blog\\\/abstencion-record-y-datos-incontrastables-en-las-elecciones-de-cuba\\\/#primaryimage\"},\"thumbnailUrl\":\"https:\\\/\\\/transparenciaelectoral.org\\\/blog\\\/wp-content\\\/uploads\\\/2023\\\/03\\\/WhatsApp-Image-2023-03-19-at-16.35.28.jpeg\",\"datePublished\":\"2023-03-27T14:52:37+00:00\",\"dateModified\":\"2025-07-27T04:54:23+00:00\",\"author\":{\"@id\":\"https:\\\/\\\/transparenciaelectoral.org\\\/blog\\\/#\\\/schema\\\/person\\\/63a97f81afd2c3820c6d9f262e27fe50\"},\"breadcrumb\":{\"@id\":\"https:\\\/\\\/transparenciaelectoral.org\\\/blog\\\/abstencion-record-y-datos-incontrastables-en-las-elecciones-de-cuba\\\/#breadcrumb\"},\"inLanguage\":\"es\",\"potentialAction\":[{\"@type\":\"ReadAction\",\"target\":[\"https:\\\/\\\/transparenciaelectoral.org\\\/blog\\\/abstencion-record-y-datos-incontrastables-en-las-elecciones-de-cuba\\\/\"]}]},{\"@type\":\"ImageObject\",\"inLanguage\":\"es\",\"@id\":\"https:\\\/\\\/transparenciaelectoral.org\\\/blog\\\/abstencion-record-y-datos-incontrastables-en-las-elecciones-de-cuba\\\/#primaryimage\",\"url\":\"https:\\\/\\\/transparenciaelectoral.org\\\/blog\\\/wp-content\\\/uploads\\\/2023\\\/03\\\/WhatsApp-Image-2023-03-19-at-16.35.28.jpeg\",\"contentUrl\":\"https:\\\/\\\/transparenciaelectoral.org\\\/blog\\\/wp-content\\\/uploads\\\/2023\\\/03\\\/WhatsApp-Image-2023-03-19-at-16.35.28.jpeg\",\"width\":1080,\"height\":810},{\"@type\":\"BreadcrumbList\",\"@id\":\"https:\\\/\\\/transparenciaelectoral.org\\\/blog\\\/abstencion-record-y-datos-incontrastables-en-las-elecciones-de-cuba\\\/#breadcrumb\",\"itemListElement\":[{\"@type\":\"ListItem\",\"position\":1,\"name\":\"Portada\",\"item\":\"https:\\\/\\\/transparenciaelectoral.org\\\/blog\\\/\"},{\"@type\":\"ListItem\",\"position\":2,\"name\":\"Abstenci\u00f3n r\u00e9cord y datos incontrastables en las elecciones de Cuba\"}]},{\"@type\":\"WebSite\",\"@id\":\"https:\\\/\\\/transparenciaelectoral.org\\\/blog\\\/#website\",\"url\":\"https:\\\/\\\/transparenciaelectoral.org\\\/blog\\\/\",\"name\":\"Transparencia Electoral\",\"description\":\"\",\"potentialAction\":[{\"@type\":\"SearchAction\",\"target\":{\"@type\":\"EntryPoint\",\"urlTemplate\":\"https:\\\/\\\/transparenciaelectoral.org\\\/blog\\\/?s={search_term_string}\"},\"query-input\":{\"@type\":\"PropertyValueSpecification\",\"valueRequired\":true,\"valueName\":\"search_term_string\"}}],\"inLanguage\":\"es\"},{\"@type\":\"Person\",\"@id\":\"https:\\\/\\\/transparenciaelectoral.org\\\/blog\\\/#\\\/schema\\\/person\\\/63a97f81afd2c3820c6d9f262e27fe50\",\"name\":\"Transparencia Electoral\",\"sameAs\":[\"https:\\\/\\\/transparenciaelectoral.org\\\/blog\\\/\"]}]}<\/script>\n<!-- \/ Yoast SEO plugin. -->","yoast_head_json":{"title":"Abstenci\u00f3n r\u00e9cord y datos incontrastables en las elecciones de Cuba - Transparencia Electoral","robots":{"index":"index","follow":"follow","max-snippet":"max-snippet:-1","max-image-preview":"max-image-preview:large","max-video-preview":"max-video-preview:-1"},"canonical":"https:\/\/transparenciaelectoral.org\/blog\/abstencion-record-y-datos-incontrastables-en-las-elecciones-de-cuba\/","og_locale":"es_ES","og_type":"article","og_title":"Abstenci\u00f3n r\u00e9cord y datos incontrastables en las elecciones de Cuba - Transparencia Electoral","og_description":"Este domingo 26 de marzo se celebraron las \u201celecciones\u201d para diputados de la Asamblea Nacional del Poder Popular de Cuba, siendo las que menos participaci\u00f3n han registrado desde 1976. Dado que la Comisi\u00f3n Nacional de Candidaturas, integrada por las organizaciones de masas subordinadas al Partido Comunista de Cuba(PCC), hab\u00eda designado a 470 candidatos para igual &hellip;","og_url":"https:\/\/transparenciaelectoral.org\/blog\/abstencion-record-y-datos-incontrastables-en-las-elecciones-de-cuba\/","og_site_name":"Transparencia Electoral","article_publisher":"https:\/\/www.facebook.com\/Transparencia-Electoral-en-Am%c3%a9rica-latina-171661009688456\/","article_published_time":"2023-03-27T14:52:37+00:00","article_modified_time":"2025-07-27T04:54:23+00:00","og_image":[{"width":1080,"height":810,"url":"https:\/\/transparenciaelectoral.org\/blog\/wp-content\/uploads\/2023\/03\/WhatsApp-Image-2023-03-19-at-16.35.28.jpeg","type":"image\/jpeg"}],"author":"Transparencia Electoral","twitter_card":"summary_large_image","twitter_creator":"@TransparenciaAL","twitter_site":"@TransparenciaAL","twitter_misc":{"Escrito por":"Transparencia Electoral","Tiempo de lectura":"4 minutos"},"schema":{"@context":"https:\/\/schema.org","@graph":[{"@type":"Article","@id":"https:\/\/transparenciaelectoral.org\/blog\/abstencion-record-y-datos-incontrastables-en-las-elecciones-de-cuba\/#article","isPartOf":{"@id":"https:\/\/transparenciaelectoral.org\/blog\/abstencion-record-y-datos-incontrastables-en-las-elecciones-de-cuba\/"},"author":{"name":"Transparencia Electoral","@id":"https:\/\/transparenciaelectoral.org\/blog\/#\/schema\/person\/63a97f81afd2c3820c6d9f262e27fe50"},"headline":"Abstenci\u00f3n r\u00e9cord y datos incontrastables en las elecciones de Cuba","datePublished":"2023-03-27T14:52:37+00:00","dateModified":"2025-07-27T04:54:23+00:00","mainEntityOfPage":{"@id":"https:\/\/transparenciaelectoral.org\/blog\/abstencion-record-y-datos-incontrastables-en-las-elecciones-de-cuba\/"},"wordCount":903,"image":{"@id":"https:\/\/transparenciaelectoral.org\/blog\/abstencion-record-y-datos-incontrastables-en-las-elecciones-de-cuba\/#primaryimage"},"thumbnailUrl":"https:\/\/transparenciaelectoral.org\/blog\/wp-content\/uploads\/2023\/03\/WhatsApp-Image-2023-03-19-at-16.35.28.jpeg","keywords":["Autocracia","Cuba","Dictadura","Elecciones","Transparencia Electoral"],"articleSection":["Cuba \ud83c\udde8\ud83c\uddfa","Noticias"],"inLanguage":"es"},{"@type":"WebPage","@id":"https:\/\/transparenciaelectoral.org\/blog\/abstencion-record-y-datos-incontrastables-en-las-elecciones-de-cuba\/","url":"https:\/\/transparenciaelectoral.org\/blog\/abstencion-record-y-datos-incontrastables-en-las-elecciones-de-cuba\/","name":"Abstenci\u00f3n r\u00e9cord y datos incontrastables en las elecciones de Cuba - Transparencia Electoral","isPartOf":{"@id":"https:\/\/transparenciaelectoral.org\/blog\/#website"},"primaryImageOfPage":{"@id":"https:\/\/transparenciaelectoral.org\/blog\/abstencion-record-y-datos-incontrastables-en-las-elecciones-de-cuba\/#primaryimage"},"image":{"@id":"https:\/\/transparenciaelectoral.org\/blog\/abstencion-record-y-datos-incontrastables-en-las-elecciones-de-cuba\/#primaryimage"},"thumbnailUrl":"https:\/\/transparenciaelectoral.org\/blog\/wp-content\/uploads\/2023\/03\/WhatsApp-Image-2023-03-19-at-16.35.28.jpeg","datePublished":"2023-03-27T14:52:37+00:00","dateModified":"2025-07-27T04:54:23+00:00","author":{"@id":"https:\/\/transparenciaelectoral.org\/blog\/#\/schema\/person\/63a97f81afd2c3820c6d9f262e27fe50"},"breadcrumb":{"@id":"https:\/\/transparenciaelectoral.org\/blog\/abstencion-record-y-datos-incontrastables-en-las-elecciones-de-cuba\/#breadcrumb"},"inLanguage":"es","potentialAction":[{"@type":"ReadAction","target":["https:\/\/transparenciaelectoral.org\/blog\/abstencion-record-y-datos-incontrastables-en-las-elecciones-de-cuba\/"]}]},{"@type":"ImageObject","inLanguage":"es","@id":"https:\/\/transparenciaelectoral.org\/blog\/abstencion-record-y-datos-incontrastables-en-las-elecciones-de-cuba\/#primaryimage","url":"https:\/\/transparenciaelectoral.org\/blog\/wp-content\/uploads\/2023\/03\/WhatsApp-Image-2023-03-19-at-16.35.28.jpeg","contentUrl":"https:\/\/transparenciaelectoral.org\/blog\/wp-content\/uploads\/2023\/03\/WhatsApp-Image-2023-03-19-at-16.35.28.jpeg","width":1080,"height":810},{"@type":"BreadcrumbList","@id":"https:\/\/transparenciaelectoral.org\/blog\/abstencion-record-y-datos-incontrastables-en-las-elecciones-de-cuba\/#breadcrumb","itemListElement":[{"@type":"ListItem","position":1,"name":"Portada","item":"https:\/\/transparenciaelectoral.org\/blog\/"},{"@type":"ListItem","position":2,"name":"Abstenci\u00f3n r\u00e9cord y datos incontrastables en las elecciones de Cuba"}]},{"@type":"WebSite","@id":"https:\/\/transparenciaelectoral.org\/blog\/#website","url":"https:\/\/transparenciaelectoral.org\/blog\/","name":"Transparencia Electoral","description":"","potentialAction":[{"@type":"SearchAction","target":{"@type":"EntryPoint","urlTemplate":"https:\/\/transparenciaelectoral.org\/blog\/?s={search_term_string}"},"query-input":{"@type":"PropertyValueSpecification","valueRequired":true,"valueName":"search_term_string"}}],"inLanguage":"es"},{"@type":"Person","@id":"https:\/\/transparenciaelectoral.org\/blog\/#\/schema\/person\/63a97f81afd2c3820c6d9f262e27fe50","name":"Transparencia Electoral","sameAs":["https:\/\/transparenciaelectoral.org\/blog\/"]}]}},"_links":{"self":[{"href":"https:\/\/transparenciaelectoral.org\/blog\/wp-json\/wp\/v2\/posts\/8814","targetHints":{"allow":["GET"]}}],"collection":[{"href":"https:\/\/transparenciaelectoral.org\/blog\/wp-json\/wp\/v2\/posts"}],"about":[{"href":"https:\/\/transparenciaelectoral.org\/blog\/wp-json\/wp\/v2\/types\/post"}],"author":[{"embeddable":true,"href":"https:\/\/transparenciaelectoral.org\/blog\/wp-json\/wp\/v2\/users\/6"}],"replies":[{"embeddable":true,"href":"https:\/\/transparenciaelectoral.org\/blog\/wp-json\/wp\/v2\/comments?post=8814"}],"version-history":[{"count":3,"href":"https:\/\/transparenciaelectoral.org\/blog\/wp-json\/wp\/v2\/posts\/8814\/revisions"}],"predecessor-version":[{"id":8819,"href":"https:\/\/transparenciaelectoral.org\/blog\/wp-json\/wp\/v2\/posts\/8814\/revisions\/8819"}],"wp:featuredmedia":[{"embeddable":true,"href":"https:\/\/transparenciaelectoral.org\/blog\/wp-json\/wp\/v2\/media\/8815"}],"wp:attachment":[{"href":"https:\/\/transparenciaelectoral.org\/blog\/wp-json\/wp\/v2\/media?parent=8814"}],"wp:term":[{"taxonomy":"category","embeddable":true,"href":"https:\/\/transparenciaelectoral.org\/blog\/wp-json\/wp\/v2\/categories?post=8814"},{"taxonomy":"post_tag","embeddable":true,"href":"https:\/\/transparenciaelectoral.org\/blog\/wp-json\/wp\/v2\/tags?post=8814"}],"curies":[{"name":"wp","href":"https:\/\/api.w.org\/{rel}","templated":true}]}}