{"id":8810,"date":"2023-03-27T09:26:22","date_gmt":"2023-03-27T12:26:22","guid":{"rendered":"https:\/\/transparenciaelectoral.org\/blog\/?p=8810"},"modified":"2025-07-27T01:54:23","modified_gmt":"2025-07-27T04:54:23","slug":"elecciones-para-la-anpp-de-cuba-fueron-calificadas-como-las-mas-irregulares-de-la-historia","status":"publish","type":"post","link":"https:\/\/transparenciaelectoral.org\/blog\/elecciones-para-la-anpp-de-cuba-fueron-calificadas-como-las-mas-irregulares-de-la-historia\/","title":{"rendered":"Elecciones para la ANPP de Cuba fueron calificadas como las m\u00e1s irregulares de la historia"},"content":{"rendered":"\n<p>Las organizaciones cubanas ODE, COPE y COCUDE, especializadas en monitoreo electoral, dieron seguimiento a las elecciones para la Asamblea Nacional del Poder Popular de este domingo y concluyeron que fueron \u00ablas m\u00e1s irregulares\u00bb de la historia del r\u00e9gimen unipartidista en 1976.<\/p>\n\n\n\n<p>A continuaci\u00f3n compartimos la declaraci\u00f3n:<\/p>\n\n\n\n<p>Las elecciones del 26 de marzo correspondientes a la X Legislatura de la Asamblea Nacional han sido las m\u00e1s irregulares de su historia desde que estas se iniciaron en 1976.<\/p>\n\n\n\n<p>En primer lugar, normalizaron las anomal\u00edas de forma, violatorias de la Ley Electoral 127, que se han observado en los \u00faltimos procesos electorales: no publicaci\u00f3n de los padrones electorales con el tiempo de antelaci\u00f3n requerido, colegios electorales en los que aquellos no fueron colocados a la vista de los electores, o colegios electorales en los que votaban personas no inscritas. En algunos casos, eliminaci\u00f3n de electores que gozan de todos sus derechos civiles y pol\u00edticos, incluido el requisito, contradictorio con la Ley y la Constituci\u00f3n, de residencia efectiva para otorgar el derecho al voto a ciudadanos cubanos que poseen residencia en el pa\u00eds legalmente reconocida.<\/p>\n\n\n\n<p>En segundo lugar, se asumi\u00f3 como normal la pr\u00e1ctica excepcional de llevar las boletas a las casas de los electores, una forma de coacci\u00f3n del voto a trav\u00e9s de un procedimiento concebido para las personas con discapacidad o que por circunstancias espec\u00edficas no pueden acudir a los centros de votaci\u00f3n. M\u00e9dicos y pacientes reportan, as\u00ed mismo, que hubo coacci\u00f3n por el voto en los hospitales. En esta direcci\u00f3n, se reportan lugares donde se confeccionaron listas previas de compromiso con el voto, centros laborales a los que se les prohibi\u00f3 abrir en sus horarios normales o se les indic\u00f3 que solo podr\u00edan comenzar a prestar sus servicios una vez finalizada la jornada electoral. La pr\u00e1ctica de coacci\u00f3n inocente y vicaria del voto utilizando a los ni\u00f1os en la llamada operaci\u00f3n Tun Tun se agrega a este tipo de irregularidades, tambi\u00e9n ilegal, para intentar garantizar la mayor participaci\u00f3n de la ciudadan\u00eda.<\/p>\n\n\n\n<p>En tercer lugar, se introdujo una pr\u00e1ctica en contradicci\u00f3n con la naturaleza c\u00edvica del voto, en el que el acto de votar surge del compromiso social de los electores con el sistema pol\u00edtico, no de las promesas de beneficios materiales. El concurso electoral a trav\u00e9s de las redes sociales, premiable con computadoras, tel\u00e9fonos m\u00f3viles o vacaciones pagadas se agrega a la realizaci\u00f3n de ferias de ventas de mercanc\u00edas a precios irreales y extra mercado para la incitaci\u00f3n instant\u00e1nea del voto, una pr\u00e1ctica pol\u00edtica que atenta contra los valores c\u00edvicos y de ciudadan\u00eda. &nbsp;&nbsp;<\/p>\n\n\n\n<p>En cuarto lugar, sin agotar aqu\u00ed el mar de irregularidades, se desat\u00f3 una represi\u00f3n contra activistas y observadores que pretend\u00edan monitorear el proceso electoral y participar del escrutinio, tal y como autoriza y respalda la Ley, y en congruencia con el llamado hecho por Alina Balseiro, presidenta del Consejo Electoral Nacional, para que todos los ciudadanos acompa\u00f1aran el conteo de los votos. En muchos colegios electorales se le neg\u00f3 la entrada a cualquier ciudadano, y muchos de ellos, tambi\u00e9n activistas, fueron detenidos, sus casas sitiadas, amenazados con fuertes represalias y hasta golpeados por el ejercicio de sus derechos constitucionales.<\/p>\n\n\n\n<p>Este ejercicio de escrutinio ciudadano e independiente es cada vez m\u00e1s necesario, al menos desde 2013, en el que el voto ciudadano empieza a ser cada vez m\u00e1s plural, represent\u00e1ndose en toda la gama t\u00e9cnicamente posible del comportamiento electoral de la ciudadan\u00eda. Negar esta posibilidad, como acaba de ocurrir en la jornada del 26 de marzo, arroja serias dudas sobre los resultados que se ofrecieron a lo largo de la votaci\u00f3n y que no parecen corresponderse con la rigurosa observaci\u00f3n independiente, con los testimonios espont\u00e1neos de la ciudadan\u00eda y con la profusi\u00f3n de im\u00e1genes, \u00edndices todos en la direcci\u00f3n de mostrar la baja participaci\u00f3n ciudadana en la votaci\u00f3n a lo largo del pa\u00eds. Extender la votaci\u00f3n por una hora m\u00e1s, sin razones de fuerza mayor como establece la Ley Electoral, agrega una cifra de votantes extra legales, que agrega m\u00e1s dudas al escrutinio cerrado de la jornada electoral. Ello abona la sensaci\u00f3n ciudadana, que comienza a aflorar, de que las cifras oficiales de participaci\u00f3n no concuerdan con el comportamiento real del electorado.<\/p>\n\n\n\n<p>Como observadores independientes, con experiencia acumulada en la observaci\u00f3n de los sistemas electorales dentro y fuera de Cuba, consideramos, preliminarmente, que las autoridades electorales no han respetado los marcos y procedimientos establecidos por la Ley 127, al pa\u00eds y a la aut\u00e9ntica voluntad de las y los electores. &nbsp;&nbsp;<\/p>\n","protected":false},"excerpt":{"rendered":"<p>Las organizaciones cubanas ODE, COPE y COCUDE, especializadas en monitoreo electoral, dieron seguimiento a las elecciones para la Asamblea Nacional del Poder Popular de este domingo y concluyeron que fueron \u00ablas m\u00e1s irregulares\u00bb de la historia del r\u00e9gimen unipartidista en 1976. A continuaci\u00f3n compartimos la declaraci\u00f3n: Las elecciones del 26 de marzo correspondientes a la &hellip;<\/p>\n","protected":false},"author":6,"featured_media":8811,"comment_status":"closed","ping_status":"open","sticky":false,"template":"","format":"standard","meta":{"footnotes":""},"categories":[220,100,320],"tags":[282,280,284,108,90],"class_list":["post-8810","post","type-post","status-publish","format-standard","has-post-thumbnail","hentry","category-cuba","category-noticias","category-autoritarismo-electoral","tag-autocracia","tag-cuba","tag-dictadura","tag-elecciones","tag-observacion-electoral"],"yoast_head":"<!-- This site is optimized with the Yoast SEO plugin v27.5 - https:\/\/yoast.com\/product\/yoast-seo-wordpress\/ -->\n<title>Elecciones para la ANPP de Cuba fueron calificadas como las m\u00e1s irregulares de la historia - Transparencia Electoral<\/title>\n<meta name=\"robots\" content=\"index, follow, max-snippet:-1, max-image-preview:large, max-video-preview:-1\" \/>\n<link rel=\"canonical\" href=\"https:\/\/transparenciaelectoral.org\/blog\/elecciones-para-la-anpp-de-cuba-fueron-calificadas-como-las-mas-irregulares-de-la-historia\/\" \/>\n<meta property=\"og:locale\" content=\"es_ES\" \/>\n<meta property=\"og:type\" content=\"article\" \/>\n<meta property=\"og:title\" content=\"Elecciones para la ANPP de Cuba fueron calificadas como las m\u00e1s irregulares de la historia - Transparencia Electoral\" \/>\n<meta property=\"og:description\" content=\"Las organizaciones cubanas ODE, COPE y COCUDE, especializadas en monitoreo electoral, dieron seguimiento a las elecciones para la Asamblea Nacional del Poder Popular de este domingo y concluyeron que fueron \u00ablas m\u00e1s irregulares\u00bb de la historia del r\u00e9gimen unipartidista en 1976. A continuaci\u00f3n compartimos la declaraci\u00f3n: Las elecciones del 26 de marzo correspondientes a la &hellip;\" \/>\n<meta property=\"og:url\" content=\"https:\/\/transparenciaelectoral.org\/blog\/elecciones-para-la-anpp-de-cuba-fueron-calificadas-como-las-mas-irregulares-de-la-historia\/\" \/>\n<meta property=\"og:site_name\" content=\"Transparencia Electoral\" \/>\n<meta property=\"article:publisher\" content=\"https:\/\/www.facebook.com\/Transparencia-Electoral-en-Am%c3%a9rica-latina-171661009688456\/\" \/>\n<meta property=\"article:published_time\" content=\"2023-03-27T12:26:22+00:00\" \/>\n<meta property=\"article:modified_time\" content=\"2025-07-27T04:54:23+00:00\" \/>\n<meta property=\"og:image\" content=\"https:\/\/transparenciaelectoral.org\/blog\/wp-content\/uploads\/2023\/03\/WhatsApp-Image-2023-03-19-at-16.35.30-1.jpeg\" \/>\n\t<meta property=\"og:image:width\" content=\"1080\" \/>\n\t<meta property=\"og:image:height\" content=\"810\" \/>\n\t<meta property=\"og:image:type\" content=\"image\/jpeg\" \/>\n<meta name=\"author\" content=\"Transparencia Electoral\" \/>\n<meta name=\"twitter:card\" content=\"summary_large_image\" \/>\n<meta name=\"twitter:creator\" content=\"@TransparenciaAL\" \/>\n<meta name=\"twitter:site\" content=\"@TransparenciaAL\" \/>\n<meta name=\"twitter:label1\" content=\"Escrito por\" \/>\n\t<meta name=\"twitter:data1\" content=\"Transparencia Electoral\" \/>\n\t<meta name=\"twitter:label2\" content=\"Tiempo de lectura\" \/>\n\t<meta name=\"twitter:data2\" content=\"4 minutos\" \/>\n<script type=\"application\/ld+json\" class=\"yoast-schema-graph\">{\"@context\":\"https:\\\/\\\/schema.org\",\"@graph\":[{\"@type\":\"Article\",\"@id\":\"https:\\\/\\\/transparenciaelectoral.org\\\/blog\\\/elecciones-para-la-anpp-de-cuba-fueron-calificadas-como-las-mas-irregulares-de-la-historia\\\/#article\",\"isPartOf\":{\"@id\":\"https:\\\/\\\/transparenciaelectoral.org\\\/blog\\\/elecciones-para-la-anpp-de-cuba-fueron-calificadas-como-las-mas-irregulares-de-la-historia\\\/\"},\"author\":{\"name\":\"Transparencia Electoral\",\"@id\":\"https:\\\/\\\/transparenciaelectoral.org\\\/blog\\\/#\\\/schema\\\/person\\\/63a97f81afd2c3820c6d9f262e27fe50\"},\"headline\":\"Elecciones para la ANPP de Cuba fueron calificadas como las m\u00e1s irregulares de la historia\",\"datePublished\":\"2023-03-27T12:26:22+00:00\",\"dateModified\":\"2025-07-27T04:54:23+00:00\",\"mainEntityOfPage\":{\"@id\":\"https:\\\/\\\/transparenciaelectoral.org\\\/blog\\\/elecciones-para-la-anpp-de-cuba-fueron-calificadas-como-las-mas-irregulares-de-la-historia\\\/\"},\"wordCount\":824,\"image\":{\"@id\":\"https:\\\/\\\/transparenciaelectoral.org\\\/blog\\\/elecciones-para-la-anpp-de-cuba-fueron-calificadas-como-las-mas-irregulares-de-la-historia\\\/#primaryimage\"},\"thumbnailUrl\":\"https:\\\/\\\/transparenciaelectoral.org\\\/blog\\\/wp-content\\\/uploads\\\/2023\\\/03\\\/WhatsApp-Image-2023-03-19-at-16.35.30-1.jpeg\",\"keywords\":[\"Autocracia\",\"Cuba\",\"Dictadura\",\"Elecciones\",\"Observaci\u00f3n Electoral\"],\"articleSection\":[\"Cuba \ud83c\udde8\ud83c\uddfa\",\"Noticias\",\"\u270a Autoritarismo electoral\"],\"inLanguage\":\"es\"},{\"@type\":\"WebPage\",\"@id\":\"https:\\\/\\\/transparenciaelectoral.org\\\/blog\\\/elecciones-para-la-anpp-de-cuba-fueron-calificadas-como-las-mas-irregulares-de-la-historia\\\/\",\"url\":\"https:\\\/\\\/transparenciaelectoral.org\\\/blog\\\/elecciones-para-la-anpp-de-cuba-fueron-calificadas-como-las-mas-irregulares-de-la-historia\\\/\",\"name\":\"Elecciones para la ANPP de Cuba fueron calificadas como las m\u00e1s irregulares de la historia - Transparencia Electoral\",\"isPartOf\":{\"@id\":\"https:\\\/\\\/transparenciaelectoral.org\\\/blog\\\/#website\"},\"primaryImageOfPage\":{\"@id\":\"https:\\\/\\\/transparenciaelectoral.org\\\/blog\\\/elecciones-para-la-anpp-de-cuba-fueron-calificadas-como-las-mas-irregulares-de-la-historia\\\/#primaryimage\"},\"image\":{\"@id\":\"https:\\\/\\\/transparenciaelectoral.org\\\/blog\\\/elecciones-para-la-anpp-de-cuba-fueron-calificadas-como-las-mas-irregulares-de-la-historia\\\/#primaryimage\"},\"thumbnailUrl\":\"https:\\\/\\\/transparenciaelectoral.org\\\/blog\\\/wp-content\\\/uploads\\\/2023\\\/03\\\/WhatsApp-Image-2023-03-19-at-16.35.30-1.jpeg\",\"datePublished\":\"2023-03-27T12:26:22+00:00\",\"dateModified\":\"2025-07-27T04:54:23+00:00\",\"author\":{\"@id\":\"https:\\\/\\\/transparenciaelectoral.org\\\/blog\\\/#\\\/schema\\\/person\\\/63a97f81afd2c3820c6d9f262e27fe50\"},\"breadcrumb\":{\"@id\":\"https:\\\/\\\/transparenciaelectoral.org\\\/blog\\\/elecciones-para-la-anpp-de-cuba-fueron-calificadas-como-las-mas-irregulares-de-la-historia\\\/#breadcrumb\"},\"inLanguage\":\"es\",\"potentialAction\":[{\"@type\":\"ReadAction\",\"target\":[\"https:\\\/\\\/transparenciaelectoral.org\\\/blog\\\/elecciones-para-la-anpp-de-cuba-fueron-calificadas-como-las-mas-irregulares-de-la-historia\\\/\"]}]},{\"@type\":\"ImageObject\",\"inLanguage\":\"es\",\"@id\":\"https:\\\/\\\/transparenciaelectoral.org\\\/blog\\\/elecciones-para-la-anpp-de-cuba-fueron-calificadas-como-las-mas-irregulares-de-la-historia\\\/#primaryimage\",\"url\":\"https:\\\/\\\/transparenciaelectoral.org\\\/blog\\\/wp-content\\\/uploads\\\/2023\\\/03\\\/WhatsApp-Image-2023-03-19-at-16.35.30-1.jpeg\",\"contentUrl\":\"https:\\\/\\\/transparenciaelectoral.org\\\/blog\\\/wp-content\\\/uploads\\\/2023\\\/03\\\/WhatsApp-Image-2023-03-19-at-16.35.30-1.jpeg\",\"width\":1080,\"height\":810},{\"@type\":\"BreadcrumbList\",\"@id\":\"https:\\\/\\\/transparenciaelectoral.org\\\/blog\\\/elecciones-para-la-anpp-de-cuba-fueron-calificadas-como-las-mas-irregulares-de-la-historia\\\/#breadcrumb\",\"itemListElement\":[{\"@type\":\"ListItem\",\"position\":1,\"name\":\"Portada\",\"item\":\"https:\\\/\\\/transparenciaelectoral.org\\\/blog\\\/\"},{\"@type\":\"ListItem\",\"position\":2,\"name\":\"Elecciones para la ANPP de Cuba fueron calificadas como las m\u00e1s irregulares de la historia\"}]},{\"@type\":\"WebSite\",\"@id\":\"https:\\\/\\\/transparenciaelectoral.org\\\/blog\\\/#website\",\"url\":\"https:\\\/\\\/transparenciaelectoral.org\\\/blog\\\/\",\"name\":\"Transparencia Electoral\",\"description\":\"\",\"potentialAction\":[{\"@type\":\"SearchAction\",\"target\":{\"@type\":\"EntryPoint\",\"urlTemplate\":\"https:\\\/\\\/transparenciaelectoral.org\\\/blog\\\/?s={search_term_string}\"},\"query-input\":{\"@type\":\"PropertyValueSpecification\",\"valueRequired\":true,\"valueName\":\"search_term_string\"}}],\"inLanguage\":\"es\"},{\"@type\":\"Person\",\"@id\":\"https:\\\/\\\/transparenciaelectoral.org\\\/blog\\\/#\\\/schema\\\/person\\\/63a97f81afd2c3820c6d9f262e27fe50\",\"name\":\"Transparencia Electoral\",\"sameAs\":[\"https:\\\/\\\/transparenciaelectoral.org\\\/blog\\\/\"]}]}<\/script>\n<!-- \/ Yoast SEO plugin. -->","yoast_head_json":{"title":"Elecciones para la ANPP de Cuba fueron calificadas como las m\u00e1s irregulares de la historia - Transparencia Electoral","robots":{"index":"index","follow":"follow","max-snippet":"max-snippet:-1","max-image-preview":"max-image-preview:large","max-video-preview":"max-video-preview:-1"},"canonical":"https:\/\/transparenciaelectoral.org\/blog\/elecciones-para-la-anpp-de-cuba-fueron-calificadas-como-las-mas-irregulares-de-la-historia\/","og_locale":"es_ES","og_type":"article","og_title":"Elecciones para la ANPP de Cuba fueron calificadas como las m\u00e1s irregulares de la historia - Transparencia Electoral","og_description":"Las organizaciones cubanas ODE, COPE y COCUDE, especializadas en monitoreo electoral, dieron seguimiento a las elecciones para la Asamblea Nacional del Poder Popular de este domingo y concluyeron que fueron \u00ablas m\u00e1s irregulares\u00bb de la historia del r\u00e9gimen unipartidista en 1976. A continuaci\u00f3n compartimos la declaraci\u00f3n: Las elecciones del 26 de marzo correspondientes a la &hellip;","og_url":"https:\/\/transparenciaelectoral.org\/blog\/elecciones-para-la-anpp-de-cuba-fueron-calificadas-como-las-mas-irregulares-de-la-historia\/","og_site_name":"Transparencia Electoral","article_publisher":"https:\/\/www.facebook.com\/Transparencia-Electoral-en-Am%c3%a9rica-latina-171661009688456\/","article_published_time":"2023-03-27T12:26:22+00:00","article_modified_time":"2025-07-27T04:54:23+00:00","og_image":[{"width":1080,"height":810,"url":"https:\/\/transparenciaelectoral.org\/blog\/wp-content\/uploads\/2023\/03\/WhatsApp-Image-2023-03-19-at-16.35.30-1.jpeg","type":"image\/jpeg"}],"author":"Transparencia Electoral","twitter_card":"summary_large_image","twitter_creator":"@TransparenciaAL","twitter_site":"@TransparenciaAL","twitter_misc":{"Escrito por":"Transparencia Electoral","Tiempo de lectura":"4 minutos"},"schema":{"@context":"https:\/\/schema.org","@graph":[{"@type":"Article","@id":"https:\/\/transparenciaelectoral.org\/blog\/elecciones-para-la-anpp-de-cuba-fueron-calificadas-como-las-mas-irregulares-de-la-historia\/#article","isPartOf":{"@id":"https:\/\/transparenciaelectoral.org\/blog\/elecciones-para-la-anpp-de-cuba-fueron-calificadas-como-las-mas-irregulares-de-la-historia\/"},"author":{"name":"Transparencia Electoral","@id":"https:\/\/transparenciaelectoral.org\/blog\/#\/schema\/person\/63a97f81afd2c3820c6d9f262e27fe50"},"headline":"Elecciones para la ANPP de Cuba fueron calificadas como las m\u00e1s irregulares de la historia","datePublished":"2023-03-27T12:26:22+00:00","dateModified":"2025-07-27T04:54:23+00:00","mainEntityOfPage":{"@id":"https:\/\/transparenciaelectoral.org\/blog\/elecciones-para-la-anpp-de-cuba-fueron-calificadas-como-las-mas-irregulares-de-la-historia\/"},"wordCount":824,"image":{"@id":"https:\/\/transparenciaelectoral.org\/blog\/elecciones-para-la-anpp-de-cuba-fueron-calificadas-como-las-mas-irregulares-de-la-historia\/#primaryimage"},"thumbnailUrl":"https:\/\/transparenciaelectoral.org\/blog\/wp-content\/uploads\/2023\/03\/WhatsApp-Image-2023-03-19-at-16.35.30-1.jpeg","keywords":["Autocracia","Cuba","Dictadura","Elecciones","Observaci\u00f3n Electoral"],"articleSection":["Cuba \ud83c\udde8\ud83c\uddfa","Noticias","\u270a Autoritarismo electoral"],"inLanguage":"es"},{"@type":"WebPage","@id":"https:\/\/transparenciaelectoral.org\/blog\/elecciones-para-la-anpp-de-cuba-fueron-calificadas-como-las-mas-irregulares-de-la-historia\/","url":"https:\/\/transparenciaelectoral.org\/blog\/elecciones-para-la-anpp-de-cuba-fueron-calificadas-como-las-mas-irregulares-de-la-historia\/","name":"Elecciones para la ANPP de Cuba fueron calificadas como las m\u00e1s irregulares de la historia - Transparencia Electoral","isPartOf":{"@id":"https:\/\/transparenciaelectoral.org\/blog\/#website"},"primaryImageOfPage":{"@id":"https:\/\/transparenciaelectoral.org\/blog\/elecciones-para-la-anpp-de-cuba-fueron-calificadas-como-las-mas-irregulares-de-la-historia\/#primaryimage"},"image":{"@id":"https:\/\/transparenciaelectoral.org\/blog\/elecciones-para-la-anpp-de-cuba-fueron-calificadas-como-las-mas-irregulares-de-la-historia\/#primaryimage"},"thumbnailUrl":"https:\/\/transparenciaelectoral.org\/blog\/wp-content\/uploads\/2023\/03\/WhatsApp-Image-2023-03-19-at-16.35.30-1.jpeg","datePublished":"2023-03-27T12:26:22+00:00","dateModified":"2025-07-27T04:54:23+00:00","author":{"@id":"https:\/\/transparenciaelectoral.org\/blog\/#\/schema\/person\/63a97f81afd2c3820c6d9f262e27fe50"},"breadcrumb":{"@id":"https:\/\/transparenciaelectoral.org\/blog\/elecciones-para-la-anpp-de-cuba-fueron-calificadas-como-las-mas-irregulares-de-la-historia\/#breadcrumb"},"inLanguage":"es","potentialAction":[{"@type":"ReadAction","target":["https:\/\/transparenciaelectoral.org\/blog\/elecciones-para-la-anpp-de-cuba-fueron-calificadas-como-las-mas-irregulares-de-la-historia\/"]}]},{"@type":"ImageObject","inLanguage":"es","@id":"https:\/\/transparenciaelectoral.org\/blog\/elecciones-para-la-anpp-de-cuba-fueron-calificadas-como-las-mas-irregulares-de-la-historia\/#primaryimage","url":"https:\/\/transparenciaelectoral.org\/blog\/wp-content\/uploads\/2023\/03\/WhatsApp-Image-2023-03-19-at-16.35.30-1.jpeg","contentUrl":"https:\/\/transparenciaelectoral.org\/blog\/wp-content\/uploads\/2023\/03\/WhatsApp-Image-2023-03-19-at-16.35.30-1.jpeg","width":1080,"height":810},{"@type":"BreadcrumbList","@id":"https:\/\/transparenciaelectoral.org\/blog\/elecciones-para-la-anpp-de-cuba-fueron-calificadas-como-las-mas-irregulares-de-la-historia\/#breadcrumb","itemListElement":[{"@type":"ListItem","position":1,"name":"Portada","item":"https:\/\/transparenciaelectoral.org\/blog\/"},{"@type":"ListItem","position":2,"name":"Elecciones para la ANPP de Cuba fueron calificadas como las m\u00e1s irregulares de la historia"}]},{"@type":"WebSite","@id":"https:\/\/transparenciaelectoral.org\/blog\/#website","url":"https:\/\/transparenciaelectoral.org\/blog\/","name":"Transparencia Electoral","description":"","potentialAction":[{"@type":"SearchAction","target":{"@type":"EntryPoint","urlTemplate":"https:\/\/transparenciaelectoral.org\/blog\/?s={search_term_string}"},"query-input":{"@type":"PropertyValueSpecification","valueRequired":true,"valueName":"search_term_string"}}],"inLanguage":"es"},{"@type":"Person","@id":"https:\/\/transparenciaelectoral.org\/blog\/#\/schema\/person\/63a97f81afd2c3820c6d9f262e27fe50","name":"Transparencia Electoral","sameAs":["https:\/\/transparenciaelectoral.org\/blog\/"]}]}},"_links":{"self":[{"href":"https:\/\/transparenciaelectoral.org\/blog\/wp-json\/wp\/v2\/posts\/8810","targetHints":{"allow":["GET"]}}],"collection":[{"href":"https:\/\/transparenciaelectoral.org\/blog\/wp-json\/wp\/v2\/posts"}],"about":[{"href":"https:\/\/transparenciaelectoral.org\/blog\/wp-json\/wp\/v2\/types\/post"}],"author":[{"embeddable":true,"href":"https:\/\/transparenciaelectoral.org\/blog\/wp-json\/wp\/v2\/users\/6"}],"replies":[{"embeddable":true,"href":"https:\/\/transparenciaelectoral.org\/blog\/wp-json\/wp\/v2\/comments?post=8810"}],"version-history":[{"count":2,"href":"https:\/\/transparenciaelectoral.org\/blog\/wp-json\/wp\/v2\/posts\/8810\/revisions"}],"predecessor-version":[{"id":8813,"href":"https:\/\/transparenciaelectoral.org\/blog\/wp-json\/wp\/v2\/posts\/8810\/revisions\/8813"}],"wp:featuredmedia":[{"embeddable":true,"href":"https:\/\/transparenciaelectoral.org\/blog\/wp-json\/wp\/v2\/media\/8811"}],"wp:attachment":[{"href":"https:\/\/transparenciaelectoral.org\/blog\/wp-json\/wp\/v2\/media?parent=8810"}],"wp:term":[{"taxonomy":"category","embeddable":true,"href":"https:\/\/transparenciaelectoral.org\/blog\/wp-json\/wp\/v2\/categories?post=8810"},{"taxonomy":"post_tag","embeddable":true,"href":"https:\/\/transparenciaelectoral.org\/blog\/wp-json\/wp\/v2\/tags?post=8810"}],"curies":[{"name":"wp","href":"https:\/\/api.w.org\/{rel}","templated":true}]}}