{"id":8699,"date":"2023-02-22T12:10:32","date_gmt":"2023-02-22T15:10:32","guid":{"rendered":"https:\/\/transparenciaelectoral.org\/blog\/?p=8699"},"modified":"2025-07-27T01:54:24","modified_gmt":"2025-07-27T04:54:24","slug":"transparencia-electoral-sobre-la-proscripcion-de-cristina-fernandez-de-kirchner","status":"publish","type":"post","link":"https:\/\/transparenciaelectoral.org\/blog\/transparencia-electoral-sobre-la-proscripcion-de-cristina-fernandez-de-kirchner\/","title":{"rendered":"Transparencia Electoral sobre la \u00abproscripci\u00f3n\u00bb de Cristina Fern\u00e1ndez de Kirchner"},"content":{"rendered":"\n<p>Buenos Aires, 22 de febrero de 2023<\/p>\n\n\n\n<p>Actualmente se promueve una narrativa oficial en la que se aduce que Cristina Fern\u00e1ndez de Kirchner ha sido proscripta, por lo que es necesario aclarar el concepto de proscripci\u00f3n en derecho electoral. Para esta rama jur\u00eddica, la proscripci\u00f3n importa la prohibici\u00f3n dirigida a una persona para que pueda presentarse como candidato en futuros comicios, y dado que el fallo no ha adquirido firmeza, nada le impide presentarse como candidata en un proceso electoral.<\/p>\n\n\n\n<p>La mesa nacional de la coalici\u00f3n de gobierno se reuni\u00f3 el pasado jueves, 16 de febrero en lo que denominaron mesa pol\u00edtica, en cuyo transcurso elaboraron un documento titulado&nbsp;\u201cDemocracia sin proscripciones: Unidad para transformar\u201d. All\u00ed expresaron: \u201c<em>Quienes integramos esta mesa tenemos como responsabilidad&nbsp;disponer las acciones necesarias para impedir la proscripci\u00f3n de la compa\u00f1era vicepresidenta Cristina Fern\u00e1ndez de Kirchner,&nbsp;cuyo liderazgo y potencia electoral no nos puede ser arrebatado. No hay, o no deber\u00eda haber,&nbsp;ning\u00fan poder econ\u00f3mico, medi\u00e1tico o judicial capaz de decidir por encima de la voluntad popular<\/em>\u201d.<\/p>\n\n\n\n<p>La idea de la proscripci\u00f3n es una bandera que el oficialismo empez\u00f3 a enarbolar antes de conocerse la sentencia del Tribunal Oral Federal 2 (TOF 2), que durante tres a\u00f1os y medio tuvo a cargo el juicio contra Cristina Fern\u00e1ndez de Kirchner, L\u00e1zaro B\u00e1ez y otros once imputados en el caso \u201cVialidad\u201d. Los fundamentos de esta sentencia se conocer\u00e1n el 9 de marzo.<\/p>\n\n\n\n<p>De manera que es importante aclarar que Cristina Fern\u00e1ndez de Kirchner no ha sido proscripta, sino que ha sido condenada por corrupci\u00f3n con inhabilitaci\u00f3n de por vida para ejercer cargos p\u00fablicos; lo cual no le impide ser candidata en elecciones, en tanto el fallo condenatorio no est\u00e1 firme. Esto reci\u00e9n podr\u00e1 suceder cuando el caso llegue a la Corte Suprema de Justicia de la Naci\u00f3n (CSJN) y esta se pronuncie al respecto. Se trata de un dilatado plazo que empezar\u00e1 apenas el expediente tome impulso, a partir del 9 de marzo. Es preciso tambi\u00e9n tener en cuenta que una sentencia no proscribe, sino que determina si una persona es o no culpable, y la vicepresidenta fue condenada en primera instancia por cometer fraude contra el Estado.<\/p>\n\n\n\n<p>En el fallo se desmiente gran parte de la narrativa oficialista, ya que no cuestionaron la gesti\u00f3n del ejecutivo, ni juzgaron pol\u00edticas. Textualmente, no intervinieron en la \u201c<em>la decisi\u00f3n de aquel gobierno nacional (per\u00edodos 2003-2007 y 2007-2015) de implementar una gesti\u00f3n de desarrollo vial marcadamente favorable para la Provincia de Santa Cruz<\/em>\u201d. Analizaron \u201c<em>en concreto&nbsp;la forma en que se ha implementado esa pol\u00edtica p\u00fablica<\/em>\u201d, que termin\u00f3 convirti\u00e9ndose en una maniobra defraudatoria. El cumplimiento del plan criminal -se\u00f1alaron- tuvo el \u201cinter\u00e9s Cristina Kirchner\u201d, lo que evidencia \u201c<em>la existencia de v\u00ednculos promiscuos y corruptos entre funcionarios de la administraci\u00f3n p\u00fablica (nacional y provincial) y las empresas contratistas&nbsp;del Estado pertenecientes a L\u00e1zaro B\u00e1ez<\/em>\u201d.<\/p>\n\n\n\n<p>Seg\u00fan distintos magistrados de tribunales orales en Comodoro Py, \u201cninguna sentencia en s\u00ed misma es una proscripci\u00f3n\u201d. Adem\u00e1s, seg\u00fan la ley la \u201cinhabilitaci\u00f3n para ejercer cargos p\u00fablicos\u201d es una \u201caccesoria\u201d a cualquier condena por corrupci\u00f3n, dado que se entiende que&nbsp;alguien que le rob\u00f3 al Estado no puede volver a representarlo nunca m\u00e1s, sea quien sea, como ocurri\u00f3 con Felisa Miceli, Romina Picolotti y Amado Boudou.&nbsp;<\/p>\n\n\n\n<p>Esta \u00faltima es la raz\u00f3n central que torna sin sentido la victimizaci\u00f3n de Cristina Fern\u00e1ndez de Kirchner. Los plazos procesales que contempla el debido proceso bajo una Justicia en un Estado de Derecho y democr\u00e1tico tambi\u00e9n favorecen a&nbsp;la vicepresidenta si quisiera ser candidata este a\u00f1o. Con la condena a seis a\u00f1os por administraci\u00f3n fraudulenta en perjuicio de la administraci\u00f3n p\u00fablica,&nbsp;el expediente debe ser revisado por dos instancias m\u00e1s, que tienen plazos lentos, y hay todo tipo de artilugios legales a disposici\u00f3n de la defensa para demorar&nbsp;a\u00fan m\u00e1s que el fallo adquiera firmeza.<\/p>\n\n\n\n<p>El oficialismo recurre al renunciamiento de Eva Duarte y a la proscripci\u00f3n de Juan Domingo Per\u00f3n, que s\u00ed fueron proscripciones propiamente dichas, s\u00f3lo para asegurar la referencia pol\u00edtica a dos figuras clave del movimiento nacional justicialista. Sin embargo, la comparaci\u00f3n es improcedente, dado que la narrativa oficial alrededor del caso de Cristina Fern\u00e1ndez de Kirchner carece de argumentos jur\u00eddicos.<\/p>\n\n\n\n<p><\/p>\n\n\n\n<div data-wp-interactive=\"core\/file\" class=\"wp-block-file\"><object data-wp-bind--hidden=\"!state.hasPdfPreview\" hidden class=\"wp-block-file__embed\" data=\"https:\/\/transparenciaelectoral.org\/blog\/wp-content\/uploads\/2023\/02\/TRANSPARENCIA-SOBRE-CASO-CFK.pdf\" type=\"application\/pdf\" style=\"width:100%;height:600px\" aria-label=\"Incrustado de TRANSPARENCIA-SOBRE-CASO-CFK.\"><\/object><a id=\"wp-block-file--media-2f05c02c-d0c4-4f66-be3f-c4117ce20eaf\" href=\"https:\/\/transparenciaelectoral.org\/blog\/wp-content\/uploads\/2023\/02\/TRANSPARENCIA-SOBRE-CASO-CFK.pdf\">TRANSPARENCIA-SOBRE-CASO-CFK<\/a><a href=\"https:\/\/transparenciaelectoral.org\/blog\/wp-content\/uploads\/2023\/02\/TRANSPARENCIA-SOBRE-CASO-CFK.pdf\" class=\"wp-block-file__button wp-element-button\" download aria-describedby=\"wp-block-file--media-2f05c02c-d0c4-4f66-be3f-c4117ce20eaf\">Descarga<\/a><\/div>\n","protected":false},"excerpt":{"rendered":"<p>Buenos Aires, 22 de febrero de 2023 Actualmente se promueve una narrativa oficial en la que se aduce que Cristina Fern\u00e1ndez de Kirchner ha sido proscripta, por lo que es necesario aclarar el concepto de proscripci\u00f3n en derecho electoral. Para esta rama jur\u00eddica, la proscripci\u00f3n importa la prohibici\u00f3n dirigida a una persona para que pueda &hellip;<\/p>\n","protected":false},"author":6,"featured_media":8432,"comment_status":"closed","ping_status":"open","sticky":false,"template":"","format":"standard","meta":{"footnotes":""},"categories":[98,100,276],"tags":[],"class_list":["post-8699","post","type-post","status-publish","format-standard","has-post-thumbnail","hentry","category-argentina","category-noticias","category-transparencia-electoral"],"yoast_head":"<!-- This site is optimized with the Yoast SEO plugin v27.5 - https:\/\/yoast.com\/product\/yoast-seo-wordpress\/ -->\n<title>Transparencia Electoral sobre la &quot;proscripci\u00f3n&quot; de Cristina Fern\u00e1ndez de Kirchner - Transparencia Electoral<\/title>\n<meta name=\"robots\" content=\"index, follow, max-snippet:-1, max-image-preview:large, max-video-preview:-1\" \/>\n<link rel=\"canonical\" href=\"https:\/\/transparenciaelectoral.org\/blog\/transparencia-electoral-sobre-la-proscripcion-de-cristina-fernandez-de-kirchner\/\" \/>\n<meta property=\"og:locale\" content=\"es_ES\" \/>\n<meta property=\"og:type\" content=\"article\" \/>\n<meta property=\"og:title\" content=\"Transparencia Electoral sobre la &quot;proscripci\u00f3n&quot; de Cristina Fern\u00e1ndez de Kirchner - Transparencia Electoral\" \/>\n<meta property=\"og:description\" content=\"Buenos Aires, 22 de febrero de 2023 Actualmente se promueve una narrativa oficial en la que se aduce que Cristina Fern\u00e1ndez de Kirchner ha sido proscripta, por lo que es necesario aclarar el concepto de proscripci\u00f3n en derecho electoral. Para esta rama jur\u00eddica, la proscripci\u00f3n importa la prohibici\u00f3n dirigida a una persona para que pueda &hellip;\" \/>\n<meta property=\"og:url\" content=\"https:\/\/transparenciaelectoral.org\/blog\/transparencia-electoral-sobre-la-proscripcion-de-cristina-fernandez-de-kirchner\/\" \/>\n<meta property=\"og:site_name\" content=\"Transparencia Electoral\" \/>\n<meta property=\"article:publisher\" content=\"https:\/\/www.facebook.com\/Transparencia-Electoral-en-Am%c3%a9rica-latina-171661009688456\/\" \/>\n<meta property=\"article:published_time\" content=\"2023-02-22T15:10:32+00:00\" \/>\n<meta property=\"article:modified_time\" content=\"2025-07-27T04:54:24+00:00\" \/>\n<meta property=\"og:image\" content=\"https:\/\/transparenciaelectoral.org\/blog\/wp-content\/uploads\/2022\/12\/Alerta_Comunicado-Transparencia-Electoral-1.png\" \/>\n\t<meta property=\"og:image:width\" content=\"862\" \/>\n\t<meta property=\"og:image:height\" content=\"423\" \/>\n\t<meta property=\"og:image:type\" content=\"image\/png\" \/>\n<meta name=\"author\" content=\"Transparencia Electoral\" \/>\n<meta name=\"twitter:card\" content=\"summary_large_image\" \/>\n<meta name=\"twitter:creator\" content=\"@TransparenciaAL\" \/>\n<meta name=\"twitter:site\" content=\"@TransparenciaAL\" \/>\n<meta name=\"twitter:label1\" content=\"Escrito por\" \/>\n\t<meta name=\"twitter:data1\" content=\"Transparencia Electoral\" \/>\n\t<meta name=\"twitter:label2\" content=\"Tiempo de lectura\" \/>\n\t<meta name=\"twitter:data2\" content=\"4 minutos\" \/>\n<script type=\"application\/ld+json\" class=\"yoast-schema-graph\">{\"@context\":\"https:\\\/\\\/schema.org\",\"@graph\":[{\"@type\":\"Article\",\"@id\":\"https:\\\/\\\/transparenciaelectoral.org\\\/blog\\\/transparencia-electoral-sobre-la-proscripcion-de-cristina-fernandez-de-kirchner\\\/#article\",\"isPartOf\":{\"@id\":\"https:\\\/\\\/transparenciaelectoral.org\\\/blog\\\/transparencia-electoral-sobre-la-proscripcion-de-cristina-fernandez-de-kirchner\\\/\"},\"author\":{\"name\":\"Transparencia Electoral\",\"@id\":\"https:\\\/\\\/transparenciaelectoral.org\\\/blog\\\/#\\\/schema\\\/person\\\/63a97f81afd2c3820c6d9f262e27fe50\"},\"headline\":\"Transparencia Electoral sobre la \u00abproscripci\u00f3n\u00bb de Cristina Fern\u00e1ndez de Kirchner\",\"datePublished\":\"2023-02-22T15:10:32+00:00\",\"dateModified\":\"2025-07-27T04:54:24+00:00\",\"mainEntityOfPage\":{\"@id\":\"https:\\\/\\\/transparenciaelectoral.org\\\/blog\\\/transparencia-electoral-sobre-la-proscripcion-de-cristina-fernandez-de-kirchner\\\/\"},\"wordCount\":781,\"image\":{\"@id\":\"https:\\\/\\\/transparenciaelectoral.org\\\/blog\\\/transparencia-electoral-sobre-la-proscripcion-de-cristina-fernandez-de-kirchner\\\/#primaryimage\"},\"thumbnailUrl\":\"https:\\\/\\\/transparenciaelectoral.org\\\/blog\\\/wp-content\\\/uploads\\\/2022\\\/12\\\/Alerta_Comunicado-Transparencia-Electoral-1.png\",\"articleSection\":[\"Argentina \ud83c\udde6\ud83c\uddf7\",\"Noticias\",\"Transparencia Electoral\"],\"inLanguage\":\"es\"},{\"@type\":\"WebPage\",\"@id\":\"https:\\\/\\\/transparenciaelectoral.org\\\/blog\\\/transparencia-electoral-sobre-la-proscripcion-de-cristina-fernandez-de-kirchner\\\/\",\"url\":\"https:\\\/\\\/transparenciaelectoral.org\\\/blog\\\/transparencia-electoral-sobre-la-proscripcion-de-cristina-fernandez-de-kirchner\\\/\",\"name\":\"Transparencia Electoral sobre la \\\"proscripci\u00f3n\\\" de Cristina Fern\u00e1ndez de Kirchner - Transparencia Electoral\",\"isPartOf\":{\"@id\":\"https:\\\/\\\/transparenciaelectoral.org\\\/blog\\\/#website\"},\"primaryImageOfPage\":{\"@id\":\"https:\\\/\\\/transparenciaelectoral.org\\\/blog\\\/transparencia-electoral-sobre-la-proscripcion-de-cristina-fernandez-de-kirchner\\\/#primaryimage\"},\"image\":{\"@id\":\"https:\\\/\\\/transparenciaelectoral.org\\\/blog\\\/transparencia-electoral-sobre-la-proscripcion-de-cristina-fernandez-de-kirchner\\\/#primaryimage\"},\"thumbnailUrl\":\"https:\\\/\\\/transparenciaelectoral.org\\\/blog\\\/wp-content\\\/uploads\\\/2022\\\/12\\\/Alerta_Comunicado-Transparencia-Electoral-1.png\",\"datePublished\":\"2023-02-22T15:10:32+00:00\",\"dateModified\":\"2025-07-27T04:54:24+00:00\",\"author\":{\"@id\":\"https:\\\/\\\/transparenciaelectoral.org\\\/blog\\\/#\\\/schema\\\/person\\\/63a97f81afd2c3820c6d9f262e27fe50\"},\"breadcrumb\":{\"@id\":\"https:\\\/\\\/transparenciaelectoral.org\\\/blog\\\/transparencia-electoral-sobre-la-proscripcion-de-cristina-fernandez-de-kirchner\\\/#breadcrumb\"},\"inLanguage\":\"es\",\"potentialAction\":[{\"@type\":\"ReadAction\",\"target\":[\"https:\\\/\\\/transparenciaelectoral.org\\\/blog\\\/transparencia-electoral-sobre-la-proscripcion-de-cristina-fernandez-de-kirchner\\\/\"]}]},{\"@type\":\"ImageObject\",\"inLanguage\":\"es\",\"@id\":\"https:\\\/\\\/transparenciaelectoral.org\\\/blog\\\/transparencia-electoral-sobre-la-proscripcion-de-cristina-fernandez-de-kirchner\\\/#primaryimage\",\"url\":\"https:\\\/\\\/transparenciaelectoral.org\\\/blog\\\/wp-content\\\/uploads\\\/2022\\\/12\\\/Alerta_Comunicado-Transparencia-Electoral-1.png\",\"contentUrl\":\"https:\\\/\\\/transparenciaelectoral.org\\\/blog\\\/wp-content\\\/uploads\\\/2022\\\/12\\\/Alerta_Comunicado-Transparencia-Electoral-1.png\",\"width\":862,\"height\":423},{\"@type\":\"BreadcrumbList\",\"@id\":\"https:\\\/\\\/transparenciaelectoral.org\\\/blog\\\/transparencia-electoral-sobre-la-proscripcion-de-cristina-fernandez-de-kirchner\\\/#breadcrumb\",\"itemListElement\":[{\"@type\":\"ListItem\",\"position\":1,\"name\":\"Portada\",\"item\":\"https:\\\/\\\/transparenciaelectoral.org\\\/blog\\\/\"},{\"@type\":\"ListItem\",\"position\":2,\"name\":\"Transparencia Electoral sobre la \u00abproscripci\u00f3n\u00bb de Cristina Fern\u00e1ndez de Kirchner\"}]},{\"@type\":\"WebSite\",\"@id\":\"https:\\\/\\\/transparenciaelectoral.org\\\/blog\\\/#website\",\"url\":\"https:\\\/\\\/transparenciaelectoral.org\\\/blog\\\/\",\"name\":\"Transparencia Electoral\",\"description\":\"\",\"potentialAction\":[{\"@type\":\"SearchAction\",\"target\":{\"@type\":\"EntryPoint\",\"urlTemplate\":\"https:\\\/\\\/transparenciaelectoral.org\\\/blog\\\/?s={search_term_string}\"},\"query-input\":{\"@type\":\"PropertyValueSpecification\",\"valueRequired\":true,\"valueName\":\"search_term_string\"}}],\"inLanguage\":\"es\"},{\"@type\":\"Person\",\"@id\":\"https:\\\/\\\/transparenciaelectoral.org\\\/blog\\\/#\\\/schema\\\/person\\\/63a97f81afd2c3820c6d9f262e27fe50\",\"name\":\"Transparencia Electoral\",\"sameAs\":[\"https:\\\/\\\/transparenciaelectoral.org\\\/blog\\\/\"]}]}<\/script>\n<!-- \/ Yoast SEO plugin. -->","yoast_head_json":{"title":"Transparencia Electoral sobre la \"proscripci\u00f3n\" de Cristina Fern\u00e1ndez de Kirchner - Transparencia Electoral","robots":{"index":"index","follow":"follow","max-snippet":"max-snippet:-1","max-image-preview":"max-image-preview:large","max-video-preview":"max-video-preview:-1"},"canonical":"https:\/\/transparenciaelectoral.org\/blog\/transparencia-electoral-sobre-la-proscripcion-de-cristina-fernandez-de-kirchner\/","og_locale":"es_ES","og_type":"article","og_title":"Transparencia Electoral sobre la \"proscripci\u00f3n\" de Cristina Fern\u00e1ndez de Kirchner - Transparencia Electoral","og_description":"Buenos Aires, 22 de febrero de 2023 Actualmente se promueve una narrativa oficial en la que se aduce que Cristina Fern\u00e1ndez de Kirchner ha sido proscripta, por lo que es necesario aclarar el concepto de proscripci\u00f3n en derecho electoral. Para esta rama jur\u00eddica, la proscripci\u00f3n importa la prohibici\u00f3n dirigida a una persona para que pueda &hellip;","og_url":"https:\/\/transparenciaelectoral.org\/blog\/transparencia-electoral-sobre-la-proscripcion-de-cristina-fernandez-de-kirchner\/","og_site_name":"Transparencia Electoral","article_publisher":"https:\/\/www.facebook.com\/Transparencia-Electoral-en-Am%c3%a9rica-latina-171661009688456\/","article_published_time":"2023-02-22T15:10:32+00:00","article_modified_time":"2025-07-27T04:54:24+00:00","og_image":[{"width":862,"height":423,"url":"https:\/\/transparenciaelectoral.org\/blog\/wp-content\/uploads\/2022\/12\/Alerta_Comunicado-Transparencia-Electoral-1.png","type":"image\/png"}],"author":"Transparencia Electoral","twitter_card":"summary_large_image","twitter_creator":"@TransparenciaAL","twitter_site":"@TransparenciaAL","twitter_misc":{"Escrito por":"Transparencia Electoral","Tiempo de lectura":"4 minutos"},"schema":{"@context":"https:\/\/schema.org","@graph":[{"@type":"Article","@id":"https:\/\/transparenciaelectoral.org\/blog\/transparencia-electoral-sobre-la-proscripcion-de-cristina-fernandez-de-kirchner\/#article","isPartOf":{"@id":"https:\/\/transparenciaelectoral.org\/blog\/transparencia-electoral-sobre-la-proscripcion-de-cristina-fernandez-de-kirchner\/"},"author":{"name":"Transparencia Electoral","@id":"https:\/\/transparenciaelectoral.org\/blog\/#\/schema\/person\/63a97f81afd2c3820c6d9f262e27fe50"},"headline":"Transparencia Electoral sobre la \u00abproscripci\u00f3n\u00bb de Cristina Fern\u00e1ndez de Kirchner","datePublished":"2023-02-22T15:10:32+00:00","dateModified":"2025-07-27T04:54:24+00:00","mainEntityOfPage":{"@id":"https:\/\/transparenciaelectoral.org\/blog\/transparencia-electoral-sobre-la-proscripcion-de-cristina-fernandez-de-kirchner\/"},"wordCount":781,"image":{"@id":"https:\/\/transparenciaelectoral.org\/blog\/transparencia-electoral-sobre-la-proscripcion-de-cristina-fernandez-de-kirchner\/#primaryimage"},"thumbnailUrl":"https:\/\/transparenciaelectoral.org\/blog\/wp-content\/uploads\/2022\/12\/Alerta_Comunicado-Transparencia-Electoral-1.png","articleSection":["Argentina \ud83c\udde6\ud83c\uddf7","Noticias","Transparencia Electoral"],"inLanguage":"es"},{"@type":"WebPage","@id":"https:\/\/transparenciaelectoral.org\/blog\/transparencia-electoral-sobre-la-proscripcion-de-cristina-fernandez-de-kirchner\/","url":"https:\/\/transparenciaelectoral.org\/blog\/transparencia-electoral-sobre-la-proscripcion-de-cristina-fernandez-de-kirchner\/","name":"Transparencia Electoral sobre la \"proscripci\u00f3n\" de Cristina Fern\u00e1ndez de Kirchner - Transparencia Electoral","isPartOf":{"@id":"https:\/\/transparenciaelectoral.org\/blog\/#website"},"primaryImageOfPage":{"@id":"https:\/\/transparenciaelectoral.org\/blog\/transparencia-electoral-sobre-la-proscripcion-de-cristina-fernandez-de-kirchner\/#primaryimage"},"image":{"@id":"https:\/\/transparenciaelectoral.org\/blog\/transparencia-electoral-sobre-la-proscripcion-de-cristina-fernandez-de-kirchner\/#primaryimage"},"thumbnailUrl":"https:\/\/transparenciaelectoral.org\/blog\/wp-content\/uploads\/2022\/12\/Alerta_Comunicado-Transparencia-Electoral-1.png","datePublished":"2023-02-22T15:10:32+00:00","dateModified":"2025-07-27T04:54:24+00:00","author":{"@id":"https:\/\/transparenciaelectoral.org\/blog\/#\/schema\/person\/63a97f81afd2c3820c6d9f262e27fe50"},"breadcrumb":{"@id":"https:\/\/transparenciaelectoral.org\/blog\/transparencia-electoral-sobre-la-proscripcion-de-cristina-fernandez-de-kirchner\/#breadcrumb"},"inLanguage":"es","potentialAction":[{"@type":"ReadAction","target":["https:\/\/transparenciaelectoral.org\/blog\/transparencia-electoral-sobre-la-proscripcion-de-cristina-fernandez-de-kirchner\/"]}]},{"@type":"ImageObject","inLanguage":"es","@id":"https:\/\/transparenciaelectoral.org\/blog\/transparencia-electoral-sobre-la-proscripcion-de-cristina-fernandez-de-kirchner\/#primaryimage","url":"https:\/\/transparenciaelectoral.org\/blog\/wp-content\/uploads\/2022\/12\/Alerta_Comunicado-Transparencia-Electoral-1.png","contentUrl":"https:\/\/transparenciaelectoral.org\/blog\/wp-content\/uploads\/2022\/12\/Alerta_Comunicado-Transparencia-Electoral-1.png","width":862,"height":423},{"@type":"BreadcrumbList","@id":"https:\/\/transparenciaelectoral.org\/blog\/transparencia-electoral-sobre-la-proscripcion-de-cristina-fernandez-de-kirchner\/#breadcrumb","itemListElement":[{"@type":"ListItem","position":1,"name":"Portada","item":"https:\/\/transparenciaelectoral.org\/blog\/"},{"@type":"ListItem","position":2,"name":"Transparencia Electoral sobre la \u00abproscripci\u00f3n\u00bb de Cristina Fern\u00e1ndez de Kirchner"}]},{"@type":"WebSite","@id":"https:\/\/transparenciaelectoral.org\/blog\/#website","url":"https:\/\/transparenciaelectoral.org\/blog\/","name":"Transparencia Electoral","description":"","potentialAction":[{"@type":"SearchAction","target":{"@type":"EntryPoint","urlTemplate":"https:\/\/transparenciaelectoral.org\/blog\/?s={search_term_string}"},"query-input":{"@type":"PropertyValueSpecification","valueRequired":true,"valueName":"search_term_string"}}],"inLanguage":"es"},{"@type":"Person","@id":"https:\/\/transparenciaelectoral.org\/blog\/#\/schema\/person\/63a97f81afd2c3820c6d9f262e27fe50","name":"Transparencia Electoral","sameAs":["https:\/\/transparenciaelectoral.org\/blog\/"]}]}},"_links":{"self":[{"href":"https:\/\/transparenciaelectoral.org\/blog\/wp-json\/wp\/v2\/posts\/8699","targetHints":{"allow":["GET"]}}],"collection":[{"href":"https:\/\/transparenciaelectoral.org\/blog\/wp-json\/wp\/v2\/posts"}],"about":[{"href":"https:\/\/transparenciaelectoral.org\/blog\/wp-json\/wp\/v2\/types\/post"}],"author":[{"embeddable":true,"href":"https:\/\/transparenciaelectoral.org\/blog\/wp-json\/wp\/v2\/users\/6"}],"replies":[{"embeddable":true,"href":"https:\/\/transparenciaelectoral.org\/blog\/wp-json\/wp\/v2\/comments?post=8699"}],"version-history":[{"count":3,"href":"https:\/\/transparenciaelectoral.org\/blog\/wp-json\/wp\/v2\/posts\/8699\/revisions"}],"predecessor-version":[{"id":8704,"href":"https:\/\/transparenciaelectoral.org\/blog\/wp-json\/wp\/v2\/posts\/8699\/revisions\/8704"}],"wp:featuredmedia":[{"embeddable":true,"href":"https:\/\/transparenciaelectoral.org\/blog\/wp-json\/wp\/v2\/media\/8432"}],"wp:attachment":[{"href":"https:\/\/transparenciaelectoral.org\/blog\/wp-json\/wp\/v2\/media?parent=8699"}],"wp:term":[{"taxonomy":"category","embeddable":true,"href":"https:\/\/transparenciaelectoral.org\/blog\/wp-json\/wp\/v2\/categories?post=8699"},{"taxonomy":"post_tag","embeddable":true,"href":"https:\/\/transparenciaelectoral.org\/blog\/wp-json\/wp\/v2\/tags?post=8699"}],"curies":[{"name":"wp","href":"https:\/\/api.w.org\/{rel}","templated":true}]}}