{"id":8625,"date":"2023-01-31T14:03:05","date_gmt":"2023-01-31T17:03:05","guid":{"rendered":"https:\/\/transparenciaelectoral.org\/blog\/?p=8625"},"modified":"2025-07-27T01:54:24","modified_gmt":"2025-07-27T04:54:24","slug":"transparencia-electoral-y-la-fundacion-konrad-adenauer-presentaron-en-quito-el-libro-desafios-para-la-representacion-en-ecuador","status":"publish","type":"post","link":"https:\/\/transparenciaelectoral.org\/blog\/transparencia-electoral-y-la-fundacion-konrad-adenauer-presentaron-en-quito-el-libro-desafios-para-la-representacion-en-ecuador\/","title":{"rendered":"Transparencia Electoral y la Fundaci\u00f3n Konrad Adenauer presentaron en Quito el libro \u00abDesaf\u00edos para la Representaci\u00f3n en Ecuador\u00bb"},"content":{"rendered":"\n<p>Este martes, 31 de enero, en presencia de distinguidos invitados internacionales e importantes actores pol\u00edticos y de la sociedad civil ecuatoriana, se present\u00f3 en el Hotel Dann Carlton de Quito el libro \u00ab<strong>Desaf\u00edos para la Representaci\u00f3n en Ecuador: Alances y Limitaciones de la Reforma Electoral de 2020<\/strong>\u00ab, un proyecto editorial hecho posible por el apoyo de la Oficina en Ecuador de la Konrad Adenauer Stiftung. El libro re\u00fane art\u00edculos de acad\u00e9micos, expertos e integrantes de la sociedad civil ecuatoriana para analizar las reformas electorales realizadas en el a\u00f1o 2020, a la luz de sus efectos sobre las elecciones de 2021, 2023 y 2025 y futuros procesos electorales, con el objetivo de identificar los desaf\u00edos a la representaci\u00f3n pol\u00edtica en Ecuador.<\/p>\n\n\n\n<p>En la presentaci\u00f3n, las palabras de bienvenida estuvieron a cargo de Johannes H\u00fcgel, Representante de la Konrad Adenauer Stiftung en el Ecuador y Leandro C. Querido, Director Ejecutivo de Transparencia Electoral.<\/p>\n\n\n\n<p>Participaron como panelistas el Dr. \u00c1ngel Torres, Juez Principal del Tribunal Contencioso Electoral (TCE) del Ecuador; Luis Alfredo Garc\u00eda (Gerente de Proyectos de la Konrad Adenauer Stiftung Ecuador); Juliana Ferreira Sevilla (NDI Ecuador); M\u00f3nica Banegas (Haciendo Ecuador); Roxana Silva Chica\u00edza (Asociaci\u00f3n de Magistradas Electorales de las Am\u00e9ricas -AMEA-); y Esteban Ron Castro (Decano de la Facultad de Ciencias Sociales y Jur\u00eddicas de la Universidad Internacional SEK).<\/p>\n\n\n\n<p>Otros autores del libro fueron Milton Paredes, experto en procesos electorales; Mauricio Alarc\u00f3n, Director Ejecutivo de la Fundaci\u00f3n Ciudadan\u00eda y Desarrollo; Juan Fernando Flores, Diputado de la Asamblea Nacional del Ecuador; Richard Ortiz Ortiz, de la Universidad de las Am\u00e9ricas (ULDA); y Miguel \u00c1ngel Lara Otaola, de IDEA Internacional, quien escribi\u00f3 el pr\u00f3logo de la obra.<\/p>\n\n\n\n<figure class=\"wp-block-image size-large\"><img fetchpriority=\"high\" decoding=\"async\" width=\"1024\" height=\"768\" src=\"https:\/\/transparenciaelectoral.org\/blog\/wp-content\/uploads\/2023\/01\/WhatsApp-Image-2023-01-31-at-11.40.59-1024x768.jpeg\" alt=\"\" class=\"wp-image-8626\" srcset=\"https:\/\/transparenciaelectoral.org\/blog\/wp-content\/uploads\/2023\/01\/WhatsApp-Image-2023-01-31-at-11.40.59-1024x768.jpeg 1024w, https:\/\/transparenciaelectoral.org\/blog\/wp-content\/uploads\/2023\/01\/WhatsApp-Image-2023-01-31-at-11.40.59-300x225.jpeg 300w, https:\/\/transparenciaelectoral.org\/blog\/wp-content\/uploads\/2023\/01\/WhatsApp-Image-2023-01-31-at-11.40.59-768x576.jpeg 768w, https:\/\/transparenciaelectoral.org\/blog\/wp-content\/uploads\/2023\/01\/WhatsApp-Image-2023-01-31-at-11.40.59-1536x1152.jpeg 1536w, https:\/\/transparenciaelectoral.org\/blog\/wp-content\/uploads\/2023\/01\/WhatsApp-Image-2023-01-31-at-11.40.59.jpeg 1600w\" sizes=\"(max-width: 1024px) 100vw, 1024px\" \/><figcaption class=\"wp-element-caption\">Juliana Ferreira Sevilla (NDI Ecuador); M\u00f3nica Banegas (Haciendo Ecuador) y Roxana Silva Chica\u00edza (Organizacci\u00f3n)<\/figcaption><\/figure>\n\n\n\n<figure class=\"wp-block-image size-large\"><img decoding=\"async\" width=\"1024\" height=\"768\" src=\"https:\/\/transparenciaelectoral.org\/blog\/wp-content\/uploads\/2023\/01\/WhatsApp-Image-2023-01-31-at-12.33.02-1024x768.jpeg\" alt=\"\" class=\"wp-image-8627\" srcset=\"https:\/\/transparenciaelectoral.org\/blog\/wp-content\/uploads\/2023\/01\/WhatsApp-Image-2023-01-31-at-12.33.02-1024x768.jpeg 1024w, https:\/\/transparenciaelectoral.org\/blog\/wp-content\/uploads\/2023\/01\/WhatsApp-Image-2023-01-31-at-12.33.02-300x225.jpeg 300w, https:\/\/transparenciaelectoral.org\/blog\/wp-content\/uploads\/2023\/01\/WhatsApp-Image-2023-01-31-at-12.33.02-768x576.jpeg 768w, https:\/\/transparenciaelectoral.org\/blog\/wp-content\/uploads\/2023\/01\/WhatsApp-Image-2023-01-31-at-12.33.02-1536x1152.jpeg 1536w, https:\/\/transparenciaelectoral.org\/blog\/wp-content\/uploads\/2023\/01\/WhatsApp-Image-2023-01-31-at-12.33.02.jpeg 1600w\" sizes=\"(max-width: 1024px) 100vw, 1024px\" \/><figcaption class=\"wp-element-caption\">Dr. \u00c1ngel Torres (TCE Ecuador); Esteban Ron Castro (UISEK); y Luis Garc\u00eda Paredes (KAS Ecuador)<\/figcaption><\/figure>\n\n\n\n<p>M\u00f3nica Banegas, Directora Ejecutiva de Haciendo Ecuador, ofreci\u00f3 datos sobre las elecciones de 2021: \u00abde 137 asamble\u00edstas, un 39% fueron mujeres, pero hay provincias que no llegaron a tener ni una sola mujer, la propuesta es aplicar una norma en la que haya un 50% de participaci\u00f3n femenina\u00bb.<\/p>\n\n\n\n<p>Roxana Silva, ex-Consejera del CNE y actual directora de Organizacci\u00f3n, coment\u00f3 que \u00abse sigue trabajando por la necesidad de la equidad y una paridad horizontal donde las listas est\u00e9n encabezadas por mujeres, pero que tambi\u00e9n las suplencias tengan mujeres\u00bb. <\/p>\n\n\n\n<p>Por su parte, el Juez Principal \u00c1ngel Torres, del Tribunal Contencioso Electoral del Ecuador, asegur\u00f3 que \u00aben Ecuador no existe una profesionalizaci\u00f3n de la pol\u00edtica, muchas personas resultan ser candidatos repentinos y esto implica que las personas tengan que prepararse para una candidatura no menos de 3 a\u00f1os antes\u00bb.<\/p>\n\n\n\n<p>Ya puedes descargar el libro \u00ab<strong>Desaf\u00edos para la Representaci\u00f3n en Ecuador: Alances y Limitaciones de la Reforma Electoral de 2020<\/strong>\u00bb de forma gratuita.<\/p>\n\n\n\n<div class=\"wp-block-buttons is-content-justification-center is-layout-flex wp-container-core-buttons-is-layout-16018d1d wp-block-buttons-is-layout-flex\">\n<div class=\"wp-block-button\"><a class=\"wp-block-button__link wp-element-button\" href=\"https:\/\/transparenciaelectoral.org\/blog\/wp-content\/uploads\/2023\/01\/Desafios-para-la-representacion-en-Ecuador-2022.pdf\" target=\"_blank\" rel=\"noreferrer noopener\">Descarga aqu\u00ed el libro \u00abDesaf\u00edos para la Representaci\u00f3n en Ecuador\u00bb<\/a><\/div>\n<\/div>\n\n\n\n<p><\/p>\n\n\n\n<p><\/p>\n","protected":false},"excerpt":{"rendered":"<p>Este martes, 31 de enero, en presencia de distinguidos invitados internacionales e importantes actores pol\u00edticos y de la sociedad civil ecuatoriana, se present\u00f3 en el Hotel Dann Carlton de Quito el libro \u00abDesaf\u00edos para la Representaci\u00f3n en Ecuador: Alances y Limitaciones de la Reforma Electoral de 2020\u00ab, un proyecto editorial hecho posible por el apoyo &hellip;<\/p>\n","protected":false},"author":6,"featured_media":8628,"comment_status":"closed","ping_status":"open","sticky":false,"template":"","format":"standard","meta":{"footnotes":""},"categories":[198,100,140],"tags":[],"class_list":["post-8625","post","type-post","status-publish","format-standard","has-post-thumbnail","hentry","category-ecuador","category-noticias","category-transparencia-electoral-ediciones"],"yoast_head":"<!-- This site is optimized with the Yoast SEO plugin v27.5 - https:\/\/yoast.com\/product\/yoast-seo-wordpress\/ -->\n<title>Transparencia Electoral y la Fundaci\u00f3n Konrad Adenauer presentaron en Quito el libro &quot;Desaf\u00edos para la Representaci\u00f3n en Ecuador&quot; - Transparencia Electoral<\/title>\n<meta name=\"robots\" content=\"index, follow, max-snippet:-1, max-image-preview:large, max-video-preview:-1\" \/>\n<link rel=\"canonical\" href=\"https:\/\/transparenciaelectoral.org\/blog\/transparencia-electoral-y-la-fundacion-konrad-adenauer-presentaron-en-quito-el-libro-desafios-para-la-representacion-en-ecuador\/\" \/>\n<meta property=\"og:locale\" content=\"es_ES\" \/>\n<meta property=\"og:type\" content=\"article\" \/>\n<meta property=\"og:title\" content=\"Transparencia Electoral y la Fundaci\u00f3n Konrad Adenauer presentaron en Quito el libro &quot;Desaf\u00edos para la Representaci\u00f3n en Ecuador&quot; - Transparencia Electoral\" \/>\n<meta property=\"og:description\" content=\"Este martes, 31 de enero, en presencia de distinguidos invitados internacionales e importantes actores pol\u00edticos y de la sociedad civil ecuatoriana, se present\u00f3 en el Hotel Dann Carlton de Quito el libro \u00abDesaf\u00edos para la Representaci\u00f3n en Ecuador: Alances y Limitaciones de la Reforma Electoral de 2020\u00ab, un proyecto editorial hecho posible por el apoyo &hellip;\" \/>\n<meta property=\"og:url\" content=\"https:\/\/transparenciaelectoral.org\/blog\/transparencia-electoral-y-la-fundacion-konrad-adenauer-presentaron-en-quito-el-libro-desafios-para-la-representacion-en-ecuador\/\" \/>\n<meta property=\"og:site_name\" content=\"Transparencia Electoral\" \/>\n<meta property=\"article:publisher\" content=\"https:\/\/www.facebook.com\/Transparencia-Electoral-en-Am%c3%a9rica-latina-171661009688456\/\" \/>\n<meta property=\"article:published_time\" content=\"2023-01-31T17:03:05+00:00\" \/>\n<meta property=\"article:modified_time\" content=\"2025-07-27T04:54:24+00:00\" \/>\n<meta property=\"og:image\" content=\"https:\/\/transparenciaelectoral.org\/blog\/wp-content\/uploads\/2023\/01\/WhatsApp-Image-2023-01-31-at-11.40.59-1.jpeg\" \/>\n\t<meta property=\"og:image:width\" content=\"1600\" \/>\n\t<meta property=\"og:image:height\" content=\"1200\" \/>\n\t<meta property=\"og:image:type\" content=\"image\/jpeg\" \/>\n<meta name=\"author\" content=\"Transparencia Electoral\" \/>\n<meta name=\"twitter:card\" content=\"summary_large_image\" \/>\n<meta name=\"twitter:creator\" content=\"@TransparenciaAL\" \/>\n<meta name=\"twitter:site\" content=\"@TransparenciaAL\" \/>\n<meta name=\"twitter:label1\" content=\"Escrito por\" \/>\n\t<meta name=\"twitter:data1\" content=\"Transparencia Electoral\" \/>\n\t<meta name=\"twitter:label2\" content=\"Tiempo de lectura\" \/>\n\t<meta name=\"twitter:data2\" content=\"3 minutos\" \/>\n<script type=\"application\/ld+json\" class=\"yoast-schema-graph\">{\"@context\":\"https:\\\/\\\/schema.org\",\"@graph\":[{\"@type\":\"Article\",\"@id\":\"https:\\\/\\\/transparenciaelectoral.org\\\/blog\\\/transparencia-electoral-y-la-fundacion-konrad-adenauer-presentaron-en-quito-el-libro-desafios-para-la-representacion-en-ecuador\\\/#article\",\"isPartOf\":{\"@id\":\"https:\\\/\\\/transparenciaelectoral.org\\\/blog\\\/transparencia-electoral-y-la-fundacion-konrad-adenauer-presentaron-en-quito-el-libro-desafios-para-la-representacion-en-ecuador\\\/\"},\"author\":{\"name\":\"Transparencia Electoral\",\"@id\":\"https:\\\/\\\/transparenciaelectoral.org\\\/blog\\\/#\\\/schema\\\/person\\\/63a97f81afd2c3820c6d9f262e27fe50\"},\"headline\":\"Transparencia Electoral y la Fundaci\u00f3n Konrad Adenauer presentaron en Quito el libro \u00abDesaf\u00edos para la Representaci\u00f3n en Ecuador\u00bb\",\"datePublished\":\"2023-01-31T17:03:05+00:00\",\"dateModified\":\"2025-07-27T04:54:24+00:00\",\"mainEntityOfPage\":{\"@id\":\"https:\\\/\\\/transparenciaelectoral.org\\\/blog\\\/transparencia-electoral-y-la-fundacion-konrad-adenauer-presentaron-en-quito-el-libro-desafios-para-la-representacion-en-ecuador\\\/\"},\"wordCount\":520,\"image\":{\"@id\":\"https:\\\/\\\/transparenciaelectoral.org\\\/blog\\\/transparencia-electoral-y-la-fundacion-konrad-adenauer-presentaron-en-quito-el-libro-desafios-para-la-representacion-en-ecuador\\\/#primaryimage\"},\"thumbnailUrl\":\"https:\\\/\\\/transparenciaelectoral.org\\\/blog\\\/wp-content\\\/uploads\\\/2023\\\/01\\\/WhatsApp-Image-2023-01-31-at-11.40.59-1.jpeg\",\"articleSection\":[\"Ecuador \ud83c\uddea\ud83c\udde8\",\"Noticias\",\"Transparencia Electoral Ediciones\"],\"inLanguage\":\"es\"},{\"@type\":\"WebPage\",\"@id\":\"https:\\\/\\\/transparenciaelectoral.org\\\/blog\\\/transparencia-electoral-y-la-fundacion-konrad-adenauer-presentaron-en-quito-el-libro-desafios-para-la-representacion-en-ecuador\\\/\",\"url\":\"https:\\\/\\\/transparenciaelectoral.org\\\/blog\\\/transparencia-electoral-y-la-fundacion-konrad-adenauer-presentaron-en-quito-el-libro-desafios-para-la-representacion-en-ecuador\\\/\",\"name\":\"Transparencia Electoral y la Fundaci\u00f3n Konrad Adenauer presentaron en Quito el libro \\\"Desaf\u00edos para la Representaci\u00f3n en Ecuador\\\" - Transparencia Electoral\",\"isPartOf\":{\"@id\":\"https:\\\/\\\/transparenciaelectoral.org\\\/blog\\\/#website\"},\"primaryImageOfPage\":{\"@id\":\"https:\\\/\\\/transparenciaelectoral.org\\\/blog\\\/transparencia-electoral-y-la-fundacion-konrad-adenauer-presentaron-en-quito-el-libro-desafios-para-la-representacion-en-ecuador\\\/#primaryimage\"},\"image\":{\"@id\":\"https:\\\/\\\/transparenciaelectoral.org\\\/blog\\\/transparencia-electoral-y-la-fundacion-konrad-adenauer-presentaron-en-quito-el-libro-desafios-para-la-representacion-en-ecuador\\\/#primaryimage\"},\"thumbnailUrl\":\"https:\\\/\\\/transparenciaelectoral.org\\\/blog\\\/wp-content\\\/uploads\\\/2023\\\/01\\\/WhatsApp-Image-2023-01-31-at-11.40.59-1.jpeg\",\"datePublished\":\"2023-01-31T17:03:05+00:00\",\"dateModified\":\"2025-07-27T04:54:24+00:00\",\"author\":{\"@id\":\"https:\\\/\\\/transparenciaelectoral.org\\\/blog\\\/#\\\/schema\\\/person\\\/63a97f81afd2c3820c6d9f262e27fe50\"},\"breadcrumb\":{\"@id\":\"https:\\\/\\\/transparenciaelectoral.org\\\/blog\\\/transparencia-electoral-y-la-fundacion-konrad-adenauer-presentaron-en-quito-el-libro-desafios-para-la-representacion-en-ecuador\\\/#breadcrumb\"},\"inLanguage\":\"es\",\"potentialAction\":[{\"@type\":\"ReadAction\",\"target\":[\"https:\\\/\\\/transparenciaelectoral.org\\\/blog\\\/transparencia-electoral-y-la-fundacion-konrad-adenauer-presentaron-en-quito-el-libro-desafios-para-la-representacion-en-ecuador\\\/\"]}]},{\"@type\":\"ImageObject\",\"inLanguage\":\"es\",\"@id\":\"https:\\\/\\\/transparenciaelectoral.org\\\/blog\\\/transparencia-electoral-y-la-fundacion-konrad-adenauer-presentaron-en-quito-el-libro-desafios-para-la-representacion-en-ecuador\\\/#primaryimage\",\"url\":\"https:\\\/\\\/transparenciaelectoral.org\\\/blog\\\/wp-content\\\/uploads\\\/2023\\\/01\\\/WhatsApp-Image-2023-01-31-at-11.40.59-1.jpeg\",\"contentUrl\":\"https:\\\/\\\/transparenciaelectoral.org\\\/blog\\\/wp-content\\\/uploads\\\/2023\\\/01\\\/WhatsApp-Image-2023-01-31-at-11.40.59-1.jpeg\",\"width\":1600,\"height\":1200},{\"@type\":\"BreadcrumbList\",\"@id\":\"https:\\\/\\\/transparenciaelectoral.org\\\/blog\\\/transparencia-electoral-y-la-fundacion-konrad-adenauer-presentaron-en-quito-el-libro-desafios-para-la-representacion-en-ecuador\\\/#breadcrumb\",\"itemListElement\":[{\"@type\":\"ListItem\",\"position\":1,\"name\":\"Portada\",\"item\":\"https:\\\/\\\/transparenciaelectoral.org\\\/blog\\\/\"},{\"@type\":\"ListItem\",\"position\":2,\"name\":\"Transparencia Electoral y la Fundaci\u00f3n Konrad Adenauer presentaron en Quito el libro \u00abDesaf\u00edos para la Representaci\u00f3n en Ecuador\u00bb\"}]},{\"@type\":\"WebSite\",\"@id\":\"https:\\\/\\\/transparenciaelectoral.org\\\/blog\\\/#website\",\"url\":\"https:\\\/\\\/transparenciaelectoral.org\\\/blog\\\/\",\"name\":\"Transparencia Electoral\",\"description\":\"\",\"potentialAction\":[{\"@type\":\"SearchAction\",\"target\":{\"@type\":\"EntryPoint\",\"urlTemplate\":\"https:\\\/\\\/transparenciaelectoral.org\\\/blog\\\/?s={search_term_string}\"},\"query-input\":{\"@type\":\"PropertyValueSpecification\",\"valueRequired\":true,\"valueName\":\"search_term_string\"}}],\"inLanguage\":\"es\"},{\"@type\":\"Person\",\"@id\":\"https:\\\/\\\/transparenciaelectoral.org\\\/blog\\\/#\\\/schema\\\/person\\\/63a97f81afd2c3820c6d9f262e27fe50\",\"name\":\"Transparencia Electoral\",\"sameAs\":[\"https:\\\/\\\/transparenciaelectoral.org\\\/blog\\\/\"]}]}<\/script>\n<!-- \/ Yoast SEO plugin. -->","yoast_head_json":{"title":"Transparencia Electoral y la Fundaci\u00f3n Konrad Adenauer presentaron en Quito el libro \"Desaf\u00edos para la Representaci\u00f3n en Ecuador\" - Transparencia Electoral","robots":{"index":"index","follow":"follow","max-snippet":"max-snippet:-1","max-image-preview":"max-image-preview:large","max-video-preview":"max-video-preview:-1"},"canonical":"https:\/\/transparenciaelectoral.org\/blog\/transparencia-electoral-y-la-fundacion-konrad-adenauer-presentaron-en-quito-el-libro-desafios-para-la-representacion-en-ecuador\/","og_locale":"es_ES","og_type":"article","og_title":"Transparencia Electoral y la Fundaci\u00f3n Konrad Adenauer presentaron en Quito el libro \"Desaf\u00edos para la Representaci\u00f3n en Ecuador\" - Transparencia Electoral","og_description":"Este martes, 31 de enero, en presencia de distinguidos invitados internacionales e importantes actores pol\u00edticos y de la sociedad civil ecuatoriana, se present\u00f3 en el Hotel Dann Carlton de Quito el libro \u00abDesaf\u00edos para la Representaci\u00f3n en Ecuador: Alances y Limitaciones de la Reforma Electoral de 2020\u00ab, un proyecto editorial hecho posible por el apoyo &hellip;","og_url":"https:\/\/transparenciaelectoral.org\/blog\/transparencia-electoral-y-la-fundacion-konrad-adenauer-presentaron-en-quito-el-libro-desafios-para-la-representacion-en-ecuador\/","og_site_name":"Transparencia Electoral","article_publisher":"https:\/\/www.facebook.com\/Transparencia-Electoral-en-Am%c3%a9rica-latina-171661009688456\/","article_published_time":"2023-01-31T17:03:05+00:00","article_modified_time":"2025-07-27T04:54:24+00:00","og_image":[{"width":1600,"height":1200,"url":"https:\/\/transparenciaelectoral.org\/blog\/wp-content\/uploads\/2023\/01\/WhatsApp-Image-2023-01-31-at-11.40.59-1.jpeg","type":"image\/jpeg"}],"author":"Transparencia Electoral","twitter_card":"summary_large_image","twitter_creator":"@TransparenciaAL","twitter_site":"@TransparenciaAL","twitter_misc":{"Escrito por":"Transparencia Electoral","Tiempo de lectura":"3 minutos"},"schema":{"@context":"https:\/\/schema.org","@graph":[{"@type":"Article","@id":"https:\/\/transparenciaelectoral.org\/blog\/transparencia-electoral-y-la-fundacion-konrad-adenauer-presentaron-en-quito-el-libro-desafios-para-la-representacion-en-ecuador\/#article","isPartOf":{"@id":"https:\/\/transparenciaelectoral.org\/blog\/transparencia-electoral-y-la-fundacion-konrad-adenauer-presentaron-en-quito-el-libro-desafios-para-la-representacion-en-ecuador\/"},"author":{"name":"Transparencia Electoral","@id":"https:\/\/transparenciaelectoral.org\/blog\/#\/schema\/person\/63a97f81afd2c3820c6d9f262e27fe50"},"headline":"Transparencia Electoral y la Fundaci\u00f3n Konrad Adenauer presentaron en Quito el libro \u00abDesaf\u00edos para la Representaci\u00f3n en Ecuador\u00bb","datePublished":"2023-01-31T17:03:05+00:00","dateModified":"2025-07-27T04:54:24+00:00","mainEntityOfPage":{"@id":"https:\/\/transparenciaelectoral.org\/blog\/transparencia-electoral-y-la-fundacion-konrad-adenauer-presentaron-en-quito-el-libro-desafios-para-la-representacion-en-ecuador\/"},"wordCount":520,"image":{"@id":"https:\/\/transparenciaelectoral.org\/blog\/transparencia-electoral-y-la-fundacion-konrad-adenauer-presentaron-en-quito-el-libro-desafios-para-la-representacion-en-ecuador\/#primaryimage"},"thumbnailUrl":"https:\/\/transparenciaelectoral.org\/blog\/wp-content\/uploads\/2023\/01\/WhatsApp-Image-2023-01-31-at-11.40.59-1.jpeg","articleSection":["Ecuador \ud83c\uddea\ud83c\udde8","Noticias","Transparencia Electoral Ediciones"],"inLanguage":"es"},{"@type":"WebPage","@id":"https:\/\/transparenciaelectoral.org\/blog\/transparencia-electoral-y-la-fundacion-konrad-adenauer-presentaron-en-quito-el-libro-desafios-para-la-representacion-en-ecuador\/","url":"https:\/\/transparenciaelectoral.org\/blog\/transparencia-electoral-y-la-fundacion-konrad-adenauer-presentaron-en-quito-el-libro-desafios-para-la-representacion-en-ecuador\/","name":"Transparencia Electoral y la Fundaci\u00f3n Konrad Adenauer presentaron en Quito el libro \"Desaf\u00edos para la Representaci\u00f3n en Ecuador\" - Transparencia Electoral","isPartOf":{"@id":"https:\/\/transparenciaelectoral.org\/blog\/#website"},"primaryImageOfPage":{"@id":"https:\/\/transparenciaelectoral.org\/blog\/transparencia-electoral-y-la-fundacion-konrad-adenauer-presentaron-en-quito-el-libro-desafios-para-la-representacion-en-ecuador\/#primaryimage"},"image":{"@id":"https:\/\/transparenciaelectoral.org\/blog\/transparencia-electoral-y-la-fundacion-konrad-adenauer-presentaron-en-quito-el-libro-desafios-para-la-representacion-en-ecuador\/#primaryimage"},"thumbnailUrl":"https:\/\/transparenciaelectoral.org\/blog\/wp-content\/uploads\/2023\/01\/WhatsApp-Image-2023-01-31-at-11.40.59-1.jpeg","datePublished":"2023-01-31T17:03:05+00:00","dateModified":"2025-07-27T04:54:24+00:00","author":{"@id":"https:\/\/transparenciaelectoral.org\/blog\/#\/schema\/person\/63a97f81afd2c3820c6d9f262e27fe50"},"breadcrumb":{"@id":"https:\/\/transparenciaelectoral.org\/blog\/transparencia-electoral-y-la-fundacion-konrad-adenauer-presentaron-en-quito-el-libro-desafios-para-la-representacion-en-ecuador\/#breadcrumb"},"inLanguage":"es","potentialAction":[{"@type":"ReadAction","target":["https:\/\/transparenciaelectoral.org\/blog\/transparencia-electoral-y-la-fundacion-konrad-adenauer-presentaron-en-quito-el-libro-desafios-para-la-representacion-en-ecuador\/"]}]},{"@type":"ImageObject","inLanguage":"es","@id":"https:\/\/transparenciaelectoral.org\/blog\/transparencia-electoral-y-la-fundacion-konrad-adenauer-presentaron-en-quito-el-libro-desafios-para-la-representacion-en-ecuador\/#primaryimage","url":"https:\/\/transparenciaelectoral.org\/blog\/wp-content\/uploads\/2023\/01\/WhatsApp-Image-2023-01-31-at-11.40.59-1.jpeg","contentUrl":"https:\/\/transparenciaelectoral.org\/blog\/wp-content\/uploads\/2023\/01\/WhatsApp-Image-2023-01-31-at-11.40.59-1.jpeg","width":1600,"height":1200},{"@type":"BreadcrumbList","@id":"https:\/\/transparenciaelectoral.org\/blog\/transparencia-electoral-y-la-fundacion-konrad-adenauer-presentaron-en-quito-el-libro-desafios-para-la-representacion-en-ecuador\/#breadcrumb","itemListElement":[{"@type":"ListItem","position":1,"name":"Portada","item":"https:\/\/transparenciaelectoral.org\/blog\/"},{"@type":"ListItem","position":2,"name":"Transparencia Electoral y la Fundaci\u00f3n Konrad Adenauer presentaron en Quito el libro \u00abDesaf\u00edos para la Representaci\u00f3n en Ecuador\u00bb"}]},{"@type":"WebSite","@id":"https:\/\/transparenciaelectoral.org\/blog\/#website","url":"https:\/\/transparenciaelectoral.org\/blog\/","name":"Transparencia Electoral","description":"","potentialAction":[{"@type":"SearchAction","target":{"@type":"EntryPoint","urlTemplate":"https:\/\/transparenciaelectoral.org\/blog\/?s={search_term_string}"},"query-input":{"@type":"PropertyValueSpecification","valueRequired":true,"valueName":"search_term_string"}}],"inLanguage":"es"},{"@type":"Person","@id":"https:\/\/transparenciaelectoral.org\/blog\/#\/schema\/person\/63a97f81afd2c3820c6d9f262e27fe50","name":"Transparencia Electoral","sameAs":["https:\/\/transparenciaelectoral.org\/blog\/"]}]}},"_links":{"self":[{"href":"https:\/\/transparenciaelectoral.org\/blog\/wp-json\/wp\/v2\/posts\/8625","targetHints":{"allow":["GET"]}}],"collection":[{"href":"https:\/\/transparenciaelectoral.org\/blog\/wp-json\/wp\/v2\/posts"}],"about":[{"href":"https:\/\/transparenciaelectoral.org\/blog\/wp-json\/wp\/v2\/types\/post"}],"author":[{"embeddable":true,"href":"https:\/\/transparenciaelectoral.org\/blog\/wp-json\/wp\/v2\/users\/6"}],"replies":[{"embeddable":true,"href":"https:\/\/transparenciaelectoral.org\/blog\/wp-json\/wp\/v2\/comments?post=8625"}],"version-history":[{"count":4,"href":"https:\/\/transparenciaelectoral.org\/blog\/wp-json\/wp\/v2\/posts\/8625\/revisions"}],"predecessor-version":[{"id":8637,"href":"https:\/\/transparenciaelectoral.org\/blog\/wp-json\/wp\/v2\/posts\/8625\/revisions\/8637"}],"wp:featuredmedia":[{"embeddable":true,"href":"https:\/\/transparenciaelectoral.org\/blog\/wp-json\/wp\/v2\/media\/8628"}],"wp:attachment":[{"href":"https:\/\/transparenciaelectoral.org\/blog\/wp-json\/wp\/v2\/media?parent=8625"}],"wp:term":[{"taxonomy":"category","embeddable":true,"href":"https:\/\/transparenciaelectoral.org\/blog\/wp-json\/wp\/v2\/categories?post=8625"},{"taxonomy":"post_tag","embeddable":true,"href":"https:\/\/transparenciaelectoral.org\/blog\/wp-json\/wp\/v2\/tags?post=8625"}],"curies":[{"name":"wp","href":"https:\/\/api.w.org\/{rel}","templated":true}]}}