{"id":701,"date":"2017-08-30T20:03:50","date_gmt":"2017-08-30T20:03:50","guid":{"rendered":"https:\/\/transparenciaelectoral.org\/blog\/?p=701"},"modified":"2023-12-04T09:54:54","modified_gmt":"2023-12-04T12:54:54","slug":"transparencia-electoral-apoya-a-los-candidatos-independientes-en-cuba","status":"publish","type":"post","link":"https:\/\/transparenciaelectoral.org\/blog\/transparencia-electoral-apoya-a-los-candidatos-independientes-en-cuba\/","title":{"rendered":"Transparencia Electoral apoya a los candidatos independientes en Cuba."},"content":{"rendered":"<p><a href=\"https:\/\/transparenciaelectoral.org\/blog\/wp-content\/uploads\/2017\/08\/CUBA-EVENTO-1.jpg\"><img fetchpriority=\"high\" decoding=\"async\" class=\"aligncenter size-full wp-image-702\" src=\"https:\/\/transparenciaelectoral.org\/blog\/wp-content\/uploads\/2017\/08\/CUBA-EVENTO-1.jpg\" alt=\"\" width=\"640\" height=\"360\" \/><\/a><\/p>\n<p>El mes que viene se iniciar\u00e1 un hist\u00f3rico proceso electoral en Cuba que se extender\u00e1 hasta el a\u00f1o que viene. A diferencia de los procesos sucedidos en las elecciones anteriores, regidas por la Ley de 1992, en esta no participar\u00e1 Fidel Castro a la cabeza del Partido Comunista.<\/p>\n<p align=\"JUSTIFY\">Por primera vez en m\u00e1s de 50 a\u00f1o se organizaron distintas plataformas ciudadanas con el objetivo de acceder a los cargos de elecci\u00f3n p\u00fablica de manera independiente y no con el apoyo del partido de gobierno; hecho que resulta dificultoso en el pa\u00eds.<\/p>\n<p align=\"JUSTIFY\">Ya existe una experiencia previa en la que un par de candidatos se postularon de esta manera y, aunque no lograron ganar la elecci\u00f3n, debido a las maniobras del castrismo para evitar la disidencia, cimentaron un precedente que quieren aprovechar en esta ocasi\u00f3n.<\/p>\n<p align=\"JUSTIFY\">Por ello, la comunidad internacional, tanto desde los organismos internacionales, nacionales o desde la sociedad civil organizada; se ha abocado a establecer una agenda com\u00fan para que los dem\u00f3cratas cubanos puedan ser candidatos y velar por el respeto a sus derechos.<\/p>\n<p align=\"JUSTIFY\">En este sentido se efectu\u00f3 una Sesi\u00f3n de Coordinaci\u00f3n, a pocos d\u00edas del inicio de las Asambleas de Nominaci\u00f3n, en las que se elegir\u00e1n los candidatos a delegados para las elecciones de octubre.<\/p>\n<p align=\"JUSTIFY\">Transparencia Electoral, asociaci\u00f3n dedicada a la promoci\u00f3n de los valores democr\u00e1ticos y a impulsar elecciones con integridad en Am\u00e9rica Latina; y que ocupa la Sub Coordinaci\u00f3n de la Comisi\u00f3n de Solidaridad Democr\u00e1tica Internacional en el \u00e1mbito del Consejo Consultivo de la Sociedad Civil del Ministerio de Relaciones Exteriores argentino; fue invitada al evento al que tambi\u00e9n asistieron legisladores nacionales de Colombia, Chile y Uruguay, representantes de medios de comunicaci\u00f3n de la regi\u00f3n, de la Universidad de Chile, de la Universidad Javeriana de Colombia, activistas de ONGs, entre otros invitados.<\/p>\n<p align=\"JUSTIFY\">En la reuni\u00f3n se conversaron las actuales condiciones ofrecidas por el r\u00e9gimen castrista para las elecciones, y de qu\u00e9 manera la ciudadan\u00eda cubana puede organizarse para participar en este proceso a\u00fan bajo la amenaza de ser criminalizados por tener una postura independiente u opositora al oficialismo.<\/p>\n<p align=\"JUSTIFY\">Acerca de esto, el Director Ejecutivo de Transparencia Electoral, Leandro Querido, asegur\u00f3 que: \u201cel r\u00e9gimen cubano se muestra p\u00e9treo ante los reclamos de la ciudadan\u00eda a elegir y ser elegidos. Por lo tanto, incumple con la Ley Electoral que ellos mismo han redactado en 1992. En Am\u00e9rica Latina hay una nueva sociedad, plural y diversa que ya no acepta dictaduras. M\u00e1s temprano que tarde habr\u00e1 una transici\u00f3n democr\u00e1tica en Cuba.\u201d<\/p>\n<p align=\"JUSTIFY\">En el marco de este evento se realiz\u00f3 una rueda de prensa en donde se dio a conocer este declaraci\u00f3n:<\/p>\n<p><em>Ciudadanos de la isla buscan espacios democr\u00e1ticos para elegir y ser elegidos<\/em><\/p>\n<p><strong>\u00bfCuba est\u00e1 lista para elecciones realmente libres en 2017?<\/strong><\/p>\n<p>La Comisi\u00f3n Electoral Nacional de Cuba tiene previsto entre el 4 y 30 de septiembre el per\u00edodo de la Asamblea de Nominaci\u00f3n, instancia en la cual se eligen las y los candidatos a delegados para las elecciones de octubre pr\u00f3ximo. Sin embargo, aquellas personas que no se enmarcan dentro de los postulados de ese gobierno, han sido v\u00edctimas en las \u00faltimas semanas de violaciones de sus derechos civiles y pol\u00edticos, en el ejercicio de la propia legislaci\u00f3n nacional: cerca de 50 detenciones arbitrarias, registros de viviendas sin orden judicial, golpizas, secuestros, decomisos de sus objetivos personales y restricciones al libre tr\u00e1nsito.<\/p>\n<p>Ante este fen\u00f3meno, representantes de diferentes organizaciones y medios de comunicaci\u00f3n de Chile, Uruguay, Colombia y Argentina, se reunieron en Buenos Aires con \u00a0la Red de Facilitadores Electorales (REDFE), para discutir esta problem\u00e1tica que pone en entredicho posibilidades realmente efectivas que garanticen el derecho a elegir y ser elegidos, consagrado en la ley electoral cubana (LE 92 Art 4).<\/p>\n<p>Los diferentes liderazgos, preocupados por esta situaci\u00f3n, acordaron adelantar esfuerzos para visibilizar, monitorear y proteger a quienes han decidido transitar por los caminos electorales establecidos en la Constituci\u00f3n de esa naci\u00f3n caribe\u00f1a, a\u00fan con fuertes restricciones.<\/p>\n<p>Tres mujeres cubanas, activistas y candidatas, quienes se hicieron presentes en la reuni\u00f3n, dieron a conocer la situaci\u00f3n que vive su pa\u00eds y pidieron la solidaridad internacional, con el \u00fanico fin de que se cumpla ley electoral en Cuba, para participar en la construcci\u00f3n de una democracia sin ver afectada su integridad f\u00edsica y moral.<\/p>\n","protected":false},"excerpt":{"rendered":"<p>El mes que viene se iniciar\u00e1 un hist\u00f3rico proceso electoral en Cuba que se extender\u00e1 hasta el a\u00f1o que viene. A diferencia de los procesos sucedidos en las elecciones anteriores, regidas por la Ley de 1992, en esta no participar\u00e1 Fidel Castro a la cabeza del Partido Comunista. Por primera vez en m\u00e1s de 50 &hellip;<\/p>\n","protected":false},"author":6,"featured_media":702,"comment_status":"closed","ping_status":"open","sticky":false,"template":"","format":"standard","meta":{"footnotes":""},"categories":[105,220,191,183,107,100,88,97],"tags":[104],"class_list":["post-701","post","type-post","status-publish","format-standard","has-post-thumbnail","hentry","category-actividades","category-cuba","category-democracia","category-leandro-querido","category-medios","category-noticias","category-novedades","category-slider","tag-transparencia-electoral"],"yoast_head":"<!-- This site is optimized with the Yoast SEO plugin v27.5 - https:\/\/yoast.com\/product\/yoast-seo-wordpress\/ -->\n<title>Transparencia Electoral apoya a los candidatos independientes en Cuba. - Transparencia Electoral<\/title>\n<meta name=\"robots\" content=\"index, follow, max-snippet:-1, max-image-preview:large, max-video-preview:-1\" \/>\n<link rel=\"canonical\" href=\"https:\/\/transparenciaelectoral.org\/blog\/transparencia-electoral-apoya-a-los-candidatos-independientes-en-cuba\/\" \/>\n<meta property=\"og:locale\" content=\"es_ES\" \/>\n<meta property=\"og:type\" content=\"article\" \/>\n<meta property=\"og:title\" content=\"Transparencia Electoral apoya a los candidatos independientes en Cuba. - Transparencia Electoral\" \/>\n<meta property=\"og:description\" content=\"El mes que viene se iniciar\u00e1 un hist\u00f3rico proceso electoral en Cuba que se extender\u00e1 hasta el a\u00f1o que viene. A diferencia de los procesos sucedidos en las elecciones anteriores, regidas por la Ley de 1992, en esta no participar\u00e1 Fidel Castro a la cabeza del Partido Comunista. Por primera vez en m\u00e1s de 50 &hellip;\" \/>\n<meta property=\"og:url\" content=\"https:\/\/transparenciaelectoral.org\/blog\/transparencia-electoral-apoya-a-los-candidatos-independientes-en-cuba\/\" \/>\n<meta property=\"og:site_name\" content=\"Transparencia Electoral\" \/>\n<meta property=\"article:publisher\" content=\"https:\/\/www.facebook.com\/Transparencia-Electoral-en-Am%c3%a9rica-latina-171661009688456\/\" \/>\n<meta property=\"article:published_time\" content=\"2017-08-30T20:03:50+00:00\" \/>\n<meta property=\"article:modified_time\" content=\"2023-12-04T12:54:54+00:00\" \/>\n<meta name=\"author\" content=\"Transparencia Electoral\" \/>\n<meta name=\"twitter:card\" content=\"summary_large_image\" \/>\n<meta name=\"twitter:creator\" content=\"@TransparenciaAL\" \/>\n<meta name=\"twitter:site\" content=\"@TransparenciaAL\" \/>\n<meta name=\"twitter:label1\" content=\"Escrito por\" \/>\n\t<meta name=\"twitter:data1\" content=\"Transparencia Electoral\" \/>\n\t<meta name=\"twitter:label2\" content=\"Tiempo de lectura\" \/>\n\t<meta name=\"twitter:data2\" content=\"4 minutos\" \/>\n<script type=\"application\/ld+json\" class=\"yoast-schema-graph\">{\"@context\":\"https:\\\/\\\/schema.org\",\"@graph\":[{\"@type\":\"Article\",\"@id\":\"https:\\\/\\\/transparenciaelectoral.org\\\/blog\\\/transparencia-electoral-apoya-a-los-candidatos-independientes-en-cuba\\\/#article\",\"isPartOf\":{\"@id\":\"https:\\\/\\\/transparenciaelectoral.org\\\/blog\\\/transparencia-electoral-apoya-a-los-candidatos-independientes-en-cuba\\\/\"},\"author\":{\"name\":\"Transparencia Electoral\",\"@id\":\"https:\\\/\\\/transparenciaelectoral.org\\\/blog\\\/#\\\/schema\\\/person\\\/63a97f81afd2c3820c6d9f262e27fe50\"},\"headline\":\"Transparencia Electoral apoya a los candidatos independientes en Cuba.\",\"datePublished\":\"2017-08-30T20:03:50+00:00\",\"dateModified\":\"2023-12-04T12:54:54+00:00\",\"mainEntityOfPage\":{\"@id\":\"https:\\\/\\\/transparenciaelectoral.org\\\/blog\\\/transparencia-electoral-apoya-a-los-candidatos-independientes-en-cuba\\\/\"},\"wordCount\":765,\"image\":{\"@id\":\"https:\\\/\\\/transparenciaelectoral.org\\\/blog\\\/transparencia-electoral-apoya-a-los-candidatos-independientes-en-cuba\\\/#primaryimage\"},\"thumbnailUrl\":\"\",\"keywords\":[\"Transparencia Electoral\"],\"articleSection\":[\"Actividades\",\"Cuba \ud83c\udde8\ud83c\uddfa\",\"Democracia\",\"Leandro Querido\",\"Medios\",\"Noticias\",\"Novedades\",\"Slider\"],\"inLanguage\":\"es\"},{\"@type\":\"WebPage\",\"@id\":\"https:\\\/\\\/transparenciaelectoral.org\\\/blog\\\/transparencia-electoral-apoya-a-los-candidatos-independientes-en-cuba\\\/\",\"url\":\"https:\\\/\\\/transparenciaelectoral.org\\\/blog\\\/transparencia-electoral-apoya-a-los-candidatos-independientes-en-cuba\\\/\",\"name\":\"Transparencia Electoral apoya a los candidatos independientes en Cuba. - Transparencia Electoral\",\"isPartOf\":{\"@id\":\"https:\\\/\\\/transparenciaelectoral.org\\\/blog\\\/#website\"},\"primaryImageOfPage\":{\"@id\":\"https:\\\/\\\/transparenciaelectoral.org\\\/blog\\\/transparencia-electoral-apoya-a-los-candidatos-independientes-en-cuba\\\/#primaryimage\"},\"image\":{\"@id\":\"https:\\\/\\\/transparenciaelectoral.org\\\/blog\\\/transparencia-electoral-apoya-a-los-candidatos-independientes-en-cuba\\\/#primaryimage\"},\"thumbnailUrl\":\"\",\"datePublished\":\"2017-08-30T20:03:50+00:00\",\"dateModified\":\"2023-12-04T12:54:54+00:00\",\"author\":{\"@id\":\"https:\\\/\\\/transparenciaelectoral.org\\\/blog\\\/#\\\/schema\\\/person\\\/63a97f81afd2c3820c6d9f262e27fe50\"},\"breadcrumb\":{\"@id\":\"https:\\\/\\\/transparenciaelectoral.org\\\/blog\\\/transparencia-electoral-apoya-a-los-candidatos-independientes-en-cuba\\\/#breadcrumb\"},\"inLanguage\":\"es\",\"potentialAction\":[{\"@type\":\"ReadAction\",\"target\":[\"https:\\\/\\\/transparenciaelectoral.org\\\/blog\\\/transparencia-electoral-apoya-a-los-candidatos-independientes-en-cuba\\\/\"]}]},{\"@type\":\"ImageObject\",\"inLanguage\":\"es\",\"@id\":\"https:\\\/\\\/transparenciaelectoral.org\\\/blog\\\/transparencia-electoral-apoya-a-los-candidatos-independientes-en-cuba\\\/#primaryimage\",\"url\":\"\",\"contentUrl\":\"\"},{\"@type\":\"BreadcrumbList\",\"@id\":\"https:\\\/\\\/transparenciaelectoral.org\\\/blog\\\/transparencia-electoral-apoya-a-los-candidatos-independientes-en-cuba\\\/#breadcrumb\",\"itemListElement\":[{\"@type\":\"ListItem\",\"position\":1,\"name\":\"Portada\",\"item\":\"https:\\\/\\\/transparenciaelectoral.org\\\/blog\\\/\"},{\"@type\":\"ListItem\",\"position\":2,\"name\":\"Transparencia Electoral apoya a los candidatos independientes en Cuba.\"}]},{\"@type\":\"WebSite\",\"@id\":\"https:\\\/\\\/transparenciaelectoral.org\\\/blog\\\/#website\",\"url\":\"https:\\\/\\\/transparenciaelectoral.org\\\/blog\\\/\",\"name\":\"Transparencia Electoral\",\"description\":\"\",\"potentialAction\":[{\"@type\":\"SearchAction\",\"target\":{\"@type\":\"EntryPoint\",\"urlTemplate\":\"https:\\\/\\\/transparenciaelectoral.org\\\/blog\\\/?s={search_term_string}\"},\"query-input\":{\"@type\":\"PropertyValueSpecification\",\"valueRequired\":true,\"valueName\":\"search_term_string\"}}],\"inLanguage\":\"es\"},{\"@type\":\"Person\",\"@id\":\"https:\\\/\\\/transparenciaelectoral.org\\\/blog\\\/#\\\/schema\\\/person\\\/63a97f81afd2c3820c6d9f262e27fe50\",\"name\":\"Transparencia Electoral\",\"sameAs\":[\"https:\\\/\\\/transparenciaelectoral.org\\\/blog\\\/\"]}]}<\/script>\n<!-- \/ Yoast SEO plugin. -->","yoast_head_json":{"title":"Transparencia Electoral apoya a los candidatos independientes en Cuba. - Transparencia Electoral","robots":{"index":"index","follow":"follow","max-snippet":"max-snippet:-1","max-image-preview":"max-image-preview:large","max-video-preview":"max-video-preview:-1"},"canonical":"https:\/\/transparenciaelectoral.org\/blog\/transparencia-electoral-apoya-a-los-candidatos-independientes-en-cuba\/","og_locale":"es_ES","og_type":"article","og_title":"Transparencia Electoral apoya a los candidatos independientes en Cuba. - Transparencia Electoral","og_description":"El mes que viene se iniciar\u00e1 un hist\u00f3rico proceso electoral en Cuba que se extender\u00e1 hasta el a\u00f1o que viene. A diferencia de los procesos sucedidos en las elecciones anteriores, regidas por la Ley de 1992, en esta no participar\u00e1 Fidel Castro a la cabeza del Partido Comunista. Por primera vez en m\u00e1s de 50 &hellip;","og_url":"https:\/\/transparenciaelectoral.org\/blog\/transparencia-electoral-apoya-a-los-candidatos-independientes-en-cuba\/","og_site_name":"Transparencia Electoral","article_publisher":"https:\/\/www.facebook.com\/Transparencia-Electoral-en-Am%c3%a9rica-latina-171661009688456\/","article_published_time":"2017-08-30T20:03:50+00:00","article_modified_time":"2023-12-04T12:54:54+00:00","author":"Transparencia Electoral","twitter_card":"summary_large_image","twitter_creator":"@TransparenciaAL","twitter_site":"@TransparenciaAL","twitter_misc":{"Escrito por":"Transparencia Electoral","Tiempo de lectura":"4 minutos"},"schema":{"@context":"https:\/\/schema.org","@graph":[{"@type":"Article","@id":"https:\/\/transparenciaelectoral.org\/blog\/transparencia-electoral-apoya-a-los-candidatos-independientes-en-cuba\/#article","isPartOf":{"@id":"https:\/\/transparenciaelectoral.org\/blog\/transparencia-electoral-apoya-a-los-candidatos-independientes-en-cuba\/"},"author":{"name":"Transparencia Electoral","@id":"https:\/\/transparenciaelectoral.org\/blog\/#\/schema\/person\/63a97f81afd2c3820c6d9f262e27fe50"},"headline":"Transparencia Electoral apoya a los candidatos independientes en Cuba.","datePublished":"2017-08-30T20:03:50+00:00","dateModified":"2023-12-04T12:54:54+00:00","mainEntityOfPage":{"@id":"https:\/\/transparenciaelectoral.org\/blog\/transparencia-electoral-apoya-a-los-candidatos-independientes-en-cuba\/"},"wordCount":765,"image":{"@id":"https:\/\/transparenciaelectoral.org\/blog\/transparencia-electoral-apoya-a-los-candidatos-independientes-en-cuba\/#primaryimage"},"thumbnailUrl":"","keywords":["Transparencia Electoral"],"articleSection":["Actividades","Cuba \ud83c\udde8\ud83c\uddfa","Democracia","Leandro Querido","Medios","Noticias","Novedades","Slider"],"inLanguage":"es"},{"@type":"WebPage","@id":"https:\/\/transparenciaelectoral.org\/blog\/transparencia-electoral-apoya-a-los-candidatos-independientes-en-cuba\/","url":"https:\/\/transparenciaelectoral.org\/blog\/transparencia-electoral-apoya-a-los-candidatos-independientes-en-cuba\/","name":"Transparencia Electoral apoya a los candidatos independientes en Cuba. - Transparencia Electoral","isPartOf":{"@id":"https:\/\/transparenciaelectoral.org\/blog\/#website"},"primaryImageOfPage":{"@id":"https:\/\/transparenciaelectoral.org\/blog\/transparencia-electoral-apoya-a-los-candidatos-independientes-en-cuba\/#primaryimage"},"image":{"@id":"https:\/\/transparenciaelectoral.org\/blog\/transparencia-electoral-apoya-a-los-candidatos-independientes-en-cuba\/#primaryimage"},"thumbnailUrl":"","datePublished":"2017-08-30T20:03:50+00:00","dateModified":"2023-12-04T12:54:54+00:00","author":{"@id":"https:\/\/transparenciaelectoral.org\/blog\/#\/schema\/person\/63a97f81afd2c3820c6d9f262e27fe50"},"breadcrumb":{"@id":"https:\/\/transparenciaelectoral.org\/blog\/transparencia-electoral-apoya-a-los-candidatos-independientes-en-cuba\/#breadcrumb"},"inLanguage":"es","potentialAction":[{"@type":"ReadAction","target":["https:\/\/transparenciaelectoral.org\/blog\/transparencia-electoral-apoya-a-los-candidatos-independientes-en-cuba\/"]}]},{"@type":"ImageObject","inLanguage":"es","@id":"https:\/\/transparenciaelectoral.org\/blog\/transparencia-electoral-apoya-a-los-candidatos-independientes-en-cuba\/#primaryimage","url":"","contentUrl":""},{"@type":"BreadcrumbList","@id":"https:\/\/transparenciaelectoral.org\/blog\/transparencia-electoral-apoya-a-los-candidatos-independientes-en-cuba\/#breadcrumb","itemListElement":[{"@type":"ListItem","position":1,"name":"Portada","item":"https:\/\/transparenciaelectoral.org\/blog\/"},{"@type":"ListItem","position":2,"name":"Transparencia Electoral apoya a los candidatos independientes en Cuba."}]},{"@type":"WebSite","@id":"https:\/\/transparenciaelectoral.org\/blog\/#website","url":"https:\/\/transparenciaelectoral.org\/blog\/","name":"Transparencia Electoral","description":"","potentialAction":[{"@type":"SearchAction","target":{"@type":"EntryPoint","urlTemplate":"https:\/\/transparenciaelectoral.org\/blog\/?s={search_term_string}"},"query-input":{"@type":"PropertyValueSpecification","valueRequired":true,"valueName":"search_term_string"}}],"inLanguage":"es"},{"@type":"Person","@id":"https:\/\/transparenciaelectoral.org\/blog\/#\/schema\/person\/63a97f81afd2c3820c6d9f262e27fe50","name":"Transparencia Electoral","sameAs":["https:\/\/transparenciaelectoral.org\/blog\/"]}]}},"_links":{"self":[{"href":"https:\/\/transparenciaelectoral.org\/blog\/wp-json\/wp\/v2\/posts\/701","targetHints":{"allow":["GET"]}}],"collection":[{"href":"https:\/\/transparenciaelectoral.org\/blog\/wp-json\/wp\/v2\/posts"}],"about":[{"href":"https:\/\/transparenciaelectoral.org\/blog\/wp-json\/wp\/v2\/types\/post"}],"author":[{"embeddable":true,"href":"https:\/\/transparenciaelectoral.org\/blog\/wp-json\/wp\/v2\/users\/6"}],"replies":[{"embeddable":true,"href":"https:\/\/transparenciaelectoral.org\/blog\/wp-json\/wp\/v2\/comments?post=701"}],"version-history":[{"count":1,"href":"https:\/\/transparenciaelectoral.org\/blog\/wp-json\/wp\/v2\/posts\/701\/revisions"}],"predecessor-version":[{"id":5954,"href":"https:\/\/transparenciaelectoral.org\/blog\/wp-json\/wp\/v2\/posts\/701\/revisions\/5954"}],"wp:featuredmedia":[{"embeddable":true,"href":"https:\/\/transparenciaelectoral.org\/blog\/wp-json\/"}],"wp:attachment":[{"href":"https:\/\/transparenciaelectoral.org\/blog\/wp-json\/wp\/v2\/media?parent=701"}],"wp:term":[{"taxonomy":"category","embeddable":true,"href":"https:\/\/transparenciaelectoral.org\/blog\/wp-json\/wp\/v2\/categories?post=701"},{"taxonomy":"post_tag","embeddable":true,"href":"https:\/\/transparenciaelectoral.org\/blog\/wp-json\/wp\/v2\/tags?post=701"}],"curies":[{"name":"wp","href":"https:\/\/api.w.org\/{rel}","templated":true}]}}