{"id":474,"date":"2016-05-23T20:45:56","date_gmt":"2016-05-23T20:45:56","guid":{"rendered":"https:\/\/transparenciaelectoral.org\/blog\/?p=474"},"modified":"2023-12-04T09:56:07","modified_gmt":"2023-12-04T12:56:07","slug":"transparencia-electoral-presente-en-asamblea-del-parlasur-por-situacion-en-venezuela","status":"publish","type":"post","link":"https:\/\/transparenciaelectoral.org\/blog\/transparencia-electoral-presente-en-asamblea-del-parlasur-por-situacion-en-venezuela\/","title":{"rendered":"Transparencia Electoral presente en Asamblea del Parlasur por situaci\u00f3n en Venezuela."},"content":{"rendered":"<p id=\"yui_3_16_0_ym19_1_1464032024992_30786\" style=\"text-align: left;\">Transparencia Electoral presente en Asamblea del Parlasur para exigirle al Consejo Nacional Electoral de Venezuela cumplir con la Constituci\u00f3n y normas para la activaci\u00f3n del Referendo Revocatorio Presidencial.<\/p>\n<p style=\"text-align: left;\"><a href=\"https:\/\/transparenciaelectoral.org\/blog\/wp-content\/uploads\/2016\/05\/PARLASS.jpg\"><img fetchpriority=\"high\" decoding=\"async\" class=\"aligncenter size-medium wp-image-476\" src=\"https:\/\/transparenciaelectoral.org\/blog\/wp-content\/uploads\/2016\/05\/PARLASS-300x192.jpg\" alt=\"PARLASS\" width=\"300\" height=\"192\" \/><\/a><\/p>\n<p id=\"yui_3_16_0_ym19_1_1464032024992_5782\" style=\"text-align: right;\"><span id=\"yui_3_16_0_ym19_1_1464032024992_5783\" lang=\"ES-TRAD\">\u00a0Montevideo, 23 de mayo de 2016.<\/span><\/p>\n<p>&nbsp;<\/p>\n<p id=\"yui_3_16_0_ym19_1_1464032024992_5784\"><span id=\"yui_3_16_0_ym19_1_1464032024992_5785\" lang=\"ES-TRAD\">Transparencia Electoral es una ONG comprometida con la promoci\u00f3n de los valores democr\u00e1ticos e institucionales, y espec\u00edficamente con la consecuci\u00f3n de elecciones transparentes, \u00edntegras y equitativas.<\/span><\/p>\n<p id=\"yui_3_16_0_ym19_1_1464032024992_5784\"><span id=\"yui_3_16_0_ym19_1_1464032024992_6213\" lang=\"ES-TRAD\">Nos hemos apersonado en la sede del Parlasur para acompa\u00f1ar a diputados de Venezuela en su reclamo por la implementaci\u00f3n del Referendo Revocatorio.<\/span><\/p>\n<p id=\"yui_3_16_0_ym19_1_1464032024992_5784\" dir=\"ltr\" data-setdir=\"false\"><span id=\"yui_3_16_0_ym19_1_1464032024992_7367\" lang=\"ES-TRAD\">El director ejecutivo de la ong, Leandro Querido, se reuni\u00f3n con diputados venezolanos y argentinos a los efectos de presentar el documento que a continuaci\u00f3n se detalla.<\/span><\/p>\n<p id=\"yui_3_16_0_ym19_1_1464032024992_5784\" dir=\"ltr\" data-setdir=\"false\"><span id=\"yui_3_16_0_ym19_1_1464032024992_7369\" lang=\"ES-TRAD\">Entre los diputados que participaron de la conferencia de prensa se encontraban Lawrence Castro, Jos\u00e9 S\u00e1nchez Montiel, Daniel Antequera, Oscar Rangel, Lilia de Puig y Mar\u00eda Luisa Storani.\u00a0<\/span><\/p>\n<p id=\"yui_3_16_0_ym19_1_1464032024992_5787\"><span id=\"yui_3_16_0_ym19_1_1464032024992_5788\" lang=\"ES-TRAD\">Queremos levantar nuestra voz para condenar el retraso que el Consejo Nacional Electoral (CNE) de Venezuela ha tenido para la activaci\u00f3n del Referendo Revocatorio Presidencial que la oposici\u00f3n venezolana, aglutinada en la Mesa de la Unidad (MUD), est\u00e1 impulsando para que ocurra antes de finalizar el a\u00f1o 2016.<\/span><\/p>\n<p id=\"yui_3_16_0_ym19_1_1464032024992_5790\"><span id=\"yui_3_16_0_ym19_1_1464032024992_5791\" lang=\"ES-TRAD\">El Referendo Revocatorio es un medio de participaci\u00f3n pol\u00edtica que est\u00e1 contemplado en el art\u00edculo 72 de la Constituci\u00f3n de la Rep\u00fablica Bolivariana de Venezuela,\u00a0 que le da el poder a los electores de solicitar la revocatoria de su mandato a aquellos funcionarios de elecci\u00f3n popular que no hayan cumplido su deber con los ciudadanos.\u00a0 Tambi\u00e9n est\u00e1 consagrado e<span id=\"yui_3_16_0_ym19_1_1464032024992_5792\">n los art\u00edculos constitucionales<span id=\"yui_3_16_0_ym19_1_1464032024992_5793\">\u00a0<\/span><\/span><\/span><span id=\"yui_3_16_0_ym19_1_1464032024992_5794\" lang=\"ES-VE\">6<\/span><span id=\"yui_3_16_0_ym19_1_1464032024992_5795\" lang=\"ES-TRAD\">,<span id=\"yui_3_16_0_ym19_1_1464032024992_5796\">\u00a0<\/span><\/span><span id=\"yui_3_16_0_ym19_1_1464032024992_5797\" lang=\"ES-VE\">197, 198<\/span><span id=\"yui_3_16_0_ym19_1_1464032024992_5798\" lang=\"ES-TRAD\">,<span id=\"yui_3_16_0_ym19_1_1464032024992_5799\">\u00a0<\/span><\/span><span id=\"yui_3_16_0_ym19_1_1464032024992_5800\" lang=\"ES-VE\">233<\/span><span id=\"yui_3_16_0_ym19_1_1464032024992_5801\"><span id=\"yui_3_16_0_ym19_1_1464032024992_5802\" lang=\"ES-TRAD\">\u00a0<\/span><\/span><span id=\"yui_3_16_0_ym19_1_1464032024992_5803\" lang=\"ES-TRAD\">y<span id=\"yui_3_16_0_ym19_1_1464032024992_5804\">\u00a0<\/span><\/span><span id=\"yui_3_16_0_ym19_1_1464032024992_5805\" lang=\"ES-TRAD\">293.5<\/span><span id=\"yui_3_16_0_ym19_1_1464032024992_5806\" lang=\"ES-TRAD\">, y<span id=\"yui_3_16_0_ym19_1_1464032024992_5807\">\u00a0<\/span><\/span><span id=\"yui_3_16_0_ym19_1_1464032024992_5808\" lang=\"ES-TRAD\">en la Disposici\u00f3n Transitoria Tercera de la Ley Org\u00e1nica del Poder Electoral (LOPE) y la Disposici\u00f3n Transitoria Primera de la Ley Org\u00e1nica de Procesos Electorales (LOPRE).<\/span><\/p>\n<p id=\"yui_3_16_0_ym19_1_1464032024992_5810\"><span id=\"yui_3_16_0_ym19_1_1464032024992_5811\" lang=\"ES-TRAD\">El<span id=\"yui_3_16_0_ym19_1_1464032024992_5812\">\u00a0<\/span>art\u00edculo 72 de la Constituci\u00f3n<span id=\"yui_3_16_0_ym19_1_1464032024992_5813\">\u00a0venezolana establece como requisitos para activar un Referendo Revocatorio<\/span>:<\/span><\/p>\n<p id=\"yui_3_16_0_ym19_1_1464032024992_5815\"><span id=\"yui_3_16_0_ym19_1_1464032024992_5816\" lang=\"ES-TRAD\">1. El cargo a revocar debe ser de elecci\u00f3n popular,<\/span><\/p>\n<p id=\"yui_3_16_0_ym19_1_1464032024992_5818\"><span id=\"yui_3_16_0_ym19_1_1464032024992_5819\" lang=\"ES-TRAD\">2. Debe haber transcurrido la mitad del per\u00edodo para el cual fue elegido el funcionario,<\/span><\/p>\n<p id=\"yui_3_16_0_ym19_1_1464032024992_5821\"><span id=\"yui_3_16_0_ym19_1_1464032024992_5822\" lang=\"ES-TRAD\">3. Para la solicitud de referendo deber\u00e1 concurrir un n\u00famero no menor del 20 por ciento de los electores inscritos en la correspondiente circunscripci\u00f3n en el Registro Electoral,<\/span><\/p>\n<p id=\"yui_3_16_0_ym19_1_1464032024992_5824\"><span id=\"yui_3_16_0_ym19_1_1464032024992_5825\" lang=\"ES-TRAD\">4. En el acto de Referendo Revocatorio debe concurrir un n\u00famero de electores igual o superior al 25 por ciento de los electores inscritos en el Registro Electoral, y<\/span><\/p>\n<p id=\"yui_3_16_0_ym19_1_1464032024992_5827\"><span id=\"yui_3_16_0_ym19_1_1464032024992_5828\" lang=\"ES-TRAD\">5. Para dar por revocado al funcionario de su cargo, el voto total de los electores debe ser igual o mayor al n\u00famero de votos que obtuvo cuando fue elegido.<\/span><span id=\"yui_3_16_0_ym19_1_1464032024992_5829\" lang=\"ES-TRAD\">\u00a0<\/span><span id=\"yui_3_16_0_ym19_1_1464032024992_5830\" lang=\"ES-TRAD\"><\/span><\/p>\n<p id=\"yui_3_16_0_ym19_1_1464032024992_5832\"><span id=\"yui_3_16_0_ym19_1_1464032024992_5833\" lang=\"ES-TRAD\">Ante la ausencia de una ley que regule los procesos refrendarios revocatorios el Consejo Nacional Electoral desarroll\u00f3 en 2007 dos normas que aplica para esta solicitud: <i id=\"yui_3_16_0_ym19_1_1464032024992_5834\">\u201cNormas para regular los referendos revocatorios\u201d<\/i> de fecha 27 de marzo de 2007 y publicadas en Gaceta Oficial el 13 de abril de ese mismo a\u00f1o; y\u00a0 <i id=\"yui_3_16_0_ym19_1_1464032024992_5835\">\u201cNormas para regular el procedimiento de promoci\u00f3n y solicitud de referendos revocatorios de mandatos de cargos de elecci\u00f3n popular\u201d<\/i><\/span><span id=\"yui_3_16_0_ym19_1_1464032024992_5836\" lang=\"ES-TRAD\">, de fecha 06 de septiembre de 2007,<\/span><span id=\"yui_3_16_0_ym19_1_1464032024992_5837\"><u id=\"yui_3_16_0_ym19_1_1464032024992_5838\"><span id=\"yui_3_16_0_ym19_1_1464032024992_5839\" lang=\"ES-TRAD\">\u00a0<\/span><\/u><\/span><span id=\"yui_3_16_0_ym19_1_1464032024992_5840\" lang=\"ES-TRAD\">bajo la Resoluci\u00f3n N\u00ba 070906-2770, publicada en Gaceta Electoral N\u00b0 405 del 18 de diciembre de 2007.<\/span><span id=\"yui_3_16_0_ym19_1_1464032024992_5841\" lang=\"ES-TRAD\"><\/span><\/p>\n<p id=\"yui_3_16_0_ym19_1_1464032024992_5843\"><span id=\"yui_3_16_0_ym19_1_1464032024992_5848\" lang=\"ES-TRAD\">Estas \u00faltimas normas establecen tres fases para la solicitud y activaci\u00f3n del Referendo Revocatorio de funcionarios de elecci\u00f3n popular:<\/span><\/p>\n<p id=\"yui_3_16_0_ym19_1_1464032024992_5850\"><span id=\"yui_3_16_0_ym19_1_1464032024992_5851\" lang=\"ES-TRAD\">1. La conformaci\u00f3n de Agrupaci\u00f3n de Ciudadanos, si \u00e9stos son los solicitantes, o la promoci\u00f3n y solicitud por intermediarios de las organizaciones pol\u00edticas, etapa previa a los requisitos establecidos en el art\u00edculo 72 constitucional,<\/span><\/p>\n<p id=\"yui_3_16_0_ym19_1_1464032024992_5853\"><span id=\"yui_3_16_0_ym19_1_1464032024992_5854\" lang=\"ES-TRAD\">2. La solicitud de apertura de procedimiento del Referendo Revocatorio Presidencial, y<\/span><\/p>\n<p id=\"yui_3_16_0_ym19_1_1464032024992_5856\"><span id=\"yui_3_16_0_ym19_1_1464032024992_5857\" lang=\"ES-TRAD\">3. La convocatoria y desarrollo de los procedimientos para el Referendo Revocatorio<\/span><\/p>\n<p id=\"yui_3_16_0_ym19_1_1464032024992_5859\"><span id=\"yui_3_16_0_ym19_1_1464032024992_5860\" lang=\"ES-TRAD\">Para cumplir con\u00a0 el primer paso, un grupo de electores introdujo la petici\u00f3n al CNE para que la MUD fuera intermediaria de su solicitud de Referendo Revocatorio Presidencial y, luego,\u00a0 esta organizaci\u00f3n con fines pol\u00edticos solicit\u00f3 la aprobaci\u00f3n para constituirse en Grupo Promotor de esta iniciativa constitucional. Para obtener esta cualidad debe contar con el respaldo\u00a0 del 1% del padr\u00f3n electoral, que de acuerdo al corte del enero de este a\u00f1o es de 19 millones 797 mil 764 electores; es decir, 197.978 electores. Para ello era necesaria una planilla cuyo formato ten\u00eda que proveer el Consejo Nacional Electoral.<\/span><\/p>\n<p id=\"yui_3_16_0_ym19_1_1464032024992_5862\"><span id=\"yui_3_16_0_ym19_1_1464032024992_5863\" lang=\"ES-TRAD\">La Mesa de la Unidad tuvo que introducir hasta en tres ocasiones la petici\u00f3n de los formatos para cumplir con el requisito de la recolecci\u00f3n de firmas para la solicitud de Referendo Revocatorio Presidencial. El pedido que empez\u00f3 en marzo t\u00e9rmino siendo respondido el pasado 26 de abril.\u00a0 En esta oportunidad el CNE impuso que los solicitantes <i id=\"yui_3_16_0_ym19_1_1464032024992_5864\">\u201c\u2026<\/i><\/span><i id=\"yui_3_16_0_ym19_1_1464032024992_5865\"><span id=\"yui_3_16_0_ym19_1_1464032024992_5866\" lang=\"ES-TRAD\">deber\u00e1n ahora recabar la voluntad de 1% de las inscritas y los inscritos en el Registro Electoral en todo el pa\u00eds, distribuida por entidad federal, para un total de 197.978 electoras y electores<\/span><\/i><span id=\"yui_3_16_0_ym19_1_1464032024992_5867\" lang=\"ES-TRAD\">.\u201d<\/span><\/p>\n<p id=\"yui_3_16_0_ym19_1_1464032024992_5869\"><span id=\"yui_3_16_0_ym19_1_1464032024992_5870\" lang=\"ES-TRAD\">Con esta decisi\u00f3n el CNE se excedi\u00f3 en sus competencias y coloc\u00f3 un primer obst\u00e1culo a los solicitantes de la iniciativa del Referendo Revocatorio Presidencial, ya que sus propias normas (<\/span><span id=\"yui_3_16_0_ym19_1_1464032024992_5871\" lang=\"ES-TRAD\">Resoluci\u00f3n N\u00b0 070906-2770 en Gaceta Electoral N\u00ba 405) en su art\u00edculo 8, exigen el 1 por ciento del padr\u00f3n electoral a nivel nacional, porque la circunscripci\u00f3n del funcionario de elecci\u00f3n popular que se solicita revocar es el Presidente de la Rep\u00fablica.<\/span><\/p>\n<p id=\"yui_3_16_0_ym19_1_1464032024992_5873\"><span id=\"yui_3_16_0_ym19_1_1464032024992_5874\" lang=\"ES-TRAD\">Una vez que el CNE facilit\u00f3 el formato para la recolecci\u00f3n de firmas equivalente al 1% del padr\u00f3n electoral, la MUD entreg\u00f3 el pasado 2 de mayo aproximadamente nueve veces m\u00e1s de lo requerido: 1 mill\u00f3n 850 mil firmas.<\/span><\/p>\n<p id=\"yui_3_16_0_ym19_1_1464032024992_5876\"><span id=\"yui_3_16_0_ym19_1_1464032024992_5877\" lang=\"ES-TRAD\">La normativa (Resoluci\u00f3n N\u00b0 070906-2770 en Gaceta Electoral N\u00ba 405, numeral 4, Art. 10) establece que los solicitantes deb\u00edan entregar las firmas \u201c<i id=\"yui_3_16_0_ym19_1_1464032024992_5878\">dentro de los treinta d\u00edas<\/i>\u201d siguientes a la entrega de la planilla por parte del CNE. La MUD consign\u00f3 las firmas 7 d\u00edas despu\u00e9s de recibir el formato para la recolecci\u00f3n de firmas. El CNE interpret\u00f3 que ten\u00edan que transcurrir los 30 d\u00edas para empezar el proceso de validaci\u00f3n de firmas, aunque lo que establece la norma es que el grupo de solicitantes contar\u00e1 con \u201c<i id=\"yui_3_16_0_ym19_1_1464032024992_5879\">hasta 30 d\u00edas continuos<\/i>\u201d, pero no se\u00f1ala que deben agotarse los 30 d\u00edas para continuar con el proceso. Esto no solo constituye un retraso<\/span><\/p>\n<p id=\"yui_3_16_0_ym19_1_1464032024992_5881\"><span id=\"yui_3_16_0_ym19_1_1464032024992_5882\" lang=\"ES-TRAD\">\u00a0<\/span><\/p>\n<p id=\"yui_3_16_0_ym19_1_1464032024992_5883\">innecesario, sino que viola el principio de celeridad que est\u00e1 garantizado en el art\u00edculo 3 de la misma Resoluci\u00f3n.<\/p>\n<p id=\"yui_3_16_0_ym19_1_1464032024992_5888\"><span id=\"yui_3_16_0_ym19_1_1464032024992_5889\" lang=\"ES-TRAD\">Por si fuera poco, el Consejo Nacional Electoral cre\u00f3 requisitos de validaci\u00f3n que no est\u00e1n contemplados en la normativa (Resoluci\u00f3n N\u00b0 070906-2770 en Gaceta Electoral N\u00ba 405) que regula los procesos refrendarios revocatorios. As\u00ed pues, lo \u00fanico que deb\u00eda hacer el ente electoral una vez que recibiera las firmas era constatar que existieran al menos las r\u00fabricas equivalentes al 1% del padr\u00f3n electoral, para luego comenzar con el proceso de validaci\u00f3n biom\u00e9trica, que exige a los firmantes trasladarse a las Oficinas Regionales del CNE, ubicadas en las capitales de los 23 estados y el Distrito Capital.<\/span><\/p>\n<p id=\"yui_3_16_0_ym19_1_1464032024992_5891\"><span id=\"yui_3_16_0_ym19_1_1464032024992_5892\" lang=\"ES-TRAD\">Sin embargo, una de las rectoras,\u00a0 Socorro Hern\u00e1ndez, anunci\u00f3 en una entrevista por el canal del Estado venezolano transmitida el pasado 12 de mayo que todas las planillas que contienen las firmas ser\u00e1n digitalizadas y digitadas; tr\u00e1mites que no est\u00e1n contemplados en la normativa, y que este proceso culminar\u00e1 el pr\u00f3ximo 2 de junio. Adem\u00e1s de violar la Ley de Simplificaci\u00f3n de Tr\u00e1mites Administrativos, estos nuevos requerimientos son contrarios a <span id=\"yui_3_16_0_ym19_1_1464032024992_5893\">los principios de<\/span><\/span><span id=\"yui_3_16_0_ym19_1_1464032024992_5894\" lang=\"ES-TRAD\"> eficiencia y eficacia administrativa,<span id=\"yui_3_16_0_ym19_1_1464032024992_5895\">\u00a0<\/span>imparcialidad y celeridad <\/span><span id=\"yui_3_16_0_ym19_1_1464032024992_5896\" lang=\"ES-TRAD\">estipulados en los art\u00edculos<span id=\"yui_3_16_0_ym19_1_1464032024992_5897\">\u00a0<\/span><\/span><span id=\"yui_3_16_0_ym19_1_1464032024992_5898\" lang=\"ES-TRAD\">141<\/span><span id=\"yui_3_16_0_ym19_1_1464032024992_5899\"><span id=\"yui_3_16_0_ym19_1_1464032024992_5900\" lang=\"ES-TRAD\">\u00a0<\/span><\/span><span id=\"yui_3_16_0_ym19_1_1464032024992_5901\" lang=\"ES-TRAD\">y<span id=\"yui_3_16_0_ym19_1_1464032024992_5902\">\u00a0<\/span><\/span><span id=\"yui_3_16_0_ym19_1_1464032024992_5903\" lang=\"ES-TRAD\">293 de la Constituci\u00f3n,<\/span><span id=\"yui_3_16_0_ym19_1_1464032024992_5904\"><span id=\"yui_3_16_0_ym19_1_1464032024992_5905\" lang=\"ES-TRAD\">\u00a0<\/span><\/span><span id=\"yui_3_16_0_ym19_1_1464032024992_5906\" lang=\"ES-TRAD\">4 de la Ley Org\u00e1nica del Poder Electoral <\/span><span id=\"yui_3_16_0_ym19_1_1464032024992_5907\" lang=\"ES-TRAD\">y<span id=\"yui_3_16_0_ym19_1_1464032024992_5908\">\u00a0<\/span><\/span><span id=\"yui_3_16_0_ym19_1_1464032024992_5909\" lang=\"ES-TRAD\">3 de la Ley Org\u00e1nica de Procesos Electorales.<\/span><span id=\"yui_3_16_0_ym19_1_1464032024992_5910\" lang=\"ES-TRAD\"><\/span><\/p>\n<p id=\"yui_3_16_0_ym19_1_1464032024992_5912\"><span id=\"yui_3_16_0_ym19_1_1464032024992_5913\" lang=\"ES-TRAD\">Adicionalmente de este nuevo paso como es la digitalizaci\u00f3n, el CNE tambi\u00e9n ha incorporado ilegalmente otros dos requisitos: la transcripci\u00f3n de las planillas (tr\u00e1mite que tomar\u00e1 hasta el 1 de junio) y posteriormente un tr\u00e1mite de auditor\u00eda.\u00a0<\/span><\/p>\n<p id=\"yui_3_16_0_ym19_1_1464032024992_5912\"><span lang=\"ES-TRAD\">Est\u00e1 de m\u00e1s decir que ninguno de estos procedimientos est\u00e1n establecidos en la normativa.<\/span><\/p>\n<p id=\"yui_3_16_0_ym19_1_1464032024992_5915\"><span id=\"yui_3_16_0_ym19_1_1464032024992_5916\" lang=\"ES-TRAD\">Por \u00faltimo, aunque no menos importante, la Rectora Socorro Hern\u00e1ndez tambi\u00e9n inform\u00f3 que los datos de las personas que firmaron ser\u00e1n de acceso p\u00fablico. Aclar\u00f3 que aunque no se trataba de una publicaci\u00f3n de los datos de los firmantes, s\u00ed se permitir\u00e1 constatar a trav\u00e9s del n\u00famero de c\u00e9dula de identidad si una persona firm\u00f3 o no.<\/span><\/p>\n<p id=\"yui_3_16_0_ym19_1_1464032024992_5918\"><span id=\"yui_3_16_0_ym19_1_1464032024992_5919\" lang=\"ES-TRAD\">Este hecho no solo viola el derecho a la confidencialidad de los datos personales, que est\u00e1 consagrado en los art\u00edculos 28 y 60 de la Constituci\u00f3n de la Rep\u00fablica Bolivariana de Venezuela; sino que pudiera reeditar lo sucedido con la tr\u00e1gicamente c\u00e9lebre lista Tasc\u00f3n.<\/span><\/p>\n<p id=\"yui_3_16_0_ym19_1_1464032024992_5921\"><span id=\"yui_3_16_0_ym19_1_1464032024992_5922\" lang=\"ES-TRAD\">Todas las violaciones en las que ha incurrido el Consejo Nacional Electoral han significado un retraso de al menos 45 d\u00edas en el proceso refrendario.<\/span><\/p>\n<p id=\"yui_3_16_0_ym19_1_1464032024992_5924\"><span id=\"yui_3_16_0_ym19_1_1464032024992_5925\" lang=\"ES-TRAD\">El \u00fanico tr\u00e1mite establecido en la normativa y que realmente puede servir para la validaci\u00f3n de las manifestaciones de voluntad es la asistencia de los firmantes a las Oficinas Regionales Electorales (ORE), para confirmar su identidad a trav\u00e9s del sistema biom\u00e9trico de identificaci\u00f3n. Por lo anteriormente expuesto, Transparencia Electoral denuncia ante el PARLASUR la dilaci\u00f3n arbitraria del proceso refrendario que es un derecho constitucional de los venezolanos, as\u00ed como la repetida violaci\u00f3n por parte del Consejo Nacional Electoral de la<\/span><\/p>\n<p id=\"yui_3_16_0_ym19_1_1464032024992_5927\"><span id=\"yui_3_16_0_ym19_1_1464032024992_5928\" lang=\"ES-TRAD\">\u00a0<a href=\"https:\/\/transparenciaelectoral.org\/blog\/wp-content\/uploads\/2016\/05\/Parlasur2.jpg\"><img decoding=\"async\" class=\"aligncenter size-medium wp-image-475\" src=\"https:\/\/transparenciaelectoral.org\/blog\/wp-content\/uploads\/2016\/05\/Parlasur2-300x273.jpg\" alt=\"Parlasur2\" width=\"300\" height=\"273\" \/><\/a><\/span><\/p>\n<p id=\"yui_3_16_0_ym19_1_1464032024992_5929\">Constituci\u00f3n de la Rep\u00fablica Bolivariana de Venezuela y sus propias normativas que regulan la tem\u00e1tica refrendaria revocatoria.<\/p>\n<p id=\"yui_3_16_0_ym19_1_1464032024992_5934\"><b id=\"yui_3_16_0_ym19_1_1464032024992_5935\"><span id=\"yui_3_16_0_ym19_1_1464032024992_5936\" lang=\"ES-TRAD\">Es evidente que el Consejo Nacional Electoral, en vez de facilitar los tr\u00e1mites para que los venezolanos ejerzan sus derechos, est\u00e1\u00a0 retrasando la realizaci\u00f3n del referendo revocatorio presidencial.<\/span><\/b><\/p>\n<p id=\"yui_3_16_0_ym19_1_1464032024992_5938\"><span id=\"yui_3_16_0_ym19_1_1464032024992_5939\" lang=\"ES-TRAD\">Venezuela atraviesa una crisis econ\u00f3mica, pol\u00edtica y social sin precedentes y amplios sectores del pa\u00eds consideran que la mejor manera de resolver estos problemas es a trav\u00e9s de los mecanismos establecidos en la Constituci\u00f3n, tales como la convocatoria de un Referendo Revocatorio Presidencial.<\/span><\/p>\n<p id=\"yui_3_16_0_ym19_1_1464032024992_5941\"><span id=\"yui_3_16_0_ym19_1_1464032024992_5942\" lang=\"ES-TRAD\">El Consejo Nacional Electoral tiene en sus manos una responsabilidad hist\u00f3rica, por lo que desde Transparencia Electoral exigimos que respete la Constituci\u00f3n, las normas vigentes y los principios de imparcialidad y celeridad que le son inherentes al \u00f3rgano electoral.<\/span><\/p>\n<p id=\"yui_3_16_0_ym19_1_1464032024992_5944\"><span id=\"yui_3_16_0_ym19_1_1464032024992_5945\" lang=\"ES-TRAD\">Por su parte Leandro Querido agreg\u00f3: <i id=\"yui_3_16_0_ym19_1_1464032024992_7491\">\u00abEl Estado de excepci\u00f3n que ha promovido el poder Ejecutivo avasallando a otros poderes socava derechos pol\u00edticos consagrados. La cooptaci\u00f3n del Poder Judicial y la influencia determinante que el gobierno ha impuesto en el Consejo Nacional Electoral ha eliminado todo vestigio de republicanismo. Adem\u00e1s la pol\u00edtica de asfixia a la Asamblea Nacional no solo desconoce la voluntad popular sino que profundiza la crisis al obturar toda salida pol\u00edtica y democr\u00e1tica. C\u00f3mo respuesta el gobierno de Nicol\u00e1s Maduro ha decidido enviarle a la ciudadan\u00eda un nuevo mensaje de violencia institucional al asegurar que civiles adeptos a su\u00a0 r\u00e9gimen se encuentran armados. Por su parte la movilizaci\u00f3n militar anunciada se inscribe en la lamentable tradici\u00f3n autoritaria que ha te\u00f1ido a Am\u00e9rica latina.<\/i><\/span><\/p>\n<p id=\"yui_3_16_0_ym19_1_1464032024992_5947\"><span id=\"yui_3_16_0_ym19_1_1464032024992_5948\" lang=\"ES-TRAD\"><i id=\"yui_3_16_0_ym19_1_1464032024992_7504\">Estas acciones violan la Carta Democr\u00e1tica Interamericana, el Protocolo de Ushuaia y la normativa del Parlasur.<\/i><\/span><\/p>\n<p id=\"yui_3_16_0_ym19_1_1464032024992_5950\"><span id=\"yui_3_16_0_ym19_1_1464032024992_5951\" lang=\"ES-TRAD\"><i id=\"yui_3_16_0_ym19_1_1464032024992_7489\">Transparencia Electoral repudia el accionar autoritario del gobierno de Venezuela y responsabiliza a su presidente por toda la violencia que podr\u00eda desencadenarse en el marco de esta profunda crisis social, pol\u00edtica, econ\u00f3mica y humanitaria que atraviesa el pa\u00eds\u00bb<\/i>.<\/span><\/p>\n<p id=\"yui_3_16_0_ym19_1_1464032024992_5953\" dir=\"ltr\" data-setdir=\"false\"><span id=\"yui_3_16_0_ym19_1_1464032024992_5954\" lang=\"ES-TRAD\">La democracia no es una opci\u00f3n. Es la \u00fanica opci\u00f3n. La democracia es el sistema que hemos adoptado los pa\u00edses que integran la regi\u00f3n.\u00a0<\/span><\/p>\n","protected":false},"excerpt":{"rendered":"<p>Transparencia Electoral presente en Asamblea del Parlasur para exigirle al Consejo Nacional Electoral de Venezuela cumplir con la Constituci\u00f3n y normas para la activaci\u00f3n del Referendo Revocatorio Presidencial. \u00a0Montevideo, 23 de mayo de 2016. &nbsp; Transparencia Electoral es una ONG comprometida con la promoci\u00f3n de los valores democr\u00e1ticos e institucionales, y espec\u00edficamente con la consecuci\u00f3n &hellip;<\/p>\n","protected":false},"author":6,"featured_media":476,"comment_status":"closed","ping_status":"open","sticky":false,"template":"","format":"standard","meta":{"footnotes":""},"categories":[105,106,107,100,88,97,276],"tags":[139,104,141],"class_list":["post-474","post","type-post","status-publish","format-standard","has-post-thumbnail","hentry","category-actividades","category-agenda","category-medios","category-noticias","category-novedades","category-slider","category-transparencia-electoral","tag-revocatorio","tag-transparencia-electoral","tag-venezuela"],"yoast_head":"<!-- This site is optimized with the Yoast SEO plugin v27.5 - https:\/\/yoast.com\/product\/yoast-seo-wordpress\/ -->\n<title>Transparencia Electoral presente en Asamblea del Parlasur por situaci\u00f3n en Venezuela. - Transparencia Electoral<\/title>\n<meta name=\"robots\" content=\"index, follow, max-snippet:-1, max-image-preview:large, max-video-preview:-1\" \/>\n<link rel=\"canonical\" href=\"https:\/\/transparenciaelectoral.org\/blog\/transparencia-electoral-presente-en-asamblea-del-parlasur-por-situacion-en-venezuela\/\" \/>\n<meta property=\"og:locale\" content=\"es_ES\" \/>\n<meta property=\"og:type\" content=\"article\" \/>\n<meta property=\"og:title\" content=\"Transparencia Electoral presente en Asamblea del Parlasur por situaci\u00f3n en Venezuela. - Transparencia Electoral\" \/>\n<meta property=\"og:description\" content=\"Transparencia Electoral presente en Asamblea del Parlasur para exigirle al Consejo Nacional Electoral de Venezuela cumplir con la Constituci\u00f3n y normas para la activaci\u00f3n del Referendo Revocatorio Presidencial. \u00a0Montevideo, 23 de mayo de 2016. &nbsp; Transparencia Electoral es una ONG comprometida con la promoci\u00f3n de los valores democr\u00e1ticos e institucionales, y espec\u00edficamente con la consecuci\u00f3n &hellip;\" \/>\n<meta property=\"og:url\" content=\"https:\/\/transparenciaelectoral.org\/blog\/transparencia-electoral-presente-en-asamblea-del-parlasur-por-situacion-en-venezuela\/\" \/>\n<meta property=\"og:site_name\" content=\"Transparencia Electoral\" \/>\n<meta property=\"article:publisher\" content=\"https:\/\/www.facebook.com\/Transparencia-Electoral-en-Am%c3%a9rica-latina-171661009688456\/\" \/>\n<meta property=\"article:published_time\" content=\"2016-05-23T20:45:56+00:00\" \/>\n<meta property=\"article:modified_time\" content=\"2023-12-04T12:56:07+00:00\" \/>\n<meta property=\"og:image\" content=\"https:\/\/transparenciaelectoral.org\/blog\/wp-content\/uploads\/2016\/05\/PARLASS-1-1.jpg\" \/>\n\t<meta property=\"og:image:width\" content=\"2535\" \/>\n\t<meta property=\"og:image:height\" content=\"1625\" \/>\n\t<meta property=\"og:image:type\" content=\"image\/jpeg\" \/>\n<meta name=\"author\" content=\"Transparencia Electoral\" \/>\n<meta name=\"twitter:card\" content=\"summary_large_image\" \/>\n<meta name=\"twitter:creator\" content=\"@TransparenciaAL\" \/>\n<meta name=\"twitter:site\" content=\"@TransparenciaAL\" \/>\n<meta name=\"twitter:label1\" content=\"Escrito por\" \/>\n\t<meta name=\"twitter:data1\" content=\"Transparencia Electoral\" \/>\n\t<meta name=\"twitter:label2\" content=\"Tiempo de lectura\" \/>\n\t<meta name=\"twitter:data2\" content=\"10 minutos\" \/>\n<script type=\"application\/ld+json\" class=\"yoast-schema-graph\">{\"@context\":\"https:\\\/\\\/schema.org\",\"@graph\":[{\"@type\":\"Article\",\"@id\":\"https:\\\/\\\/transparenciaelectoral.org\\\/blog\\\/transparencia-electoral-presente-en-asamblea-del-parlasur-por-situacion-en-venezuela\\\/#article\",\"isPartOf\":{\"@id\":\"https:\\\/\\\/transparenciaelectoral.org\\\/blog\\\/transparencia-electoral-presente-en-asamblea-del-parlasur-por-situacion-en-venezuela\\\/\"},\"author\":{\"name\":\"Transparencia Electoral\",\"@id\":\"https:\\\/\\\/transparenciaelectoral.org\\\/blog\\\/#\\\/schema\\\/person\\\/63a97f81afd2c3820c6d9f262e27fe50\"},\"headline\":\"Transparencia Electoral presente en Asamblea del Parlasur por situaci\u00f3n en Venezuela.\",\"datePublished\":\"2016-05-23T20:45:56+00:00\",\"dateModified\":\"2023-12-04T12:56:07+00:00\",\"mainEntityOfPage\":{\"@id\":\"https:\\\/\\\/transparenciaelectoral.org\\\/blog\\\/transparencia-electoral-presente-en-asamblea-del-parlasur-por-situacion-en-venezuela\\\/\"},\"wordCount\":1917,\"image\":{\"@id\":\"https:\\\/\\\/transparenciaelectoral.org\\\/blog\\\/transparencia-electoral-presente-en-asamblea-del-parlasur-por-situacion-en-venezuela\\\/#primaryimage\"},\"thumbnailUrl\":\"https:\\\/\\\/transparenciaelectoral.org\\\/blog\\\/wp-content\\\/uploads\\\/2016\\\/05\\\/PARLASS-1-1.jpg\",\"keywords\":[\"Revocatorio\",\"Transparencia Electoral\",\"Venezuela\"],\"articleSection\":[\"Actividades\",\"Agenda\",\"Medios\",\"Noticias\",\"Novedades\",\"Slider\",\"Transparencia Electoral\"],\"inLanguage\":\"es\"},{\"@type\":\"WebPage\",\"@id\":\"https:\\\/\\\/transparenciaelectoral.org\\\/blog\\\/transparencia-electoral-presente-en-asamblea-del-parlasur-por-situacion-en-venezuela\\\/\",\"url\":\"https:\\\/\\\/transparenciaelectoral.org\\\/blog\\\/transparencia-electoral-presente-en-asamblea-del-parlasur-por-situacion-en-venezuela\\\/\",\"name\":\"Transparencia Electoral presente en Asamblea del Parlasur por situaci\u00f3n en Venezuela. - Transparencia Electoral\",\"isPartOf\":{\"@id\":\"https:\\\/\\\/transparenciaelectoral.org\\\/blog\\\/#website\"},\"primaryImageOfPage\":{\"@id\":\"https:\\\/\\\/transparenciaelectoral.org\\\/blog\\\/transparencia-electoral-presente-en-asamblea-del-parlasur-por-situacion-en-venezuela\\\/#primaryimage\"},\"image\":{\"@id\":\"https:\\\/\\\/transparenciaelectoral.org\\\/blog\\\/transparencia-electoral-presente-en-asamblea-del-parlasur-por-situacion-en-venezuela\\\/#primaryimage\"},\"thumbnailUrl\":\"https:\\\/\\\/transparenciaelectoral.org\\\/blog\\\/wp-content\\\/uploads\\\/2016\\\/05\\\/PARLASS-1-1.jpg\",\"datePublished\":\"2016-05-23T20:45:56+00:00\",\"dateModified\":\"2023-12-04T12:56:07+00:00\",\"author\":{\"@id\":\"https:\\\/\\\/transparenciaelectoral.org\\\/blog\\\/#\\\/schema\\\/person\\\/63a97f81afd2c3820c6d9f262e27fe50\"},\"breadcrumb\":{\"@id\":\"https:\\\/\\\/transparenciaelectoral.org\\\/blog\\\/transparencia-electoral-presente-en-asamblea-del-parlasur-por-situacion-en-venezuela\\\/#breadcrumb\"},\"inLanguage\":\"es\",\"potentialAction\":[{\"@type\":\"ReadAction\",\"target\":[\"https:\\\/\\\/transparenciaelectoral.org\\\/blog\\\/transparencia-electoral-presente-en-asamblea-del-parlasur-por-situacion-en-venezuela\\\/\"]}]},{\"@type\":\"ImageObject\",\"inLanguage\":\"es\",\"@id\":\"https:\\\/\\\/transparenciaelectoral.org\\\/blog\\\/transparencia-electoral-presente-en-asamblea-del-parlasur-por-situacion-en-venezuela\\\/#primaryimage\",\"url\":\"https:\\\/\\\/transparenciaelectoral.org\\\/blog\\\/wp-content\\\/uploads\\\/2016\\\/05\\\/PARLASS-1-1.jpg\",\"contentUrl\":\"https:\\\/\\\/transparenciaelectoral.org\\\/blog\\\/wp-content\\\/uploads\\\/2016\\\/05\\\/PARLASS-1-1.jpg\",\"width\":2535,\"height\":1625},{\"@type\":\"BreadcrumbList\",\"@id\":\"https:\\\/\\\/transparenciaelectoral.org\\\/blog\\\/transparencia-electoral-presente-en-asamblea-del-parlasur-por-situacion-en-venezuela\\\/#breadcrumb\",\"itemListElement\":[{\"@type\":\"ListItem\",\"position\":1,\"name\":\"Portada\",\"item\":\"https:\\\/\\\/transparenciaelectoral.org\\\/blog\\\/\"},{\"@type\":\"ListItem\",\"position\":2,\"name\":\"Transparencia Electoral presente en Asamblea del Parlasur por situaci\u00f3n en Venezuela.\"}]},{\"@type\":\"WebSite\",\"@id\":\"https:\\\/\\\/transparenciaelectoral.org\\\/blog\\\/#website\",\"url\":\"https:\\\/\\\/transparenciaelectoral.org\\\/blog\\\/\",\"name\":\"Transparencia Electoral\",\"description\":\"\",\"potentialAction\":[{\"@type\":\"SearchAction\",\"target\":{\"@type\":\"EntryPoint\",\"urlTemplate\":\"https:\\\/\\\/transparenciaelectoral.org\\\/blog\\\/?s={search_term_string}\"},\"query-input\":{\"@type\":\"PropertyValueSpecification\",\"valueRequired\":true,\"valueName\":\"search_term_string\"}}],\"inLanguage\":\"es\"},{\"@type\":\"Person\",\"@id\":\"https:\\\/\\\/transparenciaelectoral.org\\\/blog\\\/#\\\/schema\\\/person\\\/63a97f81afd2c3820c6d9f262e27fe50\",\"name\":\"Transparencia Electoral\",\"sameAs\":[\"https:\\\/\\\/transparenciaelectoral.org\\\/blog\\\/\"]}]}<\/script>\n<!-- \/ Yoast SEO plugin. -->","yoast_head_json":{"title":"Transparencia Electoral presente en Asamblea del Parlasur por situaci\u00f3n en Venezuela. - Transparencia Electoral","robots":{"index":"index","follow":"follow","max-snippet":"max-snippet:-1","max-image-preview":"max-image-preview:large","max-video-preview":"max-video-preview:-1"},"canonical":"https:\/\/transparenciaelectoral.org\/blog\/transparencia-electoral-presente-en-asamblea-del-parlasur-por-situacion-en-venezuela\/","og_locale":"es_ES","og_type":"article","og_title":"Transparencia Electoral presente en Asamblea del Parlasur por situaci\u00f3n en Venezuela. - Transparencia Electoral","og_description":"Transparencia Electoral presente en Asamblea del Parlasur para exigirle al Consejo Nacional Electoral de Venezuela cumplir con la Constituci\u00f3n y normas para la activaci\u00f3n del Referendo Revocatorio Presidencial. \u00a0Montevideo, 23 de mayo de 2016. &nbsp; Transparencia Electoral es una ONG comprometida con la promoci\u00f3n de los valores democr\u00e1ticos e institucionales, y espec\u00edficamente con la consecuci\u00f3n &hellip;","og_url":"https:\/\/transparenciaelectoral.org\/blog\/transparencia-electoral-presente-en-asamblea-del-parlasur-por-situacion-en-venezuela\/","og_site_name":"Transparencia Electoral","article_publisher":"https:\/\/www.facebook.com\/Transparencia-Electoral-en-Am%c3%a9rica-latina-171661009688456\/","article_published_time":"2016-05-23T20:45:56+00:00","article_modified_time":"2023-12-04T12:56:07+00:00","og_image":[{"width":2535,"height":1625,"url":"https:\/\/transparenciaelectoral.org\/blog\/wp-content\/uploads\/2016\/05\/PARLASS-1-1.jpg","type":"image\/jpeg"}],"author":"Transparencia Electoral","twitter_card":"summary_large_image","twitter_creator":"@TransparenciaAL","twitter_site":"@TransparenciaAL","twitter_misc":{"Escrito por":"Transparencia Electoral","Tiempo de lectura":"10 minutos"},"schema":{"@context":"https:\/\/schema.org","@graph":[{"@type":"Article","@id":"https:\/\/transparenciaelectoral.org\/blog\/transparencia-electoral-presente-en-asamblea-del-parlasur-por-situacion-en-venezuela\/#article","isPartOf":{"@id":"https:\/\/transparenciaelectoral.org\/blog\/transparencia-electoral-presente-en-asamblea-del-parlasur-por-situacion-en-venezuela\/"},"author":{"name":"Transparencia Electoral","@id":"https:\/\/transparenciaelectoral.org\/blog\/#\/schema\/person\/63a97f81afd2c3820c6d9f262e27fe50"},"headline":"Transparencia Electoral presente en Asamblea del Parlasur por situaci\u00f3n en Venezuela.","datePublished":"2016-05-23T20:45:56+00:00","dateModified":"2023-12-04T12:56:07+00:00","mainEntityOfPage":{"@id":"https:\/\/transparenciaelectoral.org\/blog\/transparencia-electoral-presente-en-asamblea-del-parlasur-por-situacion-en-venezuela\/"},"wordCount":1917,"image":{"@id":"https:\/\/transparenciaelectoral.org\/blog\/transparencia-electoral-presente-en-asamblea-del-parlasur-por-situacion-en-venezuela\/#primaryimage"},"thumbnailUrl":"https:\/\/transparenciaelectoral.org\/blog\/wp-content\/uploads\/2016\/05\/PARLASS-1-1.jpg","keywords":["Revocatorio","Transparencia Electoral","Venezuela"],"articleSection":["Actividades","Agenda","Medios","Noticias","Novedades","Slider","Transparencia Electoral"],"inLanguage":"es"},{"@type":"WebPage","@id":"https:\/\/transparenciaelectoral.org\/blog\/transparencia-electoral-presente-en-asamblea-del-parlasur-por-situacion-en-venezuela\/","url":"https:\/\/transparenciaelectoral.org\/blog\/transparencia-electoral-presente-en-asamblea-del-parlasur-por-situacion-en-venezuela\/","name":"Transparencia Electoral presente en Asamblea del Parlasur por situaci\u00f3n en Venezuela. - Transparencia Electoral","isPartOf":{"@id":"https:\/\/transparenciaelectoral.org\/blog\/#website"},"primaryImageOfPage":{"@id":"https:\/\/transparenciaelectoral.org\/blog\/transparencia-electoral-presente-en-asamblea-del-parlasur-por-situacion-en-venezuela\/#primaryimage"},"image":{"@id":"https:\/\/transparenciaelectoral.org\/blog\/transparencia-electoral-presente-en-asamblea-del-parlasur-por-situacion-en-venezuela\/#primaryimage"},"thumbnailUrl":"https:\/\/transparenciaelectoral.org\/blog\/wp-content\/uploads\/2016\/05\/PARLASS-1-1.jpg","datePublished":"2016-05-23T20:45:56+00:00","dateModified":"2023-12-04T12:56:07+00:00","author":{"@id":"https:\/\/transparenciaelectoral.org\/blog\/#\/schema\/person\/63a97f81afd2c3820c6d9f262e27fe50"},"breadcrumb":{"@id":"https:\/\/transparenciaelectoral.org\/blog\/transparencia-electoral-presente-en-asamblea-del-parlasur-por-situacion-en-venezuela\/#breadcrumb"},"inLanguage":"es","potentialAction":[{"@type":"ReadAction","target":["https:\/\/transparenciaelectoral.org\/blog\/transparencia-electoral-presente-en-asamblea-del-parlasur-por-situacion-en-venezuela\/"]}]},{"@type":"ImageObject","inLanguage":"es","@id":"https:\/\/transparenciaelectoral.org\/blog\/transparencia-electoral-presente-en-asamblea-del-parlasur-por-situacion-en-venezuela\/#primaryimage","url":"https:\/\/transparenciaelectoral.org\/blog\/wp-content\/uploads\/2016\/05\/PARLASS-1-1.jpg","contentUrl":"https:\/\/transparenciaelectoral.org\/blog\/wp-content\/uploads\/2016\/05\/PARLASS-1-1.jpg","width":2535,"height":1625},{"@type":"BreadcrumbList","@id":"https:\/\/transparenciaelectoral.org\/blog\/transparencia-electoral-presente-en-asamblea-del-parlasur-por-situacion-en-venezuela\/#breadcrumb","itemListElement":[{"@type":"ListItem","position":1,"name":"Portada","item":"https:\/\/transparenciaelectoral.org\/blog\/"},{"@type":"ListItem","position":2,"name":"Transparencia Electoral presente en Asamblea del Parlasur por situaci\u00f3n en Venezuela."}]},{"@type":"WebSite","@id":"https:\/\/transparenciaelectoral.org\/blog\/#website","url":"https:\/\/transparenciaelectoral.org\/blog\/","name":"Transparencia Electoral","description":"","potentialAction":[{"@type":"SearchAction","target":{"@type":"EntryPoint","urlTemplate":"https:\/\/transparenciaelectoral.org\/blog\/?s={search_term_string}"},"query-input":{"@type":"PropertyValueSpecification","valueRequired":true,"valueName":"search_term_string"}}],"inLanguage":"es"},{"@type":"Person","@id":"https:\/\/transparenciaelectoral.org\/blog\/#\/schema\/person\/63a97f81afd2c3820c6d9f262e27fe50","name":"Transparencia Electoral","sameAs":["https:\/\/transparenciaelectoral.org\/blog\/"]}]}},"_links":{"self":[{"href":"https:\/\/transparenciaelectoral.org\/blog\/wp-json\/wp\/v2\/posts\/474","targetHints":{"allow":["GET"]}}],"collection":[{"href":"https:\/\/transparenciaelectoral.org\/blog\/wp-json\/wp\/v2\/posts"}],"about":[{"href":"https:\/\/transparenciaelectoral.org\/blog\/wp-json\/wp\/v2\/types\/post"}],"author":[{"embeddable":true,"href":"https:\/\/transparenciaelectoral.org\/blog\/wp-json\/wp\/v2\/users\/6"}],"replies":[{"embeddable":true,"href":"https:\/\/transparenciaelectoral.org\/blog\/wp-json\/wp\/v2\/comments?post=474"}],"version-history":[{"count":1,"href":"https:\/\/transparenciaelectoral.org\/blog\/wp-json\/wp\/v2\/posts\/474\/revisions"}],"predecessor-version":[{"id":6000,"href":"https:\/\/transparenciaelectoral.org\/blog\/wp-json\/wp\/v2\/posts\/474\/revisions\/6000"}],"wp:featuredmedia":[{"embeddable":true,"href":"https:\/\/transparenciaelectoral.org\/blog\/wp-json\/wp\/v2\/media\/476"}],"wp:attachment":[{"href":"https:\/\/transparenciaelectoral.org\/blog\/wp-json\/wp\/v2\/media?parent=474"}],"wp:term":[{"taxonomy":"category","embeddable":true,"href":"https:\/\/transparenciaelectoral.org\/blog\/wp-json\/wp\/v2\/categories?post=474"},{"taxonomy":"post_tag","embeddable":true,"href":"https:\/\/transparenciaelectoral.org\/blog\/wp-json\/wp\/v2\/tags?post=474"}],"curies":[{"name":"wp","href":"https:\/\/api.w.org\/{rel}","templated":true}]}}