{"id":4458,"date":"2020-11-13T14:47:04","date_gmt":"2020-11-13T14:47:04","guid":{"rendered":"https:\/\/transparenciaelectoral.org\/blog\/?p=4458"},"modified":"2025-07-27T01:54:51","modified_gmt":"2025-07-27T04:54:51","slug":"transparencia-electoral-celebro-la-v-edicion-de-demotech-junto-a-la-registraduria-nacional-de-colombia","status":"publish","type":"post","link":"https:\/\/transparenciaelectoral.org\/blog\/transparencia-electoral-celebro-la-v-edicion-de-demotech-junto-a-la-registraduria-nacional-de-colombia\/","title":{"rendered":"Transparencia Electoral celebr\u00f3 la V Edici\u00f3n de DemoTech junto a la Registradur\u00eda Nacional de Colombia"},"content":{"rendered":"<p>Este jueves 12 de noviembre Transparencia Electoral celebr\u00f3 la V Edici\u00f3n de #DemoTech, en el marco del evento \u00abLa nueva normalidad: Tecnolog\u00edas aplicadas en los procesos electorales\u00bb, organizado por la Registradur\u00eda Nacional del Estado Civil de Colombia.<\/p>\n<p>Fueron convocados representantes de empresas desarrolladoras de tecnolog\u00edas y organismos electorales para que debatieran sobre el futuro de las elecciones y presentaran sus \u00faltimas soluciones tecnol\u00f3gicas.<\/p>\n<p><img fetchpriority=\"high\" decoding=\"async\" class=\"alignnone size-medium wp-image-4461\" src=\"https:\/\/transparenciaelectoral.org\/blog\/wp-content\/uploads\/2020\/11\/EmoM1hGWEAEn69w-300x169.jpg\" alt=\"\" width=\"300\" height=\"169\" \/> <img decoding=\"async\" class=\"alignnone size-medium wp-image-4462\" src=\"https:\/\/transparenciaelectoral.org\/blog\/wp-content\/uploads\/2020\/11\/EmoJFCwXIAEwriD-300x169.jpg\" alt=\"\" width=\"300\" height=\"169\" \/> <img decoding=\"async\" class=\"alignnone size-medium wp-image-4463\" src=\"https:\/\/transparenciaelectoral.org\/blog\/wp-content\/uploads\/2020\/11\/EmoFJlVWMAE5JiQ-300x169.jpg\" alt=\"\" width=\"300\" height=\"169\" \/> <img loading=\"lazy\" decoding=\"async\" class=\"alignnone size-medium wp-image-4464\" src=\"https:\/\/transparenciaelectoral.org\/blog\/wp-content\/uploads\/2020\/11\/EmoEEPKXUAA3vtK-300x169.jpg\" alt=\"\" width=\"300\" height=\"169\" \/><\/p>\n<p>El evento fue moderado por Leandro Querido, Director Ejecutivo de Transparencia Electoral, y cont\u00f3 con las exposiciones de Pablo Sarr\u00edas, Director de Tecnolog\u00edas en el \u00e1rea de Soluciones Electorales de MINSAT, una de las empresas del Grupo Indra; Sergio Angelini. Presidente y CEO de Grupo MSA, Olivier Charlanes, Vicepresidente Senior de marketing y productos del Grupo IDEMIA, y Jorge H. Torres. Coordinador General de la Unidad T\u00e9cnica de Servicios de Inform\u00e1tica del Instituto Nacional Electoral de M\u00e9xico.<\/p>\n<p>Los expositores hicieron un balance sobre la tecnificaci\u00f3n de los procesos electorales a nivel mundial y espec\u00edficamente regional, y coincidieron en que si bien la pandemia ha catalizado la necesidad de implementar soluciones tecnol\u00f3gicas, aun est\u00e1 muy distante el escenario de votaci\u00f3n electr\u00f3nica remota de manera masiva. Adem\u00e1s, advirtieron que la urgencia impuesta por la pandemia no debe ser raz\u00f3n para que los proveedores y los organismos electorales sean m\u00e1s laxos con las medidas de seguridad, ya que esto pondr\u00eda en riesgo la integridad de los comicios.<\/p>\n<p>Puedes ver el evento completo aqu\u00ed:<\/p>\n<p><iframe title=\"\u201cForo internacional: tecnolog\u00edas aplicadas a los procesos electorales\u201d\" width=\"500\" height=\"281\" src=\"https:\/\/www.youtube.com\/embed\/SKIXnNQMEAk?feature=oembed\" frameborder=\"0\" allow=\"accelerometer; autoplay; clipboard-write; encrypted-media; gyroscope; picture-in-picture; web-share\" referrerpolicy=\"strict-origin-when-cross-origin\" allowfullscreen><\/iframe><\/p>\n","protected":false},"excerpt":{"rendered":"<p>Este jueves 12 de noviembre Transparencia Electoral celebr\u00f3 la V Edici\u00f3n de #DemoTech, en el marco del evento \u00abLa nueva normalidad: Tecnolog\u00edas aplicadas en los procesos electorales\u00bb, organizado por la Registradur\u00eda Nacional del Estado Civil de Colombia. Fueron convocados representantes de empresas desarrolladoras de tecnolog\u00edas y organismos electorales para que debatieran sobre el futuro de &hellip;<\/p>\n","protected":false},"author":6,"featured_media":4459,"comment_status":"closed","ping_status":"open","sticky":false,"template":"","format":"standard","meta":{"footnotes":""},"categories":[100],"tags":[104],"class_list":["post-4458","post","type-post","status-publish","format-standard","has-post-thumbnail","hentry","category-noticias","tag-transparencia-electoral"],"yoast_head":"<!-- This site is optimized with the Yoast SEO plugin v27.5 - https:\/\/yoast.com\/product\/yoast-seo-wordpress\/ -->\n<title>Transparencia Electoral celebr\u00f3 la V Edici\u00f3n de DemoTech junto a la Registradur\u00eda Nacional de Colombia - Transparencia Electoral<\/title>\n<meta name=\"robots\" content=\"index, follow, max-snippet:-1, max-image-preview:large, max-video-preview:-1\" \/>\n<link rel=\"canonical\" href=\"https:\/\/transparenciaelectoral.org\/blog\/transparencia-electoral-celebro-la-v-edicion-de-demotech-junto-a-la-registraduria-nacional-de-colombia\/\" \/>\n<meta property=\"og:locale\" content=\"es_ES\" \/>\n<meta property=\"og:type\" content=\"article\" \/>\n<meta property=\"og:title\" content=\"Transparencia Electoral celebr\u00f3 la V Edici\u00f3n de DemoTech junto a la Registradur\u00eda Nacional de Colombia - Transparencia Electoral\" \/>\n<meta property=\"og:description\" content=\"Este jueves 12 de noviembre Transparencia Electoral celebr\u00f3 la V Edici\u00f3n de #DemoTech, en el marco del evento \u00abLa nueva normalidad: Tecnolog\u00edas aplicadas en los procesos electorales\u00bb, organizado por la Registradur\u00eda Nacional del Estado Civil de Colombia. Fueron convocados representantes de empresas desarrolladoras de tecnolog\u00edas y organismos electorales para que debatieran sobre el futuro de &hellip;\" \/>\n<meta property=\"og:url\" content=\"https:\/\/transparenciaelectoral.org\/blog\/transparencia-electoral-celebro-la-v-edicion-de-demotech-junto-a-la-registraduria-nacional-de-colombia\/\" \/>\n<meta property=\"og:site_name\" content=\"Transparencia Electoral\" \/>\n<meta property=\"article:publisher\" content=\"https:\/\/www.facebook.com\/Transparencia-Electoral-en-Am%c3%a9rica-latina-171661009688456\/\" \/>\n<meta property=\"article:published_time\" content=\"2020-11-13T14:47:04+00:00\" \/>\n<meta property=\"article:modified_time\" content=\"2025-07-27T04:54:51+00:00\" \/>\n<meta name=\"author\" content=\"Transparencia Electoral\" \/>\n<meta name=\"twitter:card\" content=\"summary_large_image\" \/>\n<meta name=\"twitter:creator\" content=\"@TransparenciaAL\" \/>\n<meta name=\"twitter:site\" content=\"@TransparenciaAL\" \/>\n<meta name=\"twitter:label1\" content=\"Escrito por\" \/>\n\t<meta name=\"twitter:data1\" content=\"Transparencia Electoral\" \/>\n\t<meta name=\"twitter:label2\" content=\"Tiempo de lectura\" \/>\n\t<meta name=\"twitter:data2\" content=\"1 minuto\" \/>\n<script type=\"application\/ld+json\" class=\"yoast-schema-graph\">{\"@context\":\"https:\\\/\\\/schema.org\",\"@graph\":[{\"@type\":\"Article\",\"@id\":\"https:\\\/\\\/transparenciaelectoral.org\\\/blog\\\/transparencia-electoral-celebro-la-v-edicion-de-demotech-junto-a-la-registraduria-nacional-de-colombia\\\/#article\",\"isPartOf\":{\"@id\":\"https:\\\/\\\/transparenciaelectoral.org\\\/blog\\\/transparencia-electoral-celebro-la-v-edicion-de-demotech-junto-a-la-registraduria-nacional-de-colombia\\\/\"},\"author\":{\"name\":\"Transparencia Electoral\",\"@id\":\"https:\\\/\\\/transparenciaelectoral.org\\\/blog\\\/#\\\/schema\\\/person\\\/63a97f81afd2c3820c6d9f262e27fe50\"},\"headline\":\"Transparencia Electoral celebr\u00f3 la V Edici\u00f3n de DemoTech junto a la Registradur\u00eda Nacional de Colombia\",\"datePublished\":\"2020-11-13T14:47:04+00:00\",\"dateModified\":\"2025-07-27T04:54:51+00:00\",\"mainEntityOfPage\":{\"@id\":\"https:\\\/\\\/transparenciaelectoral.org\\\/blog\\\/transparencia-electoral-celebro-la-v-edicion-de-demotech-junto-a-la-registraduria-nacional-de-colombia\\\/\"},\"wordCount\":280,\"image\":{\"@id\":\"https:\\\/\\\/transparenciaelectoral.org\\\/blog\\\/transparencia-electoral-celebro-la-v-edicion-de-demotech-junto-a-la-registraduria-nacional-de-colombia\\\/#primaryimage\"},\"thumbnailUrl\":\"\",\"keywords\":[\"Transparencia Electoral\"],\"articleSection\":[\"Noticias\"],\"inLanguage\":\"es\"},{\"@type\":\"WebPage\",\"@id\":\"https:\\\/\\\/transparenciaelectoral.org\\\/blog\\\/transparencia-electoral-celebro-la-v-edicion-de-demotech-junto-a-la-registraduria-nacional-de-colombia\\\/\",\"url\":\"https:\\\/\\\/transparenciaelectoral.org\\\/blog\\\/transparencia-electoral-celebro-la-v-edicion-de-demotech-junto-a-la-registraduria-nacional-de-colombia\\\/\",\"name\":\"Transparencia Electoral celebr\u00f3 la V Edici\u00f3n de DemoTech junto a la Registradur\u00eda Nacional de Colombia - Transparencia Electoral\",\"isPartOf\":{\"@id\":\"https:\\\/\\\/transparenciaelectoral.org\\\/blog\\\/#website\"},\"primaryImageOfPage\":{\"@id\":\"https:\\\/\\\/transparenciaelectoral.org\\\/blog\\\/transparencia-electoral-celebro-la-v-edicion-de-demotech-junto-a-la-registraduria-nacional-de-colombia\\\/#primaryimage\"},\"image\":{\"@id\":\"https:\\\/\\\/transparenciaelectoral.org\\\/blog\\\/transparencia-electoral-celebro-la-v-edicion-de-demotech-junto-a-la-registraduria-nacional-de-colombia\\\/#primaryimage\"},\"thumbnailUrl\":\"\",\"datePublished\":\"2020-11-13T14:47:04+00:00\",\"dateModified\":\"2025-07-27T04:54:51+00:00\",\"author\":{\"@id\":\"https:\\\/\\\/transparenciaelectoral.org\\\/blog\\\/#\\\/schema\\\/person\\\/63a97f81afd2c3820c6d9f262e27fe50\"},\"breadcrumb\":{\"@id\":\"https:\\\/\\\/transparenciaelectoral.org\\\/blog\\\/transparencia-electoral-celebro-la-v-edicion-de-demotech-junto-a-la-registraduria-nacional-de-colombia\\\/#breadcrumb\"},\"inLanguage\":\"es\",\"potentialAction\":[{\"@type\":\"ReadAction\",\"target\":[\"https:\\\/\\\/transparenciaelectoral.org\\\/blog\\\/transparencia-electoral-celebro-la-v-edicion-de-demotech-junto-a-la-registraduria-nacional-de-colombia\\\/\"]}]},{\"@type\":\"ImageObject\",\"inLanguage\":\"es\",\"@id\":\"https:\\\/\\\/transparenciaelectoral.org\\\/blog\\\/transparencia-electoral-celebro-la-v-edicion-de-demotech-junto-a-la-registraduria-nacional-de-colombia\\\/#primaryimage\",\"url\":\"\",\"contentUrl\":\"\"},{\"@type\":\"BreadcrumbList\",\"@id\":\"https:\\\/\\\/transparenciaelectoral.org\\\/blog\\\/transparencia-electoral-celebro-la-v-edicion-de-demotech-junto-a-la-registraduria-nacional-de-colombia\\\/#breadcrumb\",\"itemListElement\":[{\"@type\":\"ListItem\",\"position\":1,\"name\":\"Portada\",\"item\":\"https:\\\/\\\/transparenciaelectoral.org\\\/blog\\\/\"},{\"@type\":\"ListItem\",\"position\":2,\"name\":\"Transparencia Electoral celebr\u00f3 la V Edici\u00f3n de DemoTech junto a la Registradur\u00eda Nacional de Colombia\"}]},{\"@type\":\"WebSite\",\"@id\":\"https:\\\/\\\/transparenciaelectoral.org\\\/blog\\\/#website\",\"url\":\"https:\\\/\\\/transparenciaelectoral.org\\\/blog\\\/\",\"name\":\"Transparencia Electoral\",\"description\":\"\",\"potentialAction\":[{\"@type\":\"SearchAction\",\"target\":{\"@type\":\"EntryPoint\",\"urlTemplate\":\"https:\\\/\\\/transparenciaelectoral.org\\\/blog\\\/?s={search_term_string}\"},\"query-input\":{\"@type\":\"PropertyValueSpecification\",\"valueRequired\":true,\"valueName\":\"search_term_string\"}}],\"inLanguage\":\"es\"},{\"@type\":\"Person\",\"@id\":\"https:\\\/\\\/transparenciaelectoral.org\\\/blog\\\/#\\\/schema\\\/person\\\/63a97f81afd2c3820c6d9f262e27fe50\",\"name\":\"Transparencia Electoral\",\"sameAs\":[\"https:\\\/\\\/transparenciaelectoral.org\\\/blog\\\/\"]}]}<\/script>\n<!-- \/ Yoast SEO plugin. -->","yoast_head_json":{"title":"Transparencia Electoral celebr\u00f3 la V Edici\u00f3n de DemoTech junto a la Registradur\u00eda Nacional de Colombia - Transparencia Electoral","robots":{"index":"index","follow":"follow","max-snippet":"max-snippet:-1","max-image-preview":"max-image-preview:large","max-video-preview":"max-video-preview:-1"},"canonical":"https:\/\/transparenciaelectoral.org\/blog\/transparencia-electoral-celebro-la-v-edicion-de-demotech-junto-a-la-registraduria-nacional-de-colombia\/","og_locale":"es_ES","og_type":"article","og_title":"Transparencia Electoral celebr\u00f3 la V Edici\u00f3n de DemoTech junto a la Registradur\u00eda Nacional de Colombia - Transparencia Electoral","og_description":"Este jueves 12 de noviembre Transparencia Electoral celebr\u00f3 la V Edici\u00f3n de #DemoTech, en el marco del evento \u00abLa nueva normalidad: Tecnolog\u00edas aplicadas en los procesos electorales\u00bb, organizado por la Registradur\u00eda Nacional del Estado Civil de Colombia. Fueron convocados representantes de empresas desarrolladoras de tecnolog\u00edas y organismos electorales para que debatieran sobre el futuro de &hellip;","og_url":"https:\/\/transparenciaelectoral.org\/blog\/transparencia-electoral-celebro-la-v-edicion-de-demotech-junto-a-la-registraduria-nacional-de-colombia\/","og_site_name":"Transparencia Electoral","article_publisher":"https:\/\/www.facebook.com\/Transparencia-Electoral-en-Am%c3%a9rica-latina-171661009688456\/","article_published_time":"2020-11-13T14:47:04+00:00","article_modified_time":"2025-07-27T04:54:51+00:00","author":"Transparencia Electoral","twitter_card":"summary_large_image","twitter_creator":"@TransparenciaAL","twitter_site":"@TransparenciaAL","twitter_misc":{"Escrito por":"Transparencia Electoral","Tiempo de lectura":"1 minuto"},"schema":{"@context":"https:\/\/schema.org","@graph":[{"@type":"Article","@id":"https:\/\/transparenciaelectoral.org\/blog\/transparencia-electoral-celebro-la-v-edicion-de-demotech-junto-a-la-registraduria-nacional-de-colombia\/#article","isPartOf":{"@id":"https:\/\/transparenciaelectoral.org\/blog\/transparencia-electoral-celebro-la-v-edicion-de-demotech-junto-a-la-registraduria-nacional-de-colombia\/"},"author":{"name":"Transparencia Electoral","@id":"https:\/\/transparenciaelectoral.org\/blog\/#\/schema\/person\/63a97f81afd2c3820c6d9f262e27fe50"},"headline":"Transparencia Electoral celebr\u00f3 la V Edici\u00f3n de DemoTech junto a la Registradur\u00eda Nacional de Colombia","datePublished":"2020-11-13T14:47:04+00:00","dateModified":"2025-07-27T04:54:51+00:00","mainEntityOfPage":{"@id":"https:\/\/transparenciaelectoral.org\/blog\/transparencia-electoral-celebro-la-v-edicion-de-demotech-junto-a-la-registraduria-nacional-de-colombia\/"},"wordCount":280,"image":{"@id":"https:\/\/transparenciaelectoral.org\/blog\/transparencia-electoral-celebro-la-v-edicion-de-demotech-junto-a-la-registraduria-nacional-de-colombia\/#primaryimage"},"thumbnailUrl":"","keywords":["Transparencia Electoral"],"articleSection":["Noticias"],"inLanguage":"es"},{"@type":"WebPage","@id":"https:\/\/transparenciaelectoral.org\/blog\/transparencia-electoral-celebro-la-v-edicion-de-demotech-junto-a-la-registraduria-nacional-de-colombia\/","url":"https:\/\/transparenciaelectoral.org\/blog\/transparencia-electoral-celebro-la-v-edicion-de-demotech-junto-a-la-registraduria-nacional-de-colombia\/","name":"Transparencia Electoral celebr\u00f3 la V Edici\u00f3n de DemoTech junto a la Registradur\u00eda Nacional de Colombia - Transparencia Electoral","isPartOf":{"@id":"https:\/\/transparenciaelectoral.org\/blog\/#website"},"primaryImageOfPage":{"@id":"https:\/\/transparenciaelectoral.org\/blog\/transparencia-electoral-celebro-la-v-edicion-de-demotech-junto-a-la-registraduria-nacional-de-colombia\/#primaryimage"},"image":{"@id":"https:\/\/transparenciaelectoral.org\/blog\/transparencia-electoral-celebro-la-v-edicion-de-demotech-junto-a-la-registraduria-nacional-de-colombia\/#primaryimage"},"thumbnailUrl":"","datePublished":"2020-11-13T14:47:04+00:00","dateModified":"2025-07-27T04:54:51+00:00","author":{"@id":"https:\/\/transparenciaelectoral.org\/blog\/#\/schema\/person\/63a97f81afd2c3820c6d9f262e27fe50"},"breadcrumb":{"@id":"https:\/\/transparenciaelectoral.org\/blog\/transparencia-electoral-celebro-la-v-edicion-de-demotech-junto-a-la-registraduria-nacional-de-colombia\/#breadcrumb"},"inLanguage":"es","potentialAction":[{"@type":"ReadAction","target":["https:\/\/transparenciaelectoral.org\/blog\/transparencia-electoral-celebro-la-v-edicion-de-demotech-junto-a-la-registraduria-nacional-de-colombia\/"]}]},{"@type":"ImageObject","inLanguage":"es","@id":"https:\/\/transparenciaelectoral.org\/blog\/transparencia-electoral-celebro-la-v-edicion-de-demotech-junto-a-la-registraduria-nacional-de-colombia\/#primaryimage","url":"","contentUrl":""},{"@type":"BreadcrumbList","@id":"https:\/\/transparenciaelectoral.org\/blog\/transparencia-electoral-celebro-la-v-edicion-de-demotech-junto-a-la-registraduria-nacional-de-colombia\/#breadcrumb","itemListElement":[{"@type":"ListItem","position":1,"name":"Portada","item":"https:\/\/transparenciaelectoral.org\/blog\/"},{"@type":"ListItem","position":2,"name":"Transparencia Electoral celebr\u00f3 la V Edici\u00f3n de DemoTech junto a la Registradur\u00eda Nacional de Colombia"}]},{"@type":"WebSite","@id":"https:\/\/transparenciaelectoral.org\/blog\/#website","url":"https:\/\/transparenciaelectoral.org\/blog\/","name":"Transparencia Electoral","description":"","potentialAction":[{"@type":"SearchAction","target":{"@type":"EntryPoint","urlTemplate":"https:\/\/transparenciaelectoral.org\/blog\/?s={search_term_string}"},"query-input":{"@type":"PropertyValueSpecification","valueRequired":true,"valueName":"search_term_string"}}],"inLanguage":"es"},{"@type":"Person","@id":"https:\/\/transparenciaelectoral.org\/blog\/#\/schema\/person\/63a97f81afd2c3820c6d9f262e27fe50","name":"Transparencia Electoral","sameAs":["https:\/\/transparenciaelectoral.org\/blog\/"]}]}},"_links":{"self":[{"href":"https:\/\/transparenciaelectoral.org\/blog\/wp-json\/wp\/v2\/posts\/4458","targetHints":{"allow":["GET"]}}],"collection":[{"href":"https:\/\/transparenciaelectoral.org\/blog\/wp-json\/wp\/v2\/posts"}],"about":[{"href":"https:\/\/transparenciaelectoral.org\/blog\/wp-json\/wp\/v2\/types\/post"}],"author":[{"embeddable":true,"href":"https:\/\/transparenciaelectoral.org\/blog\/wp-json\/wp\/v2\/users\/6"}],"replies":[{"embeddable":true,"href":"https:\/\/transparenciaelectoral.org\/blog\/wp-json\/wp\/v2\/comments?post=4458"}],"version-history":[{"count":1,"href":"https:\/\/transparenciaelectoral.org\/blog\/wp-json\/wp\/v2\/posts\/4458\/revisions"}],"predecessor-version":[{"id":5751,"href":"https:\/\/transparenciaelectoral.org\/blog\/wp-json\/wp\/v2\/posts\/4458\/revisions\/5751"}],"wp:featuredmedia":[{"embeddable":true,"href":"https:\/\/transparenciaelectoral.org\/blog\/wp-json\/"}],"wp:attachment":[{"href":"https:\/\/transparenciaelectoral.org\/blog\/wp-json\/wp\/v2\/media?parent=4458"}],"wp:term":[{"taxonomy":"category","embeddable":true,"href":"https:\/\/transparenciaelectoral.org\/blog\/wp-json\/wp\/v2\/categories?post=4458"},{"taxonomy":"post_tag","embeddable":true,"href":"https:\/\/transparenciaelectoral.org\/blog\/wp-json\/wp\/v2\/tags?post=4458"}],"curies":[{"name":"wp","href":"https:\/\/api.w.org\/{rel}","templated":true}]}}