{"id":12022,"date":"2026-03-11T13:11:49","date_gmt":"2026-03-11T16:11:49","guid":{"rendered":"https:\/\/transparenciaelectoral.org\/blog\/?p=12022"},"modified":"2026-04-07T19:18:37","modified_gmt":"2026-04-07T22:18:37","slug":"edgar-ortiz-romero-alerta-sobre-renovacion-de-autoridades-y-estabilidad-democratica-en-guatemala","status":"publish","type":"post","link":"https:\/\/transparenciaelectoral.org\/blog\/edgar-ortiz-romero-alerta-sobre-renovacion-de-autoridades-y-estabilidad-democratica-en-guatemala\/","title":{"rendered":"Edgar Ortiz Romero alerta sobre renovaci\u00f3n de autoridades y estabilidad democr\u00e1tica en Guatemala"},"content":{"rendered":"\n<p><strong><em>Resumen de la entrevista a Edgar Ortiz Romero<\/em><\/strong><\/p>\n\n\n\n<p>Guatemala atraviesa un periodo cr\u00edtico de transici\u00f3n institucional marcado por la renovaci\u00f3n de los altos cargos del Poder Judicial, la Fiscal\u00eda General y el Tribunal Supremo Electoral.<\/p>\n\n\n\n<p>Seg\u00fan Ortiz, tras dos a\u00f1os de la presidencia de Bernardo Ar\u00e9valo, el sistema judicial opera como una \u00abpunta de lanza\u00bb de agendas \u201cautoritarias\u201d. El panorama pol\u00edtico se encuentra fragmentado en tres bloques principales: fuerzas democratizadoras, sectores \u201cpro-impunidad\u201d y una mayor\u00eda de actores que cataloga como \u00abtransaccionales\u00bb, que toman decisiones seg\u00fan la conveniencia del momento.<\/p>\n\n\n\n<p>La actual batalla por el control de la Corte de Constitucionalidad (CC) y la Comisi\u00f3n Nominadora para la Fiscal\u00eda General representa el punto de inflexi\u00f3n que determinar\u00e1 si el pa\u00eds logra ampliar su espacio c\u00edvico o si permanece bajo el asedio de la criminalizaci\u00f3n y la autocensura. El abogado asegura que la observaci\u00f3n internacional, aunque presente a trav\u00e9s de la OEA, muestra un \u201cimpacto limitado\u201d, actuando m\u00e1s como un cronista de las deficiencias estructurales que como un freno efectivo a las maniobras de entorpecimiento legal.<\/p>\n\n\n\n<p>Ortiz Romero identifica tres fuerzas dominantes que interact\u00faan en el actual proceso de designaci\u00f3n de autoridades de Guatemala: sectores \u201cdemocr\u00e1ticos\u201d que buscan reabrir el espacio c\u00edvico y restaurar el Estado de derecho tras a\u00f1os de retroceso democr\u00e1tico, como los logrados en el Colegio de Abogados; las estructuras tradicionales o \u201cpro-impunidad\u201d (a las que sus detractores a menudo se refieren como el \u00abPacto de Corruptos\u00bb) cuyo objetivo primordial es mantener el control judicial para asegurar la impunidad de sus integrantes, y esperar retomar el control del Ejecutivo; y los \u201cactores transaccionales\u201d, que representan la mayor\u00eda en instituciones clave como el Congreso de la Rep\u00fablica, donde su comportamiento no responde a cuestiones ideol\u00f3gicas, sino a una agenda de conveniencia y negociaci\u00f3n basada en qu\u00e9 facci\u00f3n tiene mayores posibilidades de prevalecer.<\/p>\n\n\n\n<h4 class=\"wp-block-heading\"><strong>El Laberinto de la Renovaci\u00f3n del Poder Judicial<\/strong><\/h4>\n\n\n\n<p>El actual proceso de designaci\u00f3n de nuevas autoridades es descrito por Ortiz como un \u00ablaberinto\u00bb, donde los argumentos legales suelen ser secundarios frente a las estrategias pol\u00edticas de control. Existen tres procesos paralelos de alta relevancia, que abarca a la Corte de Constitucionalidad, el Tribunal Supremo Electoral, y la Fiscal\u00eda General de la Rep\u00fablica.<\/p>\n\n\n\n<p>La Corte de Constitucionalidad (CC) es considerada la pieza m\u00e1s estrat\u00e9gica del tablero pol\u00edtico. Se compone de 10 magistrados (5 titulares y 5 suplentes) designados por cinco \u00f3rganos distintos: 2 por el Colegio de Abogados, 2 por la Corte Suprema de Justicia, 2 por el Congreso de la Rep\u00fablica, 2 por la Presidencia de la Rep\u00fablica, y 2 por la Universidad San Carlos de Guatemala (USAC).<\/p>\n\n\n\n<h5 class=\"wp-block-heading\">Las designaciones deben finalizar antes del 17 de marzo, y Ortiz considera que los sectores \u201cpro-impunidad\u201d buscan mantener una mayor\u00eda en la Corte para neutralizar cualquier avance de la agenda democr\u00e1tica. Si una facci\u00f3n independiente obtiene cargos (por ejemplo, como representantes del Colegio de Abogados), los sectores tradicionales podr\u00edan tolerarlo si mantienen la mayor\u00eda total, o intentar demorar o bloquear la toma de posesi\u00f3n si ven amenazado su control.<\/h5>\n\n\n\n<h5 class=\"wp-block-heading\">Con respecto al Tribunal Supremo Electoral (TSE), se encuentra en marcha una comisi\u00f3n de postulaci\u00f3n (compuesta por 10 miembros) para designar a los nuevos magistrados, de la cual Ortiz Romero forma parte como comisionado suplente. Este proceso es vital para garantizar la transparencia electoral a futuro.<\/h5>\n\n\n\n<h5 class=\"wp-block-heading\">Este a\u00f1o tambi\u00e9n se renueva el cargo titular de la Fiscal\u00eda General de la Rep\u00fablica, ha sido el motor de lo que Ortiz y otros actores llaman \u00abrepresi\u00f3n judicial\u00bb desde el a\u00f1o 2021. El mandato de la actual Fiscal General, Consuelo Porras finaliza en mayo, lo cual genera una expectativa de cambio, aunque existe el riesgo de que personas afines a su estructura intenten prolongar su influencia.<\/h5>\n\n\n\n<h4 class=\"wp-block-heading\"><strong>Las instituciones clave en el proceso de designaci\u00f3n<\/strong><\/h4>\n\n\n\n<p>El Colegio de Abogados de Guatemala posee un modelo corporativo constitucional que le otorga asientos directos en las comisiones de nominaci\u00f3n y en la Corte de Constitucionalidad. Desde 2024, una coalici\u00f3n independiente de profesionales ha venido ganando espacios que sol\u00edan estar bajo control de las estructuras tradicionales en tres elecciones consecutivas (Comisiones Nominadoras de la Corte Suprema, Junta Directiva y comisiones de postulaciones para el TSE).<\/p>\n\n\n\n<p>Ante estas p\u00e9rdidas, los sectores tradicionales emplearon \u00abamparos\u00bb judiciales para entorpecer los procesos. Un ejemplo reciente fue el intento de invalidar el voto de profesionales afines (como soci\u00f3logos, polit\u00f3logos, criminalistas) una noche antes de la elecci\u00f3n para favorecer a las planillas tradicionales. Estos profesionales, que en Guatemala se registran ante el Colegio de Abogados, suelen votar por ternas alternas a las de los sectores que hist\u00f3ricamente controlaban la directiva del gremio.<\/p>\n\n\n\n<p>En este escenario, Ortiz ve una oportunidad en la fragmentaci\u00f3n de los sectores \u201cpro-impunidad\u201d, quienes act\u00faan \u00absobre la marcha\u00bb para corregir el rumbo cuando pierden terreno electoral.<\/p>\n\n\n\n<p>Por otro lado, el Congreso de la Rep\u00fablica, compuesto por 160 diputados, es tambi\u00e9n una pieza institucional clave en la designaci\u00f3n de las nuevas autoridades, lo que lo convierte en el epicentro de una negociaci\u00f3n transaccional que agrupa a sus integrantes en 3 grupos casi id\u00e9nticos en n\u00famero.<\/p>\n\n\n\n<p>Los diputados del partido oficialista \u201cSemilla\u201d son aproximadamente 25, pero deben actuar de forma \u201cindependiente\u201d debido a una suspensi\u00f3n administrativa cuestionable, lo que les impide integrar formalmente la junta directiva, complicando la consolidaci\u00f3n de una mayor\u00eda estable.<\/p>\n\n\n\n<p>Mientras que se puede decir que tanto el sector \u201cpro-impunidad\u201d como el bloque \u201cdemocr\u00e1tico\u201d podr\u00edan contar con entre 30 a 40 votos, ser\u00eda el bloque de diputados \u201ctransaccionales\u201d que al final tiene la mayor\u00eda decisiva que inclina la balanza.<\/p>\n\n\n\n<h4 class=\"wp-block-heading\"><strong>\u00bfEs Guatemala una democracia?<\/strong><\/h4>\n\n\n\n<p>Con un deterioro progresivo que se agudiz\u00f3 en el a\u00f1o 2021, Guatemala es calificada como un r\u00e9gimen h\u00edbrido por varios \u00edndices populares que catalogan reg\u00edmenes pol\u00edticos, y Ortiz concuerda con ese an\u00e1lisis.<\/p>\n\n\n\n<p>2021 marc\u00f3 el a\u00f1o en el que se activ\u00f3 una represi\u00f3n judicial intensa tras cambios en la Corte de Constitucionalidad y la Fiscal\u00eda, resultando en el exilio forzado de jueces, fiscales y periodistas (como Jos\u00e9 Rub\u00e9n Zamora).<\/p>\n\n\n\n<p>2023 fue un punto cr\u00edtico del proyecto autoritario, en el que se bloquearon candidatos presidenciales y, posteriormente, se intentaron desconocer los resultados electorales tras la victoria de Bernardo Ar\u00e9valo.<\/p>\n\n\n\n<p>Mientras el pa\u00eds puede organizar y celebrar elecciones, carece de libertad plena en la participaci\u00f3n y organizaci\u00f3n de partidos, dado que el Poder Judicial act\u00faa como el \u00abguardi\u00e1n\u00bb que asegura que ning\u00fan actor \u00abinc\u00f3modo\u00bb desaf\u00ede al <em>establishment<\/em>.<\/p>\n\n\n\n<p>El impacto de la estrategia judicial de los sectores pro-impunidad ha permeado profundamente en la sociedad civil. El impacto m\u00e1s considerable se mide en la autocensura de la sociedad civil, dado que hay actores que antes eran vocales y han bajado su perfil por temor a ser el pr\u00f3ximo objetivo de la Fiscal\u00eda.<\/p>\n\n\n\n<p>Sobre la presencia de la OEA y paneles de expertos independientes, Ortiz considera que tiene un efecto disuasorio, pero limitado. Se los percibe como \u00abcronistas del desastre\u00bb, que documentan vicios institucionales que luego no generan debate p\u00fablico suficiente debido al miedo a la criminalizaci\u00f3n.<\/p>\n\n\n\n<p>El cambio en la Fiscal\u00eda en mayo se ve como una oportunidad para abrir el espacio c\u00edvico, pero no garantiza un \u00absaneamiento\u00bb total del sistema, ya que el Poder Judicial seguir\u00e1 poblado por actores transaccionales. Seg\u00fan Ortiz, <em>\u00abla autocensura es nefasta y terrible para la democracia (&#8230;) el impacto de la observaci\u00f3n termina siendo limitado, porque si se resalta una pr\u00e1ctica adecuada, tampoco hay demasiado debate p\u00fablico porque los jugadores dicen: &#8216;\u00bfSubo el volumen para que me ponga en el ojo de la fiscal\u00eda? Pues no&#8217;.\u00bb<\/em><\/p>\n\n\n\n<p>En este contexto, Ortiz Romero es una de las figuras m\u00e1s influyentes del debate p\u00fablico en Guatemala, pa\u00eds que en el a\u00f1o 2026 se juega la democracia.<\/p>\n","protected":false},"excerpt":{"rendered":"<p>Resumen de la entrevista a Edgar Ortiz Romero Guatemala atraviesa un periodo cr\u00edtico de transici\u00f3n institucional marcado por la renovaci\u00f3n de los altos cargos del Poder Judicial, la Fiscal\u00eda General y el Tribunal Supremo Electoral. Seg\u00fan Ortiz, tras dos a\u00f1os de la presidencia de Bernardo Ar\u00e9valo, el sistema judicial opera como una \u00abpunta de lanza\u00bb &hellip;<\/p>\n","protected":false},"author":6,"featured_media":12023,"comment_status":"closed","ping_status":"closed","sticky":false,"template":"","format":"standard","meta":{"footnotes":""},"categories":[306,234],"tags":[],"class_list":["post-12022","post","type-post","status-publish","format-standard","has-post-thumbnail","hentry","category-guatemala-","category-opinion"],"yoast_head":"<!-- This site is optimized with the Yoast SEO plugin v27.4 - https:\/\/yoast.com\/product\/yoast-seo-wordpress\/ -->\n<title>Edgar Ortiz Romero alerta sobre renovaci\u00f3n de autoridades y estabilidad democr\u00e1tica en Guatemala - Transparencia Electoral<\/title>\n<meta name=\"robots\" content=\"index, follow, max-snippet:-1, max-image-preview:large, max-video-preview:-1\" \/>\n<link rel=\"canonical\" href=\"https:\/\/transparenciaelectoral.org\/blog\/edgar-ortiz-romero-alerta-sobre-renovacion-de-autoridades-y-estabilidad-democratica-en-guatemala\/\" \/>\n<meta property=\"og:locale\" content=\"es_ES\" \/>\n<meta property=\"og:type\" content=\"article\" \/>\n<meta property=\"og:title\" content=\"Edgar Ortiz Romero alerta sobre renovaci\u00f3n de autoridades y estabilidad democr\u00e1tica en Guatemala - Transparencia Electoral\" \/>\n<meta property=\"og:description\" content=\"Resumen de la entrevista a Edgar Ortiz Romero Guatemala atraviesa un periodo cr\u00edtico de transici\u00f3n institucional marcado por la renovaci\u00f3n de los altos cargos del Poder Judicial, la Fiscal\u00eda General y el Tribunal Supremo Electoral. Seg\u00fan Ortiz, tras dos a\u00f1os de la presidencia de Bernardo Ar\u00e9valo, el sistema judicial opera como una \u00abpunta de lanza\u00bb &hellip;\" \/>\n<meta property=\"og:url\" content=\"https:\/\/transparenciaelectoral.org\/blog\/edgar-ortiz-romero-alerta-sobre-renovacion-de-autoridades-y-estabilidad-democratica-en-guatemala\/\" \/>\n<meta property=\"og:site_name\" content=\"Transparencia Electoral\" \/>\n<meta property=\"article:publisher\" content=\"https:\/\/www.facebook.com\/Transparencia-Electoral-en-Am%c3%a9rica-latina-171661009688456\/\" \/>\n<meta property=\"article:published_time\" content=\"2026-03-11T16:11:49+00:00\" \/>\n<meta property=\"article:modified_time\" content=\"2026-04-07T22:18:37+00:00\" \/>\n<meta property=\"og:image\" content=\"https:\/\/transparenciaelectoral.org\/blog\/wp-content\/uploads\/2026\/03\/Foto2022.5x.webp\" \/>\n\t<meta property=\"og:image:width\" content=\"1570\" \/>\n\t<meta property=\"og:image:height\" content=\"1328\" \/>\n\t<meta property=\"og:image:type\" content=\"image\/webp\" \/>\n<meta name=\"author\" content=\"Transparencia Electoral\" \/>\n<meta name=\"twitter:card\" content=\"summary_large_image\" \/>\n<meta name=\"twitter:creator\" content=\"@TransparenciaAL\" \/>\n<meta name=\"twitter:site\" content=\"@TransparenciaAL\" \/>\n<meta name=\"twitter:label1\" content=\"Escrito por\" \/>\n\t<meta name=\"twitter:data1\" content=\"Transparencia Electoral\" \/>\n\t<meta name=\"twitter:label2\" content=\"Tiempo de lectura\" \/>\n\t<meta name=\"twitter:data2\" content=\"6 minutos\" \/>\n<script type=\"application\/ld+json\" class=\"yoast-schema-graph\">{\"@context\":\"https:\\\/\\\/schema.org\",\"@graph\":[{\"@type\":\"Article\",\"@id\":\"https:\\\/\\\/transparenciaelectoral.org\\\/blog\\\/edgar-ortiz-romero-alerta-sobre-renovacion-de-autoridades-y-estabilidad-democratica-en-guatemala\\\/#article\",\"isPartOf\":{\"@id\":\"https:\\\/\\\/transparenciaelectoral.org\\\/blog\\\/edgar-ortiz-romero-alerta-sobre-renovacion-de-autoridades-y-estabilidad-democratica-en-guatemala\\\/\"},\"author\":{\"name\":\"Transparencia Electoral\",\"@id\":\"https:\\\/\\\/transparenciaelectoral.org\\\/blog\\\/#\\\/schema\\\/person\\\/63a97f81afd2c3820c6d9f262e27fe50\"},\"headline\":\"Edgar Ortiz Romero alerta sobre renovaci\u00f3n de autoridades y estabilidad democr\u00e1tica en Guatemala\",\"datePublished\":\"2026-03-11T16:11:49+00:00\",\"dateModified\":\"2026-04-07T22:18:37+00:00\",\"mainEntityOfPage\":{\"@id\":\"https:\\\/\\\/transparenciaelectoral.org\\\/blog\\\/edgar-ortiz-romero-alerta-sobre-renovacion-de-autoridades-y-estabilidad-democratica-en-guatemala\\\/\"},\"wordCount\":1364,\"image\":{\"@id\":\"https:\\\/\\\/transparenciaelectoral.org\\\/blog\\\/edgar-ortiz-romero-alerta-sobre-renovacion-de-autoridades-y-estabilidad-democratica-en-guatemala\\\/#primaryimage\"},\"thumbnailUrl\":\"https:\\\/\\\/transparenciaelectoral.org\\\/blog\\\/wp-content\\\/uploads\\\/2026\\\/03\\\/Foto2022.5x.webp\",\"articleSection\":[\"Guatemala \ud83c\uddec\ud83c\uddf9\",\"Opini\u00f3n\"],\"inLanguage\":\"es\"},{\"@type\":\"WebPage\",\"@id\":\"https:\\\/\\\/transparenciaelectoral.org\\\/blog\\\/edgar-ortiz-romero-alerta-sobre-renovacion-de-autoridades-y-estabilidad-democratica-en-guatemala\\\/\",\"url\":\"https:\\\/\\\/transparenciaelectoral.org\\\/blog\\\/edgar-ortiz-romero-alerta-sobre-renovacion-de-autoridades-y-estabilidad-democratica-en-guatemala\\\/\",\"name\":\"Edgar Ortiz Romero alerta sobre renovaci\u00f3n de autoridades y estabilidad democr\u00e1tica en Guatemala - Transparencia Electoral\",\"isPartOf\":{\"@id\":\"https:\\\/\\\/transparenciaelectoral.org\\\/blog\\\/#website\"},\"primaryImageOfPage\":{\"@id\":\"https:\\\/\\\/transparenciaelectoral.org\\\/blog\\\/edgar-ortiz-romero-alerta-sobre-renovacion-de-autoridades-y-estabilidad-democratica-en-guatemala\\\/#primaryimage\"},\"image\":{\"@id\":\"https:\\\/\\\/transparenciaelectoral.org\\\/blog\\\/edgar-ortiz-romero-alerta-sobre-renovacion-de-autoridades-y-estabilidad-democratica-en-guatemala\\\/#primaryimage\"},\"thumbnailUrl\":\"https:\\\/\\\/transparenciaelectoral.org\\\/blog\\\/wp-content\\\/uploads\\\/2026\\\/03\\\/Foto2022.5x.webp\",\"datePublished\":\"2026-03-11T16:11:49+00:00\",\"dateModified\":\"2026-04-07T22:18:37+00:00\",\"author\":{\"@id\":\"https:\\\/\\\/transparenciaelectoral.org\\\/blog\\\/#\\\/schema\\\/person\\\/63a97f81afd2c3820c6d9f262e27fe50\"},\"breadcrumb\":{\"@id\":\"https:\\\/\\\/transparenciaelectoral.org\\\/blog\\\/edgar-ortiz-romero-alerta-sobre-renovacion-de-autoridades-y-estabilidad-democratica-en-guatemala\\\/#breadcrumb\"},\"inLanguage\":\"es\",\"potentialAction\":[{\"@type\":\"ReadAction\",\"target\":[\"https:\\\/\\\/transparenciaelectoral.org\\\/blog\\\/edgar-ortiz-romero-alerta-sobre-renovacion-de-autoridades-y-estabilidad-democratica-en-guatemala\\\/\"]}]},{\"@type\":\"ImageObject\",\"inLanguage\":\"es\",\"@id\":\"https:\\\/\\\/transparenciaelectoral.org\\\/blog\\\/edgar-ortiz-romero-alerta-sobre-renovacion-de-autoridades-y-estabilidad-democratica-en-guatemala\\\/#primaryimage\",\"url\":\"https:\\\/\\\/transparenciaelectoral.org\\\/blog\\\/wp-content\\\/uploads\\\/2026\\\/03\\\/Foto2022.5x.webp\",\"contentUrl\":\"https:\\\/\\\/transparenciaelectoral.org\\\/blog\\\/wp-content\\\/uploads\\\/2026\\\/03\\\/Foto2022.5x.webp\",\"width\":1570,\"height\":1328},{\"@type\":\"BreadcrumbList\",\"@id\":\"https:\\\/\\\/transparenciaelectoral.org\\\/blog\\\/edgar-ortiz-romero-alerta-sobre-renovacion-de-autoridades-y-estabilidad-democratica-en-guatemala\\\/#breadcrumb\",\"itemListElement\":[{\"@type\":\"ListItem\",\"position\":1,\"name\":\"Portada\",\"item\":\"https:\\\/\\\/transparenciaelectoral.org\\\/blog\\\/\"},{\"@type\":\"ListItem\",\"position\":2,\"name\":\"Edgar Ortiz Romero alerta sobre renovaci\u00f3n de autoridades y estabilidad democr\u00e1tica en Guatemala\"}]},{\"@type\":\"WebSite\",\"@id\":\"https:\\\/\\\/transparenciaelectoral.org\\\/blog\\\/#website\",\"url\":\"https:\\\/\\\/transparenciaelectoral.org\\\/blog\\\/\",\"name\":\"Transparencia Electoral\",\"description\":\"\",\"potentialAction\":[{\"@type\":\"SearchAction\",\"target\":{\"@type\":\"EntryPoint\",\"urlTemplate\":\"https:\\\/\\\/transparenciaelectoral.org\\\/blog\\\/?s={search_term_string}\"},\"query-input\":{\"@type\":\"PropertyValueSpecification\",\"valueRequired\":true,\"valueName\":\"search_term_string\"}}],\"inLanguage\":\"es\"},{\"@type\":\"Person\",\"@id\":\"https:\\\/\\\/transparenciaelectoral.org\\\/blog\\\/#\\\/schema\\\/person\\\/63a97f81afd2c3820c6d9f262e27fe50\",\"name\":\"Transparencia Electoral\",\"sameAs\":[\"https:\\\/\\\/transparenciaelectoral.org\\\/blog\\\/\"]}]}<\/script>\n<!-- \/ Yoast SEO plugin. -->","yoast_head_json":{"title":"Edgar Ortiz Romero alerta sobre renovaci\u00f3n de autoridades y estabilidad democr\u00e1tica en Guatemala - Transparencia Electoral","robots":{"index":"index","follow":"follow","max-snippet":"max-snippet:-1","max-image-preview":"max-image-preview:large","max-video-preview":"max-video-preview:-1"},"canonical":"https:\/\/transparenciaelectoral.org\/blog\/edgar-ortiz-romero-alerta-sobre-renovacion-de-autoridades-y-estabilidad-democratica-en-guatemala\/","og_locale":"es_ES","og_type":"article","og_title":"Edgar Ortiz Romero alerta sobre renovaci\u00f3n de autoridades y estabilidad democr\u00e1tica en Guatemala - Transparencia Electoral","og_description":"Resumen de la entrevista a Edgar Ortiz Romero Guatemala atraviesa un periodo cr\u00edtico de transici\u00f3n institucional marcado por la renovaci\u00f3n de los altos cargos del Poder Judicial, la Fiscal\u00eda General y el Tribunal Supremo Electoral. Seg\u00fan Ortiz, tras dos a\u00f1os de la presidencia de Bernardo Ar\u00e9valo, el sistema judicial opera como una \u00abpunta de lanza\u00bb &hellip;","og_url":"https:\/\/transparenciaelectoral.org\/blog\/edgar-ortiz-romero-alerta-sobre-renovacion-de-autoridades-y-estabilidad-democratica-en-guatemala\/","og_site_name":"Transparencia Electoral","article_publisher":"https:\/\/www.facebook.com\/Transparencia-Electoral-en-Am%c3%a9rica-latina-171661009688456\/","article_published_time":"2026-03-11T16:11:49+00:00","article_modified_time":"2026-04-07T22:18:37+00:00","og_image":[{"width":1570,"height":1328,"url":"https:\/\/transparenciaelectoral.org\/blog\/wp-content\/uploads\/2026\/03\/Foto2022.5x.webp","type":"image\/webp"}],"author":"Transparencia Electoral","twitter_card":"summary_large_image","twitter_creator":"@TransparenciaAL","twitter_site":"@TransparenciaAL","twitter_misc":{"Escrito por":"Transparencia Electoral","Tiempo de lectura":"6 minutos"},"schema":{"@context":"https:\/\/schema.org","@graph":[{"@type":"Article","@id":"https:\/\/transparenciaelectoral.org\/blog\/edgar-ortiz-romero-alerta-sobre-renovacion-de-autoridades-y-estabilidad-democratica-en-guatemala\/#article","isPartOf":{"@id":"https:\/\/transparenciaelectoral.org\/blog\/edgar-ortiz-romero-alerta-sobre-renovacion-de-autoridades-y-estabilidad-democratica-en-guatemala\/"},"author":{"name":"Transparencia Electoral","@id":"https:\/\/transparenciaelectoral.org\/blog\/#\/schema\/person\/63a97f81afd2c3820c6d9f262e27fe50"},"headline":"Edgar Ortiz Romero alerta sobre renovaci\u00f3n de autoridades y estabilidad democr\u00e1tica en Guatemala","datePublished":"2026-03-11T16:11:49+00:00","dateModified":"2026-04-07T22:18:37+00:00","mainEntityOfPage":{"@id":"https:\/\/transparenciaelectoral.org\/blog\/edgar-ortiz-romero-alerta-sobre-renovacion-de-autoridades-y-estabilidad-democratica-en-guatemala\/"},"wordCount":1364,"image":{"@id":"https:\/\/transparenciaelectoral.org\/blog\/edgar-ortiz-romero-alerta-sobre-renovacion-de-autoridades-y-estabilidad-democratica-en-guatemala\/#primaryimage"},"thumbnailUrl":"https:\/\/transparenciaelectoral.org\/blog\/wp-content\/uploads\/2026\/03\/Foto2022.5x.webp","articleSection":["Guatemala \ud83c\uddec\ud83c\uddf9","Opini\u00f3n"],"inLanguage":"es"},{"@type":"WebPage","@id":"https:\/\/transparenciaelectoral.org\/blog\/edgar-ortiz-romero-alerta-sobre-renovacion-de-autoridades-y-estabilidad-democratica-en-guatemala\/","url":"https:\/\/transparenciaelectoral.org\/blog\/edgar-ortiz-romero-alerta-sobre-renovacion-de-autoridades-y-estabilidad-democratica-en-guatemala\/","name":"Edgar Ortiz Romero alerta sobre renovaci\u00f3n de autoridades y estabilidad democr\u00e1tica en Guatemala - Transparencia Electoral","isPartOf":{"@id":"https:\/\/transparenciaelectoral.org\/blog\/#website"},"primaryImageOfPage":{"@id":"https:\/\/transparenciaelectoral.org\/blog\/edgar-ortiz-romero-alerta-sobre-renovacion-de-autoridades-y-estabilidad-democratica-en-guatemala\/#primaryimage"},"image":{"@id":"https:\/\/transparenciaelectoral.org\/blog\/edgar-ortiz-romero-alerta-sobre-renovacion-de-autoridades-y-estabilidad-democratica-en-guatemala\/#primaryimage"},"thumbnailUrl":"https:\/\/transparenciaelectoral.org\/blog\/wp-content\/uploads\/2026\/03\/Foto2022.5x.webp","datePublished":"2026-03-11T16:11:49+00:00","dateModified":"2026-04-07T22:18:37+00:00","author":{"@id":"https:\/\/transparenciaelectoral.org\/blog\/#\/schema\/person\/63a97f81afd2c3820c6d9f262e27fe50"},"breadcrumb":{"@id":"https:\/\/transparenciaelectoral.org\/blog\/edgar-ortiz-romero-alerta-sobre-renovacion-de-autoridades-y-estabilidad-democratica-en-guatemala\/#breadcrumb"},"inLanguage":"es","potentialAction":[{"@type":"ReadAction","target":["https:\/\/transparenciaelectoral.org\/blog\/edgar-ortiz-romero-alerta-sobre-renovacion-de-autoridades-y-estabilidad-democratica-en-guatemala\/"]}]},{"@type":"ImageObject","inLanguage":"es","@id":"https:\/\/transparenciaelectoral.org\/blog\/edgar-ortiz-romero-alerta-sobre-renovacion-de-autoridades-y-estabilidad-democratica-en-guatemala\/#primaryimage","url":"https:\/\/transparenciaelectoral.org\/blog\/wp-content\/uploads\/2026\/03\/Foto2022.5x.webp","contentUrl":"https:\/\/transparenciaelectoral.org\/blog\/wp-content\/uploads\/2026\/03\/Foto2022.5x.webp","width":1570,"height":1328},{"@type":"BreadcrumbList","@id":"https:\/\/transparenciaelectoral.org\/blog\/edgar-ortiz-romero-alerta-sobre-renovacion-de-autoridades-y-estabilidad-democratica-en-guatemala\/#breadcrumb","itemListElement":[{"@type":"ListItem","position":1,"name":"Portada","item":"https:\/\/transparenciaelectoral.org\/blog\/"},{"@type":"ListItem","position":2,"name":"Edgar Ortiz Romero alerta sobre renovaci\u00f3n de autoridades y estabilidad democr\u00e1tica en Guatemala"}]},{"@type":"WebSite","@id":"https:\/\/transparenciaelectoral.org\/blog\/#website","url":"https:\/\/transparenciaelectoral.org\/blog\/","name":"Transparencia Electoral","description":"","potentialAction":[{"@type":"SearchAction","target":{"@type":"EntryPoint","urlTemplate":"https:\/\/transparenciaelectoral.org\/blog\/?s={search_term_string}"},"query-input":{"@type":"PropertyValueSpecification","valueRequired":true,"valueName":"search_term_string"}}],"inLanguage":"es"},{"@type":"Person","@id":"https:\/\/transparenciaelectoral.org\/blog\/#\/schema\/person\/63a97f81afd2c3820c6d9f262e27fe50","name":"Transparencia Electoral","sameAs":["https:\/\/transparenciaelectoral.org\/blog\/"]}]}},"_links":{"self":[{"href":"https:\/\/transparenciaelectoral.org\/blog\/wp-json\/wp\/v2\/posts\/12022","targetHints":{"allow":["GET"]}}],"collection":[{"href":"https:\/\/transparenciaelectoral.org\/blog\/wp-json\/wp\/v2\/posts"}],"about":[{"href":"https:\/\/transparenciaelectoral.org\/blog\/wp-json\/wp\/v2\/types\/post"}],"author":[{"embeddable":true,"href":"https:\/\/transparenciaelectoral.org\/blog\/wp-json\/wp\/v2\/users\/6"}],"replies":[{"embeddable":true,"href":"https:\/\/transparenciaelectoral.org\/blog\/wp-json\/wp\/v2\/comments?post=12022"}],"version-history":[{"count":1,"href":"https:\/\/transparenciaelectoral.org\/blog\/wp-json\/wp\/v2\/posts\/12022\/revisions"}],"predecessor-version":[{"id":12024,"href":"https:\/\/transparenciaelectoral.org\/blog\/wp-json\/wp\/v2\/posts\/12022\/revisions\/12024"}],"wp:featuredmedia":[{"embeddable":true,"href":"https:\/\/transparenciaelectoral.org\/blog\/wp-json\/wp\/v2\/media\/12023"}],"wp:attachment":[{"href":"https:\/\/transparenciaelectoral.org\/blog\/wp-json\/wp\/v2\/media?parent=12022"}],"wp:term":[{"taxonomy":"category","embeddable":true,"href":"https:\/\/transparenciaelectoral.org\/blog\/wp-json\/wp\/v2\/categories?post=12022"},{"taxonomy":"post_tag","embeddable":true,"href":"https:\/\/transparenciaelectoral.org\/blog\/wp-json\/wp\/v2\/tags?post=12022"}],"curies":[{"name":"wp","href":"https:\/\/api.w.org\/{rel}","templated":true}]}}