{"id":11872,"date":"2025-12-03T15:29:46","date_gmt":"2025-12-03T18:29:46","guid":{"rendered":"https:\/\/transparenciaelectoral.org\/blog\/?p=11872"},"modified":"2025-12-03T15:31:46","modified_gmt":"2025-12-03T18:31:46","slug":"transparencia-electoral-anuncia-la-incorporacion-de-hugo-molina-como-coordinador-nacional-en-mexico-y-centroamerica","status":"publish","type":"post","link":"https:\/\/transparenciaelectoral.org\/blog\/transparencia-electoral-anuncia-la-incorporacion-de-hugo-molina-como-coordinador-nacional-en-mexico-y-centroamerica\/","title":{"rendered":"Transparencia Electoral anuncia la incorporaci\u00f3n de Hugo Molina como Coordinador para M\u00e9xico y Centroam\u00e9rica"},"content":{"rendered":"\n<p>Transparencia Electoral reconoce y agradece la labor realizada por Luis Miguel Santib\u00e1\u00f1ez Su\u00e1rez, quien concluy\u00f3 su encargo el 31 de agosto tras asumir nuevas responsabilidades profesionales. Durante sus tres a\u00f1os de gesti\u00f3n, impuls\u00f3 la consolidaci\u00f3n de la presencia institucional de Transparencia Electoral en M\u00e9xico y Centroam\u00e9rica, fortaleciendo la interlocuci\u00f3n con organismos electorales, promoviendo la observaci\u00f3n electoral independiente y ampliando la agenda t\u00e9cnica en la regi\u00f3n. Su trabajo dej\u00f3 bases s\u00f3lidas para continuar avanzando en esta misi\u00f3n.<\/p>\n\n\n\n<p>En continuidad con ese esfuerzo, la organizaci\u00f3n anuncia la incorporaci\u00f3n de Hugo Molina Mart\u00ednez como nuevo Coordinador para M\u00e9xico y Centroam\u00e9rica. Actualmente Presidente del Tribunal Estatal Electoral de Chihuahua, Hugo Molina es Doctor en Derecho, acad\u00e9mico universitario y especialista en derecho constitucional y electoral. Su trayectoria integra responsabilidades en asesor\u00eda jur\u00eddica, normatividad y fortalecimiento institucional en los \u00e1mbitos estatal y municipal, adem\u00e1s de una amplia experiencia en an\u00e1lisis jur\u00eddico, procedimientos administrativos, capacitaci\u00f3n a autoridades y gesti\u00f3n p\u00fablica. Su formaci\u00f3n nacional e internacional y su participaci\u00f3n en foros acad\u00e9micos respaldan su perfil t\u00e9cnico y su liderazgo.<\/p>\n\n\n\n<p>Transparencia Electoral expresa su confianza en que Hugo Molina dar\u00e1 continuidad y renovado impulso al trabajo realizado en los \u00faltimos a\u00f1os, contribuyendo al fortalecimiento de una cultura c\u00edvica participativa y al di\u00e1logo democr\u00e1tico en M\u00e9xico y Centroam\u00e9rica.<\/p>\n","protected":false},"excerpt":{"rendered":"<p>Transparencia Electoral reconoce y agradece la labor realizada por Luis Miguel Santib\u00e1\u00f1ez Su\u00e1rez, quien concluy\u00f3 su encargo el 31 de agosto tras asumir nuevas responsabilidades profesionales. Durante sus tres a\u00f1os de gesti\u00f3n, impuls\u00f3 la consolidaci\u00f3n de la presencia institucional de Transparencia Electoral en M\u00e9xico y Centroam\u00e9rica, fortaleciendo la interlocuci\u00f3n con organismos electorales, promoviendo la observaci\u00f3n &hellip;<\/p>\n","protected":false},"author":7,"featured_media":11873,"comment_status":"closed","ping_status":"closed","sticky":false,"template":"","format":"standard","meta":{"footnotes":""},"categories":[308,100],"tags":[],"class_list":["post-11872","post","type-post","status-publish","format-standard","has-post-thumbnail","hentry","category-mexico-","category-noticias"],"yoast_head":"<!-- This site is optimized with the Yoast SEO plugin v27.5 - https:\/\/yoast.com\/product\/yoast-seo-wordpress\/ -->\n<title>Transparencia Electoral anuncia la incorporaci\u00f3n de Hugo Molina como Coordinador para M\u00e9xico y Centroam\u00e9rica - Transparencia Electoral<\/title>\n<meta name=\"robots\" content=\"index, follow, max-snippet:-1, max-image-preview:large, max-video-preview:-1\" \/>\n<link rel=\"canonical\" href=\"https:\/\/transparenciaelectoral.org\/blog\/transparencia-electoral-anuncia-la-incorporacion-de-hugo-molina-como-coordinador-nacional-en-mexico-y-centroamerica\/\" \/>\n<meta property=\"og:locale\" content=\"es_ES\" \/>\n<meta property=\"og:type\" content=\"article\" \/>\n<meta property=\"og:title\" content=\"Transparencia Electoral anuncia la incorporaci\u00f3n de Hugo Molina como Coordinador para M\u00e9xico y Centroam\u00e9rica - Transparencia Electoral\" \/>\n<meta property=\"og:description\" content=\"Transparencia Electoral reconoce y agradece la labor realizada por Luis Miguel Santib\u00e1\u00f1ez Su\u00e1rez, quien concluy\u00f3 su encargo el 31 de agosto tras asumir nuevas responsabilidades profesionales. Durante sus tres a\u00f1os de gesti\u00f3n, impuls\u00f3 la consolidaci\u00f3n de la presencia institucional de Transparencia Electoral en M\u00e9xico y Centroam\u00e9rica, fortaleciendo la interlocuci\u00f3n con organismos electorales, promoviendo la observaci\u00f3n &hellip;\" \/>\n<meta property=\"og:url\" content=\"https:\/\/transparenciaelectoral.org\/blog\/transparencia-electoral-anuncia-la-incorporacion-de-hugo-molina-como-coordinador-nacional-en-mexico-y-centroamerica\/\" \/>\n<meta property=\"og:site_name\" content=\"Transparencia Electoral\" \/>\n<meta property=\"article:publisher\" content=\"https:\/\/www.facebook.com\/Transparencia-Electoral-en-Am%c3%a9rica-latina-171661009688456\/\" \/>\n<meta property=\"article:published_time\" content=\"2025-12-03T18:29:46+00:00\" \/>\n<meta property=\"article:modified_time\" content=\"2025-12-03T18:31:46+00:00\" \/>\n<meta property=\"og:image\" content=\"https:\/\/transparenciaelectoral.org\/blog\/wp-content\/uploads\/2025\/12\/Hugo-Molina.jpeg\" \/>\n\t<meta property=\"og:image:width\" content=\"778\" \/>\n\t<meta property=\"og:image:height\" content=\"497\" \/>\n\t<meta property=\"og:image:type\" content=\"image\/jpeg\" \/>\n<meta name=\"author\" content=\"TransparenciaElectoral\" \/>\n<meta name=\"twitter:card\" content=\"summary_large_image\" \/>\n<meta name=\"twitter:creator\" content=\"@TransparenciaAL\" \/>\n<meta name=\"twitter:site\" content=\"@TransparenciaAL\" \/>\n<meta name=\"twitter:label1\" content=\"Escrito por\" \/>\n\t<meta name=\"twitter:data1\" content=\"TransparenciaElectoral\" \/>\n\t<meta name=\"twitter:label2\" content=\"Tiempo de lectura\" \/>\n\t<meta name=\"twitter:data2\" content=\"2 minutos\" \/>\n<script type=\"application\/ld+json\" class=\"yoast-schema-graph\">{\"@context\":\"https:\\\/\\\/schema.org\",\"@graph\":[{\"@type\":\"Article\",\"@id\":\"https:\\\/\\\/transparenciaelectoral.org\\\/blog\\\/transparencia-electoral-anuncia-la-incorporacion-de-hugo-molina-como-coordinador-nacional-en-mexico-y-centroamerica\\\/#article\",\"isPartOf\":{\"@id\":\"https:\\\/\\\/transparenciaelectoral.org\\\/blog\\\/transparencia-electoral-anuncia-la-incorporacion-de-hugo-molina-como-coordinador-nacional-en-mexico-y-centroamerica\\\/\"},\"author\":{\"name\":\"TransparenciaElectoral\",\"@id\":\"https:\\\/\\\/transparenciaelectoral.org\\\/blog\\\/#\\\/schema\\\/person\\\/0f389e12ebd4f2b88bd5194dafb02213\"},\"headline\":\"Transparencia Electoral anuncia la incorporaci\u00f3n de Hugo Molina como Coordinador para M\u00e9xico y Centroam\u00e9rica\",\"datePublished\":\"2025-12-03T18:29:46+00:00\",\"dateModified\":\"2025-12-03T18:31:46+00:00\",\"mainEntityOfPage\":{\"@id\":\"https:\\\/\\\/transparenciaelectoral.org\\\/blog\\\/transparencia-electoral-anuncia-la-incorporacion-de-hugo-molina-como-coordinador-nacional-en-mexico-y-centroamerica\\\/\"},\"wordCount\":261,\"image\":{\"@id\":\"https:\\\/\\\/transparenciaelectoral.org\\\/blog\\\/transparencia-electoral-anuncia-la-incorporacion-de-hugo-molina-como-coordinador-nacional-en-mexico-y-centroamerica\\\/#primaryimage\"},\"thumbnailUrl\":\"https:\\\/\\\/transparenciaelectoral.org\\\/blog\\\/wp-content\\\/uploads\\\/2025\\\/12\\\/Hugo-Molina.jpeg\",\"articleSection\":[\"Mexico \ud83c\uddf2\ud83c\uddfd\",\"Noticias\"],\"inLanguage\":\"es\"},{\"@type\":\"WebPage\",\"@id\":\"https:\\\/\\\/transparenciaelectoral.org\\\/blog\\\/transparencia-electoral-anuncia-la-incorporacion-de-hugo-molina-como-coordinador-nacional-en-mexico-y-centroamerica\\\/\",\"url\":\"https:\\\/\\\/transparenciaelectoral.org\\\/blog\\\/transparencia-electoral-anuncia-la-incorporacion-de-hugo-molina-como-coordinador-nacional-en-mexico-y-centroamerica\\\/\",\"name\":\"Transparencia Electoral anuncia la incorporaci\u00f3n de Hugo Molina como Coordinador para M\u00e9xico y Centroam\u00e9rica - Transparencia Electoral\",\"isPartOf\":{\"@id\":\"https:\\\/\\\/transparenciaelectoral.org\\\/blog\\\/#website\"},\"primaryImageOfPage\":{\"@id\":\"https:\\\/\\\/transparenciaelectoral.org\\\/blog\\\/transparencia-electoral-anuncia-la-incorporacion-de-hugo-molina-como-coordinador-nacional-en-mexico-y-centroamerica\\\/#primaryimage\"},\"image\":{\"@id\":\"https:\\\/\\\/transparenciaelectoral.org\\\/blog\\\/transparencia-electoral-anuncia-la-incorporacion-de-hugo-molina-como-coordinador-nacional-en-mexico-y-centroamerica\\\/#primaryimage\"},\"thumbnailUrl\":\"https:\\\/\\\/transparenciaelectoral.org\\\/blog\\\/wp-content\\\/uploads\\\/2025\\\/12\\\/Hugo-Molina.jpeg\",\"datePublished\":\"2025-12-03T18:29:46+00:00\",\"dateModified\":\"2025-12-03T18:31:46+00:00\",\"author\":{\"@id\":\"https:\\\/\\\/transparenciaelectoral.org\\\/blog\\\/#\\\/schema\\\/person\\\/0f389e12ebd4f2b88bd5194dafb02213\"},\"breadcrumb\":{\"@id\":\"https:\\\/\\\/transparenciaelectoral.org\\\/blog\\\/transparencia-electoral-anuncia-la-incorporacion-de-hugo-molina-como-coordinador-nacional-en-mexico-y-centroamerica\\\/#breadcrumb\"},\"inLanguage\":\"es\",\"potentialAction\":[{\"@type\":\"ReadAction\",\"target\":[\"https:\\\/\\\/transparenciaelectoral.org\\\/blog\\\/transparencia-electoral-anuncia-la-incorporacion-de-hugo-molina-como-coordinador-nacional-en-mexico-y-centroamerica\\\/\"]}]},{\"@type\":\"ImageObject\",\"inLanguage\":\"es\",\"@id\":\"https:\\\/\\\/transparenciaelectoral.org\\\/blog\\\/transparencia-electoral-anuncia-la-incorporacion-de-hugo-molina-como-coordinador-nacional-en-mexico-y-centroamerica\\\/#primaryimage\",\"url\":\"https:\\\/\\\/transparenciaelectoral.org\\\/blog\\\/wp-content\\\/uploads\\\/2025\\\/12\\\/Hugo-Molina.jpeg\",\"contentUrl\":\"https:\\\/\\\/transparenciaelectoral.org\\\/blog\\\/wp-content\\\/uploads\\\/2025\\\/12\\\/Hugo-Molina.jpeg\",\"width\":778,\"height\":497},{\"@type\":\"BreadcrumbList\",\"@id\":\"https:\\\/\\\/transparenciaelectoral.org\\\/blog\\\/transparencia-electoral-anuncia-la-incorporacion-de-hugo-molina-como-coordinador-nacional-en-mexico-y-centroamerica\\\/#breadcrumb\",\"itemListElement\":[{\"@type\":\"ListItem\",\"position\":1,\"name\":\"Portada\",\"item\":\"https:\\\/\\\/transparenciaelectoral.org\\\/blog\\\/\"},{\"@type\":\"ListItem\",\"position\":2,\"name\":\"Transparencia Electoral anuncia la incorporaci\u00f3n de Hugo Molina como Coordinador para M\u00e9xico y Centroam\u00e9rica\"}]},{\"@type\":\"WebSite\",\"@id\":\"https:\\\/\\\/transparenciaelectoral.org\\\/blog\\\/#website\",\"url\":\"https:\\\/\\\/transparenciaelectoral.org\\\/blog\\\/\",\"name\":\"Transparencia Electoral\",\"description\":\"\",\"potentialAction\":[{\"@type\":\"SearchAction\",\"target\":{\"@type\":\"EntryPoint\",\"urlTemplate\":\"https:\\\/\\\/transparenciaelectoral.org\\\/blog\\\/?s={search_term_string}\"},\"query-input\":{\"@type\":\"PropertyValueSpecification\",\"valueRequired\":true,\"valueName\":\"search_term_string\"}}],\"inLanguage\":\"es\"},{\"@type\":\"Person\",\"@id\":\"https:\\\/\\\/transparenciaelectoral.org\\\/blog\\\/#\\\/schema\\\/person\\\/0f389e12ebd4f2b88bd5194dafb02213\",\"name\":\"TransparenciaElectoral\",\"sameAs\":[\"https:\\\/\\\/transparenciaelectoral.org\\\/blog\"]}]}<\/script>\n<!-- \/ Yoast SEO plugin. -->","yoast_head_json":{"title":"Transparencia Electoral anuncia la incorporaci\u00f3n de Hugo Molina como Coordinador para M\u00e9xico y Centroam\u00e9rica - Transparencia Electoral","robots":{"index":"index","follow":"follow","max-snippet":"max-snippet:-1","max-image-preview":"max-image-preview:large","max-video-preview":"max-video-preview:-1"},"canonical":"https:\/\/transparenciaelectoral.org\/blog\/transparencia-electoral-anuncia-la-incorporacion-de-hugo-molina-como-coordinador-nacional-en-mexico-y-centroamerica\/","og_locale":"es_ES","og_type":"article","og_title":"Transparencia Electoral anuncia la incorporaci\u00f3n de Hugo Molina como Coordinador para M\u00e9xico y Centroam\u00e9rica - Transparencia Electoral","og_description":"Transparencia Electoral reconoce y agradece la labor realizada por Luis Miguel Santib\u00e1\u00f1ez Su\u00e1rez, quien concluy\u00f3 su encargo el 31 de agosto tras asumir nuevas responsabilidades profesionales. Durante sus tres a\u00f1os de gesti\u00f3n, impuls\u00f3 la consolidaci\u00f3n de la presencia institucional de Transparencia Electoral en M\u00e9xico y Centroam\u00e9rica, fortaleciendo la interlocuci\u00f3n con organismos electorales, promoviendo la observaci\u00f3n &hellip;","og_url":"https:\/\/transparenciaelectoral.org\/blog\/transparencia-electoral-anuncia-la-incorporacion-de-hugo-molina-como-coordinador-nacional-en-mexico-y-centroamerica\/","og_site_name":"Transparencia Electoral","article_publisher":"https:\/\/www.facebook.com\/Transparencia-Electoral-en-Am%c3%a9rica-latina-171661009688456\/","article_published_time":"2025-12-03T18:29:46+00:00","article_modified_time":"2025-12-03T18:31:46+00:00","og_image":[{"width":778,"height":497,"url":"https:\/\/transparenciaelectoral.org\/blog\/wp-content\/uploads\/2025\/12\/Hugo-Molina.jpeg","type":"image\/jpeg"}],"author":"TransparenciaElectoral","twitter_card":"summary_large_image","twitter_creator":"@TransparenciaAL","twitter_site":"@TransparenciaAL","twitter_misc":{"Escrito por":"TransparenciaElectoral","Tiempo de lectura":"2 minutos"},"schema":{"@context":"https:\/\/schema.org","@graph":[{"@type":"Article","@id":"https:\/\/transparenciaelectoral.org\/blog\/transparencia-electoral-anuncia-la-incorporacion-de-hugo-molina-como-coordinador-nacional-en-mexico-y-centroamerica\/#article","isPartOf":{"@id":"https:\/\/transparenciaelectoral.org\/blog\/transparencia-electoral-anuncia-la-incorporacion-de-hugo-molina-como-coordinador-nacional-en-mexico-y-centroamerica\/"},"author":{"name":"TransparenciaElectoral","@id":"https:\/\/transparenciaelectoral.org\/blog\/#\/schema\/person\/0f389e12ebd4f2b88bd5194dafb02213"},"headline":"Transparencia Electoral anuncia la incorporaci\u00f3n de Hugo Molina como Coordinador para M\u00e9xico y Centroam\u00e9rica","datePublished":"2025-12-03T18:29:46+00:00","dateModified":"2025-12-03T18:31:46+00:00","mainEntityOfPage":{"@id":"https:\/\/transparenciaelectoral.org\/blog\/transparencia-electoral-anuncia-la-incorporacion-de-hugo-molina-como-coordinador-nacional-en-mexico-y-centroamerica\/"},"wordCount":261,"image":{"@id":"https:\/\/transparenciaelectoral.org\/blog\/transparencia-electoral-anuncia-la-incorporacion-de-hugo-molina-como-coordinador-nacional-en-mexico-y-centroamerica\/#primaryimage"},"thumbnailUrl":"https:\/\/transparenciaelectoral.org\/blog\/wp-content\/uploads\/2025\/12\/Hugo-Molina.jpeg","articleSection":["Mexico \ud83c\uddf2\ud83c\uddfd","Noticias"],"inLanguage":"es"},{"@type":"WebPage","@id":"https:\/\/transparenciaelectoral.org\/blog\/transparencia-electoral-anuncia-la-incorporacion-de-hugo-molina-como-coordinador-nacional-en-mexico-y-centroamerica\/","url":"https:\/\/transparenciaelectoral.org\/blog\/transparencia-electoral-anuncia-la-incorporacion-de-hugo-molina-como-coordinador-nacional-en-mexico-y-centroamerica\/","name":"Transparencia Electoral anuncia la incorporaci\u00f3n de Hugo Molina como Coordinador para M\u00e9xico y Centroam\u00e9rica - Transparencia Electoral","isPartOf":{"@id":"https:\/\/transparenciaelectoral.org\/blog\/#website"},"primaryImageOfPage":{"@id":"https:\/\/transparenciaelectoral.org\/blog\/transparencia-electoral-anuncia-la-incorporacion-de-hugo-molina-como-coordinador-nacional-en-mexico-y-centroamerica\/#primaryimage"},"image":{"@id":"https:\/\/transparenciaelectoral.org\/blog\/transparencia-electoral-anuncia-la-incorporacion-de-hugo-molina-como-coordinador-nacional-en-mexico-y-centroamerica\/#primaryimage"},"thumbnailUrl":"https:\/\/transparenciaelectoral.org\/blog\/wp-content\/uploads\/2025\/12\/Hugo-Molina.jpeg","datePublished":"2025-12-03T18:29:46+00:00","dateModified":"2025-12-03T18:31:46+00:00","author":{"@id":"https:\/\/transparenciaelectoral.org\/blog\/#\/schema\/person\/0f389e12ebd4f2b88bd5194dafb02213"},"breadcrumb":{"@id":"https:\/\/transparenciaelectoral.org\/blog\/transparencia-electoral-anuncia-la-incorporacion-de-hugo-molina-como-coordinador-nacional-en-mexico-y-centroamerica\/#breadcrumb"},"inLanguage":"es","potentialAction":[{"@type":"ReadAction","target":["https:\/\/transparenciaelectoral.org\/blog\/transparencia-electoral-anuncia-la-incorporacion-de-hugo-molina-como-coordinador-nacional-en-mexico-y-centroamerica\/"]}]},{"@type":"ImageObject","inLanguage":"es","@id":"https:\/\/transparenciaelectoral.org\/blog\/transparencia-electoral-anuncia-la-incorporacion-de-hugo-molina-como-coordinador-nacional-en-mexico-y-centroamerica\/#primaryimage","url":"https:\/\/transparenciaelectoral.org\/blog\/wp-content\/uploads\/2025\/12\/Hugo-Molina.jpeg","contentUrl":"https:\/\/transparenciaelectoral.org\/blog\/wp-content\/uploads\/2025\/12\/Hugo-Molina.jpeg","width":778,"height":497},{"@type":"BreadcrumbList","@id":"https:\/\/transparenciaelectoral.org\/blog\/transparencia-electoral-anuncia-la-incorporacion-de-hugo-molina-como-coordinador-nacional-en-mexico-y-centroamerica\/#breadcrumb","itemListElement":[{"@type":"ListItem","position":1,"name":"Portada","item":"https:\/\/transparenciaelectoral.org\/blog\/"},{"@type":"ListItem","position":2,"name":"Transparencia Electoral anuncia la incorporaci\u00f3n de Hugo Molina como Coordinador para M\u00e9xico y Centroam\u00e9rica"}]},{"@type":"WebSite","@id":"https:\/\/transparenciaelectoral.org\/blog\/#website","url":"https:\/\/transparenciaelectoral.org\/blog\/","name":"Transparencia Electoral","description":"","potentialAction":[{"@type":"SearchAction","target":{"@type":"EntryPoint","urlTemplate":"https:\/\/transparenciaelectoral.org\/blog\/?s={search_term_string}"},"query-input":{"@type":"PropertyValueSpecification","valueRequired":true,"valueName":"search_term_string"}}],"inLanguage":"es"},{"@type":"Person","@id":"https:\/\/transparenciaelectoral.org\/blog\/#\/schema\/person\/0f389e12ebd4f2b88bd5194dafb02213","name":"TransparenciaElectoral","sameAs":["https:\/\/transparenciaelectoral.org\/blog"]}]}},"_links":{"self":[{"href":"https:\/\/transparenciaelectoral.org\/blog\/wp-json\/wp\/v2\/posts\/11872","targetHints":{"allow":["GET"]}}],"collection":[{"href":"https:\/\/transparenciaelectoral.org\/blog\/wp-json\/wp\/v2\/posts"}],"about":[{"href":"https:\/\/transparenciaelectoral.org\/blog\/wp-json\/wp\/v2\/types\/post"}],"author":[{"embeddable":true,"href":"https:\/\/transparenciaelectoral.org\/blog\/wp-json\/wp\/v2\/users\/7"}],"replies":[{"embeddable":true,"href":"https:\/\/transparenciaelectoral.org\/blog\/wp-json\/wp\/v2\/comments?post=11872"}],"version-history":[{"count":3,"href":"https:\/\/transparenciaelectoral.org\/blog\/wp-json\/wp\/v2\/posts\/11872\/revisions"}],"predecessor-version":[{"id":11876,"href":"https:\/\/transparenciaelectoral.org\/blog\/wp-json\/wp\/v2\/posts\/11872\/revisions\/11876"}],"wp:featuredmedia":[{"embeddable":true,"href":"https:\/\/transparenciaelectoral.org\/blog\/wp-json\/wp\/v2\/media\/11873"}],"wp:attachment":[{"href":"https:\/\/transparenciaelectoral.org\/blog\/wp-json\/wp\/v2\/media?parent=11872"}],"wp:term":[{"taxonomy":"category","embeddable":true,"href":"https:\/\/transparenciaelectoral.org\/blog\/wp-json\/wp\/v2\/categories?post=11872"},{"taxonomy":"post_tag","embeddable":true,"href":"https:\/\/transparenciaelectoral.org\/blog\/wp-json\/wp\/v2\/tags?post=11872"}],"curies":[{"name":"wp","href":"https:\/\/api.w.org\/{rel}","templated":true}]}}