{"id":11785,"date":"2025-10-13T19:09:39","date_gmt":"2025-10-13T22:09:39","guid":{"rendered":"https:\/\/transparenciaelectoral.org\/blog\/?p=11785"},"modified":"2025-10-13T19:47:48","modified_gmt":"2025-10-13T22:47:48","slug":"transparencia-electoral-advierte-sobre-los-deficits-institucionales-que-evidencio-el-caso-espert-en-la-provincia-de-buenos-aires","status":"publish","type":"post","link":"https:\/\/transparenciaelectoral.org\/blog\/transparencia-electoral-advierte-sobre-los-deficits-institucionales-que-evidencio-el-caso-espert-en-la-provincia-de-buenos-aires\/","title":{"rendered":"Transparencia Electoral advierte sobre los d\u00e9ficits institucionales que evidenci\u00f3 el caso Espert en la provincia de Buenos Aires"},"content":{"rendered":"\n<figure class=\"wp-block-audio\"><audio controls src=\"https:\/\/transparenciaelectoral.org\/blog\/wp-content\/uploads\/2025\/10\/ENTREVISTA-LEANDRO-QUERIDO-online-audio-converter.com_.mp3\"><\/audio><\/figure>\n\n\n\n<p>El director ejecutivo de <strong>Transparencia Electoral<\/strong>, <strong>Leandro Querido<\/strong>, analiz\u00f3 la reciente controversia electoral en la provincia de Buenos Aires, tras la renuncia de Jos\u00e9 Luis Espert como candidato y el debate judicial en torno a la posibilidad de reimprimir las boletas y redefinir el encabezamiento de la lista de <em>La Libertad Avanza<\/em>.<\/p>\n\n\n\n<p>Querido se\u00f1al\u00f3 que la situaci\u00f3n \u201cno representa el debut so\u00f1ado de la boleta \u00fanica papel\u201d, un instrumento que \u2014seg\u00fan explic\u00f3\u2014 \u201cfue concebido para ordenar la oferta electoral y garantizar un elector debidamente informado\u201d. Sin embargo, la renuncia de un candidato en el distrito m\u00e1s grande del pa\u00eds \u201cgenera confusi\u00f3n y evidencia d\u00e9ficits en materia de procedimientos y calidad institucional\u201d.<\/p>\n\n\n\n<p>\u201cEsto marca la necesidad de revisar los procedimientos y fortalecer la calidad de nuestros procesos electorales. Argentina sigue siendo clasificada por <em>The Economist<\/em> como una democracia imperfecta, y estamos haciendo muy poco para pasar de una democracia imperfecta a una democracia plena, como la de Uruguay, Costa Rica o Chile\u201d, afirm\u00f3.<\/p>\n\n\n\n<p>Finalmente, el director de Transparencia Electoral insisti\u00f3 en que la boleta \u00fanica papel \u201ces una herramienta importante, pero no suficiente\u201d para garantizar integridad electoral. \u201cArgentina enfrenta problemas estructurales: baja participaci\u00f3n, instituciones judiciales politizadas y falta de controles cruzados. No alcanza con cambiar el instrumento de votaci\u00f3n, hay que mejorar la cultura pol\u00edtica y los procedimientos\u201d, concluy\u00f3.<\/p>\n","protected":false},"excerpt":{"rendered":"<p>El director ejecutivo de Transparencia Electoral, Leandro Querido, analiz\u00f3 la reciente controversia electoral en la provincia de Buenos Aires, tras la renuncia de Jos\u00e9 Luis Espert como candidato y el debate judicial en torno a la posibilidad de reimprimir las boletas y redefinir el encabezamiento de la lista de La Libertad Avanza. Querido se\u00f1al\u00f3 que &hellip;<\/p>\n","protected":false},"author":9,"featured_media":11789,"comment_status":"closed","ping_status":"closed","sticky":false,"template":"","format":"standard","meta":{"footnotes":""},"categories":[100],"tags":[],"class_list":["post-11785","post","type-post","status-publish","format-standard","has-post-thumbnail","hentry","category-noticias"],"yoast_head":"<!-- This site is optimized with the Yoast SEO plugin v27.5 - https:\/\/yoast.com\/product\/yoast-seo-wordpress\/ -->\n<title>Transparencia Electoral advierte sobre los d\u00e9ficits institucionales que evidenci\u00f3 el caso Espert en la provincia de Buenos Aires - Transparencia Electoral<\/title>\n<meta name=\"description\" content=\"Leandro Querido analiz\u00f3 la reciente controversia electoral en la provincia de Buenos Aires.\" \/>\n<meta name=\"robots\" content=\"index, follow, max-snippet:-1, max-image-preview:large, max-video-preview:-1\" \/>\n<link rel=\"canonical\" href=\"https:\/\/transparenciaelectoral.org\/blog\/transparencia-electoral-advierte-sobre-los-deficits-institucionales-que-evidencio-el-caso-espert-en-la-provincia-de-buenos-aires\/\" \/>\n<meta property=\"og:locale\" content=\"es_ES\" \/>\n<meta property=\"og:type\" content=\"article\" \/>\n<meta property=\"og:title\" content=\"Transparencia Electoral advierte sobre los d\u00e9ficits institucionales que evidenci\u00f3 el caso Espert en la provincia de Buenos Aires - Transparencia Electoral\" \/>\n<meta property=\"og:description\" content=\"Leandro Querido analiz\u00f3 la reciente controversia electoral en la provincia de Buenos Aires.\" \/>\n<meta property=\"og:url\" content=\"https:\/\/transparenciaelectoral.org\/blog\/transparencia-electoral-advierte-sobre-los-deficits-institucionales-que-evidencio-el-caso-espert-en-la-provincia-de-buenos-aires\/\" \/>\n<meta property=\"og:site_name\" content=\"Transparencia Electoral\" \/>\n<meta property=\"article:publisher\" content=\"https:\/\/www.facebook.com\/Transparencia-Electoral-en-Am%c3%a9rica-latina-171661009688456\/\" \/>\n<meta property=\"article:published_time\" content=\"2025-10-13T22:09:39+00:00\" \/>\n<meta property=\"article:modified_time\" content=\"2025-10-13T22:47:48+00:00\" \/>\n<meta property=\"og:image\" content=\"https:\/\/transparenciaelectoral.org\/blog\/wp-content\/uploads\/2025\/10\/ENTREVISTA-LEANDRO-1.png\" \/>\n\t<meta property=\"og:image:width\" content=\"1600\" \/>\n\t<meta property=\"og:image:height\" content=\"900\" \/>\n\t<meta property=\"og:image:type\" content=\"image\/png\" \/>\n<meta name=\"author\" content=\"Brunella Marchionna\" \/>\n<meta name=\"twitter:card\" content=\"summary_large_image\" \/>\n<meta name=\"twitter:creator\" content=\"@TransparenciaAL\" \/>\n<meta name=\"twitter:site\" content=\"@TransparenciaAL\" \/>\n<meta name=\"twitter:label1\" content=\"Escrito por\" \/>\n\t<meta name=\"twitter:data1\" content=\"Brunella Marchionna\" \/>\n\t<meta name=\"twitter:label2\" content=\"Tiempo de lectura\" \/>\n\t<meta name=\"twitter:data2\" content=\"2 minutos\" \/>\n<script type=\"application\/ld+json\" class=\"yoast-schema-graph\">{\"@context\":\"https:\\\/\\\/schema.org\",\"@graph\":[{\"@type\":\"Article\",\"@id\":\"https:\\\/\\\/transparenciaelectoral.org\\\/blog\\\/transparencia-electoral-advierte-sobre-los-deficits-institucionales-que-evidencio-el-caso-espert-en-la-provincia-de-buenos-aires\\\/#article\",\"isPartOf\":{\"@id\":\"https:\\\/\\\/transparenciaelectoral.org\\\/blog\\\/transparencia-electoral-advierte-sobre-los-deficits-institucionales-que-evidencio-el-caso-espert-en-la-provincia-de-buenos-aires\\\/\"},\"author\":{\"name\":\"Brunella Marchionna\",\"@id\":\"https:\\\/\\\/transparenciaelectoral.org\\\/blog\\\/#\\\/schema\\\/person\\\/be0b3fd5f144dad5696bb800b6f67caa\"},\"headline\":\"Transparencia Electoral advierte sobre los d\u00e9ficits institucionales que evidenci\u00f3 el caso Espert en la provincia de Buenos Aires\",\"datePublished\":\"2025-10-13T22:09:39+00:00\",\"dateModified\":\"2025-10-13T22:47:48+00:00\",\"mainEntityOfPage\":{\"@id\":\"https:\\\/\\\/transparenciaelectoral.org\\\/blog\\\/transparencia-electoral-advierte-sobre-los-deficits-institucionales-que-evidencio-el-caso-espert-en-la-provincia-de-buenos-aires\\\/\"},\"wordCount\":248,\"image\":{\"@id\":\"https:\\\/\\\/transparenciaelectoral.org\\\/blog\\\/transparencia-electoral-advierte-sobre-los-deficits-institucionales-que-evidencio-el-caso-espert-en-la-provincia-de-buenos-aires\\\/#primaryimage\"},\"thumbnailUrl\":\"https:\\\/\\\/transparenciaelectoral.org\\\/blog\\\/wp-content\\\/uploads\\\/2025\\\/10\\\/ENTREVISTA-LEANDRO-1.png\",\"articleSection\":[\"Noticias\"],\"inLanguage\":\"es\"},{\"@type\":\"WebPage\",\"@id\":\"https:\\\/\\\/transparenciaelectoral.org\\\/blog\\\/transparencia-electoral-advierte-sobre-los-deficits-institucionales-que-evidencio-el-caso-espert-en-la-provincia-de-buenos-aires\\\/\",\"url\":\"https:\\\/\\\/transparenciaelectoral.org\\\/blog\\\/transparencia-electoral-advierte-sobre-los-deficits-institucionales-que-evidencio-el-caso-espert-en-la-provincia-de-buenos-aires\\\/\",\"name\":\"Transparencia Electoral advierte sobre los d\u00e9ficits institucionales que evidenci\u00f3 el caso Espert en la provincia de Buenos Aires - Transparencia Electoral\",\"isPartOf\":{\"@id\":\"https:\\\/\\\/transparenciaelectoral.org\\\/blog\\\/#website\"},\"primaryImageOfPage\":{\"@id\":\"https:\\\/\\\/transparenciaelectoral.org\\\/blog\\\/transparencia-electoral-advierte-sobre-los-deficits-institucionales-que-evidencio-el-caso-espert-en-la-provincia-de-buenos-aires\\\/#primaryimage\"},\"image\":{\"@id\":\"https:\\\/\\\/transparenciaelectoral.org\\\/blog\\\/transparencia-electoral-advierte-sobre-los-deficits-institucionales-que-evidencio-el-caso-espert-en-la-provincia-de-buenos-aires\\\/#primaryimage\"},\"thumbnailUrl\":\"https:\\\/\\\/transparenciaelectoral.org\\\/blog\\\/wp-content\\\/uploads\\\/2025\\\/10\\\/ENTREVISTA-LEANDRO-1.png\",\"datePublished\":\"2025-10-13T22:09:39+00:00\",\"dateModified\":\"2025-10-13T22:47:48+00:00\",\"author\":{\"@id\":\"https:\\\/\\\/transparenciaelectoral.org\\\/blog\\\/#\\\/schema\\\/person\\\/be0b3fd5f144dad5696bb800b6f67caa\"},\"description\":\"Leandro Querido analiz\u00f3 la reciente controversia electoral en la provincia de Buenos Aires.\",\"breadcrumb\":{\"@id\":\"https:\\\/\\\/transparenciaelectoral.org\\\/blog\\\/transparencia-electoral-advierte-sobre-los-deficits-institucionales-que-evidencio-el-caso-espert-en-la-provincia-de-buenos-aires\\\/#breadcrumb\"},\"inLanguage\":\"es\",\"potentialAction\":[{\"@type\":\"ReadAction\",\"target\":[\"https:\\\/\\\/transparenciaelectoral.org\\\/blog\\\/transparencia-electoral-advierte-sobre-los-deficits-institucionales-que-evidencio-el-caso-espert-en-la-provincia-de-buenos-aires\\\/\"]}]},{\"@type\":\"ImageObject\",\"inLanguage\":\"es\",\"@id\":\"https:\\\/\\\/transparenciaelectoral.org\\\/blog\\\/transparencia-electoral-advierte-sobre-los-deficits-institucionales-que-evidencio-el-caso-espert-en-la-provincia-de-buenos-aires\\\/#primaryimage\",\"url\":\"https:\\\/\\\/transparenciaelectoral.org\\\/blog\\\/wp-content\\\/uploads\\\/2025\\\/10\\\/ENTREVISTA-LEANDRO-1.png\",\"contentUrl\":\"https:\\\/\\\/transparenciaelectoral.org\\\/blog\\\/wp-content\\\/uploads\\\/2025\\\/10\\\/ENTREVISTA-LEANDRO-1.png\",\"width\":1600,\"height\":900},{\"@type\":\"BreadcrumbList\",\"@id\":\"https:\\\/\\\/transparenciaelectoral.org\\\/blog\\\/transparencia-electoral-advierte-sobre-los-deficits-institucionales-que-evidencio-el-caso-espert-en-la-provincia-de-buenos-aires\\\/#breadcrumb\",\"itemListElement\":[{\"@type\":\"ListItem\",\"position\":1,\"name\":\"Portada\",\"item\":\"https:\\\/\\\/transparenciaelectoral.org\\\/blog\\\/\"},{\"@type\":\"ListItem\",\"position\":2,\"name\":\"Transparencia Electoral advierte sobre los d\u00e9ficits institucionales que evidenci\u00f3 el caso Espert en la provincia de Buenos Aires\"}]},{\"@type\":\"WebSite\",\"@id\":\"https:\\\/\\\/transparenciaelectoral.org\\\/blog\\\/#website\",\"url\":\"https:\\\/\\\/transparenciaelectoral.org\\\/blog\\\/\",\"name\":\"Transparencia Electoral\",\"description\":\"\",\"potentialAction\":[{\"@type\":\"SearchAction\",\"target\":{\"@type\":\"EntryPoint\",\"urlTemplate\":\"https:\\\/\\\/transparenciaelectoral.org\\\/blog\\\/?s={search_term_string}\"},\"query-input\":{\"@type\":\"PropertyValueSpecification\",\"valueRequired\":true,\"valueName\":\"search_term_string\"}}],\"inLanguage\":\"es\"},{\"@type\":\"Person\",\"@id\":\"https:\\\/\\\/transparenciaelectoral.org\\\/blog\\\/#\\\/schema\\\/person\\\/be0b3fd5f144dad5696bb800b6f67caa\",\"name\":\"Brunella Marchionna\",\"sameAs\":[\"https:\\\/\\\/transparenciaelectoral.org\\\/blog\"]}]}<\/script>\n<!-- \/ Yoast SEO plugin. -->","yoast_head_json":{"title":"Transparencia Electoral advierte sobre los d\u00e9ficits institucionales que evidenci\u00f3 el caso Espert en la provincia de Buenos Aires - Transparencia Electoral","description":"Leandro Querido analiz\u00f3 la reciente controversia electoral en la provincia de Buenos Aires.","robots":{"index":"index","follow":"follow","max-snippet":"max-snippet:-1","max-image-preview":"max-image-preview:large","max-video-preview":"max-video-preview:-1"},"canonical":"https:\/\/transparenciaelectoral.org\/blog\/transparencia-electoral-advierte-sobre-los-deficits-institucionales-que-evidencio-el-caso-espert-en-la-provincia-de-buenos-aires\/","og_locale":"es_ES","og_type":"article","og_title":"Transparencia Electoral advierte sobre los d\u00e9ficits institucionales que evidenci\u00f3 el caso Espert en la provincia de Buenos Aires - Transparencia Electoral","og_description":"Leandro Querido analiz\u00f3 la reciente controversia electoral en la provincia de Buenos Aires.","og_url":"https:\/\/transparenciaelectoral.org\/blog\/transparencia-electoral-advierte-sobre-los-deficits-institucionales-que-evidencio-el-caso-espert-en-la-provincia-de-buenos-aires\/","og_site_name":"Transparencia Electoral","article_publisher":"https:\/\/www.facebook.com\/Transparencia-Electoral-en-Am%c3%a9rica-latina-171661009688456\/","article_published_time":"2025-10-13T22:09:39+00:00","article_modified_time":"2025-10-13T22:47:48+00:00","og_image":[{"width":1600,"height":900,"url":"https:\/\/transparenciaelectoral.org\/blog\/wp-content\/uploads\/2025\/10\/ENTREVISTA-LEANDRO-1.png","type":"image\/png"}],"author":"Brunella Marchionna","twitter_card":"summary_large_image","twitter_creator":"@TransparenciaAL","twitter_site":"@TransparenciaAL","twitter_misc":{"Escrito por":"Brunella Marchionna","Tiempo de lectura":"2 minutos"},"schema":{"@context":"https:\/\/schema.org","@graph":[{"@type":"Article","@id":"https:\/\/transparenciaelectoral.org\/blog\/transparencia-electoral-advierte-sobre-los-deficits-institucionales-que-evidencio-el-caso-espert-en-la-provincia-de-buenos-aires\/#article","isPartOf":{"@id":"https:\/\/transparenciaelectoral.org\/blog\/transparencia-electoral-advierte-sobre-los-deficits-institucionales-que-evidencio-el-caso-espert-en-la-provincia-de-buenos-aires\/"},"author":{"name":"Brunella Marchionna","@id":"https:\/\/transparenciaelectoral.org\/blog\/#\/schema\/person\/be0b3fd5f144dad5696bb800b6f67caa"},"headline":"Transparencia Electoral advierte sobre los d\u00e9ficits institucionales que evidenci\u00f3 el caso Espert en la provincia de Buenos Aires","datePublished":"2025-10-13T22:09:39+00:00","dateModified":"2025-10-13T22:47:48+00:00","mainEntityOfPage":{"@id":"https:\/\/transparenciaelectoral.org\/blog\/transparencia-electoral-advierte-sobre-los-deficits-institucionales-que-evidencio-el-caso-espert-en-la-provincia-de-buenos-aires\/"},"wordCount":248,"image":{"@id":"https:\/\/transparenciaelectoral.org\/blog\/transparencia-electoral-advierte-sobre-los-deficits-institucionales-que-evidencio-el-caso-espert-en-la-provincia-de-buenos-aires\/#primaryimage"},"thumbnailUrl":"https:\/\/transparenciaelectoral.org\/blog\/wp-content\/uploads\/2025\/10\/ENTREVISTA-LEANDRO-1.png","articleSection":["Noticias"],"inLanguage":"es"},{"@type":"WebPage","@id":"https:\/\/transparenciaelectoral.org\/blog\/transparencia-electoral-advierte-sobre-los-deficits-institucionales-que-evidencio-el-caso-espert-en-la-provincia-de-buenos-aires\/","url":"https:\/\/transparenciaelectoral.org\/blog\/transparencia-electoral-advierte-sobre-los-deficits-institucionales-que-evidencio-el-caso-espert-en-la-provincia-de-buenos-aires\/","name":"Transparencia Electoral advierte sobre los d\u00e9ficits institucionales que evidenci\u00f3 el caso Espert en la provincia de Buenos Aires - Transparencia Electoral","isPartOf":{"@id":"https:\/\/transparenciaelectoral.org\/blog\/#website"},"primaryImageOfPage":{"@id":"https:\/\/transparenciaelectoral.org\/blog\/transparencia-electoral-advierte-sobre-los-deficits-institucionales-que-evidencio-el-caso-espert-en-la-provincia-de-buenos-aires\/#primaryimage"},"image":{"@id":"https:\/\/transparenciaelectoral.org\/blog\/transparencia-electoral-advierte-sobre-los-deficits-institucionales-que-evidencio-el-caso-espert-en-la-provincia-de-buenos-aires\/#primaryimage"},"thumbnailUrl":"https:\/\/transparenciaelectoral.org\/blog\/wp-content\/uploads\/2025\/10\/ENTREVISTA-LEANDRO-1.png","datePublished":"2025-10-13T22:09:39+00:00","dateModified":"2025-10-13T22:47:48+00:00","author":{"@id":"https:\/\/transparenciaelectoral.org\/blog\/#\/schema\/person\/be0b3fd5f144dad5696bb800b6f67caa"},"description":"Leandro Querido analiz\u00f3 la reciente controversia electoral en la provincia de Buenos Aires.","breadcrumb":{"@id":"https:\/\/transparenciaelectoral.org\/blog\/transparencia-electoral-advierte-sobre-los-deficits-institucionales-que-evidencio-el-caso-espert-en-la-provincia-de-buenos-aires\/#breadcrumb"},"inLanguage":"es","potentialAction":[{"@type":"ReadAction","target":["https:\/\/transparenciaelectoral.org\/blog\/transparencia-electoral-advierte-sobre-los-deficits-institucionales-que-evidencio-el-caso-espert-en-la-provincia-de-buenos-aires\/"]}]},{"@type":"ImageObject","inLanguage":"es","@id":"https:\/\/transparenciaelectoral.org\/blog\/transparencia-electoral-advierte-sobre-los-deficits-institucionales-que-evidencio-el-caso-espert-en-la-provincia-de-buenos-aires\/#primaryimage","url":"https:\/\/transparenciaelectoral.org\/blog\/wp-content\/uploads\/2025\/10\/ENTREVISTA-LEANDRO-1.png","contentUrl":"https:\/\/transparenciaelectoral.org\/blog\/wp-content\/uploads\/2025\/10\/ENTREVISTA-LEANDRO-1.png","width":1600,"height":900},{"@type":"BreadcrumbList","@id":"https:\/\/transparenciaelectoral.org\/blog\/transparencia-electoral-advierte-sobre-los-deficits-institucionales-que-evidencio-el-caso-espert-en-la-provincia-de-buenos-aires\/#breadcrumb","itemListElement":[{"@type":"ListItem","position":1,"name":"Portada","item":"https:\/\/transparenciaelectoral.org\/blog\/"},{"@type":"ListItem","position":2,"name":"Transparencia Electoral advierte sobre los d\u00e9ficits institucionales que evidenci\u00f3 el caso Espert en la provincia de Buenos Aires"}]},{"@type":"WebSite","@id":"https:\/\/transparenciaelectoral.org\/blog\/#website","url":"https:\/\/transparenciaelectoral.org\/blog\/","name":"Transparencia Electoral","description":"","potentialAction":[{"@type":"SearchAction","target":{"@type":"EntryPoint","urlTemplate":"https:\/\/transparenciaelectoral.org\/blog\/?s={search_term_string}"},"query-input":{"@type":"PropertyValueSpecification","valueRequired":true,"valueName":"search_term_string"}}],"inLanguage":"es"},{"@type":"Person","@id":"https:\/\/transparenciaelectoral.org\/blog\/#\/schema\/person\/be0b3fd5f144dad5696bb800b6f67caa","name":"Brunella Marchionna","sameAs":["https:\/\/transparenciaelectoral.org\/blog"]}]}},"_links":{"self":[{"href":"https:\/\/transparenciaelectoral.org\/blog\/wp-json\/wp\/v2\/posts\/11785","targetHints":{"allow":["GET"]}}],"collection":[{"href":"https:\/\/transparenciaelectoral.org\/blog\/wp-json\/wp\/v2\/posts"}],"about":[{"href":"https:\/\/transparenciaelectoral.org\/blog\/wp-json\/wp\/v2\/types\/post"}],"author":[{"embeddable":true,"href":"https:\/\/transparenciaelectoral.org\/blog\/wp-json\/wp\/v2\/users\/9"}],"replies":[{"embeddable":true,"href":"https:\/\/transparenciaelectoral.org\/blog\/wp-json\/wp\/v2\/comments?post=11785"}],"version-history":[{"count":1,"href":"https:\/\/transparenciaelectoral.org\/blog\/wp-json\/wp\/v2\/posts\/11785\/revisions"}],"predecessor-version":[{"id":11788,"href":"https:\/\/transparenciaelectoral.org\/blog\/wp-json\/wp\/v2\/posts\/11785\/revisions\/11788"}],"wp:featuredmedia":[{"embeddable":true,"href":"https:\/\/transparenciaelectoral.org\/blog\/wp-json\/wp\/v2\/media\/11789"}],"wp:attachment":[{"href":"https:\/\/transparenciaelectoral.org\/blog\/wp-json\/wp\/v2\/media?parent=11785"}],"wp:term":[{"taxonomy":"category","embeddable":true,"href":"https:\/\/transparenciaelectoral.org\/blog\/wp-json\/wp\/v2\/categories?post=11785"},{"taxonomy":"post_tag","embeddable":true,"href":"https:\/\/transparenciaelectoral.org\/blog\/wp-json\/wp\/v2\/tags?post=11785"}],"curies":[{"name":"wp","href":"https:\/\/api.w.org\/{rel}","templated":true}]}}