{"id":11502,"date":"2025-05-19T10:18:51","date_gmt":"2025-05-19T13:18:51","guid":{"rendered":"https:\/\/transparenciaelectoral.org\/blog\/?p=11502"},"modified":"2025-07-27T01:52:59","modified_gmt":"2025-07-27T04:52:59","slug":"transparencia-electoral-celebro-una-agenda-de-actividades-en-el-marco-de-las-elecciones-de-portugal","status":"publish","type":"post","link":"https:\/\/transparenciaelectoral.org\/blog\/transparencia-electoral-celebro-una-agenda-de-actividades-en-el-marco-de-las-elecciones-de-portugal\/","title":{"rendered":"Transparencia Electoral celebr\u00f3 una agenda de actividades en el marco de las elecciones de Portugal"},"content":{"rendered":"\n<p>Transparencia Electoral llev\u00f3 a cabo una misi\u00f3n electoral en el marco de las elecciones legislativas de Portugal, con el objetivo de conocer y analizar las buenas pr\u00e1cticas en la organizaci\u00f3n de procesos electorales en contextos democr\u00e1ticos consolidados. La misi\u00f3n tuvo lugar entre el 14 y el 18 de mayo y estuvo compuesta por un equipo multidisciplinario de expertos y autoridades electorales y parlamentarias de Brasil, Italia y Argentina.<\/p>\n\n\n\n<p>La delegaci\u00f3n estuvo conformada por:<\/p>\n\n\n\n<ul class=\"wp-block-list\">\n<li><strong>Saulo Mega Soares e Silva<\/strong>, Juez de Derecho del Tribunal de Justicia de S\u00e3o Paulo, Brasil<\/li>\n\n\n\n<li><strong>Ana Caroline Campagnolo<\/strong>, Diputada Estatal de Florian\u00f3polis, Brasil<\/li>\n\n\n\n<li><strong>Raimundo Nonato Silva Santos<\/strong>, Presidente del Tribunal Regional Electoral de Fortaleza, Brasil<\/li>\n\n\n\n<li><strong>Jo\u00e3o Ricardo Padilha Santos<\/strong>, Miembro de la C\u00e1mara de Concejales de Florian\u00f3polis, Brasil<\/li>\n\n\n\n<li><strong>Isaque de Miranda<\/strong>, Asesor parlamentario de la C\u00e1mara Legislativa de Florian\u00f3polis, Brasil<\/li>\n\n\n\n<li><strong>Matteo Bezzi<\/strong>, Especialista en derechos humanos y procesos electorales\u00a0<\/li>\n\n\n\n<li><strong>Jes\u00fas Delgado Valery<\/strong>, Director de Programas de Transparencia Electoral\u00a0<\/li>\n<\/ul>\n\n\n\n<p>Durante su estad\u00eda en Lisboa, la delegaci\u00f3n desarroll\u00f3 una nutrida agenda de trabajo con autoridades electorales, representantes de partidos pol\u00edticos, instituciones europeas, acad\u00e9micos y organizaciones internacionales:<\/p>\n\n\n\n<ul class=\"wp-block-list\">\n<li><strong>Mi\u00e9rcoles 14 de mayo<\/strong>: Reuni\u00f3n con <strong>Alfredo Sousa<\/strong>, Jefe de Gabinete de la Representaci\u00f3n del Parlamento Europeo en Portugal, con quien se dialog\u00f3 sobre el marco europeo de observaci\u00f3n electoral y los desaf\u00edos de la desinformaci\u00f3n en procesos democr\u00e1ticos.<\/li>\n\n\n\n<li><strong>Jueves 15 de mayo<\/strong>: Jornada acad\u00e9mica con expertos del <strong>Instituto Universitario de Lisboa<\/strong>, donde se discutieron aspectos t\u00e9cnicos y jur\u00eddicos del sistema electoral portugu\u00e9s. Ese mismo d\u00eda, la delegaci\u00f3n fue recibida por el <strong>Diputado Pedro Vaz<\/strong> en la sede del <strong>Partido Socialista<\/strong>.<\/li>\n\n\n\n<li><strong>Viernes 16 de mayo<\/strong>: Encuentro con los diputados <strong>Rita Mat\u00edas<\/strong>, <strong>Madalena Cordeiro<\/strong> y <strong>Daniel Caetano<\/strong>, representantes del partido <strong>Chega<\/strong>, con quienes se abordaron temas relacionados con la representaci\u00f3n pol\u00edtica y la participaci\u00f3n ciudadana. Posteriormente, la delegaci\u00f3n sostuvo una reuni\u00f3n institucional con la <strong>Comisi\u00f3n Nacional de Elecciones (CNE)<\/strong>, donde fueron recibidos por el comisionado <strong>Fernando Jos\u00e9 dos Santos Anast\u00e1cio<\/strong>, la T\u00e9cnica Superior <strong>Ilda Rodrigues<\/strong>, y <strong>S\u00f3nia Tavares<\/strong>, del Gabinete de Estudios y Cooperaci\u00f3n.<\/li>\n\n\n\n<li><strong>S\u00e1bado 17 de mayo<\/strong>: Reuni\u00f3n de intercambio con el <strong>Grupo de Expertos Electorales<\/strong> de la <strong>Office for Democratic Institutions and Human Rights (ODIHR)<\/strong>, integrado por <strong>Jelena Stefanovi\u0107<\/strong> y <strong>Rokas Stabingis<\/strong>, quienes compartieron sus impresiones sobre el proceso electoral portugu\u00e9s en el contexto europeo.<\/li>\n\n\n\n<li><strong>Domingo 18 de mayo<\/strong>: La misi\u00f3n observ\u00f3 la apertura de mesas de votaci\u00f3n en el centro electoral ubicado en el <strong>Palacio de Justicia<\/strong> de Lisboa. La observaci\u00f3n fue realizada en compa\u00f1\u00eda de autoridades de la <strong>Comisi\u00f3n Electoral de Angola<\/strong>, lo que permiti\u00f3 un valioso intercambio de experiencias en materia de administraci\u00f3n electoral.<\/li>\n<\/ul>\n\n\n\n<p>Transparencia Electoral agradece a la Comisi\u00f3n Nacional Electoral de Portugal, a los partidos pol\u00edticos y otros actores por su apertura, y felicita a la ciudadan\u00eda portuguesa por participar en estos comicios.<\/p>\n","protected":false},"excerpt":{"rendered":"<p>Transparencia Electoral llev\u00f3 a cabo una misi\u00f3n electoral en el marco de las elecciones legislativas de Portugal, con el objetivo de conocer y analizar las buenas pr\u00e1cticas en la organizaci\u00f3n de procesos electorales en contextos democr\u00e1ticos consolidados. La misi\u00f3n tuvo lugar entre el 14 y el 18 de mayo y estuvo compuesta por un equipo &hellip;<\/p>\n","protected":false},"author":6,"featured_media":11503,"comment_status":"closed","ping_status":"open","sticky":false,"template":"","format":"standard","meta":{"footnotes":""},"categories":[100],"tags":[],"class_list":["post-11502","post","type-post","status-publish","format-standard","has-post-thumbnail","hentry","category-noticias"],"yoast_head":"<!-- This site is optimized with the Yoast SEO plugin v27.5 - https:\/\/yoast.com\/product\/yoast-seo-wordpress\/ -->\n<title>Transparencia Electoral celebr\u00f3 una agenda de actividades en el marco de las elecciones de Portugal - Transparencia Electoral<\/title>\n<meta name=\"description\" content=\"Observamos las elecciones legislativas de Portugal para conocer y analizar las buenas pr\u00e1cticas en la organizaci\u00f3n de procesos electorales.\" \/>\n<meta name=\"robots\" content=\"index, follow, max-snippet:-1, max-image-preview:large, max-video-preview:-1\" \/>\n<link rel=\"canonical\" href=\"https:\/\/transparenciaelectoral.org\/blog\/transparencia-electoral-celebro-una-agenda-de-actividades-en-el-marco-de-las-elecciones-de-portugal\/\" \/>\n<meta property=\"og:locale\" content=\"es_ES\" \/>\n<meta property=\"og:type\" content=\"article\" \/>\n<meta property=\"og:title\" content=\"Transparencia Electoral celebr\u00f3 una agenda de actividades en el marco de las elecciones de Portugal - Transparencia Electoral\" \/>\n<meta property=\"og:description\" content=\"Observamos las elecciones legislativas de Portugal para conocer y analizar las buenas pr\u00e1cticas en la organizaci\u00f3n de procesos electorales.\" \/>\n<meta property=\"og:url\" content=\"https:\/\/transparenciaelectoral.org\/blog\/transparencia-electoral-celebro-una-agenda-de-actividades-en-el-marco-de-las-elecciones-de-portugal\/\" \/>\n<meta property=\"og:site_name\" content=\"Transparencia Electoral\" \/>\n<meta property=\"article:publisher\" content=\"https:\/\/www.facebook.com\/Transparencia-Electoral-en-Am%c3%a9rica-latina-171661009688456\/\" \/>\n<meta property=\"article:published_time\" content=\"2025-05-19T13:18:51+00:00\" \/>\n<meta property=\"article:modified_time\" content=\"2025-07-27T04:52:59+00:00\" \/>\n<meta property=\"og:image\" content=\"https:\/\/transparenciaelectoral.org\/blog\/wp-content\/uploads\/2025\/05\/WhatsApp-Image-2025-05-16-at-1.47.19-PM-scaled.jpeg\" \/>\n\t<meta property=\"og:image:width\" content=\"2560\" \/>\n\t<meta property=\"og:image:height\" content=\"1871\" \/>\n\t<meta property=\"og:image:type\" content=\"image\/jpeg\" \/>\n<meta name=\"author\" content=\"Transparencia Electoral\" \/>\n<meta name=\"twitter:card\" content=\"summary_large_image\" \/>\n<meta name=\"twitter:creator\" content=\"@TransparenciaAL\" \/>\n<meta name=\"twitter:site\" content=\"@TransparenciaAL\" \/>\n<meta name=\"twitter:label1\" content=\"Escrito por\" \/>\n\t<meta name=\"twitter:data1\" content=\"Transparencia Electoral\" \/>\n\t<meta name=\"twitter:label2\" content=\"Tiempo de lectura\" \/>\n\t<meta name=\"twitter:data2\" content=\"3 minutos\" \/>\n<script type=\"application\/ld+json\" class=\"yoast-schema-graph\">{\"@context\":\"https:\\\/\\\/schema.org\",\"@graph\":[{\"@type\":\"Article\",\"@id\":\"https:\\\/\\\/transparenciaelectoral.org\\\/blog\\\/transparencia-electoral-celebro-una-agenda-de-actividades-en-el-marco-de-las-elecciones-de-portugal\\\/#article\",\"isPartOf\":{\"@id\":\"https:\\\/\\\/transparenciaelectoral.org\\\/blog\\\/transparencia-electoral-celebro-una-agenda-de-actividades-en-el-marco-de-las-elecciones-de-portugal\\\/\"},\"author\":{\"name\":\"Transparencia Electoral\",\"@id\":\"https:\\\/\\\/transparenciaelectoral.org\\\/blog\\\/#\\\/schema\\\/person\\\/63a97f81afd2c3820c6d9f262e27fe50\"},\"headline\":\"Transparencia Electoral celebr\u00f3 una agenda de actividades en el marco de las elecciones de Portugal\",\"datePublished\":\"2025-05-19T13:18:51+00:00\",\"dateModified\":\"2025-07-27T04:52:59+00:00\",\"mainEntityOfPage\":{\"@id\":\"https:\\\/\\\/transparenciaelectoral.org\\\/blog\\\/transparencia-electoral-celebro-una-agenda-de-actividades-en-el-marco-de-las-elecciones-de-portugal\\\/\"},\"wordCount\":519,\"image\":{\"@id\":\"https:\\\/\\\/transparenciaelectoral.org\\\/blog\\\/transparencia-electoral-celebro-una-agenda-de-actividades-en-el-marco-de-las-elecciones-de-portugal\\\/#primaryimage\"},\"thumbnailUrl\":\"https:\\\/\\\/transparenciaelectoral.org\\\/blog\\\/wp-content\\\/uploads\\\/2025\\\/05\\\/WhatsApp-Image-2025-05-16-at-1.47.19-PM-scaled.jpeg\",\"articleSection\":[\"Noticias\"],\"inLanguage\":\"es\"},{\"@type\":\"WebPage\",\"@id\":\"https:\\\/\\\/transparenciaelectoral.org\\\/blog\\\/transparencia-electoral-celebro-una-agenda-de-actividades-en-el-marco-de-las-elecciones-de-portugal\\\/\",\"url\":\"https:\\\/\\\/transparenciaelectoral.org\\\/blog\\\/transparencia-electoral-celebro-una-agenda-de-actividades-en-el-marco-de-las-elecciones-de-portugal\\\/\",\"name\":\"Transparencia Electoral celebr\u00f3 una agenda de actividades en el marco de las elecciones de Portugal - Transparencia Electoral\",\"isPartOf\":{\"@id\":\"https:\\\/\\\/transparenciaelectoral.org\\\/blog\\\/#website\"},\"primaryImageOfPage\":{\"@id\":\"https:\\\/\\\/transparenciaelectoral.org\\\/blog\\\/transparencia-electoral-celebro-una-agenda-de-actividades-en-el-marco-de-las-elecciones-de-portugal\\\/#primaryimage\"},\"image\":{\"@id\":\"https:\\\/\\\/transparenciaelectoral.org\\\/blog\\\/transparencia-electoral-celebro-una-agenda-de-actividades-en-el-marco-de-las-elecciones-de-portugal\\\/#primaryimage\"},\"thumbnailUrl\":\"https:\\\/\\\/transparenciaelectoral.org\\\/blog\\\/wp-content\\\/uploads\\\/2025\\\/05\\\/WhatsApp-Image-2025-05-16-at-1.47.19-PM-scaled.jpeg\",\"datePublished\":\"2025-05-19T13:18:51+00:00\",\"dateModified\":\"2025-07-27T04:52:59+00:00\",\"author\":{\"@id\":\"https:\\\/\\\/transparenciaelectoral.org\\\/blog\\\/#\\\/schema\\\/person\\\/63a97f81afd2c3820c6d9f262e27fe50\"},\"description\":\"Observamos las elecciones legislativas de Portugal para conocer y analizar las buenas pr\u00e1cticas en la organizaci\u00f3n de procesos electorales.\",\"breadcrumb\":{\"@id\":\"https:\\\/\\\/transparenciaelectoral.org\\\/blog\\\/transparencia-electoral-celebro-una-agenda-de-actividades-en-el-marco-de-las-elecciones-de-portugal\\\/#breadcrumb\"},\"inLanguage\":\"es\",\"potentialAction\":[{\"@type\":\"ReadAction\",\"target\":[\"https:\\\/\\\/transparenciaelectoral.org\\\/blog\\\/transparencia-electoral-celebro-una-agenda-de-actividades-en-el-marco-de-las-elecciones-de-portugal\\\/\"]}]},{\"@type\":\"ImageObject\",\"inLanguage\":\"es\",\"@id\":\"https:\\\/\\\/transparenciaelectoral.org\\\/blog\\\/transparencia-electoral-celebro-una-agenda-de-actividades-en-el-marco-de-las-elecciones-de-portugal\\\/#primaryimage\",\"url\":\"https:\\\/\\\/transparenciaelectoral.org\\\/blog\\\/wp-content\\\/uploads\\\/2025\\\/05\\\/WhatsApp-Image-2025-05-16-at-1.47.19-PM-scaled.jpeg\",\"contentUrl\":\"https:\\\/\\\/transparenciaelectoral.org\\\/blog\\\/wp-content\\\/uploads\\\/2025\\\/05\\\/WhatsApp-Image-2025-05-16-at-1.47.19-PM-scaled.jpeg\",\"width\":2560,\"height\":1871},{\"@type\":\"BreadcrumbList\",\"@id\":\"https:\\\/\\\/transparenciaelectoral.org\\\/blog\\\/transparencia-electoral-celebro-una-agenda-de-actividades-en-el-marco-de-las-elecciones-de-portugal\\\/#breadcrumb\",\"itemListElement\":[{\"@type\":\"ListItem\",\"position\":1,\"name\":\"Portada\",\"item\":\"https:\\\/\\\/transparenciaelectoral.org\\\/blog\\\/\"},{\"@type\":\"ListItem\",\"position\":2,\"name\":\"Transparencia Electoral celebr\u00f3 una agenda de actividades en el marco de las elecciones de Portugal\"}]},{\"@type\":\"WebSite\",\"@id\":\"https:\\\/\\\/transparenciaelectoral.org\\\/blog\\\/#website\",\"url\":\"https:\\\/\\\/transparenciaelectoral.org\\\/blog\\\/\",\"name\":\"Transparencia Electoral\",\"description\":\"\",\"potentialAction\":[{\"@type\":\"SearchAction\",\"target\":{\"@type\":\"EntryPoint\",\"urlTemplate\":\"https:\\\/\\\/transparenciaelectoral.org\\\/blog\\\/?s={search_term_string}\"},\"query-input\":{\"@type\":\"PropertyValueSpecification\",\"valueRequired\":true,\"valueName\":\"search_term_string\"}}],\"inLanguage\":\"es\"},{\"@type\":\"Person\",\"@id\":\"https:\\\/\\\/transparenciaelectoral.org\\\/blog\\\/#\\\/schema\\\/person\\\/63a97f81afd2c3820c6d9f262e27fe50\",\"name\":\"Transparencia Electoral\",\"sameAs\":[\"https:\\\/\\\/transparenciaelectoral.org\\\/blog\\\/\"]}]}<\/script>\n<!-- \/ Yoast SEO plugin. -->","yoast_head_json":{"title":"Transparencia Electoral celebr\u00f3 una agenda de actividades en el marco de las elecciones de Portugal - Transparencia Electoral","description":"Observamos las elecciones legislativas de Portugal para conocer y analizar las buenas pr\u00e1cticas en la organizaci\u00f3n de procesos electorales.","robots":{"index":"index","follow":"follow","max-snippet":"max-snippet:-1","max-image-preview":"max-image-preview:large","max-video-preview":"max-video-preview:-1"},"canonical":"https:\/\/transparenciaelectoral.org\/blog\/transparencia-electoral-celebro-una-agenda-de-actividades-en-el-marco-de-las-elecciones-de-portugal\/","og_locale":"es_ES","og_type":"article","og_title":"Transparencia Electoral celebr\u00f3 una agenda de actividades en el marco de las elecciones de Portugal - Transparencia Electoral","og_description":"Observamos las elecciones legislativas de Portugal para conocer y analizar las buenas pr\u00e1cticas en la organizaci\u00f3n de procesos electorales.","og_url":"https:\/\/transparenciaelectoral.org\/blog\/transparencia-electoral-celebro-una-agenda-de-actividades-en-el-marco-de-las-elecciones-de-portugal\/","og_site_name":"Transparencia Electoral","article_publisher":"https:\/\/www.facebook.com\/Transparencia-Electoral-en-Am%c3%a9rica-latina-171661009688456\/","article_published_time":"2025-05-19T13:18:51+00:00","article_modified_time":"2025-07-27T04:52:59+00:00","og_image":[{"width":2560,"height":1871,"url":"https:\/\/transparenciaelectoral.org\/blog\/wp-content\/uploads\/2025\/05\/WhatsApp-Image-2025-05-16-at-1.47.19-PM-scaled.jpeg","type":"image\/jpeg"}],"author":"Transparencia Electoral","twitter_card":"summary_large_image","twitter_creator":"@TransparenciaAL","twitter_site":"@TransparenciaAL","twitter_misc":{"Escrito por":"Transparencia Electoral","Tiempo de lectura":"3 minutos"},"schema":{"@context":"https:\/\/schema.org","@graph":[{"@type":"Article","@id":"https:\/\/transparenciaelectoral.org\/blog\/transparencia-electoral-celebro-una-agenda-de-actividades-en-el-marco-de-las-elecciones-de-portugal\/#article","isPartOf":{"@id":"https:\/\/transparenciaelectoral.org\/blog\/transparencia-electoral-celebro-una-agenda-de-actividades-en-el-marco-de-las-elecciones-de-portugal\/"},"author":{"name":"Transparencia Electoral","@id":"https:\/\/transparenciaelectoral.org\/blog\/#\/schema\/person\/63a97f81afd2c3820c6d9f262e27fe50"},"headline":"Transparencia Electoral celebr\u00f3 una agenda de actividades en el marco de las elecciones de Portugal","datePublished":"2025-05-19T13:18:51+00:00","dateModified":"2025-07-27T04:52:59+00:00","mainEntityOfPage":{"@id":"https:\/\/transparenciaelectoral.org\/blog\/transparencia-electoral-celebro-una-agenda-de-actividades-en-el-marco-de-las-elecciones-de-portugal\/"},"wordCount":519,"image":{"@id":"https:\/\/transparenciaelectoral.org\/blog\/transparencia-electoral-celebro-una-agenda-de-actividades-en-el-marco-de-las-elecciones-de-portugal\/#primaryimage"},"thumbnailUrl":"https:\/\/transparenciaelectoral.org\/blog\/wp-content\/uploads\/2025\/05\/WhatsApp-Image-2025-05-16-at-1.47.19-PM-scaled.jpeg","articleSection":["Noticias"],"inLanguage":"es"},{"@type":"WebPage","@id":"https:\/\/transparenciaelectoral.org\/blog\/transparencia-electoral-celebro-una-agenda-de-actividades-en-el-marco-de-las-elecciones-de-portugal\/","url":"https:\/\/transparenciaelectoral.org\/blog\/transparencia-electoral-celebro-una-agenda-de-actividades-en-el-marco-de-las-elecciones-de-portugal\/","name":"Transparencia Electoral celebr\u00f3 una agenda de actividades en el marco de las elecciones de Portugal - Transparencia Electoral","isPartOf":{"@id":"https:\/\/transparenciaelectoral.org\/blog\/#website"},"primaryImageOfPage":{"@id":"https:\/\/transparenciaelectoral.org\/blog\/transparencia-electoral-celebro-una-agenda-de-actividades-en-el-marco-de-las-elecciones-de-portugal\/#primaryimage"},"image":{"@id":"https:\/\/transparenciaelectoral.org\/blog\/transparencia-electoral-celebro-una-agenda-de-actividades-en-el-marco-de-las-elecciones-de-portugal\/#primaryimage"},"thumbnailUrl":"https:\/\/transparenciaelectoral.org\/blog\/wp-content\/uploads\/2025\/05\/WhatsApp-Image-2025-05-16-at-1.47.19-PM-scaled.jpeg","datePublished":"2025-05-19T13:18:51+00:00","dateModified":"2025-07-27T04:52:59+00:00","author":{"@id":"https:\/\/transparenciaelectoral.org\/blog\/#\/schema\/person\/63a97f81afd2c3820c6d9f262e27fe50"},"description":"Observamos las elecciones legislativas de Portugal para conocer y analizar las buenas pr\u00e1cticas en la organizaci\u00f3n de procesos electorales.","breadcrumb":{"@id":"https:\/\/transparenciaelectoral.org\/blog\/transparencia-electoral-celebro-una-agenda-de-actividades-en-el-marco-de-las-elecciones-de-portugal\/#breadcrumb"},"inLanguage":"es","potentialAction":[{"@type":"ReadAction","target":["https:\/\/transparenciaelectoral.org\/blog\/transparencia-electoral-celebro-una-agenda-de-actividades-en-el-marco-de-las-elecciones-de-portugal\/"]}]},{"@type":"ImageObject","inLanguage":"es","@id":"https:\/\/transparenciaelectoral.org\/blog\/transparencia-electoral-celebro-una-agenda-de-actividades-en-el-marco-de-las-elecciones-de-portugal\/#primaryimage","url":"https:\/\/transparenciaelectoral.org\/blog\/wp-content\/uploads\/2025\/05\/WhatsApp-Image-2025-05-16-at-1.47.19-PM-scaled.jpeg","contentUrl":"https:\/\/transparenciaelectoral.org\/blog\/wp-content\/uploads\/2025\/05\/WhatsApp-Image-2025-05-16-at-1.47.19-PM-scaled.jpeg","width":2560,"height":1871},{"@type":"BreadcrumbList","@id":"https:\/\/transparenciaelectoral.org\/blog\/transparencia-electoral-celebro-una-agenda-de-actividades-en-el-marco-de-las-elecciones-de-portugal\/#breadcrumb","itemListElement":[{"@type":"ListItem","position":1,"name":"Portada","item":"https:\/\/transparenciaelectoral.org\/blog\/"},{"@type":"ListItem","position":2,"name":"Transparencia Electoral celebr\u00f3 una agenda de actividades en el marco de las elecciones de Portugal"}]},{"@type":"WebSite","@id":"https:\/\/transparenciaelectoral.org\/blog\/#website","url":"https:\/\/transparenciaelectoral.org\/blog\/","name":"Transparencia Electoral","description":"","potentialAction":[{"@type":"SearchAction","target":{"@type":"EntryPoint","urlTemplate":"https:\/\/transparenciaelectoral.org\/blog\/?s={search_term_string}"},"query-input":{"@type":"PropertyValueSpecification","valueRequired":true,"valueName":"search_term_string"}}],"inLanguage":"es"},{"@type":"Person","@id":"https:\/\/transparenciaelectoral.org\/blog\/#\/schema\/person\/63a97f81afd2c3820c6d9f262e27fe50","name":"Transparencia Electoral","sameAs":["https:\/\/transparenciaelectoral.org\/blog\/"]}]}},"_links":{"self":[{"href":"https:\/\/transparenciaelectoral.org\/blog\/wp-json\/wp\/v2\/posts\/11502","targetHints":{"allow":["GET"]}}],"collection":[{"href":"https:\/\/transparenciaelectoral.org\/blog\/wp-json\/wp\/v2\/posts"}],"about":[{"href":"https:\/\/transparenciaelectoral.org\/blog\/wp-json\/wp\/v2\/types\/post"}],"author":[{"embeddable":true,"href":"https:\/\/transparenciaelectoral.org\/blog\/wp-json\/wp\/v2\/users\/6"}],"replies":[{"embeddable":true,"href":"https:\/\/transparenciaelectoral.org\/blog\/wp-json\/wp\/v2\/comments?post=11502"}],"version-history":[{"count":1,"href":"https:\/\/transparenciaelectoral.org\/blog\/wp-json\/wp\/v2\/posts\/11502\/revisions"}],"predecessor-version":[{"id":11504,"href":"https:\/\/transparenciaelectoral.org\/blog\/wp-json\/wp\/v2\/posts\/11502\/revisions\/11504"}],"wp:featuredmedia":[{"embeddable":true,"href":"https:\/\/transparenciaelectoral.org\/blog\/wp-json\/wp\/v2\/media\/11503"}],"wp:attachment":[{"href":"https:\/\/transparenciaelectoral.org\/blog\/wp-json\/wp\/v2\/media?parent=11502"}],"wp:term":[{"taxonomy":"category","embeddable":true,"href":"https:\/\/transparenciaelectoral.org\/blog\/wp-json\/wp\/v2\/categories?post=11502"},{"taxonomy":"post_tag","embeddable":true,"href":"https:\/\/transparenciaelectoral.org\/blog\/wp-json\/wp\/v2\/tags?post=11502"}],"curies":[{"name":"wp","href":"https:\/\/api.w.org\/{rel}","templated":true}]}}