{"id":11495,"date":"2025-05-13T08:37:28","date_gmt":"2025-05-13T11:37:28","guid":{"rendered":"https:\/\/transparenciaelectoral.org\/blog\/?p=11495"},"modified":"2025-07-27T01:52:59","modified_gmt":"2025-07-27T04:52:59","slug":"transparencia-electoral-celebrara-una-mision-electoral-en-el-marco-de-las-elecciones-legislativas-de-portugal","status":"publish","type":"post","link":"https:\/\/transparenciaelectoral.org\/blog\/transparencia-electoral-celebrara-una-mision-electoral-en-el-marco-de-las-elecciones-legislativas-de-portugal\/","title":{"rendered":"Transparencia Electoral celebrar\u00e1 una Misi\u00f3n Electoral en el marco de las elecciones legislativas de Portugal"},"content":{"rendered":"\n<p><em>Lisboa, 13 de mayo de 2025<\/em>&nbsp;\u2013 En el marco de las elecciones legislativas anticipadas que se celebrar\u00e1n en Portugal el pr\u00f3ximo domingo 18 de mayo, Transparencia Electoral llevar\u00e1 adelante una&nbsp;<strong>Misi\u00f3n Electoral Internacional<\/strong>&nbsp;compuesta por autoridades electorales, legisladores, servidores p\u00fablicos y especialistas provenientes de&nbsp;<strong>Brasil, Italia y Argentina y coordinada por Jes\u00fas Delgado Valery, Director de Programas de Transparencia Electoral.<\/strong><\/p>\n\n\n\n<p>La misi\u00f3n se desarrollar\u00e1 entre el&nbsp;<strong>mi\u00e9rcoles 14 y el domingo 18 de mayo<\/strong>, con el objetivo de&nbsp;<strong>acompa\u00f1ar el proceso electoral portugu\u00e9s<\/strong>, as\u00ed como de fortalecer los lazos institucionales entre organismos electorales y parlamentarios de Am\u00e9rica Latina y Europa.<\/p>\n\n\n\n<p>Durante su estad\u00eda en Lisboa, la delegaci\u00f3n mantendr\u00e1 una agenda institucional que incluir\u00e1:<\/p>\n\n\n\n<ul class=\"wp-block-list\">\n<li>Una\u00a0<strong>reuni\u00f3n con Alfredo Sousa<\/strong>, Jefe de Gabinete de la Representaci\u00f3n del Parlamento Europeo en Portugal.<\/li>\n\n\n\n<li>Una\u00a0<strong>jornada acad\u00e9mica en el Instituto Universitario de Lisboa (ISCTE-IUL)<\/strong>, donde se abordar\u00e1n las particularidades del sistema electoral portugu\u00e9s y sus desaf\u00edos contempor\u00e1neos.<\/li>\n\n\n\n<li>Un\u00a0<strong>encuentro con autoridades de la Comiss\u00e3o Nacional de Elei\u00e7\u00f5es (CNE)<\/strong>\u00a0de Portugal.<\/li>\n\n\n\n<li>Una\u00a0<strong>reuni\u00f3n de trabajo con el grupo de expertos de la Office for Democratic Institutions and Human Rights (ODIHR)<\/strong>\u00a0de la OSCE, quienes han desplegado \u00a0una misi\u00f3n t\u00e9cnica en el pa\u00eds.<\/li>\n\n\n\n<li><strong>Recorridos por centros de votaci\u00f3n en la ciudad de Lisboa<\/strong>, como parte de la observaci\u00f3n electoral del d\u00eda de los comicios.<\/li>\n<\/ul>\n\n\n\n<p>Con esta iniciativa, Transparencia Electoral reafirma su compromiso con la promoci\u00f3n de elecciones transparentes e inclusivas a trav\u00e9s del&nbsp;intercambio de buenas pr\u00e1cticas internacionales y la cooperaci\u00f3n institucional.<\/p>\n","protected":false},"excerpt":{"rendered":"<p>Lisboa, 13 de mayo de 2025&nbsp;\u2013 En el marco de las elecciones legislativas anticipadas que se celebrar\u00e1n en Portugal el pr\u00f3ximo domingo 18 de mayo, Transparencia Electoral llevar\u00e1 adelante una&nbsp;Misi\u00f3n Electoral Internacional&nbsp;compuesta por autoridades electorales, legisladores, servidores p\u00fablicos y especialistas provenientes de&nbsp;Brasil, Italia y Argentina y coordinada por Jes\u00fas Delgado Valery, Director de Programas de &hellip;<\/p>\n","protected":false},"author":6,"featured_media":11496,"comment_status":"closed","ping_status":"open","sticky":false,"template":"","format":"standard","meta":{"footnotes":""},"categories":[100],"tags":[],"class_list":["post-11495","post","type-post","status-publish","format-standard","has-post-thumbnail","hentry","category-noticias"],"yoast_head":"<!-- This site is optimized with the Yoast SEO plugin v27.5 - https:\/\/yoast.com\/product\/yoast-seo-wordpress\/ -->\n<title>Transparencia Electoral celebrar\u00e1 una Misi\u00f3n Electoral en el marco de las elecciones legislativas de Portugal - Transparencia Electoral<\/title>\n<meta name=\"description\" content=\"Observaremos las elecciones legislativas anticipadas que se celebrar\u00e1n en Portugal el pr\u00f3ximo domingo 18 de mayo.\" \/>\n<meta name=\"robots\" content=\"index, follow, max-snippet:-1, max-image-preview:large, max-video-preview:-1\" \/>\n<link rel=\"canonical\" href=\"https:\/\/transparenciaelectoral.org\/blog\/transparencia-electoral-celebrara-una-mision-electoral-en-el-marco-de-las-elecciones-legislativas-de-portugal\/\" \/>\n<meta property=\"og:locale\" content=\"es_ES\" \/>\n<meta property=\"og:type\" content=\"article\" \/>\n<meta property=\"og:title\" content=\"Transparencia Electoral celebrar\u00e1 una Misi\u00f3n Electoral en el marco de las elecciones legislativas de Portugal - Transparencia Electoral\" \/>\n<meta property=\"og:description\" content=\"Observaremos las elecciones legislativas anticipadas que se celebrar\u00e1n en Portugal el pr\u00f3ximo domingo 18 de mayo.\" \/>\n<meta property=\"og:url\" content=\"https:\/\/transparenciaelectoral.org\/blog\/transparencia-electoral-celebrara-una-mision-electoral-en-el-marco-de-las-elecciones-legislativas-de-portugal\/\" \/>\n<meta property=\"og:site_name\" content=\"Transparencia Electoral\" \/>\n<meta property=\"article:publisher\" content=\"https:\/\/www.facebook.com\/Transparencia-Electoral-en-Am%c3%a9rica-latina-171661009688456\/\" \/>\n<meta property=\"article:published_time\" content=\"2025-05-13T11:37:28+00:00\" \/>\n<meta property=\"article:modified_time\" content=\"2025-07-27T04:52:59+00:00\" \/>\n<meta property=\"og:image\" content=\"https:\/\/transparenciaelectoral.org\/blog\/wp-content\/uploads\/2025\/05\/1536x864_cmsv2_cca84a55-0e9d-56c8-a803-9e9e867122e4-9278752.jpg\" \/>\n\t<meta property=\"og:image:width\" content=\"1536\" \/>\n\t<meta property=\"og:image:height\" content=\"864\" \/>\n\t<meta property=\"og:image:type\" content=\"image\/jpeg\" \/>\n<meta name=\"author\" content=\"Transparencia Electoral\" \/>\n<meta name=\"twitter:card\" content=\"summary_large_image\" \/>\n<meta name=\"twitter:creator\" content=\"@TransparenciaAL\" \/>\n<meta name=\"twitter:site\" content=\"@TransparenciaAL\" \/>\n<meta name=\"twitter:label1\" content=\"Escrito por\" \/>\n\t<meta name=\"twitter:data1\" content=\"Transparencia Electoral\" \/>\n\t<meta name=\"twitter:label2\" content=\"Tiempo de lectura\" \/>\n\t<meta name=\"twitter:data2\" content=\"2 minutos\" \/>\n<script type=\"application\/ld+json\" class=\"yoast-schema-graph\">{\"@context\":\"https:\\\/\\\/schema.org\",\"@graph\":[{\"@type\":\"Article\",\"@id\":\"https:\\\/\\\/transparenciaelectoral.org\\\/blog\\\/transparencia-electoral-celebrara-una-mision-electoral-en-el-marco-de-las-elecciones-legislativas-de-portugal\\\/#article\",\"isPartOf\":{\"@id\":\"https:\\\/\\\/transparenciaelectoral.org\\\/blog\\\/transparencia-electoral-celebrara-una-mision-electoral-en-el-marco-de-las-elecciones-legislativas-de-portugal\\\/\"},\"author\":{\"name\":\"Transparencia Electoral\",\"@id\":\"https:\\\/\\\/transparenciaelectoral.org\\\/blog\\\/#\\\/schema\\\/person\\\/63a97f81afd2c3820c6d9f262e27fe50\"},\"headline\":\"Transparencia Electoral celebrar\u00e1 una Misi\u00f3n Electoral en el marco de las elecciones legislativas de Portugal\",\"datePublished\":\"2025-05-13T11:37:28+00:00\",\"dateModified\":\"2025-07-27T04:52:59+00:00\",\"mainEntityOfPage\":{\"@id\":\"https:\\\/\\\/transparenciaelectoral.org\\\/blog\\\/transparencia-electoral-celebrara-una-mision-electoral-en-el-marco-de-las-elecciones-legislativas-de-portugal\\\/\"},\"wordCount\":295,\"image\":{\"@id\":\"https:\\\/\\\/transparenciaelectoral.org\\\/blog\\\/transparencia-electoral-celebrara-una-mision-electoral-en-el-marco-de-las-elecciones-legislativas-de-portugal\\\/#primaryimage\"},\"thumbnailUrl\":\"https:\\\/\\\/transparenciaelectoral.org\\\/blog\\\/wp-content\\\/uploads\\\/2025\\\/05\\\/1536x864_cmsv2_cca84a55-0e9d-56c8-a803-9e9e867122e4-9278752.jpg\",\"articleSection\":[\"Noticias\"],\"inLanguage\":\"es\"},{\"@type\":\"WebPage\",\"@id\":\"https:\\\/\\\/transparenciaelectoral.org\\\/blog\\\/transparencia-electoral-celebrara-una-mision-electoral-en-el-marco-de-las-elecciones-legislativas-de-portugal\\\/\",\"url\":\"https:\\\/\\\/transparenciaelectoral.org\\\/blog\\\/transparencia-electoral-celebrara-una-mision-electoral-en-el-marco-de-las-elecciones-legislativas-de-portugal\\\/\",\"name\":\"Transparencia Electoral celebrar\u00e1 una Misi\u00f3n Electoral en el marco de las elecciones legislativas de Portugal - Transparencia Electoral\",\"isPartOf\":{\"@id\":\"https:\\\/\\\/transparenciaelectoral.org\\\/blog\\\/#website\"},\"primaryImageOfPage\":{\"@id\":\"https:\\\/\\\/transparenciaelectoral.org\\\/blog\\\/transparencia-electoral-celebrara-una-mision-electoral-en-el-marco-de-las-elecciones-legislativas-de-portugal\\\/#primaryimage\"},\"image\":{\"@id\":\"https:\\\/\\\/transparenciaelectoral.org\\\/blog\\\/transparencia-electoral-celebrara-una-mision-electoral-en-el-marco-de-las-elecciones-legislativas-de-portugal\\\/#primaryimage\"},\"thumbnailUrl\":\"https:\\\/\\\/transparenciaelectoral.org\\\/blog\\\/wp-content\\\/uploads\\\/2025\\\/05\\\/1536x864_cmsv2_cca84a55-0e9d-56c8-a803-9e9e867122e4-9278752.jpg\",\"datePublished\":\"2025-05-13T11:37:28+00:00\",\"dateModified\":\"2025-07-27T04:52:59+00:00\",\"author\":{\"@id\":\"https:\\\/\\\/transparenciaelectoral.org\\\/blog\\\/#\\\/schema\\\/person\\\/63a97f81afd2c3820c6d9f262e27fe50\"},\"description\":\"Observaremos las elecciones legislativas anticipadas que se celebrar\u00e1n en Portugal el pr\u00f3ximo domingo 18 de mayo.\",\"breadcrumb\":{\"@id\":\"https:\\\/\\\/transparenciaelectoral.org\\\/blog\\\/transparencia-electoral-celebrara-una-mision-electoral-en-el-marco-de-las-elecciones-legislativas-de-portugal\\\/#breadcrumb\"},\"inLanguage\":\"es\",\"potentialAction\":[{\"@type\":\"ReadAction\",\"target\":[\"https:\\\/\\\/transparenciaelectoral.org\\\/blog\\\/transparencia-electoral-celebrara-una-mision-electoral-en-el-marco-de-las-elecciones-legislativas-de-portugal\\\/\"]}]},{\"@type\":\"ImageObject\",\"inLanguage\":\"es\",\"@id\":\"https:\\\/\\\/transparenciaelectoral.org\\\/blog\\\/transparencia-electoral-celebrara-una-mision-electoral-en-el-marco-de-las-elecciones-legislativas-de-portugal\\\/#primaryimage\",\"url\":\"https:\\\/\\\/transparenciaelectoral.org\\\/blog\\\/wp-content\\\/uploads\\\/2025\\\/05\\\/1536x864_cmsv2_cca84a55-0e9d-56c8-a803-9e9e867122e4-9278752.jpg\",\"contentUrl\":\"https:\\\/\\\/transparenciaelectoral.org\\\/blog\\\/wp-content\\\/uploads\\\/2025\\\/05\\\/1536x864_cmsv2_cca84a55-0e9d-56c8-a803-9e9e867122e4-9278752.jpg\",\"width\":1536,\"height\":864},{\"@type\":\"BreadcrumbList\",\"@id\":\"https:\\\/\\\/transparenciaelectoral.org\\\/blog\\\/transparencia-electoral-celebrara-una-mision-electoral-en-el-marco-de-las-elecciones-legislativas-de-portugal\\\/#breadcrumb\",\"itemListElement\":[{\"@type\":\"ListItem\",\"position\":1,\"name\":\"Portada\",\"item\":\"https:\\\/\\\/transparenciaelectoral.org\\\/blog\\\/\"},{\"@type\":\"ListItem\",\"position\":2,\"name\":\"Transparencia Electoral celebrar\u00e1 una Misi\u00f3n Electoral en el marco de las elecciones legislativas de Portugal\"}]},{\"@type\":\"WebSite\",\"@id\":\"https:\\\/\\\/transparenciaelectoral.org\\\/blog\\\/#website\",\"url\":\"https:\\\/\\\/transparenciaelectoral.org\\\/blog\\\/\",\"name\":\"Transparencia Electoral\",\"description\":\"\",\"potentialAction\":[{\"@type\":\"SearchAction\",\"target\":{\"@type\":\"EntryPoint\",\"urlTemplate\":\"https:\\\/\\\/transparenciaelectoral.org\\\/blog\\\/?s={search_term_string}\"},\"query-input\":{\"@type\":\"PropertyValueSpecification\",\"valueRequired\":true,\"valueName\":\"search_term_string\"}}],\"inLanguage\":\"es\"},{\"@type\":\"Person\",\"@id\":\"https:\\\/\\\/transparenciaelectoral.org\\\/blog\\\/#\\\/schema\\\/person\\\/63a97f81afd2c3820c6d9f262e27fe50\",\"name\":\"Transparencia Electoral\",\"sameAs\":[\"https:\\\/\\\/transparenciaelectoral.org\\\/blog\\\/\"]}]}<\/script>\n<!-- \/ Yoast SEO plugin. -->","yoast_head_json":{"title":"Transparencia Electoral celebrar\u00e1 una Misi\u00f3n Electoral en el marco de las elecciones legislativas de Portugal - Transparencia Electoral","description":"Observaremos las elecciones legislativas anticipadas que se celebrar\u00e1n en Portugal el pr\u00f3ximo domingo 18 de mayo.","robots":{"index":"index","follow":"follow","max-snippet":"max-snippet:-1","max-image-preview":"max-image-preview:large","max-video-preview":"max-video-preview:-1"},"canonical":"https:\/\/transparenciaelectoral.org\/blog\/transparencia-electoral-celebrara-una-mision-electoral-en-el-marco-de-las-elecciones-legislativas-de-portugal\/","og_locale":"es_ES","og_type":"article","og_title":"Transparencia Electoral celebrar\u00e1 una Misi\u00f3n Electoral en el marco de las elecciones legislativas de Portugal - Transparencia Electoral","og_description":"Observaremos las elecciones legislativas anticipadas que se celebrar\u00e1n en Portugal el pr\u00f3ximo domingo 18 de mayo.","og_url":"https:\/\/transparenciaelectoral.org\/blog\/transparencia-electoral-celebrara-una-mision-electoral-en-el-marco-de-las-elecciones-legislativas-de-portugal\/","og_site_name":"Transparencia Electoral","article_publisher":"https:\/\/www.facebook.com\/Transparencia-Electoral-en-Am%c3%a9rica-latina-171661009688456\/","article_published_time":"2025-05-13T11:37:28+00:00","article_modified_time":"2025-07-27T04:52:59+00:00","og_image":[{"width":1536,"height":864,"url":"https:\/\/transparenciaelectoral.org\/blog\/wp-content\/uploads\/2025\/05\/1536x864_cmsv2_cca84a55-0e9d-56c8-a803-9e9e867122e4-9278752.jpg","type":"image\/jpeg"}],"author":"Transparencia Electoral","twitter_card":"summary_large_image","twitter_creator":"@TransparenciaAL","twitter_site":"@TransparenciaAL","twitter_misc":{"Escrito por":"Transparencia Electoral","Tiempo de lectura":"2 minutos"},"schema":{"@context":"https:\/\/schema.org","@graph":[{"@type":"Article","@id":"https:\/\/transparenciaelectoral.org\/blog\/transparencia-electoral-celebrara-una-mision-electoral-en-el-marco-de-las-elecciones-legislativas-de-portugal\/#article","isPartOf":{"@id":"https:\/\/transparenciaelectoral.org\/blog\/transparencia-electoral-celebrara-una-mision-electoral-en-el-marco-de-las-elecciones-legislativas-de-portugal\/"},"author":{"name":"Transparencia Electoral","@id":"https:\/\/transparenciaelectoral.org\/blog\/#\/schema\/person\/63a97f81afd2c3820c6d9f262e27fe50"},"headline":"Transparencia Electoral celebrar\u00e1 una Misi\u00f3n Electoral en el marco de las elecciones legislativas de Portugal","datePublished":"2025-05-13T11:37:28+00:00","dateModified":"2025-07-27T04:52:59+00:00","mainEntityOfPage":{"@id":"https:\/\/transparenciaelectoral.org\/blog\/transparencia-electoral-celebrara-una-mision-electoral-en-el-marco-de-las-elecciones-legislativas-de-portugal\/"},"wordCount":295,"image":{"@id":"https:\/\/transparenciaelectoral.org\/blog\/transparencia-electoral-celebrara-una-mision-electoral-en-el-marco-de-las-elecciones-legislativas-de-portugal\/#primaryimage"},"thumbnailUrl":"https:\/\/transparenciaelectoral.org\/blog\/wp-content\/uploads\/2025\/05\/1536x864_cmsv2_cca84a55-0e9d-56c8-a803-9e9e867122e4-9278752.jpg","articleSection":["Noticias"],"inLanguage":"es"},{"@type":"WebPage","@id":"https:\/\/transparenciaelectoral.org\/blog\/transparencia-electoral-celebrara-una-mision-electoral-en-el-marco-de-las-elecciones-legislativas-de-portugal\/","url":"https:\/\/transparenciaelectoral.org\/blog\/transparencia-electoral-celebrara-una-mision-electoral-en-el-marco-de-las-elecciones-legislativas-de-portugal\/","name":"Transparencia Electoral celebrar\u00e1 una Misi\u00f3n Electoral en el marco de las elecciones legislativas de Portugal - Transparencia Electoral","isPartOf":{"@id":"https:\/\/transparenciaelectoral.org\/blog\/#website"},"primaryImageOfPage":{"@id":"https:\/\/transparenciaelectoral.org\/blog\/transparencia-electoral-celebrara-una-mision-electoral-en-el-marco-de-las-elecciones-legislativas-de-portugal\/#primaryimage"},"image":{"@id":"https:\/\/transparenciaelectoral.org\/blog\/transparencia-electoral-celebrara-una-mision-electoral-en-el-marco-de-las-elecciones-legislativas-de-portugal\/#primaryimage"},"thumbnailUrl":"https:\/\/transparenciaelectoral.org\/blog\/wp-content\/uploads\/2025\/05\/1536x864_cmsv2_cca84a55-0e9d-56c8-a803-9e9e867122e4-9278752.jpg","datePublished":"2025-05-13T11:37:28+00:00","dateModified":"2025-07-27T04:52:59+00:00","author":{"@id":"https:\/\/transparenciaelectoral.org\/blog\/#\/schema\/person\/63a97f81afd2c3820c6d9f262e27fe50"},"description":"Observaremos las elecciones legislativas anticipadas que se celebrar\u00e1n en Portugal el pr\u00f3ximo domingo 18 de mayo.","breadcrumb":{"@id":"https:\/\/transparenciaelectoral.org\/blog\/transparencia-electoral-celebrara-una-mision-electoral-en-el-marco-de-las-elecciones-legislativas-de-portugal\/#breadcrumb"},"inLanguage":"es","potentialAction":[{"@type":"ReadAction","target":["https:\/\/transparenciaelectoral.org\/blog\/transparencia-electoral-celebrara-una-mision-electoral-en-el-marco-de-las-elecciones-legislativas-de-portugal\/"]}]},{"@type":"ImageObject","inLanguage":"es","@id":"https:\/\/transparenciaelectoral.org\/blog\/transparencia-electoral-celebrara-una-mision-electoral-en-el-marco-de-las-elecciones-legislativas-de-portugal\/#primaryimage","url":"https:\/\/transparenciaelectoral.org\/blog\/wp-content\/uploads\/2025\/05\/1536x864_cmsv2_cca84a55-0e9d-56c8-a803-9e9e867122e4-9278752.jpg","contentUrl":"https:\/\/transparenciaelectoral.org\/blog\/wp-content\/uploads\/2025\/05\/1536x864_cmsv2_cca84a55-0e9d-56c8-a803-9e9e867122e4-9278752.jpg","width":1536,"height":864},{"@type":"BreadcrumbList","@id":"https:\/\/transparenciaelectoral.org\/blog\/transparencia-electoral-celebrara-una-mision-electoral-en-el-marco-de-las-elecciones-legislativas-de-portugal\/#breadcrumb","itemListElement":[{"@type":"ListItem","position":1,"name":"Portada","item":"https:\/\/transparenciaelectoral.org\/blog\/"},{"@type":"ListItem","position":2,"name":"Transparencia Electoral celebrar\u00e1 una Misi\u00f3n Electoral en el marco de las elecciones legislativas de Portugal"}]},{"@type":"WebSite","@id":"https:\/\/transparenciaelectoral.org\/blog\/#website","url":"https:\/\/transparenciaelectoral.org\/blog\/","name":"Transparencia Electoral","description":"","potentialAction":[{"@type":"SearchAction","target":{"@type":"EntryPoint","urlTemplate":"https:\/\/transparenciaelectoral.org\/blog\/?s={search_term_string}"},"query-input":{"@type":"PropertyValueSpecification","valueRequired":true,"valueName":"search_term_string"}}],"inLanguage":"es"},{"@type":"Person","@id":"https:\/\/transparenciaelectoral.org\/blog\/#\/schema\/person\/63a97f81afd2c3820c6d9f262e27fe50","name":"Transparencia Electoral","sameAs":["https:\/\/transparenciaelectoral.org\/blog\/"]}]}},"_links":{"self":[{"href":"https:\/\/transparenciaelectoral.org\/blog\/wp-json\/wp\/v2\/posts\/11495","targetHints":{"allow":["GET"]}}],"collection":[{"href":"https:\/\/transparenciaelectoral.org\/blog\/wp-json\/wp\/v2\/posts"}],"about":[{"href":"https:\/\/transparenciaelectoral.org\/blog\/wp-json\/wp\/v2\/types\/post"}],"author":[{"embeddable":true,"href":"https:\/\/transparenciaelectoral.org\/blog\/wp-json\/wp\/v2\/users\/6"}],"replies":[{"embeddable":true,"href":"https:\/\/transparenciaelectoral.org\/blog\/wp-json\/wp\/v2\/comments?post=11495"}],"version-history":[{"count":1,"href":"https:\/\/transparenciaelectoral.org\/blog\/wp-json\/wp\/v2\/posts\/11495\/revisions"}],"predecessor-version":[{"id":11497,"href":"https:\/\/transparenciaelectoral.org\/blog\/wp-json\/wp\/v2\/posts\/11495\/revisions\/11497"}],"wp:featuredmedia":[{"embeddable":true,"href":"https:\/\/transparenciaelectoral.org\/blog\/wp-json\/wp\/v2\/media\/11496"}],"wp:attachment":[{"href":"https:\/\/transparenciaelectoral.org\/blog\/wp-json\/wp\/v2\/media?parent=11495"}],"wp:term":[{"taxonomy":"category","embeddable":true,"href":"https:\/\/transparenciaelectoral.org\/blog\/wp-json\/wp\/v2\/categories?post=11495"},{"taxonomy":"post_tag","embeddable":true,"href":"https:\/\/transparenciaelectoral.org\/blog\/wp-json\/wp\/v2\/tags?post=11495"}],"curies":[{"name":"wp","href":"https:\/\/api.w.org\/{rel}","templated":true}]}}