{"id":11486,"date":"2025-04-25T14:08:30","date_gmt":"2025-04-25T17:08:30","guid":{"rendered":"https:\/\/transparenciaelectoral.org\/blog\/?p=11486"},"modified":"2025-07-27T01:52:59","modified_gmt":"2025-07-27T04:52:59","slug":"tucuman-fue-sede-del-viii-demotech-internacional-un-paso-clave-hacia-la-reforma-electoral-con-consenso-y-tecnologia","status":"publish","type":"post","link":"https:\/\/transparenciaelectoral.org\/blog\/tucuman-fue-sede-del-viii-demotech-internacional-un-paso-clave-hacia-la-reforma-electoral-con-consenso-y-tecnologia\/","title":{"rendered":"Tucum\u00e1n fue sede del VIII DemoTech Internacional: un paso clave hacia la reforma electoral con consenso y tecnolog\u00eda"},"content":{"rendered":"\n<p>San Miguel de Tucum\u00e1n, 23 de abril de 2025 \u2014 La Legislatura de Tucum\u00e1n fue escenario de la VIII Edici\u00f3n del DemoTech Internacional, una iniciativa de Transparencia Electoral que reuni\u00f3 a autoridades provinciales, expertos internacionales y representantes de organismos electorales de Argentina, M\u00e9xico, Brasil y Estados Unidos. El objetivo: debatir sobre la modernizaci\u00f3n de los sistemas de votaci\u00f3n y avanzar hacia una reforma electoral basada en el consenso y la transparencia<\/p>\n\n\n\n<p>El evento fue encabezado por el vicegobernador Miguel Acevedo, quien reafirm\u00f3 el compromiso del gobierno provincial con una reforma participativa: \u201cQueremos una reforma electoral con consenso. Sabemos que tenemos mayor\u00eda absoluta en la Legislatura, pero hemos decidido darle participaci\u00f3n a todas las voces: no solo al Poder Legislativo, sino tambi\u00e9n a la Junta Electoral, la Justicia y a las organizaciones intermedias\u201d .<\/p>\n\n\n\n<p>La jornada se estructur\u00f3 en dos paneles tem\u00e1ticos. El primero abord\u00f3 la integridad y observaci\u00f3n electoral en Argentina y Tucum\u00e1n, con la participaci\u00f3n de Gerardo de Icaza (OEA), Teresa Ovejero (Tribunal Electoral de Salta) y Leandro Querido (Transparencia Electoral). El segundo panel analiz\u00f3 experiencias internacionales de implementaci\u00f3n tecnol\u00f3gica en procesos electorales, con expositores como Carlos Aguirre Arias (M\u00e9xico), Andr\u00e9 Puppin Macedo (Brasil) y Dean C. Logan (EE.UU).<\/p>\n\n\n\n<p>Uno de los temas centrales fue la posible adopci\u00f3n de la boleta \u00fanica electr\u00f3nica en Tucum\u00e1n. Acevedo expres\u00f3 su respaldo al sistema: \u201cEs un buen sistema porque el ciudadano puede elegir y confeccionar su voto, lo ve en papel, lo corrobora, y sobre todo, facilita el escrutinio, donde no hay margen para errores humanos ni suspicacias\u201d.<\/p>\n\n\n\n<p>El vicegobernador tambi\u00e9n anunci\u00f3 que una delegaci\u00f3n tucumana asistir\u00e1 el 11 de mayo a las elecciones en Salta para observar in situ el funcionamiento de su sistema electoral. \u201cEl objetivo es que los integrantes puedan recorrer distintos lugares de votaci\u00f3n seg\u00fan su jurisdicci\u00f3n: quienes son de la capital, en la capital; y quienes son de zonas de alta monta\u00f1a, en esas regiones, para conocer los desaf\u00edos concretos en cada territorio\u201d .\u200b<\/p>\n\n\n\n<p>Desde Transparencia Electoral, se destac\u00f3 la importancia de este tipo de encuentros para fomentar el intercambio de experiencias y fortalecer la democracia en la regi\u00f3n. \u201cDemoTech busca promover el debate sobre la incorporaci\u00f3n responsable de tecnolog\u00eda en procesos electorales democr\u00e1ticos\u201d, afirm\u00f3 Leandro Querido, director ejecutivo de la organizaci\u00f3n.<\/p>\n\n\n\n<p>El evento cont\u00f3 con la presencia de autoridades judiciales, legisladores de distintos bloques pol\u00edticos y representantes del Ministerio de Gobierno y Justicia, consolid\u00e1ndose como un espacio clave para el di\u00e1logo y la construcci\u00f3n de consensos en torno a la reforma electoral en Tucum\u00e1n.\u200b<\/p>\n\n\n\n<p><\/p>\n","protected":false},"excerpt":{"rendered":"<p>San Miguel de Tucum\u00e1n, 23 de abril de 2025 \u2014 La Legislatura de Tucum\u00e1n fue escenario de la VIII Edici\u00f3n del DemoTech Internacional, una iniciativa de Transparencia Electoral que reuni\u00f3 a autoridades provinciales, expertos internacionales y representantes de organismos electorales de Argentina, M\u00e9xico, Brasil y Estados Unidos. El objetivo: debatir sobre la modernizaci\u00f3n de los &hellip;<\/p>\n","protected":false},"author":6,"featured_media":11488,"comment_status":"closed","ping_status":"open","sticky":false,"template":"","format":"standard","meta":{"footnotes":""},"categories":[100],"tags":[],"class_list":["post-11486","post","type-post","status-publish","format-standard","has-post-thumbnail","hentry","category-noticias"],"yoast_head":"<!-- This site is optimized with the Yoast SEO plugin v27.5 - https:\/\/yoast.com\/product\/yoast-seo-wordpress\/ -->\n<title>Tucum\u00e1n fue sede del VIII DemoTech Internacional: un paso clave hacia la reforma electoral con consenso y tecnolog\u00eda - Transparencia Electoral<\/title>\n<meta name=\"description\" content=\"En la VIII Edici\u00f3n del DemoTech Internacional, debatimos sobre la modernizaci\u00f3n de los sistemas de votaci\u00f3n.\" \/>\n<meta name=\"robots\" content=\"index, follow, max-snippet:-1, max-image-preview:large, max-video-preview:-1\" \/>\n<link rel=\"canonical\" href=\"https:\/\/transparenciaelectoral.org\/blog\/tucuman-fue-sede-del-viii-demotech-internacional-un-paso-clave-hacia-la-reforma-electoral-con-consenso-y-tecnologia\/\" \/>\n<meta property=\"og:locale\" content=\"es_ES\" \/>\n<meta property=\"og:type\" content=\"article\" \/>\n<meta property=\"og:title\" content=\"Tucum\u00e1n fue sede del VIII DemoTech Internacional: un paso clave hacia la reforma electoral con consenso y tecnolog\u00eda - Transparencia Electoral\" \/>\n<meta property=\"og:description\" content=\"En la VIII Edici\u00f3n del DemoTech Internacional, debatimos sobre la modernizaci\u00f3n de los sistemas de votaci\u00f3n.\" \/>\n<meta property=\"og:url\" content=\"https:\/\/transparenciaelectoral.org\/blog\/tucuman-fue-sede-del-viii-demotech-internacional-un-paso-clave-hacia-la-reforma-electoral-con-consenso-y-tecnologia\/\" \/>\n<meta property=\"og:site_name\" content=\"Transparencia Electoral\" \/>\n<meta property=\"article:publisher\" content=\"https:\/\/www.facebook.com\/Transparencia-Electoral-en-Am%c3%a9rica-latina-171661009688456\/\" \/>\n<meta property=\"article:published_time\" content=\"2025-04-25T17:08:30+00:00\" \/>\n<meta property=\"article:modified_time\" content=\"2025-07-27T04:52:59+00:00\" \/>\n<meta property=\"og:image\" content=\"https:\/\/transparenciaelectoral.org\/blog\/wp-content\/uploads\/2025\/04\/Imagen-de-WhatsApp-2025-04-25-a-las-12.20.49_1584d8b9.jpg\" \/>\n\t<meta property=\"og:image:width\" content=\"1280\" \/>\n\t<meta property=\"og:image:height\" content=\"855\" \/>\n\t<meta property=\"og:image:type\" content=\"image\/jpeg\" \/>\n<meta name=\"author\" content=\"Transparencia Electoral\" \/>\n<meta name=\"twitter:card\" content=\"summary_large_image\" \/>\n<meta name=\"twitter:creator\" content=\"@TransparenciaAL\" \/>\n<meta name=\"twitter:site\" content=\"@TransparenciaAL\" \/>\n<meta name=\"twitter:label1\" content=\"Escrito por\" \/>\n\t<meta name=\"twitter:data1\" content=\"Transparencia Electoral\" \/>\n\t<meta name=\"twitter:label2\" content=\"Tiempo de lectura\" \/>\n\t<meta name=\"twitter:data2\" content=\"3 minutos\" \/>\n<script type=\"application\/ld+json\" class=\"yoast-schema-graph\">{\"@context\":\"https:\\\/\\\/schema.org\",\"@graph\":[{\"@type\":\"Article\",\"@id\":\"https:\\\/\\\/transparenciaelectoral.org\\\/blog\\\/tucuman-fue-sede-del-viii-demotech-internacional-un-paso-clave-hacia-la-reforma-electoral-con-consenso-y-tecnologia\\\/#article\",\"isPartOf\":{\"@id\":\"https:\\\/\\\/transparenciaelectoral.org\\\/blog\\\/tucuman-fue-sede-del-viii-demotech-internacional-un-paso-clave-hacia-la-reforma-electoral-con-consenso-y-tecnologia\\\/\"},\"author\":{\"name\":\"Transparencia Electoral\",\"@id\":\"https:\\\/\\\/transparenciaelectoral.org\\\/blog\\\/#\\\/schema\\\/person\\\/63a97f81afd2c3820c6d9f262e27fe50\"},\"headline\":\"Tucum\u00e1n fue sede del VIII DemoTech Internacional: un paso clave hacia la reforma electoral con consenso y tecnolog\u00eda\",\"datePublished\":\"2025-04-25T17:08:30+00:00\",\"dateModified\":\"2025-07-27T04:52:59+00:00\",\"mainEntityOfPage\":{\"@id\":\"https:\\\/\\\/transparenciaelectoral.org\\\/blog\\\/tucuman-fue-sede-del-viii-demotech-internacional-un-paso-clave-hacia-la-reforma-electoral-con-consenso-y-tecnologia\\\/\"},\"wordCount\":469,\"image\":{\"@id\":\"https:\\\/\\\/transparenciaelectoral.org\\\/blog\\\/tucuman-fue-sede-del-viii-demotech-internacional-un-paso-clave-hacia-la-reforma-electoral-con-consenso-y-tecnologia\\\/#primaryimage\"},\"thumbnailUrl\":\"https:\\\/\\\/transparenciaelectoral.org\\\/blog\\\/wp-content\\\/uploads\\\/2025\\\/04\\\/Imagen-de-WhatsApp-2025-04-25-a-las-12.20.49_1584d8b9.jpg\",\"articleSection\":[\"Noticias\"],\"inLanguage\":\"es\"},{\"@type\":\"WebPage\",\"@id\":\"https:\\\/\\\/transparenciaelectoral.org\\\/blog\\\/tucuman-fue-sede-del-viii-demotech-internacional-un-paso-clave-hacia-la-reforma-electoral-con-consenso-y-tecnologia\\\/\",\"url\":\"https:\\\/\\\/transparenciaelectoral.org\\\/blog\\\/tucuman-fue-sede-del-viii-demotech-internacional-un-paso-clave-hacia-la-reforma-electoral-con-consenso-y-tecnologia\\\/\",\"name\":\"Tucum\u00e1n fue sede del VIII DemoTech Internacional: un paso clave hacia la reforma electoral con consenso y tecnolog\u00eda - Transparencia Electoral\",\"isPartOf\":{\"@id\":\"https:\\\/\\\/transparenciaelectoral.org\\\/blog\\\/#website\"},\"primaryImageOfPage\":{\"@id\":\"https:\\\/\\\/transparenciaelectoral.org\\\/blog\\\/tucuman-fue-sede-del-viii-demotech-internacional-un-paso-clave-hacia-la-reforma-electoral-con-consenso-y-tecnologia\\\/#primaryimage\"},\"image\":{\"@id\":\"https:\\\/\\\/transparenciaelectoral.org\\\/blog\\\/tucuman-fue-sede-del-viii-demotech-internacional-un-paso-clave-hacia-la-reforma-electoral-con-consenso-y-tecnologia\\\/#primaryimage\"},\"thumbnailUrl\":\"https:\\\/\\\/transparenciaelectoral.org\\\/blog\\\/wp-content\\\/uploads\\\/2025\\\/04\\\/Imagen-de-WhatsApp-2025-04-25-a-las-12.20.49_1584d8b9.jpg\",\"datePublished\":\"2025-04-25T17:08:30+00:00\",\"dateModified\":\"2025-07-27T04:52:59+00:00\",\"author\":{\"@id\":\"https:\\\/\\\/transparenciaelectoral.org\\\/blog\\\/#\\\/schema\\\/person\\\/63a97f81afd2c3820c6d9f262e27fe50\"},\"description\":\"En la VIII Edici\u00f3n del DemoTech Internacional, debatimos sobre la modernizaci\u00f3n de los sistemas de votaci\u00f3n.\",\"breadcrumb\":{\"@id\":\"https:\\\/\\\/transparenciaelectoral.org\\\/blog\\\/tucuman-fue-sede-del-viii-demotech-internacional-un-paso-clave-hacia-la-reforma-electoral-con-consenso-y-tecnologia\\\/#breadcrumb\"},\"inLanguage\":\"es\",\"potentialAction\":[{\"@type\":\"ReadAction\",\"target\":[\"https:\\\/\\\/transparenciaelectoral.org\\\/blog\\\/tucuman-fue-sede-del-viii-demotech-internacional-un-paso-clave-hacia-la-reforma-electoral-con-consenso-y-tecnologia\\\/\"]}]},{\"@type\":\"ImageObject\",\"inLanguage\":\"es\",\"@id\":\"https:\\\/\\\/transparenciaelectoral.org\\\/blog\\\/tucuman-fue-sede-del-viii-demotech-internacional-un-paso-clave-hacia-la-reforma-electoral-con-consenso-y-tecnologia\\\/#primaryimage\",\"url\":\"https:\\\/\\\/transparenciaelectoral.org\\\/blog\\\/wp-content\\\/uploads\\\/2025\\\/04\\\/Imagen-de-WhatsApp-2025-04-25-a-las-12.20.49_1584d8b9.jpg\",\"contentUrl\":\"https:\\\/\\\/transparenciaelectoral.org\\\/blog\\\/wp-content\\\/uploads\\\/2025\\\/04\\\/Imagen-de-WhatsApp-2025-04-25-a-las-12.20.49_1584d8b9.jpg\",\"width\":1280,\"height\":855},{\"@type\":\"BreadcrumbList\",\"@id\":\"https:\\\/\\\/transparenciaelectoral.org\\\/blog\\\/tucuman-fue-sede-del-viii-demotech-internacional-un-paso-clave-hacia-la-reforma-electoral-con-consenso-y-tecnologia\\\/#breadcrumb\",\"itemListElement\":[{\"@type\":\"ListItem\",\"position\":1,\"name\":\"Portada\",\"item\":\"https:\\\/\\\/transparenciaelectoral.org\\\/blog\\\/\"},{\"@type\":\"ListItem\",\"position\":2,\"name\":\"Tucum\u00e1n fue sede del VIII DemoTech Internacional: un paso clave hacia la reforma electoral con consenso y tecnolog\u00eda\"}]},{\"@type\":\"WebSite\",\"@id\":\"https:\\\/\\\/transparenciaelectoral.org\\\/blog\\\/#website\",\"url\":\"https:\\\/\\\/transparenciaelectoral.org\\\/blog\\\/\",\"name\":\"Transparencia Electoral\",\"description\":\"\",\"potentialAction\":[{\"@type\":\"SearchAction\",\"target\":{\"@type\":\"EntryPoint\",\"urlTemplate\":\"https:\\\/\\\/transparenciaelectoral.org\\\/blog\\\/?s={search_term_string}\"},\"query-input\":{\"@type\":\"PropertyValueSpecification\",\"valueRequired\":true,\"valueName\":\"search_term_string\"}}],\"inLanguage\":\"es\"},{\"@type\":\"Person\",\"@id\":\"https:\\\/\\\/transparenciaelectoral.org\\\/blog\\\/#\\\/schema\\\/person\\\/63a97f81afd2c3820c6d9f262e27fe50\",\"name\":\"Transparencia Electoral\",\"sameAs\":[\"https:\\\/\\\/transparenciaelectoral.org\\\/blog\\\/\"]}]}<\/script>\n<!-- \/ Yoast SEO plugin. -->","yoast_head_json":{"title":"Tucum\u00e1n fue sede del VIII DemoTech Internacional: un paso clave hacia la reforma electoral con consenso y tecnolog\u00eda - Transparencia Electoral","description":"En la VIII Edici\u00f3n del DemoTech Internacional, debatimos sobre la modernizaci\u00f3n de los sistemas de votaci\u00f3n.","robots":{"index":"index","follow":"follow","max-snippet":"max-snippet:-1","max-image-preview":"max-image-preview:large","max-video-preview":"max-video-preview:-1"},"canonical":"https:\/\/transparenciaelectoral.org\/blog\/tucuman-fue-sede-del-viii-demotech-internacional-un-paso-clave-hacia-la-reforma-electoral-con-consenso-y-tecnologia\/","og_locale":"es_ES","og_type":"article","og_title":"Tucum\u00e1n fue sede del VIII DemoTech Internacional: un paso clave hacia la reforma electoral con consenso y tecnolog\u00eda - Transparencia Electoral","og_description":"En la VIII Edici\u00f3n del DemoTech Internacional, debatimos sobre la modernizaci\u00f3n de los sistemas de votaci\u00f3n.","og_url":"https:\/\/transparenciaelectoral.org\/blog\/tucuman-fue-sede-del-viii-demotech-internacional-un-paso-clave-hacia-la-reforma-electoral-con-consenso-y-tecnologia\/","og_site_name":"Transparencia Electoral","article_publisher":"https:\/\/www.facebook.com\/Transparencia-Electoral-en-Am%c3%a9rica-latina-171661009688456\/","article_published_time":"2025-04-25T17:08:30+00:00","article_modified_time":"2025-07-27T04:52:59+00:00","og_image":[{"width":1280,"height":855,"url":"https:\/\/transparenciaelectoral.org\/blog\/wp-content\/uploads\/2025\/04\/Imagen-de-WhatsApp-2025-04-25-a-las-12.20.49_1584d8b9.jpg","type":"image\/jpeg"}],"author":"Transparencia Electoral","twitter_card":"summary_large_image","twitter_creator":"@TransparenciaAL","twitter_site":"@TransparenciaAL","twitter_misc":{"Escrito por":"Transparencia Electoral","Tiempo de lectura":"3 minutos"},"schema":{"@context":"https:\/\/schema.org","@graph":[{"@type":"Article","@id":"https:\/\/transparenciaelectoral.org\/blog\/tucuman-fue-sede-del-viii-demotech-internacional-un-paso-clave-hacia-la-reforma-electoral-con-consenso-y-tecnologia\/#article","isPartOf":{"@id":"https:\/\/transparenciaelectoral.org\/blog\/tucuman-fue-sede-del-viii-demotech-internacional-un-paso-clave-hacia-la-reforma-electoral-con-consenso-y-tecnologia\/"},"author":{"name":"Transparencia Electoral","@id":"https:\/\/transparenciaelectoral.org\/blog\/#\/schema\/person\/63a97f81afd2c3820c6d9f262e27fe50"},"headline":"Tucum\u00e1n fue sede del VIII DemoTech Internacional: un paso clave hacia la reforma electoral con consenso y tecnolog\u00eda","datePublished":"2025-04-25T17:08:30+00:00","dateModified":"2025-07-27T04:52:59+00:00","mainEntityOfPage":{"@id":"https:\/\/transparenciaelectoral.org\/blog\/tucuman-fue-sede-del-viii-demotech-internacional-un-paso-clave-hacia-la-reforma-electoral-con-consenso-y-tecnologia\/"},"wordCount":469,"image":{"@id":"https:\/\/transparenciaelectoral.org\/blog\/tucuman-fue-sede-del-viii-demotech-internacional-un-paso-clave-hacia-la-reforma-electoral-con-consenso-y-tecnologia\/#primaryimage"},"thumbnailUrl":"https:\/\/transparenciaelectoral.org\/blog\/wp-content\/uploads\/2025\/04\/Imagen-de-WhatsApp-2025-04-25-a-las-12.20.49_1584d8b9.jpg","articleSection":["Noticias"],"inLanguage":"es"},{"@type":"WebPage","@id":"https:\/\/transparenciaelectoral.org\/blog\/tucuman-fue-sede-del-viii-demotech-internacional-un-paso-clave-hacia-la-reforma-electoral-con-consenso-y-tecnologia\/","url":"https:\/\/transparenciaelectoral.org\/blog\/tucuman-fue-sede-del-viii-demotech-internacional-un-paso-clave-hacia-la-reforma-electoral-con-consenso-y-tecnologia\/","name":"Tucum\u00e1n fue sede del VIII DemoTech Internacional: un paso clave hacia la reforma electoral con consenso y tecnolog\u00eda - Transparencia Electoral","isPartOf":{"@id":"https:\/\/transparenciaelectoral.org\/blog\/#website"},"primaryImageOfPage":{"@id":"https:\/\/transparenciaelectoral.org\/blog\/tucuman-fue-sede-del-viii-demotech-internacional-un-paso-clave-hacia-la-reforma-electoral-con-consenso-y-tecnologia\/#primaryimage"},"image":{"@id":"https:\/\/transparenciaelectoral.org\/blog\/tucuman-fue-sede-del-viii-demotech-internacional-un-paso-clave-hacia-la-reforma-electoral-con-consenso-y-tecnologia\/#primaryimage"},"thumbnailUrl":"https:\/\/transparenciaelectoral.org\/blog\/wp-content\/uploads\/2025\/04\/Imagen-de-WhatsApp-2025-04-25-a-las-12.20.49_1584d8b9.jpg","datePublished":"2025-04-25T17:08:30+00:00","dateModified":"2025-07-27T04:52:59+00:00","author":{"@id":"https:\/\/transparenciaelectoral.org\/blog\/#\/schema\/person\/63a97f81afd2c3820c6d9f262e27fe50"},"description":"En la VIII Edici\u00f3n del DemoTech Internacional, debatimos sobre la modernizaci\u00f3n de los sistemas de votaci\u00f3n.","breadcrumb":{"@id":"https:\/\/transparenciaelectoral.org\/blog\/tucuman-fue-sede-del-viii-demotech-internacional-un-paso-clave-hacia-la-reforma-electoral-con-consenso-y-tecnologia\/#breadcrumb"},"inLanguage":"es","potentialAction":[{"@type":"ReadAction","target":["https:\/\/transparenciaelectoral.org\/blog\/tucuman-fue-sede-del-viii-demotech-internacional-un-paso-clave-hacia-la-reforma-electoral-con-consenso-y-tecnologia\/"]}]},{"@type":"ImageObject","inLanguage":"es","@id":"https:\/\/transparenciaelectoral.org\/blog\/tucuman-fue-sede-del-viii-demotech-internacional-un-paso-clave-hacia-la-reforma-electoral-con-consenso-y-tecnologia\/#primaryimage","url":"https:\/\/transparenciaelectoral.org\/blog\/wp-content\/uploads\/2025\/04\/Imagen-de-WhatsApp-2025-04-25-a-las-12.20.49_1584d8b9.jpg","contentUrl":"https:\/\/transparenciaelectoral.org\/blog\/wp-content\/uploads\/2025\/04\/Imagen-de-WhatsApp-2025-04-25-a-las-12.20.49_1584d8b9.jpg","width":1280,"height":855},{"@type":"BreadcrumbList","@id":"https:\/\/transparenciaelectoral.org\/blog\/tucuman-fue-sede-del-viii-demotech-internacional-un-paso-clave-hacia-la-reforma-electoral-con-consenso-y-tecnologia\/#breadcrumb","itemListElement":[{"@type":"ListItem","position":1,"name":"Portada","item":"https:\/\/transparenciaelectoral.org\/blog\/"},{"@type":"ListItem","position":2,"name":"Tucum\u00e1n fue sede del VIII DemoTech Internacional: un paso clave hacia la reforma electoral con consenso y tecnolog\u00eda"}]},{"@type":"WebSite","@id":"https:\/\/transparenciaelectoral.org\/blog\/#website","url":"https:\/\/transparenciaelectoral.org\/blog\/","name":"Transparencia Electoral","description":"","potentialAction":[{"@type":"SearchAction","target":{"@type":"EntryPoint","urlTemplate":"https:\/\/transparenciaelectoral.org\/blog\/?s={search_term_string}"},"query-input":{"@type":"PropertyValueSpecification","valueRequired":true,"valueName":"search_term_string"}}],"inLanguage":"es"},{"@type":"Person","@id":"https:\/\/transparenciaelectoral.org\/blog\/#\/schema\/person\/63a97f81afd2c3820c6d9f262e27fe50","name":"Transparencia Electoral","sameAs":["https:\/\/transparenciaelectoral.org\/blog\/"]}]}},"_links":{"self":[{"href":"https:\/\/transparenciaelectoral.org\/blog\/wp-json\/wp\/v2\/posts\/11486","targetHints":{"allow":["GET"]}}],"collection":[{"href":"https:\/\/transparenciaelectoral.org\/blog\/wp-json\/wp\/v2\/posts"}],"about":[{"href":"https:\/\/transparenciaelectoral.org\/blog\/wp-json\/wp\/v2\/types\/post"}],"author":[{"embeddable":true,"href":"https:\/\/transparenciaelectoral.org\/blog\/wp-json\/wp\/v2\/users\/6"}],"replies":[{"embeddable":true,"href":"https:\/\/transparenciaelectoral.org\/blog\/wp-json\/wp\/v2\/comments?post=11486"}],"version-history":[{"count":1,"href":"https:\/\/transparenciaelectoral.org\/blog\/wp-json\/wp\/v2\/posts\/11486\/revisions"}],"predecessor-version":[{"id":11487,"href":"https:\/\/transparenciaelectoral.org\/blog\/wp-json\/wp\/v2\/posts\/11486\/revisions\/11487"}],"wp:featuredmedia":[{"embeddable":true,"href":"https:\/\/transparenciaelectoral.org\/blog\/wp-json\/wp\/v2\/media\/11488"}],"wp:attachment":[{"href":"https:\/\/transparenciaelectoral.org\/blog\/wp-json\/wp\/v2\/media?parent=11486"}],"wp:term":[{"taxonomy":"category","embeddable":true,"href":"https:\/\/transparenciaelectoral.org\/blog\/wp-json\/wp\/v2\/categories?post=11486"},{"taxonomy":"post_tag","embeddable":true,"href":"https:\/\/transparenciaelectoral.org\/blog\/wp-json\/wp\/v2\/tags?post=11486"}],"curies":[{"name":"wp","href":"https:\/\/api.w.org\/{rel}","templated":true}]}}