{"id":11469,"date":"2025-04-22T20:04:13","date_gmt":"2025-04-22T23:04:13","guid":{"rendered":"https:\/\/transparenciaelectoral.org\/blog\/?p=11469"},"modified":"2025-07-27T01:52:59","modified_gmt":"2025-07-27T04:52:59","slug":"viii-demotech-internacional","status":"publish","type":"post","link":"https:\/\/transparenciaelectoral.org\/blog\/viii-demotech-internacional\/","title":{"rendered":"VIII DemoTech Internacional"},"content":{"rendered":"\n<p><a href=\"https:\/\/transparenciaelectoral.org\/demotech\/\">DemoTech<\/a>, una iniciativa de Transparencia Electoral que promueve el debate sobre la incorporaci\u00f3n responsable de tecnolog\u00eda en procesos electorales democr\u00e1ticos, celebra el 23 de abril de 2025 la <strong>VIII Edici\u00f3n de DemoTech Internacional<\/strong> en San Miguel de Tucum\u00e1n, Argentina.<\/p>\n\n\n\n<p>En el marco del debate sobre una potencial reforma electoral que se promueve desde el Gobierno Provincial de Tucum\u00e1n y la Honorable Legislatura de Tucum\u00e1n, se lleva a cabo la octava edici\u00f3n de DemoTech Internacional, una jornada que contar\u00e1 con la participaci\u00f3n de panelistas y expertos internacionales del tema electoral, y de m\u00e1ximas autoridades provinciales, como el Vicegobernador de la Provincia de Tucum\u00e1n, Miguel Acevedo; Vicegobernador de la Provincia de Salta, Antonio Marocco; la Fiscal de Estado, Dra. Gilda Pedicone de Valls; el Juez Federal, Dr. Guillermo D\u00edaz Mart\u00ednez; el Ministro Fiscal, Dr. Edmundo Jim\u00e9nez; el Ministro P\u00fablico de la Defensa, Dr. Washington Navarro; la Secretaria Electoral del Juzgado Federal, Dra. Estela V\u00e1zquez; el Secretario de la Junta Electoral, Dr. Edgardo Almaraz; y el Sr. Daniel Garc\u00eda y el Dr. Juan Carlos Racedo, como representantes del Ministerio de Gobierno. <\/p>\n\n\n\n<p>El objetivo es escuchar de primera mano las experiencias de incorporaci\u00f3n de tecnolog\u00eda en procesos electorales nacionales y subnacionales, y asegurar una aproximaci\u00f3n directa, de la mano de quienes administran estas elecciones en otros pa\u00edses. Con esto, se busca aportar al debate sobre la reforma electoral en la Provincia, e informar la decisi\u00f3n de los legisladores y las legisladoras, y autoridades provinciales que determinar\u00e1n el futuro del sistema electoral local.<\/p>\n\n\n\n<p>Para ello, Transparencia Electoral y DemoTech ensamblaron dos paneles con expertos y autoridades de primera categor\u00eda. La jornada dar\u00e1 inicio con las palabras de apertura a cargo del <strong>Vicegobernador de la Provincia de Tucum\u00e1n, Miguel \u00c1ngel Acevedo<\/strong> y el <strong>Vicegobernador de la Provincia de Salta, Antonio Oscar Marocco<\/strong>. Luego, en un <strong>primer panel<\/strong> se tratar\u00e1 el tema de la integridad y la observaci\u00f3n electoral en Tucum\u00e1n, Argentina y la Regi\u00f3n. De este panel participan Gerardo de Icaza, Director del Departamento de Cooperaci\u00f3n y Observaci\u00f3n Electoral de la OEA; Leandro Querido,<strong> <\/strong>Director Ejecutivo de Transparencia Electoral; y la Dra. Teresa Ovejero, Presidenta del Tribunal Electoral de la Provincia de Salta.<\/p>\n\n\n\n<p>El <strong>segundo panel<\/strong> trata las experiencias de Brasil, Estados Unidos y M\u00e9xico, y est\u00e1 compuesto por el Consejero Carlos Aguirre Arias, Consejero del Instituto Electoral y de Participaci\u00f3n Pol\u00edtica de Jalisco (M\u00e9xico); el Dr. Andr\u00e9 Puppin Macedo, Desembargador Electoral del Tribunal Regional Electoral del Distrito Federal de Brasilia (Brasil); y Dean C. Logan, Registrador del Condado de Los \u00c1ngeles, California (EE.UU.).<\/p>\n\n\n\n<div class=\"wp-block-buttons is-content-justification-center is-layout-flex wp-container-core-buttons-is-layout-16018d1d wp-block-buttons-is-layout-flex\">\n<div class=\"wp-block-button\"><a class=\"wp-block-button__link wp-element-button\" href=\"https:\/\/transparenciaelectoral.org\/blog\/wp-content\/uploads\/2025\/04\/Programa-DemoTech-Tucuman-2025-FINAL.pdf\" target=\"_blank\" rel=\"noreferrer noopener\">Descarga aqu\u00ed el programa<\/a><\/div>\n<\/div>\n\n\n\n<div style=\"height:29px\" aria-hidden=\"true\" class=\"wp-block-spacer\"><\/div>\n\n\n\n<p><strong>PANELISTAS<\/strong><\/p>\n\n\n\n<figure class=\"wp-block-image\"><img decoding=\"async\" src=\"https:\/\/lh7-rt.googleusercontent.com\/docsz\/AD_4nXfCgiW9DCBp950LCdD8AbvQj7GCo3D3l62RLG7nDpFPEvrDaS3-THxmZrCBcipFd9V4F9CXuK8_SOkEnFl44x0jz0iLK5_H59LAXPk3grQWY2bfjXxF45s7_c1FrD2fTL8PresB?key=JFihMHHofT7_oWSRGuwM2Oat\" alt=\"\"\/><\/figure>\n\n\n\n<p><strong>Leandro Querido<\/strong> es<strong> <\/strong>Fundador y Director Ejecutivo de Transparencia Electoral. Polit\u00f3logo por la Universidad de Buenos Aires y Mag\u00edster en Derecho Electoral por la Universidad de Castilla-La Mancha. Es autor de los libros<em> As\u00ed se vota en Cuba<\/em>, <em>As\u00ed se vota en Venezuela <\/em>y <em>36 A\u00f1os de Elecciones Presidenciales en Argentina<\/em>, entre otras publicaciones. Ha sido observador electoral de la Organizaci\u00f3n de Estados Americanos (OEA) y Gerente de Relaciones Institucionales del Instituto de Gesti\u00f3n Electoral de la Ciudad Aut\u00f3noma de Buenos Aires.<\/p>\n\n\n\n<figure class=\"wp-block-image is-resized\"><img decoding=\"async\" src=\"https:\/\/lh7-rt.googleusercontent.com\/docsz\/AD_4nXfcZ95nQrncCHYp2XpSGLnn_1W4SuxnGGViV9KGDz73eNwL5RS-nclbXmNK72QeguqCvgrd86cElzfRqn7V9KVxid1VBJvokp0t-A-REU6BDaUGajSr2qu_gweXK6Y0m9vzln1eOw?key=JFihMHHofT7_oWSRGuwM2Oat\" alt=\"\" style=\"width:216px;height:auto\"\/><\/figure>\n\n\n\n<p><strong>Dra. Teresa Ovejero<\/strong>. Presidenta del Tribunal Elctoral de la Provincia de Salta. Presidenta de la Corte de Justicia de Salta. Presidenta del Tribunal de Superintendencia para el Gobierno y disciplina del Notariado. Presidenta del Jurado de Enjuiciamiento de Magistrados y Funcionarios del Poder Judicial y Ministerio P\u00fablico. Representante en la Comisi\u00f3n de seguimiento para la implementaci\u00f3n del Expediente Digital. Miembro del Instituto de Innovaci\u00f3n Tecnol\u00f3gica de Jufejus. Miembro integrante del Foro Federal de Organismos Electorales Provinciales.<\/p>\n\n\n\n<figure class=\"wp-block-image size-large is-resized\"><img fetchpriority=\"high\" decoding=\"async\" width=\"819\" height=\"1024\" src=\"https:\/\/transparenciaelectoral.org\/blog\/wp-content\/uploads\/2025\/04\/image-2-819x1024.png\" alt=\"\" class=\"wp-image-11479\" style=\"width:204px;height:auto\" srcset=\"https:\/\/transparenciaelectoral.org\/blog\/wp-content\/uploads\/2025\/04\/image-2-819x1024.png 819w, https:\/\/transparenciaelectoral.org\/blog\/wp-content\/uploads\/2025\/04\/image-2-240x300.png 240w, https:\/\/transparenciaelectoral.org\/blog\/wp-content\/uploads\/2025\/04\/image-2-768x960.png 768w, https:\/\/transparenciaelectoral.org\/blog\/wp-content\/uploads\/2025\/04\/image-2-1229x1536.png 1229w, https:\/\/transparenciaelectoral.org\/blog\/wp-content\/uploads\/2025\/04\/image-2.png 1280w\" sizes=\"(max-width: 819px) 100vw, 819px\" \/><\/figure>\n\n\n\n<p><strong>Gerardo de Icaza<\/strong>, Director del Departamento de Cooperaci\u00f3n y Observaci\u00f3n Electoral de la OEA. Ha dirigido m\u00e1s de 100 Misiones de Observaci\u00f3n Electoral en 27 pa\u00edses. Fue Subdirector de Normatividad en la Coordinaci\u00f3n del Voto de los Mexicanos Residentes en el Extranjero y Coordinador del Comit\u00e9 T\u00e9cnico de Especialistas para el Voto de los Mexicanos Residentes en el Extranjero en el Instituto Nacional Electoral (INE) de M\u00e9xico. Fue adem\u00e1s Secretario de Estudio y Cuenta, y Jefe de la Unidad de Asuntos Internacionales en el Tribunal Electoral del Poder Judicial de la Federaci\u00f3n (TEPJF) de M\u00e9xico.<\/p>\n\n\n\n<figure class=\"wp-block-image size-full is-resized\"><img decoding=\"async\" width=\"500\" height=\"500\" src=\"https:\/\/transparenciaelectoral.org\/blog\/wp-content\/uploads\/2025\/04\/image-1.png\" alt=\"\" class=\"wp-image-11478\" style=\"width:200px;height:auto\" srcset=\"https:\/\/transparenciaelectoral.org\/blog\/wp-content\/uploads\/2025\/04\/image-1.png 500w, https:\/\/transparenciaelectoral.org\/blog\/wp-content\/uploads\/2025\/04\/image-1-300x300.png 300w, https:\/\/transparenciaelectoral.org\/blog\/wp-content\/uploads\/2025\/04\/image-1-150x150.png 150w\" sizes=\"(max-width: 500px) 100vw, 500px\" \/><\/figure>\n\n\n\n<p><strong>Carlos Aguirre Arias<\/strong>, Consejero del Instituto Electoral y de Participaci\u00f3n Pol\u00edtica de Jalisco. Polit\u00f3logo egresado de la Universidad de Guadalajara y maestro por la Universidad Panamericana. Trabaj\u00f3 en la C\u00e1mara de Senadores en la Secretar\u00eda T\u00e9cnica de la Comisi\u00f3n de Seguimiento a los Procesos Electorales en 2010, siempre cercano a los medios de comunicaci\u00f3n. Es integrante del Colegio Estatal de Estudios Pol\u00edticos y de Gobierno y fue miembro de la organizaci\u00f3n Ciudadanos por Municipios Transparentes.<\/p>\n\n\n\n<figure class=\"wp-block-image size-large is-resized\"><img decoding=\"async\" width=\"1024\" height=\"996\" src=\"https:\/\/transparenciaelectoral.org\/blog\/wp-content\/uploads\/2025\/04\/image-1024x996.png\" alt=\"\" class=\"wp-image-11477\" style=\"width:191px;height:auto\" srcset=\"https:\/\/transparenciaelectoral.org\/blog\/wp-content\/uploads\/2025\/04\/image-1024x996.png 1024w, https:\/\/transparenciaelectoral.org\/blog\/wp-content\/uploads\/2025\/04\/image-300x292.png 300w, https:\/\/transparenciaelectoral.org\/blog\/wp-content\/uploads\/2025\/04\/image-768x747.png 768w, https:\/\/transparenciaelectoral.org\/blog\/wp-content\/uploads\/2025\/04\/image-1536x1494.png 1536w, https:\/\/transparenciaelectoral.org\/blog\/wp-content\/uploads\/2025\/04\/image.png 1600w\" sizes=\"(max-width: 1024px) 100vw, 1024px\" \/><\/figure>\n\n\n\n<p><strong>Andr\u00e9 Puppin Macedo<\/strong>, Desembargador Electoral del Tribunal Regional Electoral del Distrito Federal de Brasilia. Licenciado en Derecho, tiene un posgrado en Derecho Procesal Civil y una Maestr\u00eda y Doctorado en Derecho Constitucional. Ejerce la abogac\u00eda y en el \u00e1mbito acad\u00e9mico se desempe\u00f1a como profesor y coordinador en reconocidas instituciones de educaci\u00f3n superior del Distrito Federal. Es tambi\u00e9n miembro del Instituto Brasile\u00f1o de Derecho Constitucional y fue consejero de la OAB\/DF durante dos mandatos.<\/p>\n\n\n\n<figure class=\"wp-block-image is-resized\"><img decoding=\"async\" src=\"https:\/\/lh7-rt.googleusercontent.com\/docsz\/AD_4nXfGI4LV0YbJ9Non3DzkDFfb0hzaOxwZieKBB6-8e1GhzPoX40nsn2gCsGbENaMm5g5z5aRNcB9ppFUpFryCfc0rTQ4-0oIM5jJyBZSt2V3_bYHsKYT1CslaMp04LdAjzUW7EvmtWw?key=JFihMHHofT7_oWSRGuwM2Oat\" alt=\"\" style=\"width:187px;height:auto\"\/><\/figure>\n\n\n\n<p><strong>Dean C. Logan<\/strong>, Registrador del Condado de Los \u00c1ngeles, California. Licenciado en Liderazgo Organizacional por la Universidad Azusa Pacific y Maestro en Administraci\u00f3n P\u00fablica por la Escuela Evans de Pol\u00edticas P\u00fablicas y Gobernanza de la Universidad de Washington. Es expresidente y miembro de la Asociaci\u00f3n de Secretarios y Funcionarios Electorales de California (CACEO). Forma parte de los consejos asesores del Laboratorio de Datos y Ciencias Electorales del <em>Massachusetts Institute of Technology<\/em> (MIT). Adem\u00e1s, es Vicepresidente para EEUU de la Conferencia Americana de Organismos Electorales por la Transparencia Electoral (CAOESTE).<\/p>\n\n\n\n<p>Desde Transparencia Electoral, saludamos la iniciativa de la Honorable Legislatura de Tucum\u00e1n para promover debates y conversaciones que tengan como objetivo mejorar y fortalecer los procesos democr\u00e1ticos.<\/p>\n\n\n\n<p>Ediciones anteriores de DemoTech:<\/p>\n\n\n\n<p><a href=\"https:\/\/transparenciaelectoral.org\/blog\/transparencia-electoral-celebro-la-i-era-jornada-internacional-demotech-las-democracias-del-presente-y-del-futuro\/\">I Edici\u00f3n &#8211; Ciudad de Buenos Aires, Argentina<\/a><\/p>\n\n\n\n<p><a href=\"https:\/\/transparenciaelectoral.org\/blog\/transparencia-electoral-realizo-la-ii-edicion-de-demotech-en-tierra-del-fuego\/\">II Edici\u00f3n &#8211; Tierra del Fuego, Argentina<\/a><\/p>\n\n\n\n<p><a href=\"https:\/\/transparenciaelectoral.org\/blog\/transparencia-electoral-celebro-la-iii-edicion-de-demotech-en-rio-negro\/\">III Edici\u00f3n &#8211; Viedma, Argentina<\/a><\/p>\n\n\n\n<p><a href=\"https:\/\/transparenciaelectoral.org\/blog\/transparencia-electoral-y-el-instituto-electoral-del-estado-de-mexico-celebraran-la-iv-edicion-de-demotech\/\">IV Edici\u00f3n &#8211; Toluca, M\u00e9xico<\/a><\/p>\n\n\n\n<p><a href=\"https:\/\/transparenciaelectoral.org\/blog\/transparencia-electoral-celebro-la-v-edicion-de-demotech-junto-a-la-registraduria-nacional-de-colombia\/\">V Edici\u00f3n &#8211; Bogot\u00e1, Colombia (Virtual)<\/a><\/p>\n\n\n\n<p><a href=\"https:\/\/transparenciaelectoral.org\/demotech\/celebrado-el-vi-demotech-internacional-en-el-estado-de-coahuila-en-mexico\/\">VI Edici\u00f3n &#8211; Coahuila, M\u00e9xico<\/a><\/p>\n\n\n\n<p><a href=\"https:\/\/transparenciaelectoral.org\/demotech\/dia-internacional-de-la-democracia-2022-se-celebro-el-vii-demotech-internacional-en-buenos-aires\/\">VII Edici\u00f3n &#8211; Ciudad de Buenos Aires, Argentina<\/a><\/p>\n","protected":false},"excerpt":{"rendered":"<p>DemoTech, una iniciativa de Transparencia Electoral que promueve el debate sobre la incorporaci\u00f3n responsable de tecnolog\u00eda en procesos electorales democr\u00e1ticos, celebra el 23 de abril de 2025 la VIII Edici\u00f3n de DemoTech Internacional en San Miguel de Tucum\u00e1n, Argentina. En el marco del debate sobre una potencial reforma electoral que se promueve desde el Gobierno &hellip;<\/p>\n","protected":false},"author":7,"featured_media":11472,"comment_status":"closed","ping_status":"open","sticky":false,"template":"","format":"standard","meta":{"footnotes":""},"categories":[98,332,100],"tags":[],"class_list":["post-11469","post","type-post","status-publish","format-standard","has-post-thumbnail","hentry","category-argentina","category-espanol-","category-noticias"],"yoast_head":"<!-- This site is optimized with the Yoast SEO plugin v27.5 - https:\/\/yoast.com\/product\/yoast-seo-wordpress\/ -->\n<title>VIII DemoTech Internacional - Transparencia Electoral<\/title>\n<meta name=\"robots\" content=\"index, follow, max-snippet:-1, max-image-preview:large, max-video-preview:-1\" \/>\n<link rel=\"canonical\" href=\"https:\/\/transparenciaelectoral.org\/blog\/viii-demotech-internacional\/\" \/>\n<meta property=\"og:locale\" content=\"es_ES\" \/>\n<meta property=\"og:type\" content=\"article\" \/>\n<meta property=\"og:title\" content=\"VIII DemoTech Internacional - Transparencia Electoral\" \/>\n<meta property=\"og:description\" content=\"DemoTech, una iniciativa de Transparencia Electoral que promueve el debate sobre la incorporaci\u00f3n responsable de tecnolog\u00eda en procesos electorales democr\u00e1ticos, celebra el 23 de abril de 2025 la VIII Edici\u00f3n de DemoTech Internacional en San Miguel de Tucum\u00e1n, Argentina. En el marco del debate sobre una potencial reforma electoral que se promueve desde el Gobierno &hellip;\" \/>\n<meta property=\"og:url\" content=\"https:\/\/transparenciaelectoral.org\/blog\/viii-demotech-internacional\/\" \/>\n<meta property=\"og:site_name\" content=\"Transparencia Electoral\" \/>\n<meta property=\"article:publisher\" content=\"https:\/\/www.facebook.com\/Transparencia-Electoral-en-Am%c3%a9rica-latina-171661009688456\/\" \/>\n<meta property=\"article:published_time\" content=\"2025-04-22T23:04:13+00:00\" \/>\n<meta property=\"article:modified_time\" content=\"2025-07-27T04:52:59+00:00\" \/>\n<meta property=\"og:image\" content=\"https:\/\/transparenciaelectoral.org\/blog\/wp-content\/uploads\/2025\/04\/CARPETA-EVENTO-copy-scaled.jpg\" \/>\n\t<meta property=\"og:image:width\" content=\"2077\" \/>\n\t<meta property=\"og:image:height\" content=\"2560\" \/>\n\t<meta property=\"og:image:type\" content=\"image\/jpeg\" \/>\n<meta name=\"author\" content=\"TransparenciaElectoral\" \/>\n<meta name=\"twitter:card\" content=\"summary_large_image\" \/>\n<meta name=\"twitter:creator\" content=\"@TransparenciaAL\" \/>\n<meta name=\"twitter:site\" content=\"@TransparenciaAL\" \/>\n<meta name=\"twitter:label1\" content=\"Escrito por\" \/>\n\t<meta name=\"twitter:data1\" content=\"TransparenciaElectoral\" \/>\n\t<meta name=\"twitter:label2\" content=\"Tiempo de lectura\" \/>\n\t<meta name=\"twitter:data2\" content=\"6 minutos\" \/>\n<script type=\"application\/ld+json\" class=\"yoast-schema-graph\">{\"@context\":\"https:\\\/\\\/schema.org\",\"@graph\":[{\"@type\":\"Article\",\"@id\":\"https:\\\/\\\/transparenciaelectoral.org\\\/blog\\\/viii-demotech-internacional\\\/#article\",\"isPartOf\":{\"@id\":\"https:\\\/\\\/transparenciaelectoral.org\\\/blog\\\/viii-demotech-internacional\\\/\"},\"author\":{\"name\":\"TransparenciaElectoral\",\"@id\":\"https:\\\/\\\/transparenciaelectoral.org\\\/blog\\\/#\\\/schema\\\/person\\\/0f389e12ebd4f2b88bd5194dafb02213\"},\"headline\":\"VIII DemoTech Internacional\",\"datePublished\":\"2025-04-22T23:04:13+00:00\",\"dateModified\":\"2025-07-27T04:52:59+00:00\",\"mainEntityOfPage\":{\"@id\":\"https:\\\/\\\/transparenciaelectoral.org\\\/blog\\\/viii-demotech-internacional\\\/\"},\"wordCount\":1077,\"image\":{\"@id\":\"https:\\\/\\\/transparenciaelectoral.org\\\/blog\\\/viii-demotech-internacional\\\/#primaryimage\"},\"thumbnailUrl\":\"https:\\\/\\\/transparenciaelectoral.org\\\/blog\\\/wp-content\\\/uploads\\\/2025\\\/04\\\/CARPETA-EVENTO-copy-scaled.jpg\",\"articleSection\":[\"Argentina \ud83c\udde6\ud83c\uddf7\",\"Espa\u00f1ol \ud83c\uddea\ud83c\uddf8\",\"Noticias\"],\"inLanguage\":\"es\"},{\"@type\":\"WebPage\",\"@id\":\"https:\\\/\\\/transparenciaelectoral.org\\\/blog\\\/viii-demotech-internacional\\\/\",\"url\":\"https:\\\/\\\/transparenciaelectoral.org\\\/blog\\\/viii-demotech-internacional\\\/\",\"name\":\"VIII DemoTech Internacional - Transparencia Electoral\",\"isPartOf\":{\"@id\":\"https:\\\/\\\/transparenciaelectoral.org\\\/blog\\\/#website\"},\"primaryImageOfPage\":{\"@id\":\"https:\\\/\\\/transparenciaelectoral.org\\\/blog\\\/viii-demotech-internacional\\\/#primaryimage\"},\"image\":{\"@id\":\"https:\\\/\\\/transparenciaelectoral.org\\\/blog\\\/viii-demotech-internacional\\\/#primaryimage\"},\"thumbnailUrl\":\"https:\\\/\\\/transparenciaelectoral.org\\\/blog\\\/wp-content\\\/uploads\\\/2025\\\/04\\\/CARPETA-EVENTO-copy-scaled.jpg\",\"datePublished\":\"2025-04-22T23:04:13+00:00\",\"dateModified\":\"2025-07-27T04:52:59+00:00\",\"author\":{\"@id\":\"https:\\\/\\\/transparenciaelectoral.org\\\/blog\\\/#\\\/schema\\\/person\\\/0f389e12ebd4f2b88bd5194dafb02213\"},\"breadcrumb\":{\"@id\":\"https:\\\/\\\/transparenciaelectoral.org\\\/blog\\\/viii-demotech-internacional\\\/#breadcrumb\"},\"inLanguage\":\"es\",\"potentialAction\":[{\"@type\":\"ReadAction\",\"target\":[\"https:\\\/\\\/transparenciaelectoral.org\\\/blog\\\/viii-demotech-internacional\\\/\"]}]},{\"@type\":\"ImageObject\",\"inLanguage\":\"es\",\"@id\":\"https:\\\/\\\/transparenciaelectoral.org\\\/blog\\\/viii-demotech-internacional\\\/#primaryimage\",\"url\":\"https:\\\/\\\/transparenciaelectoral.org\\\/blog\\\/wp-content\\\/uploads\\\/2025\\\/04\\\/CARPETA-EVENTO-copy-scaled.jpg\",\"contentUrl\":\"https:\\\/\\\/transparenciaelectoral.org\\\/blog\\\/wp-content\\\/uploads\\\/2025\\\/04\\\/CARPETA-EVENTO-copy-scaled.jpg\",\"width\":2077,\"height\":2560},{\"@type\":\"BreadcrumbList\",\"@id\":\"https:\\\/\\\/transparenciaelectoral.org\\\/blog\\\/viii-demotech-internacional\\\/#breadcrumb\",\"itemListElement\":[{\"@type\":\"ListItem\",\"position\":1,\"name\":\"Portada\",\"item\":\"https:\\\/\\\/transparenciaelectoral.org\\\/blog\\\/\"},{\"@type\":\"ListItem\",\"position\":2,\"name\":\"VIII DemoTech Internacional\"}]},{\"@type\":\"WebSite\",\"@id\":\"https:\\\/\\\/transparenciaelectoral.org\\\/blog\\\/#website\",\"url\":\"https:\\\/\\\/transparenciaelectoral.org\\\/blog\\\/\",\"name\":\"Transparencia Electoral\",\"description\":\"\",\"potentialAction\":[{\"@type\":\"SearchAction\",\"target\":{\"@type\":\"EntryPoint\",\"urlTemplate\":\"https:\\\/\\\/transparenciaelectoral.org\\\/blog\\\/?s={search_term_string}\"},\"query-input\":{\"@type\":\"PropertyValueSpecification\",\"valueRequired\":true,\"valueName\":\"search_term_string\"}}],\"inLanguage\":\"es\"},{\"@type\":\"Person\",\"@id\":\"https:\\\/\\\/transparenciaelectoral.org\\\/blog\\\/#\\\/schema\\\/person\\\/0f389e12ebd4f2b88bd5194dafb02213\",\"name\":\"TransparenciaElectoral\",\"sameAs\":[\"https:\\\/\\\/transparenciaelectoral.org\\\/blog\"]}]}<\/script>\n<!-- \/ Yoast SEO plugin. -->","yoast_head_json":{"title":"VIII DemoTech Internacional - Transparencia Electoral","robots":{"index":"index","follow":"follow","max-snippet":"max-snippet:-1","max-image-preview":"max-image-preview:large","max-video-preview":"max-video-preview:-1"},"canonical":"https:\/\/transparenciaelectoral.org\/blog\/viii-demotech-internacional\/","og_locale":"es_ES","og_type":"article","og_title":"VIII DemoTech Internacional - Transparencia Electoral","og_description":"DemoTech, una iniciativa de Transparencia Electoral que promueve el debate sobre la incorporaci\u00f3n responsable de tecnolog\u00eda en procesos electorales democr\u00e1ticos, celebra el 23 de abril de 2025 la VIII Edici\u00f3n de DemoTech Internacional en San Miguel de Tucum\u00e1n, Argentina. En el marco del debate sobre una potencial reforma electoral que se promueve desde el Gobierno &hellip;","og_url":"https:\/\/transparenciaelectoral.org\/blog\/viii-demotech-internacional\/","og_site_name":"Transparencia Electoral","article_publisher":"https:\/\/www.facebook.com\/Transparencia-Electoral-en-Am%c3%a9rica-latina-171661009688456\/","article_published_time":"2025-04-22T23:04:13+00:00","article_modified_time":"2025-07-27T04:52:59+00:00","og_image":[{"width":2077,"height":2560,"url":"https:\/\/transparenciaelectoral.org\/blog\/wp-content\/uploads\/2025\/04\/CARPETA-EVENTO-copy-scaled.jpg","type":"image\/jpeg"}],"author":"TransparenciaElectoral","twitter_card":"summary_large_image","twitter_creator":"@TransparenciaAL","twitter_site":"@TransparenciaAL","twitter_misc":{"Escrito por":"TransparenciaElectoral","Tiempo de lectura":"6 minutos"},"schema":{"@context":"https:\/\/schema.org","@graph":[{"@type":"Article","@id":"https:\/\/transparenciaelectoral.org\/blog\/viii-demotech-internacional\/#article","isPartOf":{"@id":"https:\/\/transparenciaelectoral.org\/blog\/viii-demotech-internacional\/"},"author":{"name":"TransparenciaElectoral","@id":"https:\/\/transparenciaelectoral.org\/blog\/#\/schema\/person\/0f389e12ebd4f2b88bd5194dafb02213"},"headline":"VIII DemoTech Internacional","datePublished":"2025-04-22T23:04:13+00:00","dateModified":"2025-07-27T04:52:59+00:00","mainEntityOfPage":{"@id":"https:\/\/transparenciaelectoral.org\/blog\/viii-demotech-internacional\/"},"wordCount":1077,"image":{"@id":"https:\/\/transparenciaelectoral.org\/blog\/viii-demotech-internacional\/#primaryimage"},"thumbnailUrl":"https:\/\/transparenciaelectoral.org\/blog\/wp-content\/uploads\/2025\/04\/CARPETA-EVENTO-copy-scaled.jpg","articleSection":["Argentina \ud83c\udde6\ud83c\uddf7","Espa\u00f1ol \ud83c\uddea\ud83c\uddf8","Noticias"],"inLanguage":"es"},{"@type":"WebPage","@id":"https:\/\/transparenciaelectoral.org\/blog\/viii-demotech-internacional\/","url":"https:\/\/transparenciaelectoral.org\/blog\/viii-demotech-internacional\/","name":"VIII DemoTech Internacional - Transparencia Electoral","isPartOf":{"@id":"https:\/\/transparenciaelectoral.org\/blog\/#website"},"primaryImageOfPage":{"@id":"https:\/\/transparenciaelectoral.org\/blog\/viii-demotech-internacional\/#primaryimage"},"image":{"@id":"https:\/\/transparenciaelectoral.org\/blog\/viii-demotech-internacional\/#primaryimage"},"thumbnailUrl":"https:\/\/transparenciaelectoral.org\/blog\/wp-content\/uploads\/2025\/04\/CARPETA-EVENTO-copy-scaled.jpg","datePublished":"2025-04-22T23:04:13+00:00","dateModified":"2025-07-27T04:52:59+00:00","author":{"@id":"https:\/\/transparenciaelectoral.org\/blog\/#\/schema\/person\/0f389e12ebd4f2b88bd5194dafb02213"},"breadcrumb":{"@id":"https:\/\/transparenciaelectoral.org\/blog\/viii-demotech-internacional\/#breadcrumb"},"inLanguage":"es","potentialAction":[{"@type":"ReadAction","target":["https:\/\/transparenciaelectoral.org\/blog\/viii-demotech-internacional\/"]}]},{"@type":"ImageObject","inLanguage":"es","@id":"https:\/\/transparenciaelectoral.org\/blog\/viii-demotech-internacional\/#primaryimage","url":"https:\/\/transparenciaelectoral.org\/blog\/wp-content\/uploads\/2025\/04\/CARPETA-EVENTO-copy-scaled.jpg","contentUrl":"https:\/\/transparenciaelectoral.org\/blog\/wp-content\/uploads\/2025\/04\/CARPETA-EVENTO-copy-scaled.jpg","width":2077,"height":2560},{"@type":"BreadcrumbList","@id":"https:\/\/transparenciaelectoral.org\/blog\/viii-demotech-internacional\/#breadcrumb","itemListElement":[{"@type":"ListItem","position":1,"name":"Portada","item":"https:\/\/transparenciaelectoral.org\/blog\/"},{"@type":"ListItem","position":2,"name":"VIII DemoTech Internacional"}]},{"@type":"WebSite","@id":"https:\/\/transparenciaelectoral.org\/blog\/#website","url":"https:\/\/transparenciaelectoral.org\/blog\/","name":"Transparencia Electoral","description":"","potentialAction":[{"@type":"SearchAction","target":{"@type":"EntryPoint","urlTemplate":"https:\/\/transparenciaelectoral.org\/blog\/?s={search_term_string}"},"query-input":{"@type":"PropertyValueSpecification","valueRequired":true,"valueName":"search_term_string"}}],"inLanguage":"es"},{"@type":"Person","@id":"https:\/\/transparenciaelectoral.org\/blog\/#\/schema\/person\/0f389e12ebd4f2b88bd5194dafb02213","name":"TransparenciaElectoral","sameAs":["https:\/\/transparenciaelectoral.org\/blog"]}]}},"_links":{"self":[{"href":"https:\/\/transparenciaelectoral.org\/blog\/wp-json\/wp\/v2\/posts\/11469","targetHints":{"allow":["GET"]}}],"collection":[{"href":"https:\/\/transparenciaelectoral.org\/blog\/wp-json\/wp\/v2\/posts"}],"about":[{"href":"https:\/\/transparenciaelectoral.org\/blog\/wp-json\/wp\/v2\/types\/post"}],"author":[{"embeddable":true,"href":"https:\/\/transparenciaelectoral.org\/blog\/wp-json\/wp\/v2\/users\/7"}],"replies":[{"embeddable":true,"href":"https:\/\/transparenciaelectoral.org\/blog\/wp-json\/wp\/v2\/comments?post=11469"}],"version-history":[{"count":4,"href":"https:\/\/transparenciaelectoral.org\/blog\/wp-json\/wp\/v2\/posts\/11469\/revisions"}],"predecessor-version":[{"id":11480,"href":"https:\/\/transparenciaelectoral.org\/blog\/wp-json\/wp\/v2\/posts\/11469\/revisions\/11480"}],"wp:featuredmedia":[{"embeddable":true,"href":"https:\/\/transparenciaelectoral.org\/blog\/wp-json\/wp\/v2\/media\/11472"}],"wp:attachment":[{"href":"https:\/\/transparenciaelectoral.org\/blog\/wp-json\/wp\/v2\/media?parent=11469"}],"wp:term":[{"taxonomy":"category","embeddable":true,"href":"https:\/\/transparenciaelectoral.org\/blog\/wp-json\/wp\/v2\/categories?post=11469"},{"taxonomy":"post_tag","embeddable":true,"href":"https:\/\/transparenciaelectoral.org\/blog\/wp-json\/wp\/v2\/tags?post=11469"}],"curies":[{"name":"wp","href":"https:\/\/api.w.org\/{rel}","templated":true}]}}