{"id":11466,"date":"2025-04-15T15:09:11","date_gmt":"2025-04-15T18:09:11","guid":{"rendered":"https:\/\/transparenciaelectoral.org\/blog\/?p=11466"},"modified":"2025-07-27T01:52:59","modified_gmt":"2025-07-27T04:52:59","slug":"transparencia-electoral-lanza-convocatoria-para-su-revista-mensual-transparencia-electoral-review","status":"publish","type":"post","link":"https:\/\/transparenciaelectoral.org\/blog\/transparencia-electoral-lanza-convocatoria-para-su-revista-mensual-transparencia-electoral-review\/","title":{"rendered":"Transparencia Electoral lanza convocatoria para su revista mensual \u201cTransparencia Electoral Review\u201d"},"content":{"rendered":"\n<p>Transparencia Electoral, junto con sus programas DemoAmlat y la Conferencia Americana de Organismos Electorales Subnacionales (CAOESTE), invita a investigadores, especialistas y profesionales del \u00e1mbito electoral y de derechos humanos a participar en una nueva convocatoria abierta para la revista <em>Transparencia Electoral Review<\/em>.<\/p>\n\n\n\n<p>Esta publicaci\u00f3n mensual tiene como objetivo fomentar el debate sobre democracia, procesos electorales y derechos humanos, a trav\u00e9s de art\u00edculos de car\u00e1cter divulgativo. Los textos seleccionados ser\u00e1n difundidos a trav\u00e9s del sitio web y redes sociales de Transparencia Electoral y sus programas aliados.<\/p>\n\n\n\n<p>Los interesados deben completar el siguiente formulario para recibir las instrucciones editoriales y las fechas de entrega. Esta iniciativa representa una oportunidad para visibilizar experiencias y reflexiones sobre los desaf\u00edos democr\u00e1ticos en Am\u00e9rica Latina.<\/p>\n\n\n\n<div class=\"wp-block-buttons is-layout-flex wp-block-buttons-is-layout-flex\">\n<div class=\"wp-block-button\"><a class=\"wp-block-button__link wp-element-button\" href=\"https:\/\/docs.google.com\/forms\/d\/e\/1FAIpQLSeJ_dDEojMT9QzdhQNyi7qCiItWYGb8-OS4wVqn1hYJo01vOQ\/viewform\">\u00a1Participa de esta convocatoria abierta!<\/a><\/div>\n<\/div>\n","protected":false},"excerpt":{"rendered":"<p>Transparencia Electoral, junto con sus programas DemoAmlat y la Conferencia Americana de Organismos Electorales Subnacionales (CAOESTE), invita a investigadores, especialistas y profesionales del \u00e1mbito electoral y de derechos humanos a participar en una nueva convocatoria abierta para la revista Transparencia Electoral Review. Esta publicaci\u00f3n mensual tiene como objetivo fomentar el debate sobre democracia, procesos electorales &hellip;<\/p>\n","protected":false},"author":6,"featured_media":11467,"comment_status":"closed","ping_status":"open","sticky":false,"template":"","format":"standard","meta":{"footnotes":""},"categories":[100],"tags":[],"class_list":["post-11466","post","type-post","status-publish","format-standard","has-post-thumbnail","hentry","category-noticias"],"yoast_head":"<!-- This site is optimized with the Yoast SEO plugin v27.5 - https:\/\/yoast.com\/product\/yoast-seo-wordpress\/ -->\n<title>Transparencia Electoral lanza convocatoria para su revista mensual \u201cTransparencia Electoral Review\u201d - Transparencia Electoral<\/title>\n<meta name=\"robots\" content=\"index, follow, max-snippet:-1, max-image-preview:large, max-video-preview:-1\" \/>\n<link rel=\"canonical\" href=\"https:\/\/transparenciaelectoral.org\/blog\/transparencia-electoral-lanza-convocatoria-para-su-revista-mensual-transparencia-electoral-review\/\" \/>\n<meta property=\"og:locale\" content=\"es_ES\" \/>\n<meta property=\"og:type\" content=\"article\" \/>\n<meta property=\"og:title\" content=\"Transparencia Electoral lanza convocatoria para su revista mensual \u201cTransparencia Electoral Review\u201d - Transparencia Electoral\" \/>\n<meta property=\"og:description\" content=\"Transparencia Electoral, junto con sus programas DemoAmlat y la Conferencia Americana de Organismos Electorales Subnacionales (CAOESTE), invita a investigadores, especialistas y profesionales del \u00e1mbito electoral y de derechos humanos a participar en una nueva convocatoria abierta para la revista Transparencia Electoral Review. Esta publicaci\u00f3n mensual tiene como objetivo fomentar el debate sobre democracia, procesos electorales &hellip;\" \/>\n<meta property=\"og:url\" content=\"https:\/\/transparenciaelectoral.org\/blog\/transparencia-electoral-lanza-convocatoria-para-su-revista-mensual-transparencia-electoral-review\/\" \/>\n<meta property=\"og:site_name\" content=\"Transparencia Electoral\" \/>\n<meta property=\"article:publisher\" content=\"https:\/\/www.facebook.com\/Transparencia-Electoral-en-Am%c3%a9rica-latina-171661009688456\/\" \/>\n<meta property=\"article:published_time\" content=\"2025-04-15T18:09:11+00:00\" \/>\n<meta property=\"article:modified_time\" content=\"2025-07-27T04:52:59+00:00\" \/>\n<meta property=\"og:image\" content=\"https:\/\/transparenciaelectoral.org\/blog\/wp-content\/uploads\/2025\/04\/Imagen-de-WhatsApp-2025-04-15-a-las-14.01.36_8f3400ec.jpg\" \/>\n\t<meta property=\"og:image:width\" content=\"864\" \/>\n\t<meta property=\"og:image:height\" content=\"1080\" \/>\n\t<meta property=\"og:image:type\" content=\"image\/jpeg\" \/>\n<meta name=\"author\" content=\"Transparencia Electoral\" \/>\n<meta name=\"twitter:card\" content=\"summary_large_image\" \/>\n<meta name=\"twitter:creator\" content=\"@TransparenciaAL\" \/>\n<meta name=\"twitter:site\" content=\"@TransparenciaAL\" \/>\n<meta name=\"twitter:label1\" content=\"Escrito por\" \/>\n\t<meta name=\"twitter:data1\" content=\"Transparencia Electoral\" \/>\n\t<meta name=\"twitter:label2\" content=\"Tiempo de lectura\" \/>\n\t<meta name=\"twitter:data2\" content=\"1 minuto\" \/>\n<script type=\"application\/ld+json\" class=\"yoast-schema-graph\">{\"@context\":\"https:\\\/\\\/schema.org\",\"@graph\":[{\"@type\":\"Article\",\"@id\":\"https:\\\/\\\/transparenciaelectoral.org\\\/blog\\\/transparencia-electoral-lanza-convocatoria-para-su-revista-mensual-transparencia-electoral-review\\\/#article\",\"isPartOf\":{\"@id\":\"https:\\\/\\\/transparenciaelectoral.org\\\/blog\\\/transparencia-electoral-lanza-convocatoria-para-su-revista-mensual-transparencia-electoral-review\\\/\"},\"author\":{\"name\":\"Transparencia Electoral\",\"@id\":\"https:\\\/\\\/transparenciaelectoral.org\\\/blog\\\/#\\\/schema\\\/person\\\/63a97f81afd2c3820c6d9f262e27fe50\"},\"headline\":\"Transparencia Electoral lanza convocatoria para su revista mensual \u201cTransparencia Electoral Review\u201d\",\"datePublished\":\"2025-04-15T18:09:11+00:00\",\"dateModified\":\"2025-07-27T04:52:59+00:00\",\"mainEntityOfPage\":{\"@id\":\"https:\\\/\\\/transparenciaelectoral.org\\\/blog\\\/transparencia-electoral-lanza-convocatoria-para-su-revista-mensual-transparencia-electoral-review\\\/\"},\"wordCount\":144,\"image\":{\"@id\":\"https:\\\/\\\/transparenciaelectoral.org\\\/blog\\\/transparencia-electoral-lanza-convocatoria-para-su-revista-mensual-transparencia-electoral-review\\\/#primaryimage\"},\"thumbnailUrl\":\"https:\\\/\\\/transparenciaelectoral.org\\\/blog\\\/wp-content\\\/uploads\\\/2025\\\/04\\\/Imagen-de-WhatsApp-2025-04-15-a-las-14.01.36_8f3400ec.jpg\",\"articleSection\":[\"Noticias\"],\"inLanguage\":\"es\"},{\"@type\":\"WebPage\",\"@id\":\"https:\\\/\\\/transparenciaelectoral.org\\\/blog\\\/transparencia-electoral-lanza-convocatoria-para-su-revista-mensual-transparencia-electoral-review\\\/\",\"url\":\"https:\\\/\\\/transparenciaelectoral.org\\\/blog\\\/transparencia-electoral-lanza-convocatoria-para-su-revista-mensual-transparencia-electoral-review\\\/\",\"name\":\"Transparencia Electoral lanza convocatoria para su revista mensual \u201cTransparencia Electoral Review\u201d - Transparencia Electoral\",\"isPartOf\":{\"@id\":\"https:\\\/\\\/transparenciaelectoral.org\\\/blog\\\/#website\"},\"primaryImageOfPage\":{\"@id\":\"https:\\\/\\\/transparenciaelectoral.org\\\/blog\\\/transparencia-electoral-lanza-convocatoria-para-su-revista-mensual-transparencia-electoral-review\\\/#primaryimage\"},\"image\":{\"@id\":\"https:\\\/\\\/transparenciaelectoral.org\\\/blog\\\/transparencia-electoral-lanza-convocatoria-para-su-revista-mensual-transparencia-electoral-review\\\/#primaryimage\"},\"thumbnailUrl\":\"https:\\\/\\\/transparenciaelectoral.org\\\/blog\\\/wp-content\\\/uploads\\\/2025\\\/04\\\/Imagen-de-WhatsApp-2025-04-15-a-las-14.01.36_8f3400ec.jpg\",\"datePublished\":\"2025-04-15T18:09:11+00:00\",\"dateModified\":\"2025-07-27T04:52:59+00:00\",\"author\":{\"@id\":\"https:\\\/\\\/transparenciaelectoral.org\\\/blog\\\/#\\\/schema\\\/person\\\/63a97f81afd2c3820c6d9f262e27fe50\"},\"breadcrumb\":{\"@id\":\"https:\\\/\\\/transparenciaelectoral.org\\\/blog\\\/transparencia-electoral-lanza-convocatoria-para-su-revista-mensual-transparencia-electoral-review\\\/#breadcrumb\"},\"inLanguage\":\"es\",\"potentialAction\":[{\"@type\":\"ReadAction\",\"target\":[\"https:\\\/\\\/transparenciaelectoral.org\\\/blog\\\/transparencia-electoral-lanza-convocatoria-para-su-revista-mensual-transparencia-electoral-review\\\/\"]}]},{\"@type\":\"ImageObject\",\"inLanguage\":\"es\",\"@id\":\"https:\\\/\\\/transparenciaelectoral.org\\\/blog\\\/transparencia-electoral-lanza-convocatoria-para-su-revista-mensual-transparencia-electoral-review\\\/#primaryimage\",\"url\":\"https:\\\/\\\/transparenciaelectoral.org\\\/blog\\\/wp-content\\\/uploads\\\/2025\\\/04\\\/Imagen-de-WhatsApp-2025-04-15-a-las-14.01.36_8f3400ec.jpg\",\"contentUrl\":\"https:\\\/\\\/transparenciaelectoral.org\\\/blog\\\/wp-content\\\/uploads\\\/2025\\\/04\\\/Imagen-de-WhatsApp-2025-04-15-a-las-14.01.36_8f3400ec.jpg\",\"width\":864,\"height\":1080},{\"@type\":\"BreadcrumbList\",\"@id\":\"https:\\\/\\\/transparenciaelectoral.org\\\/blog\\\/transparencia-electoral-lanza-convocatoria-para-su-revista-mensual-transparencia-electoral-review\\\/#breadcrumb\",\"itemListElement\":[{\"@type\":\"ListItem\",\"position\":1,\"name\":\"Portada\",\"item\":\"https:\\\/\\\/transparenciaelectoral.org\\\/blog\\\/\"},{\"@type\":\"ListItem\",\"position\":2,\"name\":\"Transparencia Electoral lanza convocatoria para su revista mensual \u201cTransparencia Electoral Review\u201d\"}]},{\"@type\":\"WebSite\",\"@id\":\"https:\\\/\\\/transparenciaelectoral.org\\\/blog\\\/#website\",\"url\":\"https:\\\/\\\/transparenciaelectoral.org\\\/blog\\\/\",\"name\":\"Transparencia Electoral\",\"description\":\"\",\"potentialAction\":[{\"@type\":\"SearchAction\",\"target\":{\"@type\":\"EntryPoint\",\"urlTemplate\":\"https:\\\/\\\/transparenciaelectoral.org\\\/blog\\\/?s={search_term_string}\"},\"query-input\":{\"@type\":\"PropertyValueSpecification\",\"valueRequired\":true,\"valueName\":\"search_term_string\"}}],\"inLanguage\":\"es\"},{\"@type\":\"Person\",\"@id\":\"https:\\\/\\\/transparenciaelectoral.org\\\/blog\\\/#\\\/schema\\\/person\\\/63a97f81afd2c3820c6d9f262e27fe50\",\"name\":\"Transparencia Electoral\",\"sameAs\":[\"https:\\\/\\\/transparenciaelectoral.org\\\/blog\\\/\"]}]}<\/script>\n<!-- \/ Yoast SEO plugin. -->","yoast_head_json":{"title":"Transparencia Electoral lanza convocatoria para su revista mensual \u201cTransparencia Electoral Review\u201d - Transparencia Electoral","robots":{"index":"index","follow":"follow","max-snippet":"max-snippet:-1","max-image-preview":"max-image-preview:large","max-video-preview":"max-video-preview:-1"},"canonical":"https:\/\/transparenciaelectoral.org\/blog\/transparencia-electoral-lanza-convocatoria-para-su-revista-mensual-transparencia-electoral-review\/","og_locale":"es_ES","og_type":"article","og_title":"Transparencia Electoral lanza convocatoria para su revista mensual \u201cTransparencia Electoral Review\u201d - Transparencia Electoral","og_description":"Transparencia Electoral, junto con sus programas DemoAmlat y la Conferencia Americana de Organismos Electorales Subnacionales (CAOESTE), invita a investigadores, especialistas y profesionales del \u00e1mbito electoral y de derechos humanos a participar en una nueva convocatoria abierta para la revista Transparencia Electoral Review. Esta publicaci\u00f3n mensual tiene como objetivo fomentar el debate sobre democracia, procesos electorales &hellip;","og_url":"https:\/\/transparenciaelectoral.org\/blog\/transparencia-electoral-lanza-convocatoria-para-su-revista-mensual-transparencia-electoral-review\/","og_site_name":"Transparencia Electoral","article_publisher":"https:\/\/www.facebook.com\/Transparencia-Electoral-en-Am%c3%a9rica-latina-171661009688456\/","article_published_time":"2025-04-15T18:09:11+00:00","article_modified_time":"2025-07-27T04:52:59+00:00","og_image":[{"width":864,"height":1080,"url":"https:\/\/transparenciaelectoral.org\/blog\/wp-content\/uploads\/2025\/04\/Imagen-de-WhatsApp-2025-04-15-a-las-14.01.36_8f3400ec.jpg","type":"image\/jpeg"}],"author":"Transparencia Electoral","twitter_card":"summary_large_image","twitter_creator":"@TransparenciaAL","twitter_site":"@TransparenciaAL","twitter_misc":{"Escrito por":"Transparencia Electoral","Tiempo de lectura":"1 minuto"},"schema":{"@context":"https:\/\/schema.org","@graph":[{"@type":"Article","@id":"https:\/\/transparenciaelectoral.org\/blog\/transparencia-electoral-lanza-convocatoria-para-su-revista-mensual-transparencia-electoral-review\/#article","isPartOf":{"@id":"https:\/\/transparenciaelectoral.org\/blog\/transparencia-electoral-lanza-convocatoria-para-su-revista-mensual-transparencia-electoral-review\/"},"author":{"name":"Transparencia Electoral","@id":"https:\/\/transparenciaelectoral.org\/blog\/#\/schema\/person\/63a97f81afd2c3820c6d9f262e27fe50"},"headline":"Transparencia Electoral lanza convocatoria para su revista mensual \u201cTransparencia Electoral Review\u201d","datePublished":"2025-04-15T18:09:11+00:00","dateModified":"2025-07-27T04:52:59+00:00","mainEntityOfPage":{"@id":"https:\/\/transparenciaelectoral.org\/blog\/transparencia-electoral-lanza-convocatoria-para-su-revista-mensual-transparencia-electoral-review\/"},"wordCount":144,"image":{"@id":"https:\/\/transparenciaelectoral.org\/blog\/transparencia-electoral-lanza-convocatoria-para-su-revista-mensual-transparencia-electoral-review\/#primaryimage"},"thumbnailUrl":"https:\/\/transparenciaelectoral.org\/blog\/wp-content\/uploads\/2025\/04\/Imagen-de-WhatsApp-2025-04-15-a-las-14.01.36_8f3400ec.jpg","articleSection":["Noticias"],"inLanguage":"es"},{"@type":"WebPage","@id":"https:\/\/transparenciaelectoral.org\/blog\/transparencia-electoral-lanza-convocatoria-para-su-revista-mensual-transparencia-electoral-review\/","url":"https:\/\/transparenciaelectoral.org\/blog\/transparencia-electoral-lanza-convocatoria-para-su-revista-mensual-transparencia-electoral-review\/","name":"Transparencia Electoral lanza convocatoria para su revista mensual \u201cTransparencia Electoral Review\u201d - Transparencia Electoral","isPartOf":{"@id":"https:\/\/transparenciaelectoral.org\/blog\/#website"},"primaryImageOfPage":{"@id":"https:\/\/transparenciaelectoral.org\/blog\/transparencia-electoral-lanza-convocatoria-para-su-revista-mensual-transparencia-electoral-review\/#primaryimage"},"image":{"@id":"https:\/\/transparenciaelectoral.org\/blog\/transparencia-electoral-lanza-convocatoria-para-su-revista-mensual-transparencia-electoral-review\/#primaryimage"},"thumbnailUrl":"https:\/\/transparenciaelectoral.org\/blog\/wp-content\/uploads\/2025\/04\/Imagen-de-WhatsApp-2025-04-15-a-las-14.01.36_8f3400ec.jpg","datePublished":"2025-04-15T18:09:11+00:00","dateModified":"2025-07-27T04:52:59+00:00","author":{"@id":"https:\/\/transparenciaelectoral.org\/blog\/#\/schema\/person\/63a97f81afd2c3820c6d9f262e27fe50"},"breadcrumb":{"@id":"https:\/\/transparenciaelectoral.org\/blog\/transparencia-electoral-lanza-convocatoria-para-su-revista-mensual-transparencia-electoral-review\/#breadcrumb"},"inLanguage":"es","potentialAction":[{"@type":"ReadAction","target":["https:\/\/transparenciaelectoral.org\/blog\/transparencia-electoral-lanza-convocatoria-para-su-revista-mensual-transparencia-electoral-review\/"]}]},{"@type":"ImageObject","inLanguage":"es","@id":"https:\/\/transparenciaelectoral.org\/blog\/transparencia-electoral-lanza-convocatoria-para-su-revista-mensual-transparencia-electoral-review\/#primaryimage","url":"https:\/\/transparenciaelectoral.org\/blog\/wp-content\/uploads\/2025\/04\/Imagen-de-WhatsApp-2025-04-15-a-las-14.01.36_8f3400ec.jpg","contentUrl":"https:\/\/transparenciaelectoral.org\/blog\/wp-content\/uploads\/2025\/04\/Imagen-de-WhatsApp-2025-04-15-a-las-14.01.36_8f3400ec.jpg","width":864,"height":1080},{"@type":"BreadcrumbList","@id":"https:\/\/transparenciaelectoral.org\/blog\/transparencia-electoral-lanza-convocatoria-para-su-revista-mensual-transparencia-electoral-review\/#breadcrumb","itemListElement":[{"@type":"ListItem","position":1,"name":"Portada","item":"https:\/\/transparenciaelectoral.org\/blog\/"},{"@type":"ListItem","position":2,"name":"Transparencia Electoral lanza convocatoria para su revista mensual \u201cTransparencia Electoral Review\u201d"}]},{"@type":"WebSite","@id":"https:\/\/transparenciaelectoral.org\/blog\/#website","url":"https:\/\/transparenciaelectoral.org\/blog\/","name":"Transparencia Electoral","description":"","potentialAction":[{"@type":"SearchAction","target":{"@type":"EntryPoint","urlTemplate":"https:\/\/transparenciaelectoral.org\/blog\/?s={search_term_string}"},"query-input":{"@type":"PropertyValueSpecification","valueRequired":true,"valueName":"search_term_string"}}],"inLanguage":"es"},{"@type":"Person","@id":"https:\/\/transparenciaelectoral.org\/blog\/#\/schema\/person\/63a97f81afd2c3820c6d9f262e27fe50","name":"Transparencia Electoral","sameAs":["https:\/\/transparenciaelectoral.org\/blog\/"]}]}},"_links":{"self":[{"href":"https:\/\/transparenciaelectoral.org\/blog\/wp-json\/wp\/v2\/posts\/11466","targetHints":{"allow":["GET"]}}],"collection":[{"href":"https:\/\/transparenciaelectoral.org\/blog\/wp-json\/wp\/v2\/posts"}],"about":[{"href":"https:\/\/transparenciaelectoral.org\/blog\/wp-json\/wp\/v2\/types\/post"}],"author":[{"embeddable":true,"href":"https:\/\/transparenciaelectoral.org\/blog\/wp-json\/wp\/v2\/users\/6"}],"replies":[{"embeddable":true,"href":"https:\/\/transparenciaelectoral.org\/blog\/wp-json\/wp\/v2\/comments?post=11466"}],"version-history":[{"count":1,"href":"https:\/\/transparenciaelectoral.org\/blog\/wp-json\/wp\/v2\/posts\/11466\/revisions"}],"predecessor-version":[{"id":11468,"href":"https:\/\/transparenciaelectoral.org\/blog\/wp-json\/wp\/v2\/posts\/11466\/revisions\/11468"}],"wp:featuredmedia":[{"embeddable":true,"href":"https:\/\/transparenciaelectoral.org\/blog\/wp-json\/wp\/v2\/media\/11467"}],"wp:attachment":[{"href":"https:\/\/transparenciaelectoral.org\/blog\/wp-json\/wp\/v2\/media?parent=11466"}],"wp:term":[{"taxonomy":"category","embeddable":true,"href":"https:\/\/transparenciaelectoral.org\/blog\/wp-json\/wp\/v2\/categories?post=11466"},{"taxonomy":"post_tag","embeddable":true,"href":"https:\/\/transparenciaelectoral.org\/blog\/wp-json\/wp\/v2\/tags?post=11466"}],"curies":[{"name":"wp","href":"https:\/\/api.w.org\/{rel}","templated":true}]}}