{"id":11333,"date":"2025-02-27T14:21:53","date_gmt":"2025-02-27T17:21:53","guid":{"rendered":"https:\/\/transparenciaelectoral.org\/blog\/?p=11333"},"modified":"2025-07-27T01:53:00","modified_gmt":"2025-07-27T04:53:00","slug":"reforma-constitucional-venezuela","status":"publish","type":"post","link":"https:\/\/transparenciaelectoral.org\/blog\/reforma-constitucional-venezuela\/","title":{"rendered":"Reforma Constitucional en Venezuela: consolidaci\u00f3n del regimen chavista e incremento de la persecuci\u00f3n a opositores"},"content":{"rendered":"\n<p>El 15 de febrero de 2025, luego de que Nicol\u00e1s Maduro asumiera la presidencia de Venezuela sin que se hayan publicado oficialmente las actas correspondientes a la elecci\u00f3n del pasado 28 de julio, se present\u00f3 ante la Asamblea Nacional, de mayor\u00eda chavista, una propuesta de reforma constitucional que abarca 80 art\u00edculos de la actual Carta Magna, vigente desde 1999. Esta iniciativa genera gran preocupaci\u00f3n, ya que podr\u00eda arriesgar a\u00fan m\u00e1s la existencia de toda forma de oposici\u00f3n pol\u00edtica al r\u00e9gimen.&nbsp;<\/p>\n\n\n\n<p>La propuesta de reforma surge en un contexto pol\u00edtico tenso. Como mencionamos, Maduro asumi\u00f3 la presidencia para el per\u00edodo 2025-2031 en medio de denuncias de fraude electoral y falta de transparencia en los comicios presidenciales. La oposici\u00f3n, agrupada en la Plataforma Unitaria Democr\u00e1tica (PUD), ha calificado este acto como un \u00abgolpe de Estado\u00bb y contin\u00faa exigiendo que se reconozca a Edmundo Gonz\u00e1lez Urrutia, leg\u00edtimo ganador de las elecciones. A pesar de las cr\u00edticas internas y el rechazo de la comunidad internacional, Maduro avanza con su agenda pol\u00edtica, incluyendo la propuesta de reforma constitucional.<\/p>\n\n\n\n<h2 class=\"wp-block-heading\"><strong>Comisi\u00f3n a cargo de la reforma<\/strong><\/h2>\n\n\n\n<p>La comisi\u00f3n designada para llevar a cabo la reforma est\u00e1 compuesta por figuras estrechamente alineadas con el oficialismo, que garantizan una continuidad de Maduro en el poder. A saber:<\/p>\n\n\n\n<ul class=\"wp-block-list\">\n<li><strong>Tarek William Saab<\/strong>: Fiscal General de la Rep\u00fablica, conocido por su lealtad al r\u00e9gimen y su papel en la detenci\u00f3n de opositores.<\/li>\n\n\n\n<li><strong>Cilia Flores<\/strong>: Diputada y esposa de Nicolas Maduro.<\/li>\n\n\n\n<li><strong>Delcy Rodr\u00edguez<\/strong>: Vicepresidenta de la Rep\u00fablica, figura clave en la administraci\u00f3n actual.<\/li>\n\n\n\n<li><strong>Hermann Escarr\u00e1<\/strong>: Constitucionalista y diputado, reconocido por su defensa del chavismo.<\/li>\n<\/ul>\n\n\n\n<p>Adem\u00e1s, colaboran en el proceso Jorge Rodr\u00edguez, presidente de la Asamblea Nacional; Caryslia Rodr\u00edguez, presidenta del Tribunal Supremo de Justicia; Elvis Amoroso, presidente del Consejo Nacional Electoral (CNE); y Vladimir Padrino L\u00f3pez, ministro de Defensa. La composici\u00f3n de esta comisi\u00f3n es una prueba incuestionable de que este proyecto no solo carece de pluralidad, sino que representa \u00fanicamente los intereses del r\u00e9gimen.<\/p>\n\n\n\n<h2 class=\"wp-block-heading\"><strong>Introducci\u00f3n del poder comunal<\/strong><\/h2>\n\n\n\n<p>Uno de los aspectos m\u00e1s destacados de la reforma es la inclusi\u00f3n del \u00abPoder Comunal\u00bb como una nueva instancia de poder, sum\u00e1ndose a los niveles nacional, regional y municipal. Este cambio se traduce en un gobierno mucho m\u00e1s centralizado en el Poder Ejecutivo. Actualmente se da una transferencia de recursos directamente desde el Ejecutivo a las comunidades a trav\u00e9s de los Consejos Comunales, estructuras que est\u00e1n alineadas con el Partido Socialista Unido de Venezuela (PSUV).&nbsp;<\/p>\n\n\n\n<p>Si bien el oficialismo argumenta que esta medida empodera a las comunidades, la instauraci\u00f3n de un Estado comunal representa un retroceso en materia democr\u00e1tica para los venezolanos.<\/p>\n\n\n\n<h2 class=\"wp-block-heading\"><strong>Enfoque \u00abantifascista\u00bb de la reforma<\/strong><\/h2>\n\n\n\n<p>Maduro se\u00f1al\u00f3 que la reforma incluir\u00e1 disposiciones para enfrentar \u00abamenazas fascistas, neofascistas y sionistas\u00bb, proponiendo penas m\u00e1s severas para quienes sean considerados una amenaza para el r\u00e9gimen. En este punto es importante tener en cuenta que el t\u00e9rmino \u00abfascista\u00bb ha sido utilizado por el chavismo para describir a diversos actores de la oposici\u00f3n y movimientos que desaf\u00edan su autoridad. Esta ambig\u00fcedad en la definici\u00f3n prende una alerta sobre un recrudecimiento de la criminalizaci\u00f3n de la disidencia pol\u00edtica y un incremento en la restricci\u00f3n de las libertades civiles. Con la experiencia reciente, estas medidas podr\u00edan institucionalizar la persecuci\u00f3n de opositores y consolidar un Estado m\u00e1s autoritario.<\/p>\n\n\n\n<h2 class=\"wp-block-heading\"><strong>Proceso de aprobaci\u00f3n de la reforma<\/strong><\/h2>\n\n\n\n<p>De acuerdo con la Constituci\u00f3n vigente, el CNE debe convocar a un referendo para que la ciudadan\u00eda vote sobre la reforma propuesta. Es posible votar de manera separada hasta una tercera parte de los art\u00edculos que componen la reforma, permitiendo a los electores expresar su aprobaci\u00f3n o rechazo a secciones espec\u00edficas del documento. La divisi\u00f3n de la votaci\u00f3n en bloques debe ser aprobada por al menos un tercio de los miembros de la Asamblea Nacional, aunque tambi\u00e9n puede ser solicitada por el presidente de la Rep\u00fablica o por un m\u00ednimo del 5% de los electores inscritos en el Registro Civil y Electoral.&nbsp;<\/p>\n\n\n\n<p>Finalmente, para que la reforma sea aprobada, es necesario obtener una mayor\u00eda simple de los votos emitidos, es decir, m\u00e1s del 50%. No obstante, dada la desconfianza en las instituciones electorales y las denuncias previas de fraude, desde Transparencia Electoral sostenemos que es imposible llevar adelante elecciones leg\u00edtimas en este contexto.&nbsp;<\/p>\n\n\n\n<p>La aprobaci\u00f3n de esta reforma constitucional trae consigo profundas implicaciones para el futuro pol\u00edtico y social de Venezuela. Desde la introducci\u00f3n del Poder Comunal, hasta las disposiciones \u00abantifascistas\u00bb le dan al r\u00e9gimen las herramientas para redefinir la estructura del Estado y limitar significativamente el margen de participaci\u00f3n para la oposici\u00f3n pol\u00edtica.&nbsp;<\/p>\n","protected":false},"excerpt":{"rendered":"<p>El 15 de febrero de 2025, luego de que Nicol\u00e1s Maduro asumiera la presidencia de Venezuela sin que se hayan publicado oficialmente las actas correspondientes a la elecci\u00f3n del pasado 28 de julio, se present\u00f3 ante la Asamblea Nacional, de mayor\u00eda chavista, una propuesta de reforma constitucional que abarca 80 art\u00edculos de la actual Carta &hellip;<\/p>\n","protected":false},"author":6,"featured_media":11334,"comment_status":"closed","ping_status":"open","sticky":false,"template":"","format":"standard","meta":{"footnotes":""},"categories":[290],"tags":[],"class_list":["post-11333","post","type-post","status-publish","format-standard","has-post-thumbnail","hentry","category-blog"],"yoast_head":"<!-- This site is optimized with the Yoast SEO plugin v27.5 - https:\/\/yoast.com\/product\/yoast-seo-wordpress\/ -->\n<title>Reforma Constitucional en Venezuela: consolidaci\u00f3n del regimen chavista e incremento de la persecuci\u00f3n a opositores - Transparencia Electoral<\/title>\n<meta name=\"description\" content=\"Maduro present\u00f3 a la Asamblea Nacional una reforma consitucional que pone en riesgo la existencia de todo tipo de oposici\u00f3n pol\u00edtica.\" \/>\n<meta name=\"robots\" content=\"index, follow, max-snippet:-1, max-image-preview:large, max-video-preview:-1\" \/>\n<link rel=\"canonical\" href=\"https:\/\/transparenciaelectoral.org\/blog\/reforma-constitucional-venezuela\/\" \/>\n<meta property=\"og:locale\" content=\"es_ES\" \/>\n<meta property=\"og:type\" content=\"article\" \/>\n<meta property=\"og:title\" content=\"Reforma Constitucional en Venezuela: consolidaci\u00f3n del regimen chavista e incremento de la persecuci\u00f3n a opositores - Transparencia Electoral\" \/>\n<meta property=\"og:description\" content=\"Maduro present\u00f3 a la Asamblea Nacional una reforma consitucional que pone en riesgo la existencia de todo tipo de oposici\u00f3n pol\u00edtica.\" \/>\n<meta property=\"og:url\" content=\"https:\/\/transparenciaelectoral.org\/blog\/reforma-constitucional-venezuela\/\" \/>\n<meta property=\"og:site_name\" content=\"Transparencia Electoral\" \/>\n<meta property=\"article:publisher\" content=\"https:\/\/www.facebook.com\/Transparencia-Electoral-en-Am%c3%a9rica-latina-171661009688456\/\" \/>\n<meta property=\"article:published_time\" content=\"2025-02-27T17:21:53+00:00\" \/>\n<meta property=\"article:modified_time\" content=\"2025-07-27T04:53:00+00:00\" \/>\n<meta property=\"og:image\" content=\"https:\/\/transparenciaelectoral.org\/blog\/wp-content\/uploads\/2025\/02\/pixelcut-export-1.jpg\" \/>\n\t<meta property=\"og:image:width\" content=\"1920\" \/>\n\t<meta property=\"og:image:height\" content=\"1024\" \/>\n\t<meta property=\"og:image:type\" content=\"image\/jpeg\" \/>\n<meta name=\"author\" content=\"Transparencia Electoral\" \/>\n<meta name=\"twitter:card\" content=\"summary_large_image\" \/>\n<meta name=\"twitter:creator\" content=\"@TransparenciaAL\" \/>\n<meta name=\"twitter:site\" content=\"@TransparenciaAL\" \/>\n<meta name=\"twitter:label1\" content=\"Escrito por\" \/>\n\t<meta name=\"twitter:data1\" content=\"Transparencia Electoral\" \/>\n\t<meta name=\"twitter:label2\" content=\"Tiempo de lectura\" \/>\n\t<meta name=\"twitter:data2\" content=\"4 minutos\" \/>\n<script type=\"application\/ld+json\" class=\"yoast-schema-graph\">{\"@context\":\"https:\\\/\\\/schema.org\",\"@graph\":[{\"@type\":\"Article\",\"@id\":\"https:\\\/\\\/transparenciaelectoral.org\\\/blog\\\/reforma-constitucional-venezuela\\\/#article\",\"isPartOf\":{\"@id\":\"https:\\\/\\\/transparenciaelectoral.org\\\/blog\\\/reforma-constitucional-venezuela\\\/\"},\"author\":{\"name\":\"Transparencia Electoral\",\"@id\":\"https:\\\/\\\/transparenciaelectoral.org\\\/blog\\\/#\\\/schema\\\/person\\\/63a97f81afd2c3820c6d9f262e27fe50\"},\"headline\":\"Reforma Constitucional en Venezuela: consolidaci\u00f3n del regimen chavista e incremento de la persecuci\u00f3n a opositores\",\"datePublished\":\"2025-02-27T17:21:53+00:00\",\"dateModified\":\"2025-07-27T04:53:00+00:00\",\"mainEntityOfPage\":{\"@id\":\"https:\\\/\\\/transparenciaelectoral.org\\\/blog\\\/reforma-constitucional-venezuela\\\/\"},\"wordCount\":842,\"image\":{\"@id\":\"https:\\\/\\\/transparenciaelectoral.org\\\/blog\\\/reforma-constitucional-venezuela\\\/#primaryimage\"},\"thumbnailUrl\":\"https:\\\/\\\/transparenciaelectoral.org\\\/blog\\\/wp-content\\\/uploads\\\/2025\\\/02\\\/pixelcut-export-1.jpg\",\"articleSection\":[\"Blog\"],\"inLanguage\":\"es\"},{\"@type\":\"WebPage\",\"@id\":\"https:\\\/\\\/transparenciaelectoral.org\\\/blog\\\/reforma-constitucional-venezuela\\\/\",\"url\":\"https:\\\/\\\/transparenciaelectoral.org\\\/blog\\\/reforma-constitucional-venezuela\\\/\",\"name\":\"Reforma Constitucional en Venezuela: consolidaci\u00f3n del regimen chavista e incremento de la persecuci\u00f3n a opositores - Transparencia Electoral\",\"isPartOf\":{\"@id\":\"https:\\\/\\\/transparenciaelectoral.org\\\/blog\\\/#website\"},\"primaryImageOfPage\":{\"@id\":\"https:\\\/\\\/transparenciaelectoral.org\\\/blog\\\/reforma-constitucional-venezuela\\\/#primaryimage\"},\"image\":{\"@id\":\"https:\\\/\\\/transparenciaelectoral.org\\\/blog\\\/reforma-constitucional-venezuela\\\/#primaryimage\"},\"thumbnailUrl\":\"https:\\\/\\\/transparenciaelectoral.org\\\/blog\\\/wp-content\\\/uploads\\\/2025\\\/02\\\/pixelcut-export-1.jpg\",\"datePublished\":\"2025-02-27T17:21:53+00:00\",\"dateModified\":\"2025-07-27T04:53:00+00:00\",\"author\":{\"@id\":\"https:\\\/\\\/transparenciaelectoral.org\\\/blog\\\/#\\\/schema\\\/person\\\/63a97f81afd2c3820c6d9f262e27fe50\"},\"description\":\"Maduro present\u00f3 a la Asamblea Nacional una reforma consitucional que pone en riesgo la existencia de todo tipo de oposici\u00f3n pol\u00edtica.\",\"breadcrumb\":{\"@id\":\"https:\\\/\\\/transparenciaelectoral.org\\\/blog\\\/reforma-constitucional-venezuela\\\/#breadcrumb\"},\"inLanguage\":\"es\",\"potentialAction\":[{\"@type\":\"ReadAction\",\"target\":[\"https:\\\/\\\/transparenciaelectoral.org\\\/blog\\\/reforma-constitucional-venezuela\\\/\"]}]},{\"@type\":\"ImageObject\",\"inLanguage\":\"es\",\"@id\":\"https:\\\/\\\/transparenciaelectoral.org\\\/blog\\\/reforma-constitucional-venezuela\\\/#primaryimage\",\"url\":\"https:\\\/\\\/transparenciaelectoral.org\\\/blog\\\/wp-content\\\/uploads\\\/2025\\\/02\\\/pixelcut-export-1.jpg\",\"contentUrl\":\"https:\\\/\\\/transparenciaelectoral.org\\\/blog\\\/wp-content\\\/uploads\\\/2025\\\/02\\\/pixelcut-export-1.jpg\",\"width\":1920,\"height\":1024},{\"@type\":\"BreadcrumbList\",\"@id\":\"https:\\\/\\\/transparenciaelectoral.org\\\/blog\\\/reforma-constitucional-venezuela\\\/#breadcrumb\",\"itemListElement\":[{\"@type\":\"ListItem\",\"position\":1,\"name\":\"Portada\",\"item\":\"https:\\\/\\\/transparenciaelectoral.org\\\/blog\\\/\"},{\"@type\":\"ListItem\",\"position\":2,\"name\":\"Reforma Constitucional en Venezuela: consolidaci\u00f3n del regimen chavista e incremento de la persecuci\u00f3n a opositores\"}]},{\"@type\":\"WebSite\",\"@id\":\"https:\\\/\\\/transparenciaelectoral.org\\\/blog\\\/#website\",\"url\":\"https:\\\/\\\/transparenciaelectoral.org\\\/blog\\\/\",\"name\":\"Transparencia Electoral\",\"description\":\"\",\"potentialAction\":[{\"@type\":\"SearchAction\",\"target\":{\"@type\":\"EntryPoint\",\"urlTemplate\":\"https:\\\/\\\/transparenciaelectoral.org\\\/blog\\\/?s={search_term_string}\"},\"query-input\":{\"@type\":\"PropertyValueSpecification\",\"valueRequired\":true,\"valueName\":\"search_term_string\"}}],\"inLanguage\":\"es\"},{\"@type\":\"Person\",\"@id\":\"https:\\\/\\\/transparenciaelectoral.org\\\/blog\\\/#\\\/schema\\\/person\\\/63a97f81afd2c3820c6d9f262e27fe50\",\"name\":\"Transparencia Electoral\",\"sameAs\":[\"https:\\\/\\\/transparenciaelectoral.org\\\/blog\\\/\"]}]}<\/script>\n<!-- \/ Yoast SEO plugin. -->","yoast_head_json":{"title":"Reforma Constitucional en Venezuela: consolidaci\u00f3n del regimen chavista e incremento de la persecuci\u00f3n a opositores - Transparencia Electoral","description":"Maduro present\u00f3 a la Asamblea Nacional una reforma consitucional que pone en riesgo la existencia de todo tipo de oposici\u00f3n pol\u00edtica.","robots":{"index":"index","follow":"follow","max-snippet":"max-snippet:-1","max-image-preview":"max-image-preview:large","max-video-preview":"max-video-preview:-1"},"canonical":"https:\/\/transparenciaelectoral.org\/blog\/reforma-constitucional-venezuela\/","og_locale":"es_ES","og_type":"article","og_title":"Reforma Constitucional en Venezuela: consolidaci\u00f3n del regimen chavista e incremento de la persecuci\u00f3n a opositores - Transparencia Electoral","og_description":"Maduro present\u00f3 a la Asamblea Nacional una reforma consitucional que pone en riesgo la existencia de todo tipo de oposici\u00f3n pol\u00edtica.","og_url":"https:\/\/transparenciaelectoral.org\/blog\/reforma-constitucional-venezuela\/","og_site_name":"Transparencia Electoral","article_publisher":"https:\/\/www.facebook.com\/Transparencia-Electoral-en-Am%c3%a9rica-latina-171661009688456\/","article_published_time":"2025-02-27T17:21:53+00:00","article_modified_time":"2025-07-27T04:53:00+00:00","og_image":[{"width":1920,"height":1024,"url":"https:\/\/transparenciaelectoral.org\/blog\/wp-content\/uploads\/2025\/02\/pixelcut-export-1.jpg","type":"image\/jpeg"}],"author":"Transparencia Electoral","twitter_card":"summary_large_image","twitter_creator":"@TransparenciaAL","twitter_site":"@TransparenciaAL","twitter_misc":{"Escrito por":"Transparencia Electoral","Tiempo de lectura":"4 minutos"},"schema":{"@context":"https:\/\/schema.org","@graph":[{"@type":"Article","@id":"https:\/\/transparenciaelectoral.org\/blog\/reforma-constitucional-venezuela\/#article","isPartOf":{"@id":"https:\/\/transparenciaelectoral.org\/blog\/reforma-constitucional-venezuela\/"},"author":{"name":"Transparencia Electoral","@id":"https:\/\/transparenciaelectoral.org\/blog\/#\/schema\/person\/63a97f81afd2c3820c6d9f262e27fe50"},"headline":"Reforma Constitucional en Venezuela: consolidaci\u00f3n del regimen chavista e incremento de la persecuci\u00f3n a opositores","datePublished":"2025-02-27T17:21:53+00:00","dateModified":"2025-07-27T04:53:00+00:00","mainEntityOfPage":{"@id":"https:\/\/transparenciaelectoral.org\/blog\/reforma-constitucional-venezuela\/"},"wordCount":842,"image":{"@id":"https:\/\/transparenciaelectoral.org\/blog\/reforma-constitucional-venezuela\/#primaryimage"},"thumbnailUrl":"https:\/\/transparenciaelectoral.org\/blog\/wp-content\/uploads\/2025\/02\/pixelcut-export-1.jpg","articleSection":["Blog"],"inLanguage":"es"},{"@type":"WebPage","@id":"https:\/\/transparenciaelectoral.org\/blog\/reforma-constitucional-venezuela\/","url":"https:\/\/transparenciaelectoral.org\/blog\/reforma-constitucional-venezuela\/","name":"Reforma Constitucional en Venezuela: consolidaci\u00f3n del regimen chavista e incremento de la persecuci\u00f3n a opositores - Transparencia Electoral","isPartOf":{"@id":"https:\/\/transparenciaelectoral.org\/blog\/#website"},"primaryImageOfPage":{"@id":"https:\/\/transparenciaelectoral.org\/blog\/reforma-constitucional-venezuela\/#primaryimage"},"image":{"@id":"https:\/\/transparenciaelectoral.org\/blog\/reforma-constitucional-venezuela\/#primaryimage"},"thumbnailUrl":"https:\/\/transparenciaelectoral.org\/blog\/wp-content\/uploads\/2025\/02\/pixelcut-export-1.jpg","datePublished":"2025-02-27T17:21:53+00:00","dateModified":"2025-07-27T04:53:00+00:00","author":{"@id":"https:\/\/transparenciaelectoral.org\/blog\/#\/schema\/person\/63a97f81afd2c3820c6d9f262e27fe50"},"description":"Maduro present\u00f3 a la Asamblea Nacional una reforma consitucional que pone en riesgo la existencia de todo tipo de oposici\u00f3n pol\u00edtica.","breadcrumb":{"@id":"https:\/\/transparenciaelectoral.org\/blog\/reforma-constitucional-venezuela\/#breadcrumb"},"inLanguage":"es","potentialAction":[{"@type":"ReadAction","target":["https:\/\/transparenciaelectoral.org\/blog\/reforma-constitucional-venezuela\/"]}]},{"@type":"ImageObject","inLanguage":"es","@id":"https:\/\/transparenciaelectoral.org\/blog\/reforma-constitucional-venezuela\/#primaryimage","url":"https:\/\/transparenciaelectoral.org\/blog\/wp-content\/uploads\/2025\/02\/pixelcut-export-1.jpg","contentUrl":"https:\/\/transparenciaelectoral.org\/blog\/wp-content\/uploads\/2025\/02\/pixelcut-export-1.jpg","width":1920,"height":1024},{"@type":"BreadcrumbList","@id":"https:\/\/transparenciaelectoral.org\/blog\/reforma-constitucional-venezuela\/#breadcrumb","itemListElement":[{"@type":"ListItem","position":1,"name":"Portada","item":"https:\/\/transparenciaelectoral.org\/blog\/"},{"@type":"ListItem","position":2,"name":"Reforma Constitucional en Venezuela: consolidaci\u00f3n del regimen chavista e incremento de la persecuci\u00f3n a opositores"}]},{"@type":"WebSite","@id":"https:\/\/transparenciaelectoral.org\/blog\/#website","url":"https:\/\/transparenciaelectoral.org\/blog\/","name":"Transparencia Electoral","description":"","potentialAction":[{"@type":"SearchAction","target":{"@type":"EntryPoint","urlTemplate":"https:\/\/transparenciaelectoral.org\/blog\/?s={search_term_string}"},"query-input":{"@type":"PropertyValueSpecification","valueRequired":true,"valueName":"search_term_string"}}],"inLanguage":"es"},{"@type":"Person","@id":"https:\/\/transparenciaelectoral.org\/blog\/#\/schema\/person\/63a97f81afd2c3820c6d9f262e27fe50","name":"Transparencia Electoral","sameAs":["https:\/\/transparenciaelectoral.org\/blog\/"]}]}},"_links":{"self":[{"href":"https:\/\/transparenciaelectoral.org\/blog\/wp-json\/wp\/v2\/posts\/11333","targetHints":{"allow":["GET"]}}],"collection":[{"href":"https:\/\/transparenciaelectoral.org\/blog\/wp-json\/wp\/v2\/posts"}],"about":[{"href":"https:\/\/transparenciaelectoral.org\/blog\/wp-json\/wp\/v2\/types\/post"}],"author":[{"embeddable":true,"href":"https:\/\/transparenciaelectoral.org\/blog\/wp-json\/wp\/v2\/users\/6"}],"replies":[{"embeddable":true,"href":"https:\/\/transparenciaelectoral.org\/blog\/wp-json\/wp\/v2\/comments?post=11333"}],"version-history":[{"count":2,"href":"https:\/\/transparenciaelectoral.org\/blog\/wp-json\/wp\/v2\/posts\/11333\/revisions"}],"predecessor-version":[{"id":11337,"href":"https:\/\/transparenciaelectoral.org\/blog\/wp-json\/wp\/v2\/posts\/11333\/revisions\/11337"}],"wp:featuredmedia":[{"embeddable":true,"href":"https:\/\/transparenciaelectoral.org\/blog\/wp-json\/wp\/v2\/media\/11334"}],"wp:attachment":[{"href":"https:\/\/transparenciaelectoral.org\/blog\/wp-json\/wp\/v2\/media?parent=11333"}],"wp:term":[{"taxonomy":"category","embeddable":true,"href":"https:\/\/transparenciaelectoral.org\/blog\/wp-json\/wp\/v2\/categories?post=11333"},{"taxonomy":"post_tag","embeddable":true,"href":"https:\/\/transparenciaelectoral.org\/blog\/wp-json\/wp\/v2\/tags?post=11333"}],"curies":[{"name":"wp","href":"https:\/\/api.w.org\/{rel}","templated":true}]}}