{"id":11317,"date":"2025-02-21T16:29:03","date_gmt":"2025-02-21T19:29:03","guid":{"rendered":"https:\/\/transparenciaelectoral.org\/blog\/?p=11317"},"modified":"2025-07-27T01:53:00","modified_gmt":"2025-07-27T04:53:00","slug":"mision-electoral-mexico-2025-elecciones-federales-judiciales-extraordinarias","status":"publish","type":"post","link":"https:\/\/transparenciaelectoral.org\/blog\/mision-electoral-mexico-2025-elecciones-federales-judiciales-extraordinarias\/","title":{"rendered":"Misi\u00f3n Electoral M\u00e9xico 2025 &#8211; Elecciones Federales Judiciales Extraordinarias"},"content":{"rendered":"\n<p>Transparencia Electoral celebrar\u00e1 una Misi\u00f3n de Observaci\u00f3n Electoral en el marco de las Elecciones Fderales Judiciales Extraordinarias de M\u00e9xico del pr\u00f3ximo 1 de junio. <\/p>\n\n\n\n<p>En esta elecci\u00f3n se elegiran a 9 ministros y ministras de la Suprema Corte de Justicia de la Naci\u00f3n, 2 magistraturas de la Sala Superior del Tribunal Electoral del Poder Judicial de la Federaci\u00f3n, 15 magistraturas de las Salas Regionales del Tribunal Electoral del Poder Judicial de la Federaci\u00f3n, entre otros cargos. <\/p>\n\n\n\n<p>La agenda de actividades prev\u00e9 reuniones con las autoridades electorales, acad\u00e9micas, organizaciones de la sociedad civil, y recorridos por los centros de votaci\u00f3n. <\/p>\n\n\n\n<p>Si est\u00e1s interesado en formar parte de la delegaci\u00f3n, completa el formulario y te contactaremos a la brevedad.<\/p>\n\n\n\n<div class=\"wp-block-buttons is-layout-flex wp-block-buttons-is-layout-flex\">\n<div class=\"wp-block-button\"><a class=\"wp-block-button__link wp-element-button\" href=\"https:\/\/forms.gle\/piokVYftevSe31MS8\">INSCRIPCIONES<\/a><\/div>\n<\/div>\n","protected":false},"excerpt":{"rendered":"<p>Transparencia Electoral celebrar\u00e1 una Misi\u00f3n de Observaci\u00f3n Electoral en el marco de las Elecciones Fderales Judiciales Extraordinarias de M\u00e9xico del pr\u00f3ximo 1 de junio. En esta elecci\u00f3n se elegiran a 9 ministros y ministras de la Suprema Corte de Justicia de la Naci\u00f3n, 2 magistraturas de la Sala Superior del Tribunal Electoral del Poder Judicial &hellip;<\/p>\n","protected":false},"author":6,"featured_media":11318,"comment_status":"closed","ping_status":"open","sticky":false,"template":"","format":"standard","meta":{"footnotes":""},"categories":[100],"tags":[],"class_list":["post-11317","post","type-post","status-publish","format-standard","has-post-thumbnail","hentry","category-noticias"],"yoast_head":"<!-- This site is optimized with the Yoast SEO plugin v27.5 - https:\/\/yoast.com\/product\/yoast-seo-wordpress\/ -->\n<title>Misi\u00f3n Electoral M\u00e9xico 2025 - Elecciones Federales Judiciales Extraordinarias - Transparencia Electoral<\/title>\n<meta name=\"robots\" content=\"index, follow, max-snippet:-1, max-image-preview:large, max-video-preview:-1\" \/>\n<link rel=\"canonical\" href=\"https:\/\/transparenciaelectoral.org\/blog\/mision-electoral-mexico-2025-elecciones-federales-judiciales-extraordinarias\/\" \/>\n<meta property=\"og:locale\" content=\"es_ES\" \/>\n<meta property=\"og:type\" content=\"article\" \/>\n<meta property=\"og:title\" content=\"Misi\u00f3n Electoral M\u00e9xico 2025 - Elecciones Federales Judiciales Extraordinarias - Transparencia Electoral\" \/>\n<meta property=\"og:description\" content=\"Transparencia Electoral celebrar\u00e1 una Misi\u00f3n de Observaci\u00f3n Electoral en el marco de las Elecciones Fderales Judiciales Extraordinarias de M\u00e9xico del pr\u00f3ximo 1 de junio. En esta elecci\u00f3n se elegiran a 9 ministros y ministras de la Suprema Corte de Justicia de la Naci\u00f3n, 2 magistraturas de la Sala Superior del Tribunal Electoral del Poder Judicial &hellip;\" \/>\n<meta property=\"og:url\" content=\"https:\/\/transparenciaelectoral.org\/blog\/mision-electoral-mexico-2025-elecciones-federales-judiciales-extraordinarias\/\" \/>\n<meta property=\"og:site_name\" content=\"Transparencia Electoral\" \/>\n<meta property=\"article:publisher\" content=\"https:\/\/www.facebook.com\/Transparencia-Electoral-en-Am%c3%a9rica-latina-171661009688456\/\" \/>\n<meta property=\"article:published_time\" content=\"2025-02-21T19:29:03+00:00\" \/>\n<meta property=\"article:modified_time\" content=\"2025-07-27T04:53:00+00:00\" \/>\n<meta property=\"og:image\" content=\"https:\/\/transparenciaelectoral.org\/blog\/wp-content\/uploads\/2025\/02\/MOE-mexico-1.jpg\" \/>\n\t<meta property=\"og:image:width\" content=\"1080\" \/>\n\t<meta property=\"og:image:height\" content=\"1350\" \/>\n\t<meta property=\"og:image:type\" content=\"image\/jpeg\" \/>\n<meta name=\"author\" content=\"Transparencia Electoral\" \/>\n<meta name=\"twitter:card\" content=\"summary_large_image\" \/>\n<meta name=\"twitter:creator\" content=\"@TransparenciaAL\" \/>\n<meta name=\"twitter:site\" content=\"@TransparenciaAL\" \/>\n<meta name=\"twitter:label1\" content=\"Escrito por\" \/>\n\t<meta name=\"twitter:data1\" content=\"Transparencia Electoral\" \/>\n\t<meta name=\"twitter:label2\" content=\"Tiempo de lectura\" \/>\n\t<meta name=\"twitter:data2\" content=\"1 minuto\" \/>\n<script type=\"application\/ld+json\" class=\"yoast-schema-graph\">{\"@context\":\"https:\\\/\\\/schema.org\",\"@graph\":[{\"@type\":\"Article\",\"@id\":\"https:\\\/\\\/transparenciaelectoral.org\\\/blog\\\/mision-electoral-mexico-2025-elecciones-federales-judiciales-extraordinarias\\\/#article\",\"isPartOf\":{\"@id\":\"https:\\\/\\\/transparenciaelectoral.org\\\/blog\\\/mision-electoral-mexico-2025-elecciones-federales-judiciales-extraordinarias\\\/\"},\"author\":{\"name\":\"Transparencia Electoral\",\"@id\":\"https:\\\/\\\/transparenciaelectoral.org\\\/blog\\\/#\\\/schema\\\/person\\\/63a97f81afd2c3820c6d9f262e27fe50\"},\"headline\":\"Misi\u00f3n Electoral M\u00e9xico 2025 &#8211; Elecciones Federales Judiciales Extraordinarias\",\"datePublished\":\"2025-02-21T19:29:03+00:00\",\"dateModified\":\"2025-07-27T04:53:00+00:00\",\"mainEntityOfPage\":{\"@id\":\"https:\\\/\\\/transparenciaelectoral.org\\\/blog\\\/mision-electoral-mexico-2025-elecciones-federales-judiciales-extraordinarias\\\/\"},\"wordCount\":136,\"image\":{\"@id\":\"https:\\\/\\\/transparenciaelectoral.org\\\/blog\\\/mision-electoral-mexico-2025-elecciones-federales-judiciales-extraordinarias\\\/#primaryimage\"},\"thumbnailUrl\":\"https:\\\/\\\/transparenciaelectoral.org\\\/blog\\\/wp-content\\\/uploads\\\/2025\\\/02\\\/MOE-mexico-1.jpg\",\"articleSection\":[\"Noticias\"],\"inLanguage\":\"es\"},{\"@type\":\"WebPage\",\"@id\":\"https:\\\/\\\/transparenciaelectoral.org\\\/blog\\\/mision-electoral-mexico-2025-elecciones-federales-judiciales-extraordinarias\\\/\",\"url\":\"https:\\\/\\\/transparenciaelectoral.org\\\/blog\\\/mision-electoral-mexico-2025-elecciones-federales-judiciales-extraordinarias\\\/\",\"name\":\"Misi\u00f3n Electoral M\u00e9xico 2025 - Elecciones Federales Judiciales Extraordinarias - Transparencia Electoral\",\"isPartOf\":{\"@id\":\"https:\\\/\\\/transparenciaelectoral.org\\\/blog\\\/#website\"},\"primaryImageOfPage\":{\"@id\":\"https:\\\/\\\/transparenciaelectoral.org\\\/blog\\\/mision-electoral-mexico-2025-elecciones-federales-judiciales-extraordinarias\\\/#primaryimage\"},\"image\":{\"@id\":\"https:\\\/\\\/transparenciaelectoral.org\\\/blog\\\/mision-electoral-mexico-2025-elecciones-federales-judiciales-extraordinarias\\\/#primaryimage\"},\"thumbnailUrl\":\"https:\\\/\\\/transparenciaelectoral.org\\\/blog\\\/wp-content\\\/uploads\\\/2025\\\/02\\\/MOE-mexico-1.jpg\",\"datePublished\":\"2025-02-21T19:29:03+00:00\",\"dateModified\":\"2025-07-27T04:53:00+00:00\",\"author\":{\"@id\":\"https:\\\/\\\/transparenciaelectoral.org\\\/blog\\\/#\\\/schema\\\/person\\\/63a97f81afd2c3820c6d9f262e27fe50\"},\"breadcrumb\":{\"@id\":\"https:\\\/\\\/transparenciaelectoral.org\\\/blog\\\/mision-electoral-mexico-2025-elecciones-federales-judiciales-extraordinarias\\\/#breadcrumb\"},\"inLanguage\":\"es\",\"potentialAction\":[{\"@type\":\"ReadAction\",\"target\":[\"https:\\\/\\\/transparenciaelectoral.org\\\/blog\\\/mision-electoral-mexico-2025-elecciones-federales-judiciales-extraordinarias\\\/\"]}]},{\"@type\":\"ImageObject\",\"inLanguage\":\"es\",\"@id\":\"https:\\\/\\\/transparenciaelectoral.org\\\/blog\\\/mision-electoral-mexico-2025-elecciones-federales-judiciales-extraordinarias\\\/#primaryimage\",\"url\":\"https:\\\/\\\/transparenciaelectoral.org\\\/blog\\\/wp-content\\\/uploads\\\/2025\\\/02\\\/MOE-mexico-1.jpg\",\"contentUrl\":\"https:\\\/\\\/transparenciaelectoral.org\\\/blog\\\/wp-content\\\/uploads\\\/2025\\\/02\\\/MOE-mexico-1.jpg\",\"width\":1080,\"height\":1350},{\"@type\":\"BreadcrumbList\",\"@id\":\"https:\\\/\\\/transparenciaelectoral.org\\\/blog\\\/mision-electoral-mexico-2025-elecciones-federales-judiciales-extraordinarias\\\/#breadcrumb\",\"itemListElement\":[{\"@type\":\"ListItem\",\"position\":1,\"name\":\"Portada\",\"item\":\"https:\\\/\\\/transparenciaelectoral.org\\\/blog\\\/\"},{\"@type\":\"ListItem\",\"position\":2,\"name\":\"Misi\u00f3n Electoral M\u00e9xico 2025 &#8211; Elecciones Federales Judiciales Extraordinarias\"}]},{\"@type\":\"WebSite\",\"@id\":\"https:\\\/\\\/transparenciaelectoral.org\\\/blog\\\/#website\",\"url\":\"https:\\\/\\\/transparenciaelectoral.org\\\/blog\\\/\",\"name\":\"Transparencia Electoral\",\"description\":\"\",\"potentialAction\":[{\"@type\":\"SearchAction\",\"target\":{\"@type\":\"EntryPoint\",\"urlTemplate\":\"https:\\\/\\\/transparenciaelectoral.org\\\/blog\\\/?s={search_term_string}\"},\"query-input\":{\"@type\":\"PropertyValueSpecification\",\"valueRequired\":true,\"valueName\":\"search_term_string\"}}],\"inLanguage\":\"es\"},{\"@type\":\"Person\",\"@id\":\"https:\\\/\\\/transparenciaelectoral.org\\\/blog\\\/#\\\/schema\\\/person\\\/63a97f81afd2c3820c6d9f262e27fe50\",\"name\":\"Transparencia Electoral\",\"sameAs\":[\"https:\\\/\\\/transparenciaelectoral.org\\\/blog\\\/\"]}]}<\/script>\n<!-- \/ Yoast SEO plugin. -->","yoast_head_json":{"title":"Misi\u00f3n Electoral M\u00e9xico 2025 - Elecciones Federales Judiciales Extraordinarias - Transparencia Electoral","robots":{"index":"index","follow":"follow","max-snippet":"max-snippet:-1","max-image-preview":"max-image-preview:large","max-video-preview":"max-video-preview:-1"},"canonical":"https:\/\/transparenciaelectoral.org\/blog\/mision-electoral-mexico-2025-elecciones-federales-judiciales-extraordinarias\/","og_locale":"es_ES","og_type":"article","og_title":"Misi\u00f3n Electoral M\u00e9xico 2025 - Elecciones Federales Judiciales Extraordinarias - Transparencia Electoral","og_description":"Transparencia Electoral celebrar\u00e1 una Misi\u00f3n de Observaci\u00f3n Electoral en el marco de las Elecciones Fderales Judiciales Extraordinarias de M\u00e9xico del pr\u00f3ximo 1 de junio. En esta elecci\u00f3n se elegiran a 9 ministros y ministras de la Suprema Corte de Justicia de la Naci\u00f3n, 2 magistraturas de la Sala Superior del Tribunal Electoral del Poder Judicial &hellip;","og_url":"https:\/\/transparenciaelectoral.org\/blog\/mision-electoral-mexico-2025-elecciones-federales-judiciales-extraordinarias\/","og_site_name":"Transparencia Electoral","article_publisher":"https:\/\/www.facebook.com\/Transparencia-Electoral-en-Am%c3%a9rica-latina-171661009688456\/","article_published_time":"2025-02-21T19:29:03+00:00","article_modified_time":"2025-07-27T04:53:00+00:00","og_image":[{"width":1080,"height":1350,"url":"https:\/\/transparenciaelectoral.org\/blog\/wp-content\/uploads\/2025\/02\/MOE-mexico-1.jpg","type":"image\/jpeg"}],"author":"Transparencia Electoral","twitter_card":"summary_large_image","twitter_creator":"@TransparenciaAL","twitter_site":"@TransparenciaAL","twitter_misc":{"Escrito por":"Transparencia Electoral","Tiempo de lectura":"1 minuto"},"schema":{"@context":"https:\/\/schema.org","@graph":[{"@type":"Article","@id":"https:\/\/transparenciaelectoral.org\/blog\/mision-electoral-mexico-2025-elecciones-federales-judiciales-extraordinarias\/#article","isPartOf":{"@id":"https:\/\/transparenciaelectoral.org\/blog\/mision-electoral-mexico-2025-elecciones-federales-judiciales-extraordinarias\/"},"author":{"name":"Transparencia Electoral","@id":"https:\/\/transparenciaelectoral.org\/blog\/#\/schema\/person\/63a97f81afd2c3820c6d9f262e27fe50"},"headline":"Misi\u00f3n Electoral M\u00e9xico 2025 &#8211; Elecciones Federales Judiciales Extraordinarias","datePublished":"2025-02-21T19:29:03+00:00","dateModified":"2025-07-27T04:53:00+00:00","mainEntityOfPage":{"@id":"https:\/\/transparenciaelectoral.org\/blog\/mision-electoral-mexico-2025-elecciones-federales-judiciales-extraordinarias\/"},"wordCount":136,"image":{"@id":"https:\/\/transparenciaelectoral.org\/blog\/mision-electoral-mexico-2025-elecciones-federales-judiciales-extraordinarias\/#primaryimage"},"thumbnailUrl":"https:\/\/transparenciaelectoral.org\/blog\/wp-content\/uploads\/2025\/02\/MOE-mexico-1.jpg","articleSection":["Noticias"],"inLanguage":"es"},{"@type":"WebPage","@id":"https:\/\/transparenciaelectoral.org\/blog\/mision-electoral-mexico-2025-elecciones-federales-judiciales-extraordinarias\/","url":"https:\/\/transparenciaelectoral.org\/blog\/mision-electoral-mexico-2025-elecciones-federales-judiciales-extraordinarias\/","name":"Misi\u00f3n Electoral M\u00e9xico 2025 - Elecciones Federales Judiciales Extraordinarias - Transparencia Electoral","isPartOf":{"@id":"https:\/\/transparenciaelectoral.org\/blog\/#website"},"primaryImageOfPage":{"@id":"https:\/\/transparenciaelectoral.org\/blog\/mision-electoral-mexico-2025-elecciones-federales-judiciales-extraordinarias\/#primaryimage"},"image":{"@id":"https:\/\/transparenciaelectoral.org\/blog\/mision-electoral-mexico-2025-elecciones-federales-judiciales-extraordinarias\/#primaryimage"},"thumbnailUrl":"https:\/\/transparenciaelectoral.org\/blog\/wp-content\/uploads\/2025\/02\/MOE-mexico-1.jpg","datePublished":"2025-02-21T19:29:03+00:00","dateModified":"2025-07-27T04:53:00+00:00","author":{"@id":"https:\/\/transparenciaelectoral.org\/blog\/#\/schema\/person\/63a97f81afd2c3820c6d9f262e27fe50"},"breadcrumb":{"@id":"https:\/\/transparenciaelectoral.org\/blog\/mision-electoral-mexico-2025-elecciones-federales-judiciales-extraordinarias\/#breadcrumb"},"inLanguage":"es","potentialAction":[{"@type":"ReadAction","target":["https:\/\/transparenciaelectoral.org\/blog\/mision-electoral-mexico-2025-elecciones-federales-judiciales-extraordinarias\/"]}]},{"@type":"ImageObject","inLanguage":"es","@id":"https:\/\/transparenciaelectoral.org\/blog\/mision-electoral-mexico-2025-elecciones-federales-judiciales-extraordinarias\/#primaryimage","url":"https:\/\/transparenciaelectoral.org\/blog\/wp-content\/uploads\/2025\/02\/MOE-mexico-1.jpg","contentUrl":"https:\/\/transparenciaelectoral.org\/blog\/wp-content\/uploads\/2025\/02\/MOE-mexico-1.jpg","width":1080,"height":1350},{"@type":"BreadcrumbList","@id":"https:\/\/transparenciaelectoral.org\/blog\/mision-electoral-mexico-2025-elecciones-federales-judiciales-extraordinarias\/#breadcrumb","itemListElement":[{"@type":"ListItem","position":1,"name":"Portada","item":"https:\/\/transparenciaelectoral.org\/blog\/"},{"@type":"ListItem","position":2,"name":"Misi\u00f3n Electoral M\u00e9xico 2025 &#8211; Elecciones Federales Judiciales Extraordinarias"}]},{"@type":"WebSite","@id":"https:\/\/transparenciaelectoral.org\/blog\/#website","url":"https:\/\/transparenciaelectoral.org\/blog\/","name":"Transparencia Electoral","description":"","potentialAction":[{"@type":"SearchAction","target":{"@type":"EntryPoint","urlTemplate":"https:\/\/transparenciaelectoral.org\/blog\/?s={search_term_string}"},"query-input":{"@type":"PropertyValueSpecification","valueRequired":true,"valueName":"search_term_string"}}],"inLanguage":"es"},{"@type":"Person","@id":"https:\/\/transparenciaelectoral.org\/blog\/#\/schema\/person\/63a97f81afd2c3820c6d9f262e27fe50","name":"Transparencia Electoral","sameAs":["https:\/\/transparenciaelectoral.org\/blog\/"]}]}},"_links":{"self":[{"href":"https:\/\/transparenciaelectoral.org\/blog\/wp-json\/wp\/v2\/posts\/11317","targetHints":{"allow":["GET"]}}],"collection":[{"href":"https:\/\/transparenciaelectoral.org\/blog\/wp-json\/wp\/v2\/posts"}],"about":[{"href":"https:\/\/transparenciaelectoral.org\/blog\/wp-json\/wp\/v2\/types\/post"}],"author":[{"embeddable":true,"href":"https:\/\/transparenciaelectoral.org\/blog\/wp-json\/wp\/v2\/users\/6"}],"replies":[{"embeddable":true,"href":"https:\/\/transparenciaelectoral.org\/blog\/wp-json\/wp\/v2\/comments?post=11317"}],"version-history":[{"count":1,"href":"https:\/\/transparenciaelectoral.org\/blog\/wp-json\/wp\/v2\/posts\/11317\/revisions"}],"predecessor-version":[{"id":11319,"href":"https:\/\/transparenciaelectoral.org\/blog\/wp-json\/wp\/v2\/posts\/11317\/revisions\/11319"}],"wp:featuredmedia":[{"embeddable":true,"href":"https:\/\/transparenciaelectoral.org\/blog\/wp-json\/wp\/v2\/media\/11318"}],"wp:attachment":[{"href":"https:\/\/transparenciaelectoral.org\/blog\/wp-json\/wp\/v2\/media?parent=11317"}],"wp:term":[{"taxonomy":"category","embeddable":true,"href":"https:\/\/transparenciaelectoral.org\/blog\/wp-json\/wp\/v2\/categories?post=11317"},{"taxonomy":"post_tag","embeddable":true,"href":"https:\/\/transparenciaelectoral.org\/blog\/wp-json\/wp\/v2\/tags?post=11317"}],"curies":[{"name":"wp","href":"https:\/\/api.w.org\/{rel}","templated":true}]}}