{"id":11311,"date":"2025-02-21T08:15:00","date_gmt":"2025-02-21T11:15:00","guid":{"rendered":"https:\/\/transparenciaelectoral.org\/blog\/?p=11311"},"modified":"2025-07-27T01:53:01","modified_gmt":"2025-07-27T04:53:01","slug":"participa-en-la-mision-de-observacion-electoral-segunda-vuelta-presidencial-ecuador-2025","status":"publish","type":"post","link":"https:\/\/transparenciaelectoral.org\/blog\/participa-en-la-mision-de-observacion-electoral-segunda-vuelta-presidencial-ecuador-2025\/","title":{"rendered":"Participa en la Misi\u00f3n de Observaci\u00f3n Electoral: Segunda vuelta presidencial Ecuador 2025\u00a0"},"content":{"rendered":"\n<p>Transparencia Electoral celebrar\u00e1 una Misi\u00f3n de Observaci\u00f3n Electoral en el marco de la <strong>Segunda Vuelta Presidencial de Ecuador del pr\u00f3ximo 13 de abril de 2025<\/strong>.<\/p>\n\n\n\n<p>La agenda de actividades se llevar\u00e1 a cabo entre los d\u00edas <strong>10 y 13 de abril de 2025 en la Ciudad de Quito<\/strong>, y prev\u00e9 reuniones con instituciones acad\u00e9micas, autoridades electorales, \u00f3rganos legislativos, organizaciones de la sociedad civil, y visitas a los centros de votaci\u00f3n durante la jornada electoral.<\/p>\n\n\n\n<p>Aquellos(as) interesados(as) en participar de la Misi\u00f3n de Observaci\u00f3n Electoral y las actividades de la agenda deber\u00e1n costear sus gastos de a\u00e9reo y hotel, y abonar a la organizaci\u00f3n un fee institucional<strong> <\/strong>en concepto de gestiones administrativas, coordinaci\u00f3n log\u00edstica, elaboraci\u00f3n de informes, acreditaciones y traslados durante la jornada electoral.&nbsp;<\/p>\n\n\n\n<p>Si est\u00e1s interesado en formar parte de la delegaci\u00f3n, completa el formulario y te contactaremos a la brevedad.<\/p>\n\n\n\n<div class=\"wp-block-buttons is-layout-flex wp-block-buttons-is-layout-flex\">\n<div class=\"wp-block-button\"><a class=\"wp-block-button__link wp-element-button\" href=\"https:\/\/docs.google.com\/forms\/d\/e\/1FAIpQLScOsepE3sUUPE47dDQxrIti3IT-_Lb_W7vhXoZqSvkxBFRZTA\/viewform\">INSCRIPCIONES<\/a><\/div>\n<\/div>\n","protected":false},"excerpt":{"rendered":"<p>Transparencia Electoral celebrar\u00e1 una Misi\u00f3n de Observaci\u00f3n Electoral en el marco de la Segunda Vuelta Presidencial de Ecuador del pr\u00f3ximo 13 de abril de 2025. La agenda de actividades se llevar\u00e1 a cabo entre los d\u00edas 10 y 13 de abril de 2025 en la Ciudad de Quito, y prev\u00e9 reuniones con instituciones acad\u00e9micas, autoridades &hellip;<\/p>\n","protected":false},"author":6,"featured_media":11312,"comment_status":"closed","ping_status":"open","sticky":false,"template":"","format":"standard","meta":{"footnotes":""},"categories":[100],"tags":[],"class_list":["post-11311","post","type-post","status-publish","format-standard","has-post-thumbnail","hentry","category-noticias"],"yoast_head":"<!-- This site is optimized with the Yoast SEO plugin v27.5 - https:\/\/yoast.com\/product\/yoast-seo-wordpress\/ -->\n<title>Participa en la Misi\u00f3n de Observaci\u00f3n Electoral: Segunda vuelta presidencial Ecuador 2025\u00a0 - Transparencia Electoral<\/title>\n<meta name=\"robots\" content=\"index, follow, max-snippet:-1, max-image-preview:large, max-video-preview:-1\" \/>\n<link rel=\"canonical\" href=\"https:\/\/transparenciaelectoral.org\/blog\/participa-en-la-mision-de-observacion-electoral-segunda-vuelta-presidencial-ecuador-2025\/\" \/>\n<meta property=\"og:locale\" content=\"es_ES\" \/>\n<meta property=\"og:type\" content=\"article\" \/>\n<meta property=\"og:title\" content=\"Participa en la Misi\u00f3n de Observaci\u00f3n Electoral: Segunda vuelta presidencial Ecuador 2025\u00a0 - Transparencia Electoral\" \/>\n<meta property=\"og:description\" content=\"Transparencia Electoral celebrar\u00e1 una Misi\u00f3n de Observaci\u00f3n Electoral en el marco de la Segunda Vuelta Presidencial de Ecuador del pr\u00f3ximo 13 de abril de 2025. La agenda de actividades se llevar\u00e1 a cabo entre los d\u00edas 10 y 13 de abril de 2025 en la Ciudad de Quito, y prev\u00e9 reuniones con instituciones acad\u00e9micas, autoridades &hellip;\" \/>\n<meta property=\"og:url\" content=\"https:\/\/transparenciaelectoral.org\/blog\/participa-en-la-mision-de-observacion-electoral-segunda-vuelta-presidencial-ecuador-2025\/\" \/>\n<meta property=\"og:site_name\" content=\"Transparencia Electoral\" \/>\n<meta property=\"article:publisher\" content=\"https:\/\/www.facebook.com\/Transparencia-Electoral-en-Am%c3%a9rica-latina-171661009688456\/\" \/>\n<meta property=\"article:published_time\" content=\"2025-02-21T11:15:00+00:00\" \/>\n<meta property=\"article:modified_time\" content=\"2025-07-27T04:53:01+00:00\" \/>\n<meta property=\"og:image\" content=\"https:\/\/transparenciaelectoral.org\/blog\/wp-content\/uploads\/2025\/02\/MOE-ecuador.jpg\" \/>\n\t<meta property=\"og:image:width\" content=\"1080\" \/>\n\t<meta property=\"og:image:height\" content=\"1350\" \/>\n\t<meta property=\"og:image:type\" content=\"image\/jpeg\" \/>\n<meta name=\"author\" content=\"Transparencia Electoral\" \/>\n<meta name=\"twitter:card\" content=\"summary_large_image\" \/>\n<meta name=\"twitter:creator\" content=\"@TransparenciaAL\" \/>\n<meta name=\"twitter:site\" content=\"@TransparenciaAL\" \/>\n<meta name=\"twitter:label1\" content=\"Escrito por\" \/>\n\t<meta name=\"twitter:data1\" content=\"Transparencia Electoral\" \/>\n\t<meta name=\"twitter:label2\" content=\"Tiempo de lectura\" \/>\n\t<meta name=\"twitter:data2\" content=\"1 minuto\" \/>\n<script type=\"application\/ld+json\" class=\"yoast-schema-graph\">{\"@context\":\"https:\\\/\\\/schema.org\",\"@graph\":[{\"@type\":\"Article\",\"@id\":\"https:\\\/\\\/transparenciaelectoral.org\\\/blog\\\/participa-en-la-mision-de-observacion-electoral-segunda-vuelta-presidencial-ecuador-2025\\\/#article\",\"isPartOf\":{\"@id\":\"https:\\\/\\\/transparenciaelectoral.org\\\/blog\\\/participa-en-la-mision-de-observacion-electoral-segunda-vuelta-presidencial-ecuador-2025\\\/\"},\"author\":{\"name\":\"Transparencia Electoral\",\"@id\":\"https:\\\/\\\/transparenciaelectoral.org\\\/blog\\\/#\\\/schema\\\/person\\\/63a97f81afd2c3820c6d9f262e27fe50\"},\"headline\":\"Participa en la Misi\u00f3n de Observaci\u00f3n Electoral: Segunda vuelta presidencial Ecuador 2025\u00a0\",\"datePublished\":\"2025-02-21T11:15:00+00:00\",\"dateModified\":\"2025-07-27T04:53:01+00:00\",\"mainEntityOfPage\":{\"@id\":\"https:\\\/\\\/transparenciaelectoral.org\\\/blog\\\/participa-en-la-mision-de-observacion-electoral-segunda-vuelta-presidencial-ecuador-2025\\\/\"},\"wordCount\":169,\"image\":{\"@id\":\"https:\\\/\\\/transparenciaelectoral.org\\\/blog\\\/participa-en-la-mision-de-observacion-electoral-segunda-vuelta-presidencial-ecuador-2025\\\/#primaryimage\"},\"thumbnailUrl\":\"https:\\\/\\\/transparenciaelectoral.org\\\/blog\\\/wp-content\\\/uploads\\\/2025\\\/02\\\/MOE-ecuador.jpg\",\"articleSection\":[\"Noticias\"],\"inLanguage\":\"es\"},{\"@type\":\"WebPage\",\"@id\":\"https:\\\/\\\/transparenciaelectoral.org\\\/blog\\\/participa-en-la-mision-de-observacion-electoral-segunda-vuelta-presidencial-ecuador-2025\\\/\",\"url\":\"https:\\\/\\\/transparenciaelectoral.org\\\/blog\\\/participa-en-la-mision-de-observacion-electoral-segunda-vuelta-presidencial-ecuador-2025\\\/\",\"name\":\"Participa en la Misi\u00f3n de Observaci\u00f3n Electoral: Segunda vuelta presidencial Ecuador 2025\u00a0 - Transparencia Electoral\",\"isPartOf\":{\"@id\":\"https:\\\/\\\/transparenciaelectoral.org\\\/blog\\\/#website\"},\"primaryImageOfPage\":{\"@id\":\"https:\\\/\\\/transparenciaelectoral.org\\\/blog\\\/participa-en-la-mision-de-observacion-electoral-segunda-vuelta-presidencial-ecuador-2025\\\/#primaryimage\"},\"image\":{\"@id\":\"https:\\\/\\\/transparenciaelectoral.org\\\/blog\\\/participa-en-la-mision-de-observacion-electoral-segunda-vuelta-presidencial-ecuador-2025\\\/#primaryimage\"},\"thumbnailUrl\":\"https:\\\/\\\/transparenciaelectoral.org\\\/blog\\\/wp-content\\\/uploads\\\/2025\\\/02\\\/MOE-ecuador.jpg\",\"datePublished\":\"2025-02-21T11:15:00+00:00\",\"dateModified\":\"2025-07-27T04:53:01+00:00\",\"author\":{\"@id\":\"https:\\\/\\\/transparenciaelectoral.org\\\/blog\\\/#\\\/schema\\\/person\\\/63a97f81afd2c3820c6d9f262e27fe50\"},\"breadcrumb\":{\"@id\":\"https:\\\/\\\/transparenciaelectoral.org\\\/blog\\\/participa-en-la-mision-de-observacion-electoral-segunda-vuelta-presidencial-ecuador-2025\\\/#breadcrumb\"},\"inLanguage\":\"es\",\"potentialAction\":[{\"@type\":\"ReadAction\",\"target\":[\"https:\\\/\\\/transparenciaelectoral.org\\\/blog\\\/participa-en-la-mision-de-observacion-electoral-segunda-vuelta-presidencial-ecuador-2025\\\/\"]}]},{\"@type\":\"ImageObject\",\"inLanguage\":\"es\",\"@id\":\"https:\\\/\\\/transparenciaelectoral.org\\\/blog\\\/participa-en-la-mision-de-observacion-electoral-segunda-vuelta-presidencial-ecuador-2025\\\/#primaryimage\",\"url\":\"https:\\\/\\\/transparenciaelectoral.org\\\/blog\\\/wp-content\\\/uploads\\\/2025\\\/02\\\/MOE-ecuador.jpg\",\"contentUrl\":\"https:\\\/\\\/transparenciaelectoral.org\\\/blog\\\/wp-content\\\/uploads\\\/2025\\\/02\\\/MOE-ecuador.jpg\",\"width\":1080,\"height\":1350},{\"@type\":\"BreadcrumbList\",\"@id\":\"https:\\\/\\\/transparenciaelectoral.org\\\/blog\\\/participa-en-la-mision-de-observacion-electoral-segunda-vuelta-presidencial-ecuador-2025\\\/#breadcrumb\",\"itemListElement\":[{\"@type\":\"ListItem\",\"position\":1,\"name\":\"Portada\",\"item\":\"https:\\\/\\\/transparenciaelectoral.org\\\/blog\\\/\"},{\"@type\":\"ListItem\",\"position\":2,\"name\":\"Participa en la Misi\u00f3n de Observaci\u00f3n Electoral: Segunda vuelta presidencial Ecuador 2025\u00a0\"}]},{\"@type\":\"WebSite\",\"@id\":\"https:\\\/\\\/transparenciaelectoral.org\\\/blog\\\/#website\",\"url\":\"https:\\\/\\\/transparenciaelectoral.org\\\/blog\\\/\",\"name\":\"Transparencia Electoral\",\"description\":\"\",\"potentialAction\":[{\"@type\":\"SearchAction\",\"target\":{\"@type\":\"EntryPoint\",\"urlTemplate\":\"https:\\\/\\\/transparenciaelectoral.org\\\/blog\\\/?s={search_term_string}\"},\"query-input\":{\"@type\":\"PropertyValueSpecification\",\"valueRequired\":true,\"valueName\":\"search_term_string\"}}],\"inLanguage\":\"es\"},{\"@type\":\"Person\",\"@id\":\"https:\\\/\\\/transparenciaelectoral.org\\\/blog\\\/#\\\/schema\\\/person\\\/63a97f81afd2c3820c6d9f262e27fe50\",\"name\":\"Transparencia Electoral\",\"sameAs\":[\"https:\\\/\\\/transparenciaelectoral.org\\\/blog\\\/\"]}]}<\/script>\n<!-- \/ Yoast SEO plugin. -->","yoast_head_json":{"title":"Participa en la Misi\u00f3n de Observaci\u00f3n Electoral: Segunda vuelta presidencial Ecuador 2025\u00a0 - Transparencia Electoral","robots":{"index":"index","follow":"follow","max-snippet":"max-snippet:-1","max-image-preview":"max-image-preview:large","max-video-preview":"max-video-preview:-1"},"canonical":"https:\/\/transparenciaelectoral.org\/blog\/participa-en-la-mision-de-observacion-electoral-segunda-vuelta-presidencial-ecuador-2025\/","og_locale":"es_ES","og_type":"article","og_title":"Participa en la Misi\u00f3n de Observaci\u00f3n Electoral: Segunda vuelta presidencial Ecuador 2025\u00a0 - Transparencia Electoral","og_description":"Transparencia Electoral celebrar\u00e1 una Misi\u00f3n de Observaci\u00f3n Electoral en el marco de la Segunda Vuelta Presidencial de Ecuador del pr\u00f3ximo 13 de abril de 2025. La agenda de actividades se llevar\u00e1 a cabo entre los d\u00edas 10 y 13 de abril de 2025 en la Ciudad de Quito, y prev\u00e9 reuniones con instituciones acad\u00e9micas, autoridades &hellip;","og_url":"https:\/\/transparenciaelectoral.org\/blog\/participa-en-la-mision-de-observacion-electoral-segunda-vuelta-presidencial-ecuador-2025\/","og_site_name":"Transparencia Electoral","article_publisher":"https:\/\/www.facebook.com\/Transparencia-Electoral-en-Am%c3%a9rica-latina-171661009688456\/","article_published_time":"2025-02-21T11:15:00+00:00","article_modified_time":"2025-07-27T04:53:01+00:00","og_image":[{"width":1080,"height":1350,"url":"https:\/\/transparenciaelectoral.org\/blog\/wp-content\/uploads\/2025\/02\/MOE-ecuador.jpg","type":"image\/jpeg"}],"author":"Transparencia Electoral","twitter_card":"summary_large_image","twitter_creator":"@TransparenciaAL","twitter_site":"@TransparenciaAL","twitter_misc":{"Escrito por":"Transparencia Electoral","Tiempo de lectura":"1 minuto"},"schema":{"@context":"https:\/\/schema.org","@graph":[{"@type":"Article","@id":"https:\/\/transparenciaelectoral.org\/blog\/participa-en-la-mision-de-observacion-electoral-segunda-vuelta-presidencial-ecuador-2025\/#article","isPartOf":{"@id":"https:\/\/transparenciaelectoral.org\/blog\/participa-en-la-mision-de-observacion-electoral-segunda-vuelta-presidencial-ecuador-2025\/"},"author":{"name":"Transparencia Electoral","@id":"https:\/\/transparenciaelectoral.org\/blog\/#\/schema\/person\/63a97f81afd2c3820c6d9f262e27fe50"},"headline":"Participa en la Misi\u00f3n de Observaci\u00f3n Electoral: Segunda vuelta presidencial Ecuador 2025\u00a0","datePublished":"2025-02-21T11:15:00+00:00","dateModified":"2025-07-27T04:53:01+00:00","mainEntityOfPage":{"@id":"https:\/\/transparenciaelectoral.org\/blog\/participa-en-la-mision-de-observacion-electoral-segunda-vuelta-presidencial-ecuador-2025\/"},"wordCount":169,"image":{"@id":"https:\/\/transparenciaelectoral.org\/blog\/participa-en-la-mision-de-observacion-electoral-segunda-vuelta-presidencial-ecuador-2025\/#primaryimage"},"thumbnailUrl":"https:\/\/transparenciaelectoral.org\/blog\/wp-content\/uploads\/2025\/02\/MOE-ecuador.jpg","articleSection":["Noticias"],"inLanguage":"es"},{"@type":"WebPage","@id":"https:\/\/transparenciaelectoral.org\/blog\/participa-en-la-mision-de-observacion-electoral-segunda-vuelta-presidencial-ecuador-2025\/","url":"https:\/\/transparenciaelectoral.org\/blog\/participa-en-la-mision-de-observacion-electoral-segunda-vuelta-presidencial-ecuador-2025\/","name":"Participa en la Misi\u00f3n de Observaci\u00f3n Electoral: Segunda vuelta presidencial Ecuador 2025\u00a0 - Transparencia Electoral","isPartOf":{"@id":"https:\/\/transparenciaelectoral.org\/blog\/#website"},"primaryImageOfPage":{"@id":"https:\/\/transparenciaelectoral.org\/blog\/participa-en-la-mision-de-observacion-electoral-segunda-vuelta-presidencial-ecuador-2025\/#primaryimage"},"image":{"@id":"https:\/\/transparenciaelectoral.org\/blog\/participa-en-la-mision-de-observacion-electoral-segunda-vuelta-presidencial-ecuador-2025\/#primaryimage"},"thumbnailUrl":"https:\/\/transparenciaelectoral.org\/blog\/wp-content\/uploads\/2025\/02\/MOE-ecuador.jpg","datePublished":"2025-02-21T11:15:00+00:00","dateModified":"2025-07-27T04:53:01+00:00","author":{"@id":"https:\/\/transparenciaelectoral.org\/blog\/#\/schema\/person\/63a97f81afd2c3820c6d9f262e27fe50"},"breadcrumb":{"@id":"https:\/\/transparenciaelectoral.org\/blog\/participa-en-la-mision-de-observacion-electoral-segunda-vuelta-presidencial-ecuador-2025\/#breadcrumb"},"inLanguage":"es","potentialAction":[{"@type":"ReadAction","target":["https:\/\/transparenciaelectoral.org\/blog\/participa-en-la-mision-de-observacion-electoral-segunda-vuelta-presidencial-ecuador-2025\/"]}]},{"@type":"ImageObject","inLanguage":"es","@id":"https:\/\/transparenciaelectoral.org\/blog\/participa-en-la-mision-de-observacion-electoral-segunda-vuelta-presidencial-ecuador-2025\/#primaryimage","url":"https:\/\/transparenciaelectoral.org\/blog\/wp-content\/uploads\/2025\/02\/MOE-ecuador.jpg","contentUrl":"https:\/\/transparenciaelectoral.org\/blog\/wp-content\/uploads\/2025\/02\/MOE-ecuador.jpg","width":1080,"height":1350},{"@type":"BreadcrumbList","@id":"https:\/\/transparenciaelectoral.org\/blog\/participa-en-la-mision-de-observacion-electoral-segunda-vuelta-presidencial-ecuador-2025\/#breadcrumb","itemListElement":[{"@type":"ListItem","position":1,"name":"Portada","item":"https:\/\/transparenciaelectoral.org\/blog\/"},{"@type":"ListItem","position":2,"name":"Participa en la Misi\u00f3n de Observaci\u00f3n Electoral: Segunda vuelta presidencial Ecuador 2025\u00a0"}]},{"@type":"WebSite","@id":"https:\/\/transparenciaelectoral.org\/blog\/#website","url":"https:\/\/transparenciaelectoral.org\/blog\/","name":"Transparencia Electoral","description":"","potentialAction":[{"@type":"SearchAction","target":{"@type":"EntryPoint","urlTemplate":"https:\/\/transparenciaelectoral.org\/blog\/?s={search_term_string}"},"query-input":{"@type":"PropertyValueSpecification","valueRequired":true,"valueName":"search_term_string"}}],"inLanguage":"es"},{"@type":"Person","@id":"https:\/\/transparenciaelectoral.org\/blog\/#\/schema\/person\/63a97f81afd2c3820c6d9f262e27fe50","name":"Transparencia Electoral","sameAs":["https:\/\/transparenciaelectoral.org\/blog\/"]}]}},"_links":{"self":[{"href":"https:\/\/transparenciaelectoral.org\/blog\/wp-json\/wp\/v2\/posts\/11311","targetHints":{"allow":["GET"]}}],"collection":[{"href":"https:\/\/transparenciaelectoral.org\/blog\/wp-json\/wp\/v2\/posts"}],"about":[{"href":"https:\/\/transparenciaelectoral.org\/blog\/wp-json\/wp\/v2\/types\/post"}],"author":[{"embeddable":true,"href":"https:\/\/transparenciaelectoral.org\/blog\/wp-json\/wp\/v2\/users\/6"}],"replies":[{"embeddable":true,"href":"https:\/\/transparenciaelectoral.org\/blog\/wp-json\/wp\/v2\/comments?post=11311"}],"version-history":[{"count":1,"href":"https:\/\/transparenciaelectoral.org\/blog\/wp-json\/wp\/v2\/posts\/11311\/revisions"}],"predecessor-version":[{"id":11313,"href":"https:\/\/transparenciaelectoral.org\/blog\/wp-json\/wp\/v2\/posts\/11311\/revisions\/11313"}],"wp:featuredmedia":[{"embeddable":true,"href":"https:\/\/transparenciaelectoral.org\/blog\/wp-json\/wp\/v2\/media\/11312"}],"wp:attachment":[{"href":"https:\/\/transparenciaelectoral.org\/blog\/wp-json\/wp\/v2\/media?parent=11311"}],"wp:term":[{"taxonomy":"category","embeddable":true,"href":"https:\/\/transparenciaelectoral.org\/blog\/wp-json\/wp\/v2\/categories?post=11311"},{"taxonomy":"post_tag","embeddable":true,"href":"https:\/\/transparenciaelectoral.org\/blog\/wp-json\/wp\/v2\/tags?post=11311"}],"curies":[{"name":"wp","href":"https:\/\/api.w.org\/{rel}","templated":true}]}}