{"id":10639,"date":"2024-06-06T11:09:26","date_gmt":"2024-06-06T14:09:26","guid":{"rendered":"https:\/\/transparenciaelectoral.org\/blog\/?p=10639"},"modified":"2025-07-27T01:53:23","modified_gmt":"2025-07-27T04:53:23","slug":"elecciones-presidenciales-en-iran-sin-observacion-electoral-internacional","status":"publish","type":"post","link":"https:\/\/transparenciaelectoral.org\/blog\/elecciones-presidenciales-en-iran-sin-observacion-electoral-internacional\/","title":{"rendered":"Elecciones Presidenciales en Ir\u00e1n sin Observaci\u00f3n Electoral Internacional"},"content":{"rendered":"\n<p>La Rep\u00fablica Isl\u00e1mica de Ir\u00e1n abri\u00f3 este jueves 30 de mayo un per\u00edodo de inscripci\u00f3n de cinco d\u00edas para los aspirantes a la Presidencia de Ir\u00e1n que quieran postularse para las elecciones del 28 de junio para reemplazar a Ebrahim Rais\u00ed, quien muri\u00f3 en un accidente de helic\u00f3ptero a mediados de mayo con otras siete personas.<\/p>\n\n\n\n<p>Durante estos 5 d\u00edas (el per\u00edodo termin\u00f3 martes 04 de junio), se presentaron a registrarse 80 candidatos que debieron tener una edad entre 40 y 75 a\u00f1os con al menos un t\u00edtulo de m\u00e1ster. Todos los candidatos, en \u00faltima instancia, deber\u00e1n ser aprobados por el Consejo de Guardianes de Ir\u00e1n (12 miembros), un panel de cl\u00e9rigos y juristas supervisados, finalmente, por el ayatol\u00e1 Ali Jamenei de 85 a\u00f1os, quien tienen la \u00faltima palabra sobre los temas de Estado. En el pasado, el Consejo nunca ha aceptado a una mujer, ni a candidatos que pudiesen representar un cambio radical en la conducci\u00f3n del pa\u00eds. No obstante, la escogencia del presidente de Ir\u00e1n ha determinado una mayor interacci\u00f3n u hostilidad hacia occidente.<\/p>\n\n\n\n<p>El ministro del interior Ahmad Vahidi fue el encargado de abrir el plazo de inscripci\u00f3n. Este ministerio es el encargado de dirigir las elecciones iran\u00edes <strong>sin una observaci\u00f3n internacional sustancial<\/strong>. Al ser consultado, Vahidi dijo que \u201cestas elecciones, al igual que las parlamentarias, se celebrar\u00e1n con total seguridad y salud, con buena competencia y con una amplia participaci\u00f3n de todas las personas queridas\u00bb.<\/p>\n\n\n\n<p>Entre los candidatos est\u00e1n el presidente del parlamento, Mohammad Baqer Ghalibaf, as\u00ed como el expresidente de ese poder del legislativo, Al\u00ed Larijani. El exvicepresidente, Eshaq Jahangiri y exmandatario <strong>Mahmoud Ahmadinejad<\/strong>. Otros candidatos son el exsecretario del Consejo Supremo de Seguridad Nacional y el actual representantante del L\u00edder Supremo en el Consejo, Saeedv Jalili y los parlamentarios Mohammad Reza Sabaghian y Abbas Moqtadaei. Tambi\u00e9n se postul\u00f3 el representante del partido reformista Mardom Salari,<\/p>\n\n\n\n<p>El registro de candidatos comenz\u00f3 el 30 de mayo tras el repentino fallecimiento de Ebrahim Raisi. El resultado final de las postulaciones se anunciar\u00e1 el pr\u00f3ximo 11 de junio en la v\u00edspera del inicio de la campa\u00f1a electoral de dos semanas y las elecciones ser\u00e1n el 28 de junio.&nbsp;<\/p>\n\n\n\n<p>Ahmadinejad, quien ya fue presidente de 2005 a 2013, ha sido vetado por el Consejo de Guardianes quienes le impidieron postularse nuevamente en 2017. El l\u00edder supremo, Ali Jamenei, le advirti\u00f3 que su entrada en la carrera por la presidencia \u201cno estaba en su inter\u00e9s ni en el del pa\u00eds\u201d Debido a eso, las diferencias entre ambos se profundizaron cuando Ahmadinejad abog\u00f3 por mayores controles sobre la autoridad del l\u00edder supremo y pidi\u00f3 elecciones libres.&nbsp;<\/p>\n\n\n\n<p>Lo que s\u00ed queda claro es que Ir\u00e1n va a celebrar elecciones sin una autoridad electoral independiente, con un limitado n\u00famero de candidatos y que, adem\u00e1s, el nuevo presidente del pa\u00eds ser\u00e1 escogido por el Consejo de Guardianes que est\u00e1 dominado por el l\u00edder m\u00e1ximo Ali Jamenei. O sea, que la participaci\u00f3n popular no surtir\u00e1 ning\u00fan efecto y, desde luego, no contar\u00e1 con ning\u00fan monitoreo electoral internacional.<\/p>\n","protected":false},"excerpt":{"rendered":"<p>La Rep\u00fablica Isl\u00e1mica de Ir\u00e1n abri\u00f3 este jueves 30 de mayo un per\u00edodo de inscripci\u00f3n de cinco d\u00edas para los aspirantes a la Presidencia de Ir\u00e1n que quieran postularse para las elecciones del 28 de junio para reemplazar a Ebrahim Rais\u00ed, quien muri\u00f3 en un accidente de helic\u00f3ptero a mediados de mayo con otras siete &hellip;<\/p>\n","protected":false},"author":6,"featured_media":10646,"comment_status":"closed","ping_status":"open","sticky":false,"template":"","format":"standard","meta":{"footnotes":""},"categories":[290,320],"tags":[],"class_list":["post-10639","post","type-post","status-publish","format-standard","has-post-thumbnail","hentry","category-blog","category-autoritarismo-electoral"],"yoast_head":"<!-- This site is optimized with the Yoast SEO plugin v27.5 - https:\/\/yoast.com\/product\/yoast-seo-wordpress\/ -->\n<title>Elecciones Presidenciales en Ir\u00e1n sin Observaci\u00f3n Electoral Internacional - Transparencia Electoral<\/title>\n<meta name=\"robots\" content=\"index, follow, max-snippet:-1, max-image-preview:large, max-video-preview:-1\" \/>\n<link rel=\"canonical\" href=\"https:\/\/transparenciaelectoral.org\/blog\/elecciones-presidenciales-en-iran-sin-observacion-electoral-internacional\/\" \/>\n<meta property=\"og:locale\" content=\"es_ES\" \/>\n<meta property=\"og:type\" content=\"article\" \/>\n<meta property=\"og:title\" content=\"Elecciones Presidenciales en Ir\u00e1n sin Observaci\u00f3n Electoral Internacional - Transparencia Electoral\" \/>\n<meta property=\"og:description\" content=\"La Rep\u00fablica Isl\u00e1mica de Ir\u00e1n abri\u00f3 este jueves 30 de mayo un per\u00edodo de inscripci\u00f3n de cinco d\u00edas para los aspirantes a la Presidencia de Ir\u00e1n que quieran postularse para las elecciones del 28 de junio para reemplazar a Ebrahim Rais\u00ed, quien muri\u00f3 en un accidente de helic\u00f3ptero a mediados de mayo con otras siete &hellip;\" \/>\n<meta property=\"og:url\" content=\"https:\/\/transparenciaelectoral.org\/blog\/elecciones-presidenciales-en-iran-sin-observacion-electoral-internacional\/\" \/>\n<meta property=\"og:site_name\" content=\"Transparencia Electoral\" \/>\n<meta property=\"article:publisher\" content=\"https:\/\/www.facebook.com\/Transparencia-Electoral-en-Am%c3%a9rica-latina-171661009688456\/\" \/>\n<meta property=\"article:published_time\" content=\"2024-06-06T14:09:26+00:00\" \/>\n<meta property=\"article:modified_time\" content=\"2025-07-27T04:53:23+00:00\" \/>\n<meta property=\"og:image\" content=\"https:\/\/transparenciaelectoral.org\/blog\/wp-content\/uploads\/2024\/06\/96090372_gettyimages-512430030.jpg\" \/>\n\t<meta property=\"og:image:width\" content=\"976\" \/>\n\t<meta property=\"og:image:height\" content=\"549\" \/>\n\t<meta property=\"og:image:type\" content=\"image\/jpeg\" \/>\n<meta name=\"author\" content=\"Transparencia Electoral\" \/>\n<meta name=\"twitter:card\" content=\"summary_large_image\" \/>\n<meta name=\"twitter:creator\" content=\"@TransparenciaAL\" \/>\n<meta name=\"twitter:site\" content=\"@TransparenciaAL\" \/>\n<meta name=\"twitter:label1\" content=\"Escrito por\" \/>\n\t<meta name=\"twitter:data1\" content=\"Transparencia Electoral\" \/>\n\t<meta name=\"twitter:label2\" content=\"Tiempo de lectura\" \/>\n\t<meta name=\"twitter:data2\" content=\"3 minutos\" \/>\n<script type=\"application\/ld+json\" class=\"yoast-schema-graph\">{\"@context\":\"https:\\\/\\\/schema.org\",\"@graph\":[{\"@type\":\"Article\",\"@id\":\"https:\\\/\\\/transparenciaelectoral.org\\\/blog\\\/elecciones-presidenciales-en-iran-sin-observacion-electoral-internacional\\\/#article\",\"isPartOf\":{\"@id\":\"https:\\\/\\\/transparenciaelectoral.org\\\/blog\\\/elecciones-presidenciales-en-iran-sin-observacion-electoral-internacional\\\/\"},\"author\":{\"name\":\"Transparencia Electoral\",\"@id\":\"https:\\\/\\\/transparenciaelectoral.org\\\/blog\\\/#\\\/schema\\\/person\\\/63a97f81afd2c3820c6d9f262e27fe50\"},\"headline\":\"Elecciones Presidenciales en Ir\u00e1n sin Observaci\u00f3n Electoral Internacional\",\"datePublished\":\"2024-06-06T14:09:26+00:00\",\"dateModified\":\"2025-07-27T04:53:23+00:00\",\"mainEntityOfPage\":{\"@id\":\"https:\\\/\\\/transparenciaelectoral.org\\\/blog\\\/elecciones-presidenciales-en-iran-sin-observacion-electoral-internacional\\\/\"},\"wordCount\":545,\"image\":{\"@id\":\"https:\\\/\\\/transparenciaelectoral.org\\\/blog\\\/elecciones-presidenciales-en-iran-sin-observacion-electoral-internacional\\\/#primaryimage\"},\"thumbnailUrl\":\"https:\\\/\\\/transparenciaelectoral.org\\\/blog\\\/wp-content\\\/uploads\\\/2024\\\/06\\\/96090372_gettyimages-512430030.jpg\",\"articleSection\":[\"Blog\",\"\u270a Autoritarismo electoral\"],\"inLanguage\":\"es\"},{\"@type\":\"WebPage\",\"@id\":\"https:\\\/\\\/transparenciaelectoral.org\\\/blog\\\/elecciones-presidenciales-en-iran-sin-observacion-electoral-internacional\\\/\",\"url\":\"https:\\\/\\\/transparenciaelectoral.org\\\/blog\\\/elecciones-presidenciales-en-iran-sin-observacion-electoral-internacional\\\/\",\"name\":\"Elecciones Presidenciales en Ir\u00e1n sin Observaci\u00f3n Electoral Internacional - Transparencia Electoral\",\"isPartOf\":{\"@id\":\"https:\\\/\\\/transparenciaelectoral.org\\\/blog\\\/#website\"},\"primaryImageOfPage\":{\"@id\":\"https:\\\/\\\/transparenciaelectoral.org\\\/blog\\\/elecciones-presidenciales-en-iran-sin-observacion-electoral-internacional\\\/#primaryimage\"},\"image\":{\"@id\":\"https:\\\/\\\/transparenciaelectoral.org\\\/blog\\\/elecciones-presidenciales-en-iran-sin-observacion-electoral-internacional\\\/#primaryimage\"},\"thumbnailUrl\":\"https:\\\/\\\/transparenciaelectoral.org\\\/blog\\\/wp-content\\\/uploads\\\/2024\\\/06\\\/96090372_gettyimages-512430030.jpg\",\"datePublished\":\"2024-06-06T14:09:26+00:00\",\"dateModified\":\"2025-07-27T04:53:23+00:00\",\"author\":{\"@id\":\"https:\\\/\\\/transparenciaelectoral.org\\\/blog\\\/#\\\/schema\\\/person\\\/63a97f81afd2c3820c6d9f262e27fe50\"},\"breadcrumb\":{\"@id\":\"https:\\\/\\\/transparenciaelectoral.org\\\/blog\\\/elecciones-presidenciales-en-iran-sin-observacion-electoral-internacional\\\/#breadcrumb\"},\"inLanguage\":\"es\",\"potentialAction\":[{\"@type\":\"ReadAction\",\"target\":[\"https:\\\/\\\/transparenciaelectoral.org\\\/blog\\\/elecciones-presidenciales-en-iran-sin-observacion-electoral-internacional\\\/\"]}]},{\"@type\":\"ImageObject\",\"inLanguage\":\"es\",\"@id\":\"https:\\\/\\\/transparenciaelectoral.org\\\/blog\\\/elecciones-presidenciales-en-iran-sin-observacion-electoral-internacional\\\/#primaryimage\",\"url\":\"https:\\\/\\\/transparenciaelectoral.org\\\/blog\\\/wp-content\\\/uploads\\\/2024\\\/06\\\/96090372_gettyimages-512430030.jpg\",\"contentUrl\":\"https:\\\/\\\/transparenciaelectoral.org\\\/blog\\\/wp-content\\\/uploads\\\/2024\\\/06\\\/96090372_gettyimages-512430030.jpg\",\"width\":976,\"height\":549},{\"@type\":\"BreadcrumbList\",\"@id\":\"https:\\\/\\\/transparenciaelectoral.org\\\/blog\\\/elecciones-presidenciales-en-iran-sin-observacion-electoral-internacional\\\/#breadcrumb\",\"itemListElement\":[{\"@type\":\"ListItem\",\"position\":1,\"name\":\"Portada\",\"item\":\"https:\\\/\\\/transparenciaelectoral.org\\\/blog\\\/\"},{\"@type\":\"ListItem\",\"position\":2,\"name\":\"Elecciones Presidenciales en Ir\u00e1n sin Observaci\u00f3n Electoral Internacional\"}]},{\"@type\":\"WebSite\",\"@id\":\"https:\\\/\\\/transparenciaelectoral.org\\\/blog\\\/#website\",\"url\":\"https:\\\/\\\/transparenciaelectoral.org\\\/blog\\\/\",\"name\":\"Transparencia Electoral\",\"description\":\"\",\"potentialAction\":[{\"@type\":\"SearchAction\",\"target\":{\"@type\":\"EntryPoint\",\"urlTemplate\":\"https:\\\/\\\/transparenciaelectoral.org\\\/blog\\\/?s={search_term_string}\"},\"query-input\":{\"@type\":\"PropertyValueSpecification\",\"valueRequired\":true,\"valueName\":\"search_term_string\"}}],\"inLanguage\":\"es\"},{\"@type\":\"Person\",\"@id\":\"https:\\\/\\\/transparenciaelectoral.org\\\/blog\\\/#\\\/schema\\\/person\\\/63a97f81afd2c3820c6d9f262e27fe50\",\"name\":\"Transparencia Electoral\",\"sameAs\":[\"https:\\\/\\\/transparenciaelectoral.org\\\/blog\\\/\"]}]}<\/script>\n<!-- \/ Yoast SEO plugin. -->","yoast_head_json":{"title":"Elecciones Presidenciales en Ir\u00e1n sin Observaci\u00f3n Electoral Internacional - Transparencia Electoral","robots":{"index":"index","follow":"follow","max-snippet":"max-snippet:-1","max-image-preview":"max-image-preview:large","max-video-preview":"max-video-preview:-1"},"canonical":"https:\/\/transparenciaelectoral.org\/blog\/elecciones-presidenciales-en-iran-sin-observacion-electoral-internacional\/","og_locale":"es_ES","og_type":"article","og_title":"Elecciones Presidenciales en Ir\u00e1n sin Observaci\u00f3n Electoral Internacional - Transparencia Electoral","og_description":"La Rep\u00fablica Isl\u00e1mica de Ir\u00e1n abri\u00f3 este jueves 30 de mayo un per\u00edodo de inscripci\u00f3n de cinco d\u00edas para los aspirantes a la Presidencia de Ir\u00e1n que quieran postularse para las elecciones del 28 de junio para reemplazar a Ebrahim Rais\u00ed, quien muri\u00f3 en un accidente de helic\u00f3ptero a mediados de mayo con otras siete &hellip;","og_url":"https:\/\/transparenciaelectoral.org\/blog\/elecciones-presidenciales-en-iran-sin-observacion-electoral-internacional\/","og_site_name":"Transparencia Electoral","article_publisher":"https:\/\/www.facebook.com\/Transparencia-Electoral-en-Am%c3%a9rica-latina-171661009688456\/","article_published_time":"2024-06-06T14:09:26+00:00","article_modified_time":"2025-07-27T04:53:23+00:00","og_image":[{"width":976,"height":549,"url":"https:\/\/transparenciaelectoral.org\/blog\/wp-content\/uploads\/2024\/06\/96090372_gettyimages-512430030.jpg","type":"image\/jpeg"}],"author":"Transparencia Electoral","twitter_card":"summary_large_image","twitter_creator":"@TransparenciaAL","twitter_site":"@TransparenciaAL","twitter_misc":{"Escrito por":"Transparencia Electoral","Tiempo de lectura":"3 minutos"},"schema":{"@context":"https:\/\/schema.org","@graph":[{"@type":"Article","@id":"https:\/\/transparenciaelectoral.org\/blog\/elecciones-presidenciales-en-iran-sin-observacion-electoral-internacional\/#article","isPartOf":{"@id":"https:\/\/transparenciaelectoral.org\/blog\/elecciones-presidenciales-en-iran-sin-observacion-electoral-internacional\/"},"author":{"name":"Transparencia Electoral","@id":"https:\/\/transparenciaelectoral.org\/blog\/#\/schema\/person\/63a97f81afd2c3820c6d9f262e27fe50"},"headline":"Elecciones Presidenciales en Ir\u00e1n sin Observaci\u00f3n Electoral Internacional","datePublished":"2024-06-06T14:09:26+00:00","dateModified":"2025-07-27T04:53:23+00:00","mainEntityOfPage":{"@id":"https:\/\/transparenciaelectoral.org\/blog\/elecciones-presidenciales-en-iran-sin-observacion-electoral-internacional\/"},"wordCount":545,"image":{"@id":"https:\/\/transparenciaelectoral.org\/blog\/elecciones-presidenciales-en-iran-sin-observacion-electoral-internacional\/#primaryimage"},"thumbnailUrl":"https:\/\/transparenciaelectoral.org\/blog\/wp-content\/uploads\/2024\/06\/96090372_gettyimages-512430030.jpg","articleSection":["Blog","\u270a Autoritarismo electoral"],"inLanguage":"es"},{"@type":"WebPage","@id":"https:\/\/transparenciaelectoral.org\/blog\/elecciones-presidenciales-en-iran-sin-observacion-electoral-internacional\/","url":"https:\/\/transparenciaelectoral.org\/blog\/elecciones-presidenciales-en-iran-sin-observacion-electoral-internacional\/","name":"Elecciones Presidenciales en Ir\u00e1n sin Observaci\u00f3n Electoral Internacional - Transparencia Electoral","isPartOf":{"@id":"https:\/\/transparenciaelectoral.org\/blog\/#website"},"primaryImageOfPage":{"@id":"https:\/\/transparenciaelectoral.org\/blog\/elecciones-presidenciales-en-iran-sin-observacion-electoral-internacional\/#primaryimage"},"image":{"@id":"https:\/\/transparenciaelectoral.org\/blog\/elecciones-presidenciales-en-iran-sin-observacion-electoral-internacional\/#primaryimage"},"thumbnailUrl":"https:\/\/transparenciaelectoral.org\/blog\/wp-content\/uploads\/2024\/06\/96090372_gettyimages-512430030.jpg","datePublished":"2024-06-06T14:09:26+00:00","dateModified":"2025-07-27T04:53:23+00:00","author":{"@id":"https:\/\/transparenciaelectoral.org\/blog\/#\/schema\/person\/63a97f81afd2c3820c6d9f262e27fe50"},"breadcrumb":{"@id":"https:\/\/transparenciaelectoral.org\/blog\/elecciones-presidenciales-en-iran-sin-observacion-electoral-internacional\/#breadcrumb"},"inLanguage":"es","potentialAction":[{"@type":"ReadAction","target":["https:\/\/transparenciaelectoral.org\/blog\/elecciones-presidenciales-en-iran-sin-observacion-electoral-internacional\/"]}]},{"@type":"ImageObject","inLanguage":"es","@id":"https:\/\/transparenciaelectoral.org\/blog\/elecciones-presidenciales-en-iran-sin-observacion-electoral-internacional\/#primaryimage","url":"https:\/\/transparenciaelectoral.org\/blog\/wp-content\/uploads\/2024\/06\/96090372_gettyimages-512430030.jpg","contentUrl":"https:\/\/transparenciaelectoral.org\/blog\/wp-content\/uploads\/2024\/06\/96090372_gettyimages-512430030.jpg","width":976,"height":549},{"@type":"BreadcrumbList","@id":"https:\/\/transparenciaelectoral.org\/blog\/elecciones-presidenciales-en-iran-sin-observacion-electoral-internacional\/#breadcrumb","itemListElement":[{"@type":"ListItem","position":1,"name":"Portada","item":"https:\/\/transparenciaelectoral.org\/blog\/"},{"@type":"ListItem","position":2,"name":"Elecciones Presidenciales en Ir\u00e1n sin Observaci\u00f3n Electoral Internacional"}]},{"@type":"WebSite","@id":"https:\/\/transparenciaelectoral.org\/blog\/#website","url":"https:\/\/transparenciaelectoral.org\/blog\/","name":"Transparencia Electoral","description":"","potentialAction":[{"@type":"SearchAction","target":{"@type":"EntryPoint","urlTemplate":"https:\/\/transparenciaelectoral.org\/blog\/?s={search_term_string}"},"query-input":{"@type":"PropertyValueSpecification","valueRequired":true,"valueName":"search_term_string"}}],"inLanguage":"es"},{"@type":"Person","@id":"https:\/\/transparenciaelectoral.org\/blog\/#\/schema\/person\/63a97f81afd2c3820c6d9f262e27fe50","name":"Transparencia Electoral","sameAs":["https:\/\/transparenciaelectoral.org\/blog\/"]}]}},"_links":{"self":[{"href":"https:\/\/transparenciaelectoral.org\/blog\/wp-json\/wp\/v2\/posts\/10639","targetHints":{"allow":["GET"]}}],"collection":[{"href":"https:\/\/transparenciaelectoral.org\/blog\/wp-json\/wp\/v2\/posts"}],"about":[{"href":"https:\/\/transparenciaelectoral.org\/blog\/wp-json\/wp\/v2\/types\/post"}],"author":[{"embeddable":true,"href":"https:\/\/transparenciaelectoral.org\/blog\/wp-json\/wp\/v2\/users\/6"}],"replies":[{"embeddable":true,"href":"https:\/\/transparenciaelectoral.org\/blog\/wp-json\/wp\/v2\/comments?post=10639"}],"version-history":[{"count":2,"href":"https:\/\/transparenciaelectoral.org\/blog\/wp-json\/wp\/v2\/posts\/10639\/revisions"}],"predecessor-version":[{"id":10655,"href":"https:\/\/transparenciaelectoral.org\/blog\/wp-json\/wp\/v2\/posts\/10639\/revisions\/10655"}],"wp:featuredmedia":[{"embeddable":true,"href":"https:\/\/transparenciaelectoral.org\/blog\/wp-json\/wp\/v2\/media\/10646"}],"wp:attachment":[{"href":"https:\/\/transparenciaelectoral.org\/blog\/wp-json\/wp\/v2\/media?parent=10639"}],"wp:term":[{"taxonomy":"category","embeddable":true,"href":"https:\/\/transparenciaelectoral.org\/blog\/wp-json\/wp\/v2\/categories?post=10639"},{"taxonomy":"post_tag","embeddable":true,"href":"https:\/\/transparenciaelectoral.org\/blog\/wp-json\/wp\/v2\/tags?post=10639"}],"curies":[{"name":"wp","href":"https:\/\/api.w.org\/{rel}","templated":true}]}}