{"id":10637,"date":"2024-06-06T11:05:36","date_gmt":"2024-06-06T14:05:36","guid":{"rendered":"https:\/\/transparenciaelectoral.org\/blog\/?p=10637"},"modified":"2025-07-27T01:53:23","modified_gmt":"2025-07-27T04:53:23","slug":"actores-autocraticos-acompanaron-las-elecciones-generales-de-mexico","status":"publish","type":"post","link":"https:\/\/transparenciaelectoral.org\/blog\/actores-autocraticos-acompanaron-las-elecciones-generales-de-mexico\/","title":{"rendered":"Actores autocr\u00e1ticos acompa\u00f1aron las Elecciones Generales de M\u00e9xico"},"content":{"rendered":"\n<p>Una elecci\u00f3n democr\u00e1tica con acompa\u00f1amiento de autores autocr\u00e1ticos.<\/p>\n\n\n\n<p>Una delegaci\u00f3n de acompa\u00f1antes electorales encabezada por los expresidentes Evo Morales y Alberto Fern\u00e1ndez, e integrada por algunos funcionarios del chavismo como Jorge Arreaza (ex Canciller de Venezuela), estuvo en M\u00e9xico en el marco de las Elecciones Generales de ese pa\u00eds celebradas el 2 de junio. Esto provoc\u00f3 las dudas y reclamos de los partidos de oposici\u00f3n y miembros de otras misiones internacionales de observaci\u00f3n que cumplieron con todos los requisitos de idoneidad solicitados por el Instituto Nacional Electoral (INE), que exige que cada visitante extranjero cumpla con ciertas caracter\u00edsticas y trayectoria o conocimiento de asuntos electorales.<\/p>\n\n\n\n<p>M\u00e1s de 1.300 observadores electorales extranjeros provenientes de 63 pa\u00edses se acreditaron ante el INE; no obstante, las organizaciones y partidos de izquierda y de derecha tambi\u00e9n enviaron \u201cmisiones de observaci\u00f3n\u201d acreditadas ante el INE como visitantes extranjeros, pero que se presentaban ante medios y en redes sociales como observadores internacionales, cuando claramente no cumpl\u00edan ni con requisitos de idoneidad, ni cumpl\u00edan con condiciones necesarias para ser tales, como poseer conocimiento t\u00e9cnico y especializado en procesos electorales, y actuar de forma imparcial y neutral durante el proceso.<\/p>\n\n\n\n<p>Oficialmente, el <strong>INE acredit\u00f3 a mil 309 personas visitantes extranjeras<\/strong> provenientes de 63 pa\u00edses, quienes cumplieron con programas de trabajo que incluyeron reuniones con candidatas y candidatos, dirigentes partidistas, consejeras y consejeros electorales, magistrados del Tribunal Electoral, acad\u00e9micos, organizaciones de la sociedad civil y autoridades gubernamentales.<\/p>\n\n\n\n<p>No obstante, el <strong>Grupo de Puebla<\/strong> anunci\u00f3 su presencia con una \u201cMisi\u00f3n de Observaci\u00f3n\u201d encabezada por los expresidentes Evo Morales, de Bolivia, y Alberto Fern\u00e1ndez de Argentina. Adem\u00e1s, se integraron al grupo exparlamentarios de Argentina, Bolivia, Chile, Ecuador y Brasil. El <strong>Grupo de Puebla es una organizaci\u00f3n de partidos de izquierda de Am\u00e9rica Latina<\/strong> fundado en 2019 en dicha ciudad mexicana. Seg\u00fan este grupo, durante su estad\u00eda tendr\u00edan \u201cla importante misi\u00f3n de poder observar el proceso electoral y de esta forma garantizar la transparencia y libertad del pueblo mexicano en lo que ser\u00e1 la votaci\u00f3n m\u00e1s grande de su historia\u201d.&nbsp;<\/p>\n\n\n\n<p>La presencia de estos grupos gener\u00f3 malestar en otras misiones acreditadas para observar la elecci\u00f3n. El <strong>Grupo Geopol\u00edtico de Am\u00e9rica Latina y El Caribe (GRULAC-UIP) <\/strong>envi\u00f3 un oficio a la Consejera Presidenta del INE, Guadalupe Taddei, preguntando sobre cu\u00e1les hab\u00edan sido las razones para que existiese una misi\u00f3n de observaci\u00f3n. El Grupo reclam\u00f3 que mientras ellos hab\u00edan cumplido con todos los procedimientos en tiempo y forma, otras organizaciones no lo hab\u00eda hecho y, por tanto, expres\u00f3 as\u00ed su malestar: \u201cnuestra organizaci\u00f3n considera que todo ciudadano tiene todo el derecho a expresar con su presencia su solidaridad y apoyo ideol\u00f3gico y moral a cualquier partido o candidato, pero no as\u00ed a denominarse observadores o misiones de observaci\u00f3n, toda vez que esta categor\u00eda exige cumplir con la normativa, registrarse y hacer profesi\u00f3n de imparcialidad\u201d. Este escrito fue firmado por la senadora argentina Lucila Crexell.<\/p>\n\n\n\n<p>Tambi\u00e9n como contraparte al Grupo de Puebla, la <strong>Organizaci\u00f3n Dem\u00f3crata Cristiana de Am\u00e9rica<\/strong> (ODCA) integrada por partidos de derecha, tambi\u00e9n anunci\u00f3 el env\u00edo de una Misi\u00f3n de Observaci\u00f3n a las elecciones mexicanas. Esta misi\u00f3n fue invita por el PAN, al igual que la del Grupo de Puebla, fue invitada por Morena, y estuvo integrada por m\u00e1s de 100 personas provenientes no solo de pa\u00edses miembros de ODCA sino de miembros de la Internacional Dem\u00f3crata Cristiana como: Alemania, Argentina, Brasil, Chile, Espa\u00f1a, Cuba, Rumania, Colombia y Costa Rica.<\/p>\n\n\n\n<p>En el anuncio de su misi\u00f3n de observaci\u00f3n, la ODCA critic\u00f3 las condiciones en que se estaba desarrollando el proceso electoral. En su comunicado se\u00f1al\u00f3 que \u201cante la inminente elecci\u00f3n de Estado y la violencia que se ha desatado en este proceso electoral, esta Misi\u00f3n de Observaci\u00f3n Electoral tiene como objetivo fortalecer la transparencia, la legitimidad y la confianza en el proceso, con la finalidad de que se lleve a cabo de acuerdo con los m\u00e1s altos est\u00e1ndares democr\u00e1ticos, por lo que estar\u00e1 presente durante la apertura, el transcurso de la jornada y el cierre de las casillas de votaci\u00f3n en diversas partes del pa\u00eds\u201d.<\/p>\n\n\n\n<p>El fundador de Transparencia Electoral, Leandro Querido, advierte, en un escrito, sobre c\u00f3mo las autocracias \u201cinfluencers\u201d acosan a las democracias en Am\u00e9rica Latina y c\u00f3mo est\u00e1s utilizan distintos m\u00e9todos para influenciar las fr\u00e1giles democracias latinoamericanas. Entre los m\u00e9todos se\u00f1alados est\u00e1n las misiones de observaci\u00f3n electoral de pa\u00edses autoritarios que son utilizadas para dar visos de legitimidad a procesos electorales iliberales. Finalmente, Jes\u00fas Delgado, director ejecutivo de Transparencia Electoral, afirm\u00f3 conceptualmente, que no es lo mismo una Observaci\u00f3n Electoral que tienen que cumplir con una serie de indicadores preestablecidos y con rigurosos procesos metodol\u00f3gicos para evaluar una elecci\u00f3n que una misi\u00f3n de \u201cAcompa\u00f1amiento Electoral\u201d donde b\u00e1sicamente lo \u00fanico que se necesita es el acompa\u00f1amiento y la solidaridad con un partido \u201chermano\u201d sin cumplir con ning\u00fan requisito, incluido la no necesidad de registrarse ante la autoridad electoral. &nbsp;<\/p>\n","protected":false},"excerpt":{"rendered":"<p>Una elecci\u00f3n democr\u00e1tica con acompa\u00f1amiento de autores autocr\u00e1ticos. Una delegaci\u00f3n de acompa\u00f1antes electorales encabezada por los expresidentes Evo Morales y Alberto Fern\u00e1ndez, e integrada por algunos funcionarios del chavismo como Jorge Arreaza (ex Canciller de Venezuela), estuvo en M\u00e9xico en el marco de las Elecciones Generales de ese pa\u00eds celebradas el 2 de junio. Esto &hellip;<\/p>\n","protected":false},"author":6,"featured_media":10644,"comment_status":"closed","ping_status":"open","sticky":false,"template":"","format":"standard","meta":{"footnotes":""},"categories":[290],"tags":[],"class_list":["post-10637","post","type-post","status-publish","format-standard","has-post-thumbnail","hentry","category-blog"],"yoast_head":"<!-- This site is optimized with the Yoast SEO plugin v27.5 - https:\/\/yoast.com\/product\/yoast-seo-wordpress\/ -->\n<title>Actores autocr\u00e1ticos acompa\u00f1aron las Elecciones Generales de M\u00e9xico - Transparencia Electoral<\/title>\n<meta name=\"robots\" content=\"index, follow, max-snippet:-1, max-image-preview:large, max-video-preview:-1\" \/>\n<link rel=\"canonical\" href=\"https:\/\/transparenciaelectoral.org\/blog\/actores-autocraticos-acompanaron-las-elecciones-generales-de-mexico\/\" \/>\n<meta property=\"og:locale\" content=\"es_ES\" \/>\n<meta property=\"og:type\" content=\"article\" \/>\n<meta property=\"og:title\" content=\"Actores autocr\u00e1ticos acompa\u00f1aron las Elecciones Generales de M\u00e9xico - Transparencia Electoral\" \/>\n<meta property=\"og:description\" content=\"Una elecci\u00f3n democr\u00e1tica con acompa\u00f1amiento de autores autocr\u00e1ticos. Una delegaci\u00f3n de acompa\u00f1antes electorales encabezada por los expresidentes Evo Morales y Alberto Fern\u00e1ndez, e integrada por algunos funcionarios del chavismo como Jorge Arreaza (ex Canciller de Venezuela), estuvo en M\u00e9xico en el marco de las Elecciones Generales de ese pa\u00eds celebradas el 2 de junio. Esto &hellip;\" \/>\n<meta property=\"og:url\" content=\"https:\/\/transparenciaelectoral.org\/blog\/actores-autocraticos-acompanaron-las-elecciones-generales-de-mexico\/\" \/>\n<meta property=\"og:site_name\" content=\"Transparencia Electoral\" \/>\n<meta property=\"article:publisher\" content=\"https:\/\/www.facebook.com\/Transparencia-Electoral-en-Am%c3%a9rica-latina-171661009688456\/\" \/>\n<meta property=\"article:published_time\" content=\"2024-06-06T14:05:36+00:00\" \/>\n<meta property=\"article:modified_time\" content=\"2025-07-27T04:53:23+00:00\" \/>\n<meta property=\"og:image\" content=\"https:\/\/transparenciaelectoral.org\/blog\/wp-content\/uploads\/2024\/06\/3125109.jpg\" \/>\n\t<meta property=\"og:image:width\" content=\"800\" \/>\n\t<meta property=\"og:image:height\" content=\"600\" \/>\n\t<meta property=\"og:image:type\" content=\"image\/jpeg\" \/>\n<meta name=\"author\" content=\"Transparencia Electoral\" \/>\n<meta name=\"twitter:card\" content=\"summary_large_image\" \/>\n<meta name=\"twitter:creator\" content=\"@TransparenciaAL\" \/>\n<meta name=\"twitter:site\" content=\"@TransparenciaAL\" \/>\n<meta name=\"twitter:label1\" content=\"Escrito por\" \/>\n\t<meta name=\"twitter:data1\" content=\"Transparencia Electoral\" \/>\n\t<meta name=\"twitter:label2\" content=\"Tiempo de lectura\" \/>\n\t<meta name=\"twitter:data2\" content=\"4 minutos\" \/>\n<script type=\"application\/ld+json\" class=\"yoast-schema-graph\">{\"@context\":\"https:\\\/\\\/schema.org\",\"@graph\":[{\"@type\":\"Article\",\"@id\":\"https:\\\/\\\/transparenciaelectoral.org\\\/blog\\\/actores-autocraticos-acompanaron-las-elecciones-generales-de-mexico\\\/#article\",\"isPartOf\":{\"@id\":\"https:\\\/\\\/transparenciaelectoral.org\\\/blog\\\/actores-autocraticos-acompanaron-las-elecciones-generales-de-mexico\\\/\"},\"author\":{\"name\":\"Transparencia Electoral\",\"@id\":\"https:\\\/\\\/transparenciaelectoral.org\\\/blog\\\/#\\\/schema\\\/person\\\/63a97f81afd2c3820c6d9f262e27fe50\"},\"headline\":\"Actores autocr\u00e1ticos acompa\u00f1aron las Elecciones Generales de M\u00e9xico\",\"datePublished\":\"2024-06-06T14:05:36+00:00\",\"dateModified\":\"2025-07-27T04:53:23+00:00\",\"mainEntityOfPage\":{\"@id\":\"https:\\\/\\\/transparenciaelectoral.org\\\/blog\\\/actores-autocraticos-acompanaron-las-elecciones-generales-de-mexico\\\/\"},\"wordCount\":904,\"image\":{\"@id\":\"https:\\\/\\\/transparenciaelectoral.org\\\/blog\\\/actores-autocraticos-acompanaron-las-elecciones-generales-de-mexico\\\/#primaryimage\"},\"thumbnailUrl\":\"https:\\\/\\\/transparenciaelectoral.org\\\/blog\\\/wp-content\\\/uploads\\\/2024\\\/06\\\/3125109.jpg\",\"articleSection\":[\"Blog\"],\"inLanguage\":\"es\"},{\"@type\":\"WebPage\",\"@id\":\"https:\\\/\\\/transparenciaelectoral.org\\\/blog\\\/actores-autocraticos-acompanaron-las-elecciones-generales-de-mexico\\\/\",\"url\":\"https:\\\/\\\/transparenciaelectoral.org\\\/blog\\\/actores-autocraticos-acompanaron-las-elecciones-generales-de-mexico\\\/\",\"name\":\"Actores autocr\u00e1ticos acompa\u00f1aron las Elecciones Generales de M\u00e9xico - Transparencia Electoral\",\"isPartOf\":{\"@id\":\"https:\\\/\\\/transparenciaelectoral.org\\\/blog\\\/#website\"},\"primaryImageOfPage\":{\"@id\":\"https:\\\/\\\/transparenciaelectoral.org\\\/blog\\\/actores-autocraticos-acompanaron-las-elecciones-generales-de-mexico\\\/#primaryimage\"},\"image\":{\"@id\":\"https:\\\/\\\/transparenciaelectoral.org\\\/blog\\\/actores-autocraticos-acompanaron-las-elecciones-generales-de-mexico\\\/#primaryimage\"},\"thumbnailUrl\":\"https:\\\/\\\/transparenciaelectoral.org\\\/blog\\\/wp-content\\\/uploads\\\/2024\\\/06\\\/3125109.jpg\",\"datePublished\":\"2024-06-06T14:05:36+00:00\",\"dateModified\":\"2025-07-27T04:53:23+00:00\",\"author\":{\"@id\":\"https:\\\/\\\/transparenciaelectoral.org\\\/blog\\\/#\\\/schema\\\/person\\\/63a97f81afd2c3820c6d9f262e27fe50\"},\"breadcrumb\":{\"@id\":\"https:\\\/\\\/transparenciaelectoral.org\\\/blog\\\/actores-autocraticos-acompanaron-las-elecciones-generales-de-mexico\\\/#breadcrumb\"},\"inLanguage\":\"es\",\"potentialAction\":[{\"@type\":\"ReadAction\",\"target\":[\"https:\\\/\\\/transparenciaelectoral.org\\\/blog\\\/actores-autocraticos-acompanaron-las-elecciones-generales-de-mexico\\\/\"]}]},{\"@type\":\"ImageObject\",\"inLanguage\":\"es\",\"@id\":\"https:\\\/\\\/transparenciaelectoral.org\\\/blog\\\/actores-autocraticos-acompanaron-las-elecciones-generales-de-mexico\\\/#primaryimage\",\"url\":\"https:\\\/\\\/transparenciaelectoral.org\\\/blog\\\/wp-content\\\/uploads\\\/2024\\\/06\\\/3125109.jpg\",\"contentUrl\":\"https:\\\/\\\/transparenciaelectoral.org\\\/blog\\\/wp-content\\\/uploads\\\/2024\\\/06\\\/3125109.jpg\",\"width\":800,\"height\":600},{\"@type\":\"BreadcrumbList\",\"@id\":\"https:\\\/\\\/transparenciaelectoral.org\\\/blog\\\/actores-autocraticos-acompanaron-las-elecciones-generales-de-mexico\\\/#breadcrumb\",\"itemListElement\":[{\"@type\":\"ListItem\",\"position\":1,\"name\":\"Portada\",\"item\":\"https:\\\/\\\/transparenciaelectoral.org\\\/blog\\\/\"},{\"@type\":\"ListItem\",\"position\":2,\"name\":\"Actores autocr\u00e1ticos acompa\u00f1aron las Elecciones Generales de M\u00e9xico\"}]},{\"@type\":\"WebSite\",\"@id\":\"https:\\\/\\\/transparenciaelectoral.org\\\/blog\\\/#website\",\"url\":\"https:\\\/\\\/transparenciaelectoral.org\\\/blog\\\/\",\"name\":\"Transparencia Electoral\",\"description\":\"\",\"potentialAction\":[{\"@type\":\"SearchAction\",\"target\":{\"@type\":\"EntryPoint\",\"urlTemplate\":\"https:\\\/\\\/transparenciaelectoral.org\\\/blog\\\/?s={search_term_string}\"},\"query-input\":{\"@type\":\"PropertyValueSpecification\",\"valueRequired\":true,\"valueName\":\"search_term_string\"}}],\"inLanguage\":\"es\"},{\"@type\":\"Person\",\"@id\":\"https:\\\/\\\/transparenciaelectoral.org\\\/blog\\\/#\\\/schema\\\/person\\\/63a97f81afd2c3820c6d9f262e27fe50\",\"name\":\"Transparencia Electoral\",\"sameAs\":[\"https:\\\/\\\/transparenciaelectoral.org\\\/blog\\\/\"]}]}<\/script>\n<!-- \/ Yoast SEO plugin. -->","yoast_head_json":{"title":"Actores autocr\u00e1ticos acompa\u00f1aron las Elecciones Generales de M\u00e9xico - Transparencia Electoral","robots":{"index":"index","follow":"follow","max-snippet":"max-snippet:-1","max-image-preview":"max-image-preview:large","max-video-preview":"max-video-preview:-1"},"canonical":"https:\/\/transparenciaelectoral.org\/blog\/actores-autocraticos-acompanaron-las-elecciones-generales-de-mexico\/","og_locale":"es_ES","og_type":"article","og_title":"Actores autocr\u00e1ticos acompa\u00f1aron las Elecciones Generales de M\u00e9xico - Transparencia Electoral","og_description":"Una elecci\u00f3n democr\u00e1tica con acompa\u00f1amiento de autores autocr\u00e1ticos. Una delegaci\u00f3n de acompa\u00f1antes electorales encabezada por los expresidentes Evo Morales y Alberto Fern\u00e1ndez, e integrada por algunos funcionarios del chavismo como Jorge Arreaza (ex Canciller de Venezuela), estuvo en M\u00e9xico en el marco de las Elecciones Generales de ese pa\u00eds celebradas el 2 de junio. Esto &hellip;","og_url":"https:\/\/transparenciaelectoral.org\/blog\/actores-autocraticos-acompanaron-las-elecciones-generales-de-mexico\/","og_site_name":"Transparencia Electoral","article_publisher":"https:\/\/www.facebook.com\/Transparencia-Electoral-en-Am%c3%a9rica-latina-171661009688456\/","article_published_time":"2024-06-06T14:05:36+00:00","article_modified_time":"2025-07-27T04:53:23+00:00","og_image":[{"width":800,"height":600,"url":"https:\/\/transparenciaelectoral.org\/blog\/wp-content\/uploads\/2024\/06\/3125109.jpg","type":"image\/jpeg"}],"author":"Transparencia Electoral","twitter_card":"summary_large_image","twitter_creator":"@TransparenciaAL","twitter_site":"@TransparenciaAL","twitter_misc":{"Escrito por":"Transparencia Electoral","Tiempo de lectura":"4 minutos"},"schema":{"@context":"https:\/\/schema.org","@graph":[{"@type":"Article","@id":"https:\/\/transparenciaelectoral.org\/blog\/actores-autocraticos-acompanaron-las-elecciones-generales-de-mexico\/#article","isPartOf":{"@id":"https:\/\/transparenciaelectoral.org\/blog\/actores-autocraticos-acompanaron-las-elecciones-generales-de-mexico\/"},"author":{"name":"Transparencia Electoral","@id":"https:\/\/transparenciaelectoral.org\/blog\/#\/schema\/person\/63a97f81afd2c3820c6d9f262e27fe50"},"headline":"Actores autocr\u00e1ticos acompa\u00f1aron las Elecciones Generales de M\u00e9xico","datePublished":"2024-06-06T14:05:36+00:00","dateModified":"2025-07-27T04:53:23+00:00","mainEntityOfPage":{"@id":"https:\/\/transparenciaelectoral.org\/blog\/actores-autocraticos-acompanaron-las-elecciones-generales-de-mexico\/"},"wordCount":904,"image":{"@id":"https:\/\/transparenciaelectoral.org\/blog\/actores-autocraticos-acompanaron-las-elecciones-generales-de-mexico\/#primaryimage"},"thumbnailUrl":"https:\/\/transparenciaelectoral.org\/blog\/wp-content\/uploads\/2024\/06\/3125109.jpg","articleSection":["Blog"],"inLanguage":"es"},{"@type":"WebPage","@id":"https:\/\/transparenciaelectoral.org\/blog\/actores-autocraticos-acompanaron-las-elecciones-generales-de-mexico\/","url":"https:\/\/transparenciaelectoral.org\/blog\/actores-autocraticos-acompanaron-las-elecciones-generales-de-mexico\/","name":"Actores autocr\u00e1ticos acompa\u00f1aron las Elecciones Generales de M\u00e9xico - Transparencia Electoral","isPartOf":{"@id":"https:\/\/transparenciaelectoral.org\/blog\/#website"},"primaryImageOfPage":{"@id":"https:\/\/transparenciaelectoral.org\/blog\/actores-autocraticos-acompanaron-las-elecciones-generales-de-mexico\/#primaryimage"},"image":{"@id":"https:\/\/transparenciaelectoral.org\/blog\/actores-autocraticos-acompanaron-las-elecciones-generales-de-mexico\/#primaryimage"},"thumbnailUrl":"https:\/\/transparenciaelectoral.org\/blog\/wp-content\/uploads\/2024\/06\/3125109.jpg","datePublished":"2024-06-06T14:05:36+00:00","dateModified":"2025-07-27T04:53:23+00:00","author":{"@id":"https:\/\/transparenciaelectoral.org\/blog\/#\/schema\/person\/63a97f81afd2c3820c6d9f262e27fe50"},"breadcrumb":{"@id":"https:\/\/transparenciaelectoral.org\/blog\/actores-autocraticos-acompanaron-las-elecciones-generales-de-mexico\/#breadcrumb"},"inLanguage":"es","potentialAction":[{"@type":"ReadAction","target":["https:\/\/transparenciaelectoral.org\/blog\/actores-autocraticos-acompanaron-las-elecciones-generales-de-mexico\/"]}]},{"@type":"ImageObject","inLanguage":"es","@id":"https:\/\/transparenciaelectoral.org\/blog\/actores-autocraticos-acompanaron-las-elecciones-generales-de-mexico\/#primaryimage","url":"https:\/\/transparenciaelectoral.org\/blog\/wp-content\/uploads\/2024\/06\/3125109.jpg","contentUrl":"https:\/\/transparenciaelectoral.org\/blog\/wp-content\/uploads\/2024\/06\/3125109.jpg","width":800,"height":600},{"@type":"BreadcrumbList","@id":"https:\/\/transparenciaelectoral.org\/blog\/actores-autocraticos-acompanaron-las-elecciones-generales-de-mexico\/#breadcrumb","itemListElement":[{"@type":"ListItem","position":1,"name":"Portada","item":"https:\/\/transparenciaelectoral.org\/blog\/"},{"@type":"ListItem","position":2,"name":"Actores autocr\u00e1ticos acompa\u00f1aron las Elecciones Generales de M\u00e9xico"}]},{"@type":"WebSite","@id":"https:\/\/transparenciaelectoral.org\/blog\/#website","url":"https:\/\/transparenciaelectoral.org\/blog\/","name":"Transparencia Electoral","description":"","potentialAction":[{"@type":"SearchAction","target":{"@type":"EntryPoint","urlTemplate":"https:\/\/transparenciaelectoral.org\/blog\/?s={search_term_string}"},"query-input":{"@type":"PropertyValueSpecification","valueRequired":true,"valueName":"search_term_string"}}],"inLanguage":"es"},{"@type":"Person","@id":"https:\/\/transparenciaelectoral.org\/blog\/#\/schema\/person\/63a97f81afd2c3820c6d9f262e27fe50","name":"Transparencia Electoral","sameAs":["https:\/\/transparenciaelectoral.org\/blog\/"]}]}},"_links":{"self":[{"href":"https:\/\/transparenciaelectoral.org\/blog\/wp-json\/wp\/v2\/posts\/10637","targetHints":{"allow":["GET"]}}],"collection":[{"href":"https:\/\/transparenciaelectoral.org\/blog\/wp-json\/wp\/v2\/posts"}],"about":[{"href":"https:\/\/transparenciaelectoral.org\/blog\/wp-json\/wp\/v2\/types\/post"}],"author":[{"embeddable":true,"href":"https:\/\/transparenciaelectoral.org\/blog\/wp-json\/wp\/v2\/users\/6"}],"replies":[{"embeddable":true,"href":"https:\/\/transparenciaelectoral.org\/blog\/wp-json\/wp\/v2\/comments?post=10637"}],"version-history":[{"count":4,"href":"https:\/\/transparenciaelectoral.org\/blog\/wp-json\/wp\/v2\/posts\/10637\/revisions"}],"predecessor-version":[{"id":10659,"href":"https:\/\/transparenciaelectoral.org\/blog\/wp-json\/wp\/v2\/posts\/10637\/revisions\/10659"}],"wp:featuredmedia":[{"embeddable":true,"href":"https:\/\/transparenciaelectoral.org\/blog\/wp-json\/wp\/v2\/media\/10644"}],"wp:attachment":[{"href":"https:\/\/transparenciaelectoral.org\/blog\/wp-json\/wp\/v2\/media?parent=10637"}],"wp:term":[{"taxonomy":"category","embeddable":true,"href":"https:\/\/transparenciaelectoral.org\/blog\/wp-json\/wp\/v2\/categories?post=10637"},{"taxonomy":"post_tag","embeddable":true,"href":"https:\/\/transparenciaelectoral.org\/blog\/wp-json\/wp\/v2\/tags?post=10637"}],"curies":[{"name":"wp","href":"https:\/\/api.w.org\/{rel}","templated":true}]}}