{"id":10609,"date":"2024-05-31T17:48:53","date_gmt":"2024-05-31T20:48:53","guid":{"rendered":"https:\/\/transparenciaelectoral.org\/blog\/?p=10609"},"modified":"2025-07-27T01:53:24","modified_gmt":"2025-07-27T04:53:24","slug":"rumbo-a-las-elecciones-presidenciales-de-venezuela-que-paso-esta-semana-27-al-31-de-mayo","status":"publish","type":"post","link":"https:\/\/transparenciaelectoral.org\/blog\/rumbo-a-las-elecciones-presidenciales-de-venezuela-que-paso-esta-semana-27-al-31-de-mayo\/","title":{"rendered":"Rumbo a las elecciones presidenciales de Venezuela: \u00bfqu\u00e9 pas\u00f3 esta semana? (27 al 31 de mayo)"},"content":{"rendered":"\n<p>A lo largo de la \u00faltima semana del mes de mayo, vimos una serie de desarrollos interesantes tanto en la campa\u00f1a com o en la administraci\u00f3n del venidero proceso electoral del 28 de julio, en el que se elegir\u00e1 al presidente de Venezuela por el per\u00edodo 2025-2031.<\/p>\n\n\n\n<p>La deriva a la confrontaci\u00f3n exterior con la Uni\u00f3n Europea iniciada por el Consejo Nacional Electoral a ra\u00edz del levantamiento de algunas sanciones individuales y el mantenimiento de otras (lo que las autoridades del CNE, en l\u00ednea con el r\u00e9gimen de Nicol\u00e1s Maduro, rechazan como una \u201cinjerencia colonialista\u201d) se ha profundizado. El 28 de mayo, el CNE revoc\u00f3 formalmente la invitaci\u00f3n a la UE para el env\u00edo de observadores electorales para las elecciones del 28 de julio.<\/p>\n\n\n\n<p>La UE hab\u00eda levantado sanciones individuales contra algunos funcionarios del CNE, incluido Elvis Amoroso (presidente del organismo), a manera de \u201cgesto\u201d de cara a las elecciones, lo que desat\u00f3 la reacci\u00f3n de estos, denunciando un \u201cchantaje\u201d. La semana ha estado entonces marcada por este cruce. Los portavoces de la UE respondieron solicitando una reconsideraci\u00f3n y anticipando que las sanciones individuales contra funcionarios del gobierno venezolano impuestas por el bloque europeo \u201cno afectan a la poblaci\u00f3n\u201d sino a \u201cuna lista limitada de personas, responsables de violaciones de los derechos humanos y de socavar la democracia y el Estado de Derecho en Venezuela\u201d.<\/p>\n\n\n\n<p>La retirada de la invitaci\u00f3n a la UE a enviar una misi\u00f3n de observadores electorales al proceso del 28 de julio es una violaci\u00f3n directa al Acuerdo de Barbados, que inclu\u00eda al bloque europeo como una de las partes interesadas que ser\u00edan invitadas a observar. Numerosos miembros de la Uni\u00f3n Europea se han expresado en contra de la actitud del CNE. El titular de Exteriores de Italia, Antonio Tajani, expres\u00f3 que su gobierno sigue comprometido con \u201cel derecho del pueblo venezolano a elecciones libres, cre\u00edbles, transparentes y competitivas\u201d.<\/p>\n\n\n\n<p>El 30 de mayo, el canciller de Colombia, Luis Gilberto Murillo, confirm\u00f3 que su gobierno no enviar\u00eda una misi\u00f3n de observaci\u00f3n a Venezuela por \u201cfalta de tiempo para estructurar los recursos necesarios\u201d. La actitud del gobierno colombiano se consider\u00f3 clave para presionar al r\u00e9gimen venezolano a realizar concesiones electorales, y su eventual repliegue de la cuesti\u00f3n podr\u00eda envalentonar al gobierno de Maduro a incurrir en arbitrariedades de mayor calibre a las ya realizadas.<\/p>\n\n\n\n<p>Mientras tanto, la campa\u00f1a electoral ha seguido su curso habitual, con las mismas irregularidades y episodios de represi\u00f3n contra la oposici\u00f3n. Mientras el oficialismo (con Diosdado Cabello a la cabeza) organiza una campa\u00f1a que pr\u00e1cticamente consiste en seguirle los pasos a Mar\u00eda Corina Machado y realizar actos donde ella o eventualmente Edmundo Gonz\u00e1lez los hagan, tambi\u00e9n se emplean las fuerzas del Estado para sabotear el camino a la Plataforma Unitaria o intimidar a la poblaci\u00f3n.<\/p>\n\n\n\n<p>A eventos tan burdos como la clausura de un hotel donde Gonz\u00e1lez y Machado se iban a hospedar en La Victoria la semana pasada, se suma el cierre de negocios donde Machado realiz\u00f3 una compra y la comparti\u00f3 en sus redes sociales. Tal fue el caso del comedero de carretera Pancho Grill, un puesto de empanadas en la localidad de Corozo Pando, Gu\u00e1rico, que vendi\u00f3 desayunos para Machado y su equipo de campa\u00f1a.<\/p>\n\n\n\n<p>Tan solo una hora despu\u00e9s, un procedimiento por parte del Servicio Nacional Integrado de Administraci\u00f3n Aduanera y Tributaria (Seniat) busc\u00f3 clausurar el local. El castigo a los negocios que dieron servicio a dirigentes opositores con el disfraz de la fiscalizaci\u00f3n tributaria, ya utilizado asiduamente, fue repudiado en redes sociales y result\u00f3 en una masiva compra de solidaridad al local, que vendi\u00f3 desde entonces vendi\u00f3 una cantidad de empanadas que supera el n\u00famero de habitantes del poblado donde se encuentra.<\/p>\n\n\n\n<p>Nos vemos en la pr\u00f3xima entrega de Rumbo a las elecciones presidenciales de Venezuela: \u00bfqu\u00e9 pas\u00f3 esta semana?&nbsp;<\/p>\n","protected":false},"excerpt":{"rendered":"<p>A lo largo de la \u00faltima semana del mes de mayo, vimos una serie de desarrollos interesantes tanto en la campa\u00f1a com o en la administraci\u00f3n del venidero proceso electoral del 28 de julio, en el que se elegir\u00e1 al presidente de Venezuela por el per\u00edodo 2025-2031. La deriva a la confrontaci\u00f3n exterior con la &hellip;<\/p>\n","protected":false},"author":6,"featured_media":10612,"comment_status":"closed","ping_status":"open","sticky":false,"template":"","format":"standard","meta":{"footnotes":""},"categories":[290],"tags":[],"class_list":["post-10609","post","type-post","status-publish","format-standard","has-post-thumbnail","hentry","category-blog"],"yoast_head":"<!-- This site is optimized with the Yoast SEO plugin v27.4 - https:\/\/yoast.com\/product\/yoast-seo-wordpress\/ -->\n<title>Rumbo a las elecciones presidenciales de Venezuela: \u00bfqu\u00e9 pas\u00f3 esta semana? (27 al 31 de mayo) - Transparencia Electoral<\/title>\n<meta name=\"robots\" content=\"index, follow, max-snippet:-1, max-image-preview:large, max-video-preview:-1\" \/>\n<link rel=\"canonical\" href=\"https:\/\/transparenciaelectoral.org\/blog\/rumbo-a-las-elecciones-presidenciales-de-venezuela-que-paso-esta-semana-27-al-31-de-mayo\/\" \/>\n<meta property=\"og:locale\" content=\"es_ES\" \/>\n<meta property=\"og:type\" content=\"article\" \/>\n<meta property=\"og:title\" content=\"Rumbo a las elecciones presidenciales de Venezuela: \u00bfqu\u00e9 pas\u00f3 esta semana? (27 al 31 de mayo) - Transparencia Electoral\" \/>\n<meta property=\"og:description\" content=\"A lo largo de la \u00faltima semana del mes de mayo, vimos una serie de desarrollos interesantes tanto en la campa\u00f1a com o en la administraci\u00f3n del venidero proceso electoral del 28 de julio, en el que se elegir\u00e1 al presidente de Venezuela por el per\u00edodo 2025-2031. La deriva a la confrontaci\u00f3n exterior con la &hellip;\" \/>\n<meta property=\"og:url\" content=\"https:\/\/transparenciaelectoral.org\/blog\/rumbo-a-las-elecciones-presidenciales-de-venezuela-que-paso-esta-semana-27-al-31-de-mayo\/\" \/>\n<meta property=\"og:site_name\" content=\"Transparencia Electoral\" \/>\n<meta property=\"article:publisher\" content=\"https:\/\/www.facebook.com\/Transparencia-Electoral-en-Am%c3%a9rica-latina-171661009688456\/\" \/>\n<meta property=\"article:published_time\" content=\"2024-05-31T20:48:53+00:00\" \/>\n<meta property=\"article:modified_time\" content=\"2025-07-27T04:53:24+00:00\" \/>\n<meta property=\"og:image\" content=\"https:\/\/transparenciaelectoral.org\/blog\/wp-content\/uploads\/2024\/05\/Copia-de-1705-BLOG-ELECCIONES-VENEZUELA.png\" \/>\n\t<meta property=\"og:image:width\" content=\"1080\" \/>\n\t<meta property=\"og:image:height\" content=\"1080\" \/>\n\t<meta property=\"og:image:type\" content=\"image\/png\" \/>\n<meta name=\"author\" content=\"Transparencia Electoral\" \/>\n<meta name=\"twitter:card\" content=\"summary_large_image\" \/>\n<meta name=\"twitter:creator\" content=\"@TransparenciaAL\" \/>\n<meta name=\"twitter:site\" content=\"@TransparenciaAL\" \/>\n<meta name=\"twitter:label1\" content=\"Escrito por\" \/>\n\t<meta name=\"twitter:data1\" content=\"Transparencia Electoral\" \/>\n\t<meta name=\"twitter:label2\" content=\"Tiempo de lectura\" \/>\n\t<meta name=\"twitter:data2\" content=\"4 minutos\" \/>\n<script type=\"application\/ld+json\" class=\"yoast-schema-graph\">{\"@context\":\"https:\\\/\\\/schema.org\",\"@graph\":[{\"@type\":\"Article\",\"@id\":\"https:\\\/\\\/transparenciaelectoral.org\\\/blog\\\/rumbo-a-las-elecciones-presidenciales-de-venezuela-que-paso-esta-semana-27-al-31-de-mayo\\\/#article\",\"isPartOf\":{\"@id\":\"https:\\\/\\\/transparenciaelectoral.org\\\/blog\\\/rumbo-a-las-elecciones-presidenciales-de-venezuela-que-paso-esta-semana-27-al-31-de-mayo\\\/\"},\"author\":{\"name\":\"Transparencia Electoral\",\"@id\":\"https:\\\/\\\/transparenciaelectoral.org\\\/blog\\\/#\\\/schema\\\/person\\\/63a97f81afd2c3820c6d9f262e27fe50\"},\"headline\":\"Rumbo a las elecciones presidenciales de Venezuela: \u00bfqu\u00e9 pas\u00f3 esta semana? (27 al 31 de mayo)\",\"datePublished\":\"2024-05-31T20:48:53+00:00\",\"dateModified\":\"2025-07-27T04:53:24+00:00\",\"mainEntityOfPage\":{\"@id\":\"https:\\\/\\\/transparenciaelectoral.org\\\/blog\\\/rumbo-a-las-elecciones-presidenciales-de-venezuela-que-paso-esta-semana-27-al-31-de-mayo\\\/\"},\"wordCount\":686,\"image\":{\"@id\":\"https:\\\/\\\/transparenciaelectoral.org\\\/blog\\\/rumbo-a-las-elecciones-presidenciales-de-venezuela-que-paso-esta-semana-27-al-31-de-mayo\\\/#primaryimage\"},\"thumbnailUrl\":\"https:\\\/\\\/transparenciaelectoral.org\\\/blog\\\/wp-content\\\/uploads\\\/2024\\\/05\\\/Copia-de-1705-BLOG-ELECCIONES-VENEZUELA.png\",\"articleSection\":[\"Blog\"],\"inLanguage\":\"es\"},{\"@type\":\"WebPage\",\"@id\":\"https:\\\/\\\/transparenciaelectoral.org\\\/blog\\\/rumbo-a-las-elecciones-presidenciales-de-venezuela-que-paso-esta-semana-27-al-31-de-mayo\\\/\",\"url\":\"https:\\\/\\\/transparenciaelectoral.org\\\/blog\\\/rumbo-a-las-elecciones-presidenciales-de-venezuela-que-paso-esta-semana-27-al-31-de-mayo\\\/\",\"name\":\"Rumbo a las elecciones presidenciales de Venezuela: \u00bfqu\u00e9 pas\u00f3 esta semana? (27 al 31 de mayo) - Transparencia Electoral\",\"isPartOf\":{\"@id\":\"https:\\\/\\\/transparenciaelectoral.org\\\/blog\\\/#website\"},\"primaryImageOfPage\":{\"@id\":\"https:\\\/\\\/transparenciaelectoral.org\\\/blog\\\/rumbo-a-las-elecciones-presidenciales-de-venezuela-que-paso-esta-semana-27-al-31-de-mayo\\\/#primaryimage\"},\"image\":{\"@id\":\"https:\\\/\\\/transparenciaelectoral.org\\\/blog\\\/rumbo-a-las-elecciones-presidenciales-de-venezuela-que-paso-esta-semana-27-al-31-de-mayo\\\/#primaryimage\"},\"thumbnailUrl\":\"https:\\\/\\\/transparenciaelectoral.org\\\/blog\\\/wp-content\\\/uploads\\\/2024\\\/05\\\/Copia-de-1705-BLOG-ELECCIONES-VENEZUELA.png\",\"datePublished\":\"2024-05-31T20:48:53+00:00\",\"dateModified\":\"2025-07-27T04:53:24+00:00\",\"author\":{\"@id\":\"https:\\\/\\\/transparenciaelectoral.org\\\/blog\\\/#\\\/schema\\\/person\\\/63a97f81afd2c3820c6d9f262e27fe50\"},\"breadcrumb\":{\"@id\":\"https:\\\/\\\/transparenciaelectoral.org\\\/blog\\\/rumbo-a-las-elecciones-presidenciales-de-venezuela-que-paso-esta-semana-27-al-31-de-mayo\\\/#breadcrumb\"},\"inLanguage\":\"es\",\"potentialAction\":[{\"@type\":\"ReadAction\",\"target\":[\"https:\\\/\\\/transparenciaelectoral.org\\\/blog\\\/rumbo-a-las-elecciones-presidenciales-de-venezuela-que-paso-esta-semana-27-al-31-de-mayo\\\/\"]}]},{\"@type\":\"ImageObject\",\"inLanguage\":\"es\",\"@id\":\"https:\\\/\\\/transparenciaelectoral.org\\\/blog\\\/rumbo-a-las-elecciones-presidenciales-de-venezuela-que-paso-esta-semana-27-al-31-de-mayo\\\/#primaryimage\",\"url\":\"https:\\\/\\\/transparenciaelectoral.org\\\/blog\\\/wp-content\\\/uploads\\\/2024\\\/05\\\/Copia-de-1705-BLOG-ELECCIONES-VENEZUELA.png\",\"contentUrl\":\"https:\\\/\\\/transparenciaelectoral.org\\\/blog\\\/wp-content\\\/uploads\\\/2024\\\/05\\\/Copia-de-1705-BLOG-ELECCIONES-VENEZUELA.png\",\"width\":1080,\"height\":1080},{\"@type\":\"BreadcrumbList\",\"@id\":\"https:\\\/\\\/transparenciaelectoral.org\\\/blog\\\/rumbo-a-las-elecciones-presidenciales-de-venezuela-que-paso-esta-semana-27-al-31-de-mayo\\\/#breadcrumb\",\"itemListElement\":[{\"@type\":\"ListItem\",\"position\":1,\"name\":\"Portada\",\"item\":\"https:\\\/\\\/transparenciaelectoral.org\\\/blog\\\/\"},{\"@type\":\"ListItem\",\"position\":2,\"name\":\"Rumbo a las elecciones presidenciales de Venezuela: \u00bfqu\u00e9 pas\u00f3 esta semana? (27 al 31 de mayo)\"}]},{\"@type\":\"WebSite\",\"@id\":\"https:\\\/\\\/transparenciaelectoral.org\\\/blog\\\/#website\",\"url\":\"https:\\\/\\\/transparenciaelectoral.org\\\/blog\\\/\",\"name\":\"Transparencia Electoral\",\"description\":\"\",\"potentialAction\":[{\"@type\":\"SearchAction\",\"target\":{\"@type\":\"EntryPoint\",\"urlTemplate\":\"https:\\\/\\\/transparenciaelectoral.org\\\/blog\\\/?s={search_term_string}\"},\"query-input\":{\"@type\":\"PropertyValueSpecification\",\"valueRequired\":true,\"valueName\":\"search_term_string\"}}],\"inLanguage\":\"es\"},{\"@type\":\"Person\",\"@id\":\"https:\\\/\\\/transparenciaelectoral.org\\\/blog\\\/#\\\/schema\\\/person\\\/63a97f81afd2c3820c6d9f262e27fe50\",\"name\":\"Transparencia Electoral\",\"sameAs\":[\"https:\\\/\\\/transparenciaelectoral.org\\\/blog\\\/\"]}]}<\/script>\n<!-- \/ Yoast SEO plugin. -->","yoast_head_json":{"title":"Rumbo a las elecciones presidenciales de Venezuela: \u00bfqu\u00e9 pas\u00f3 esta semana? (27 al 31 de mayo) - Transparencia Electoral","robots":{"index":"index","follow":"follow","max-snippet":"max-snippet:-1","max-image-preview":"max-image-preview:large","max-video-preview":"max-video-preview:-1"},"canonical":"https:\/\/transparenciaelectoral.org\/blog\/rumbo-a-las-elecciones-presidenciales-de-venezuela-que-paso-esta-semana-27-al-31-de-mayo\/","og_locale":"es_ES","og_type":"article","og_title":"Rumbo a las elecciones presidenciales de Venezuela: \u00bfqu\u00e9 pas\u00f3 esta semana? (27 al 31 de mayo) - Transparencia Electoral","og_description":"A lo largo de la \u00faltima semana del mes de mayo, vimos una serie de desarrollos interesantes tanto en la campa\u00f1a com o en la administraci\u00f3n del venidero proceso electoral del 28 de julio, en el que se elegir\u00e1 al presidente de Venezuela por el per\u00edodo 2025-2031. La deriva a la confrontaci\u00f3n exterior con la &hellip;","og_url":"https:\/\/transparenciaelectoral.org\/blog\/rumbo-a-las-elecciones-presidenciales-de-venezuela-que-paso-esta-semana-27-al-31-de-mayo\/","og_site_name":"Transparencia Electoral","article_publisher":"https:\/\/www.facebook.com\/Transparencia-Electoral-en-Am%c3%a9rica-latina-171661009688456\/","article_published_time":"2024-05-31T20:48:53+00:00","article_modified_time":"2025-07-27T04:53:24+00:00","og_image":[{"width":1080,"height":1080,"url":"https:\/\/transparenciaelectoral.org\/blog\/wp-content\/uploads\/2024\/05\/Copia-de-1705-BLOG-ELECCIONES-VENEZUELA.png","type":"image\/png"}],"author":"Transparencia Electoral","twitter_card":"summary_large_image","twitter_creator":"@TransparenciaAL","twitter_site":"@TransparenciaAL","twitter_misc":{"Escrito por":"Transparencia Electoral","Tiempo de lectura":"4 minutos"},"schema":{"@context":"https:\/\/schema.org","@graph":[{"@type":"Article","@id":"https:\/\/transparenciaelectoral.org\/blog\/rumbo-a-las-elecciones-presidenciales-de-venezuela-que-paso-esta-semana-27-al-31-de-mayo\/#article","isPartOf":{"@id":"https:\/\/transparenciaelectoral.org\/blog\/rumbo-a-las-elecciones-presidenciales-de-venezuela-que-paso-esta-semana-27-al-31-de-mayo\/"},"author":{"name":"Transparencia Electoral","@id":"https:\/\/transparenciaelectoral.org\/blog\/#\/schema\/person\/63a97f81afd2c3820c6d9f262e27fe50"},"headline":"Rumbo a las elecciones presidenciales de Venezuela: \u00bfqu\u00e9 pas\u00f3 esta semana? (27 al 31 de mayo)","datePublished":"2024-05-31T20:48:53+00:00","dateModified":"2025-07-27T04:53:24+00:00","mainEntityOfPage":{"@id":"https:\/\/transparenciaelectoral.org\/blog\/rumbo-a-las-elecciones-presidenciales-de-venezuela-que-paso-esta-semana-27-al-31-de-mayo\/"},"wordCount":686,"image":{"@id":"https:\/\/transparenciaelectoral.org\/blog\/rumbo-a-las-elecciones-presidenciales-de-venezuela-que-paso-esta-semana-27-al-31-de-mayo\/#primaryimage"},"thumbnailUrl":"https:\/\/transparenciaelectoral.org\/blog\/wp-content\/uploads\/2024\/05\/Copia-de-1705-BLOG-ELECCIONES-VENEZUELA.png","articleSection":["Blog"],"inLanguage":"es"},{"@type":"WebPage","@id":"https:\/\/transparenciaelectoral.org\/blog\/rumbo-a-las-elecciones-presidenciales-de-venezuela-que-paso-esta-semana-27-al-31-de-mayo\/","url":"https:\/\/transparenciaelectoral.org\/blog\/rumbo-a-las-elecciones-presidenciales-de-venezuela-que-paso-esta-semana-27-al-31-de-mayo\/","name":"Rumbo a las elecciones presidenciales de Venezuela: \u00bfqu\u00e9 pas\u00f3 esta semana? (27 al 31 de mayo) - Transparencia Electoral","isPartOf":{"@id":"https:\/\/transparenciaelectoral.org\/blog\/#website"},"primaryImageOfPage":{"@id":"https:\/\/transparenciaelectoral.org\/blog\/rumbo-a-las-elecciones-presidenciales-de-venezuela-que-paso-esta-semana-27-al-31-de-mayo\/#primaryimage"},"image":{"@id":"https:\/\/transparenciaelectoral.org\/blog\/rumbo-a-las-elecciones-presidenciales-de-venezuela-que-paso-esta-semana-27-al-31-de-mayo\/#primaryimage"},"thumbnailUrl":"https:\/\/transparenciaelectoral.org\/blog\/wp-content\/uploads\/2024\/05\/Copia-de-1705-BLOG-ELECCIONES-VENEZUELA.png","datePublished":"2024-05-31T20:48:53+00:00","dateModified":"2025-07-27T04:53:24+00:00","author":{"@id":"https:\/\/transparenciaelectoral.org\/blog\/#\/schema\/person\/63a97f81afd2c3820c6d9f262e27fe50"},"breadcrumb":{"@id":"https:\/\/transparenciaelectoral.org\/blog\/rumbo-a-las-elecciones-presidenciales-de-venezuela-que-paso-esta-semana-27-al-31-de-mayo\/#breadcrumb"},"inLanguage":"es","potentialAction":[{"@type":"ReadAction","target":["https:\/\/transparenciaelectoral.org\/blog\/rumbo-a-las-elecciones-presidenciales-de-venezuela-que-paso-esta-semana-27-al-31-de-mayo\/"]}]},{"@type":"ImageObject","inLanguage":"es","@id":"https:\/\/transparenciaelectoral.org\/blog\/rumbo-a-las-elecciones-presidenciales-de-venezuela-que-paso-esta-semana-27-al-31-de-mayo\/#primaryimage","url":"https:\/\/transparenciaelectoral.org\/blog\/wp-content\/uploads\/2024\/05\/Copia-de-1705-BLOG-ELECCIONES-VENEZUELA.png","contentUrl":"https:\/\/transparenciaelectoral.org\/blog\/wp-content\/uploads\/2024\/05\/Copia-de-1705-BLOG-ELECCIONES-VENEZUELA.png","width":1080,"height":1080},{"@type":"BreadcrumbList","@id":"https:\/\/transparenciaelectoral.org\/blog\/rumbo-a-las-elecciones-presidenciales-de-venezuela-que-paso-esta-semana-27-al-31-de-mayo\/#breadcrumb","itemListElement":[{"@type":"ListItem","position":1,"name":"Portada","item":"https:\/\/transparenciaelectoral.org\/blog\/"},{"@type":"ListItem","position":2,"name":"Rumbo a las elecciones presidenciales de Venezuela: \u00bfqu\u00e9 pas\u00f3 esta semana? (27 al 31 de mayo)"}]},{"@type":"WebSite","@id":"https:\/\/transparenciaelectoral.org\/blog\/#website","url":"https:\/\/transparenciaelectoral.org\/blog\/","name":"Transparencia Electoral","description":"","potentialAction":[{"@type":"SearchAction","target":{"@type":"EntryPoint","urlTemplate":"https:\/\/transparenciaelectoral.org\/blog\/?s={search_term_string}"},"query-input":{"@type":"PropertyValueSpecification","valueRequired":true,"valueName":"search_term_string"}}],"inLanguage":"es"},{"@type":"Person","@id":"https:\/\/transparenciaelectoral.org\/blog\/#\/schema\/person\/63a97f81afd2c3820c6d9f262e27fe50","name":"Transparencia Electoral","sameAs":["https:\/\/transparenciaelectoral.org\/blog\/"]}]}},"_links":{"self":[{"href":"https:\/\/transparenciaelectoral.org\/blog\/wp-json\/wp\/v2\/posts\/10609","targetHints":{"allow":["GET"]}}],"collection":[{"href":"https:\/\/transparenciaelectoral.org\/blog\/wp-json\/wp\/v2\/posts"}],"about":[{"href":"https:\/\/transparenciaelectoral.org\/blog\/wp-json\/wp\/v2\/types\/post"}],"author":[{"embeddable":true,"href":"https:\/\/transparenciaelectoral.org\/blog\/wp-json\/wp\/v2\/users\/6"}],"replies":[{"embeddable":true,"href":"https:\/\/transparenciaelectoral.org\/blog\/wp-json\/wp\/v2\/comments?post=10609"}],"version-history":[{"count":2,"href":"https:\/\/transparenciaelectoral.org\/blog\/wp-json\/wp\/v2\/posts\/10609\/revisions"}],"predecessor-version":[{"id":10613,"href":"https:\/\/transparenciaelectoral.org\/blog\/wp-json\/wp\/v2\/posts\/10609\/revisions\/10613"}],"wp:featuredmedia":[{"embeddable":true,"href":"https:\/\/transparenciaelectoral.org\/blog\/wp-json\/wp\/v2\/media\/10612"}],"wp:attachment":[{"href":"https:\/\/transparenciaelectoral.org\/blog\/wp-json\/wp\/v2\/media?parent=10609"}],"wp:term":[{"taxonomy":"category","embeddable":true,"href":"https:\/\/transparenciaelectoral.org\/blog\/wp-json\/wp\/v2\/categories?post=10609"},{"taxonomy":"post_tag","embeddable":true,"href":"https:\/\/transparenciaelectoral.org\/blog\/wp-json\/wp\/v2\/tags?post=10609"}],"curies":[{"name":"wp","href":"https:\/\/api.w.org\/{rel}","templated":true}]}}