{"id":10400,"date":"2024-04-24T20:28:27","date_gmt":"2024-04-24T23:28:27","guid":{"rendered":"https:\/\/transparenciaelectoral.org\/blog\/?p=10400"},"modified":"2025-07-27T01:53:25","modified_gmt":"2025-07-27T04:53:25","slug":"libro-covid-19-estado-de-derecho-y-procesos-electorales-en-latinoamerica","status":"publish","type":"post","link":"https:\/\/transparenciaelectoral.org\/blog\/libro-covid-19-estado-de-derecho-y-procesos-electorales-en-latinoamerica\/","title":{"rendered":"Libro \u201cCOVID-19, Estado de Derecho y Procesos Electorales en Latinoam\u00e9rica\u201d"},"content":{"rendered":"\n<p>El Programa Estado de Derecho para Latinoam\u00e9rica de la Fundaci\u00f3n Konrad Adenauer y Transparencia Electoral unieron esfuerzos para abordar el impacto de la pandemia del covid-19 en el Estado de derecho en la regi\u00f3n. A estos efectos, tuvimos el gusto de convocar a prestigiosos especialistas para que dieran cuenta de la situaci\u00f3n en cada uno de sus pa\u00edses de manera amplia y exhaustiva.&nbsp;<\/p>\n\n\n\n<p>Queremos agradecer especialmente a Marie-Christine Fuchs y a Andr\u00e9s Villegas, jefe y coordinador, respectivamente, del Programa Estado de Derecho para Latinoam\u00e9rica de la Fundaci\u00f3n Konrad Adenauer, por la disposici\u00f3n para trabajar de manera conjunta con nuestra organizaci\u00f3n, as\u00ed como por el acompa\u00f1amiento y el compromiso para completar esta obra. Queremos tambi\u00e9n extender un agradecimiento a cada uno de los y las especialistas convocados por el esfuerzo para abordar los efectos jur\u00eddicos, pol\u00edticos y electorales de esta pandemia en curso, con las dificultades que ello represent\u00f3. Esperamos que esta obra sea de utilidad para pensar y discutir los efectos de esta situaci\u00f3n extraordinaria y contribuya al fortalecimiento democr\u00e1tico de los pa\u00edses de nuestra regi\u00f3n.<\/p>\n\n\n\n<div class=\"wp-block-buttons is-layout-flex wp-block-buttons-is-layout-flex\">\n<div class=\"wp-block-button\"><a class=\"wp-block-button__link wp-element-button\" href=\"https:\/\/transparenciaelectoral.org\/blog\/wp-content\/uploads\/2021\/02\/COVID-ESTADO-TRANSPARENCIA-1-1-1.pdf\" target=\"_blank\" rel=\"noreferrer noopener\">DESCARGAR<\/a><\/div>\n<\/div>\n","protected":false},"excerpt":{"rendered":"<p>El Programa Estado de Derecho para Latinoam\u00e9rica de la Fundaci\u00f3n Konrad Adenauer y Transparencia Electoral unieron esfuerzos para abordar el impacto de la pandemia del covid-19 en el Estado de derecho en la regi\u00f3n. A estos efectos, tuvimos el gusto de convocar a prestigiosos especialistas para que dieran cuenta de la situaci\u00f3n en cada uno &hellip;<\/p>\n","protected":false},"author":6,"featured_media":10019,"comment_status":"closed","ping_status":"open","sticky":false,"template":"","format":"standard","meta":{"footnotes":""},"categories":[233],"tags":[],"class_list":["post-10400","post","type-post","status-publish","format-standard","has-post-thumbnail","hentry","category-documentos-de-interes"],"yoast_head":"<!-- This site is optimized with the Yoast SEO plugin v27.4 - https:\/\/yoast.com\/product\/yoast-seo-wordpress\/ -->\n<title>Libro \u201cCOVID-19, Estado de Derecho y Procesos Electorales en Latinoam\u00e9rica\u201d - Transparencia Electoral<\/title>\n<meta name=\"robots\" content=\"index, follow, max-snippet:-1, max-image-preview:large, max-video-preview:-1\" \/>\n<link rel=\"canonical\" href=\"https:\/\/transparenciaelectoral.org\/blog\/libro-covid-19-estado-de-derecho-y-procesos-electorales-en-latinoamerica\/\" \/>\n<meta property=\"og:locale\" content=\"es_ES\" \/>\n<meta property=\"og:type\" content=\"article\" \/>\n<meta property=\"og:title\" content=\"Libro \u201cCOVID-19, Estado de Derecho y Procesos Electorales en Latinoam\u00e9rica\u201d - Transparencia Electoral\" \/>\n<meta property=\"og:description\" content=\"El Programa Estado de Derecho para Latinoam\u00e9rica de la Fundaci\u00f3n Konrad Adenauer y Transparencia Electoral unieron esfuerzos para abordar el impacto de la pandemia del covid-19 en el Estado de derecho en la regi\u00f3n. A estos efectos, tuvimos el gusto de convocar a prestigiosos especialistas para que dieran cuenta de la situaci\u00f3n en cada uno &hellip;\" \/>\n<meta property=\"og:url\" content=\"https:\/\/transparenciaelectoral.org\/blog\/libro-covid-19-estado-de-derecho-y-procesos-electorales-en-latinoamerica\/\" \/>\n<meta property=\"og:site_name\" content=\"Transparencia Electoral\" \/>\n<meta property=\"article:publisher\" content=\"https:\/\/www.facebook.com\/Transparencia-Electoral-en-Am%c3%a9rica-latina-171661009688456\/\" \/>\n<meta property=\"article:published_time\" content=\"2024-04-24T23:28:27+00:00\" \/>\n<meta property=\"article:modified_time\" content=\"2025-07-27T04:53:25+00:00\" \/>\n<meta property=\"og:image\" content=\"https:\/\/transparenciaelectoral.org\/blog\/wp-content\/uploads\/2024\/01\/l3-1.png\" \/>\n\t<meta property=\"og:image:width\" content=\"1080\" \/>\n\t<meta property=\"og:image:height\" content=\"1080\" \/>\n\t<meta property=\"og:image:type\" content=\"image\/png\" \/>\n<meta name=\"author\" content=\"Transparencia Electoral\" \/>\n<meta name=\"twitter:card\" content=\"summary_large_image\" \/>\n<meta name=\"twitter:creator\" content=\"@TransparenciaAL\" \/>\n<meta name=\"twitter:site\" content=\"@TransparenciaAL\" \/>\n<meta name=\"twitter:label1\" content=\"Escrito por\" \/>\n\t<meta name=\"twitter:data1\" content=\"Transparencia Electoral\" \/>\n\t<meta name=\"twitter:label2\" content=\"Tiempo de lectura\" \/>\n\t<meta name=\"twitter:data2\" content=\"2 minutos\" \/>\n<script type=\"application\/ld+json\" class=\"yoast-schema-graph\">{\"@context\":\"https:\\\/\\\/schema.org\",\"@graph\":[{\"@type\":\"Article\",\"@id\":\"https:\\\/\\\/transparenciaelectoral.org\\\/blog\\\/libro-covid-19-estado-de-derecho-y-procesos-electorales-en-latinoamerica\\\/#article\",\"isPartOf\":{\"@id\":\"https:\\\/\\\/transparenciaelectoral.org\\\/blog\\\/libro-covid-19-estado-de-derecho-y-procesos-electorales-en-latinoamerica\\\/\"},\"author\":{\"name\":\"Transparencia Electoral\",\"@id\":\"https:\\\/\\\/transparenciaelectoral.org\\\/blog\\\/#\\\/schema\\\/person\\\/63a97f81afd2c3820c6d9f262e27fe50\"},\"headline\":\"Libro \u201cCOVID-19, Estado de Derecho y Procesos Electorales en Latinoam\u00e9rica\u201d\",\"datePublished\":\"2024-04-24T23:28:27+00:00\",\"dateModified\":\"2025-07-27T04:53:25+00:00\",\"mainEntityOfPage\":{\"@id\":\"https:\\\/\\\/transparenciaelectoral.org\\\/blog\\\/libro-covid-19-estado-de-derecho-y-procesos-electorales-en-latinoamerica\\\/\"},\"wordCount\":207,\"image\":{\"@id\":\"https:\\\/\\\/transparenciaelectoral.org\\\/blog\\\/libro-covid-19-estado-de-derecho-y-procesos-electorales-en-latinoamerica\\\/#primaryimage\"},\"thumbnailUrl\":\"https:\\\/\\\/transparenciaelectoral.org\\\/blog\\\/wp-content\\\/uploads\\\/2024\\\/01\\\/l3-1.png\",\"articleSection\":[\"Documentos de Inter\u00e9s\"],\"inLanguage\":\"es\"},{\"@type\":\"WebPage\",\"@id\":\"https:\\\/\\\/transparenciaelectoral.org\\\/blog\\\/libro-covid-19-estado-de-derecho-y-procesos-electorales-en-latinoamerica\\\/\",\"url\":\"https:\\\/\\\/transparenciaelectoral.org\\\/blog\\\/libro-covid-19-estado-de-derecho-y-procesos-electorales-en-latinoamerica\\\/\",\"name\":\"Libro \u201cCOVID-19, Estado de Derecho y Procesos Electorales en Latinoam\u00e9rica\u201d - Transparencia Electoral\",\"isPartOf\":{\"@id\":\"https:\\\/\\\/transparenciaelectoral.org\\\/blog\\\/#website\"},\"primaryImageOfPage\":{\"@id\":\"https:\\\/\\\/transparenciaelectoral.org\\\/blog\\\/libro-covid-19-estado-de-derecho-y-procesos-electorales-en-latinoamerica\\\/#primaryimage\"},\"image\":{\"@id\":\"https:\\\/\\\/transparenciaelectoral.org\\\/blog\\\/libro-covid-19-estado-de-derecho-y-procesos-electorales-en-latinoamerica\\\/#primaryimage\"},\"thumbnailUrl\":\"https:\\\/\\\/transparenciaelectoral.org\\\/blog\\\/wp-content\\\/uploads\\\/2024\\\/01\\\/l3-1.png\",\"datePublished\":\"2024-04-24T23:28:27+00:00\",\"dateModified\":\"2025-07-27T04:53:25+00:00\",\"author\":{\"@id\":\"https:\\\/\\\/transparenciaelectoral.org\\\/blog\\\/#\\\/schema\\\/person\\\/63a97f81afd2c3820c6d9f262e27fe50\"},\"breadcrumb\":{\"@id\":\"https:\\\/\\\/transparenciaelectoral.org\\\/blog\\\/libro-covid-19-estado-de-derecho-y-procesos-electorales-en-latinoamerica\\\/#breadcrumb\"},\"inLanguage\":\"es\",\"potentialAction\":[{\"@type\":\"ReadAction\",\"target\":[\"https:\\\/\\\/transparenciaelectoral.org\\\/blog\\\/libro-covid-19-estado-de-derecho-y-procesos-electorales-en-latinoamerica\\\/\"]}]},{\"@type\":\"ImageObject\",\"inLanguage\":\"es\",\"@id\":\"https:\\\/\\\/transparenciaelectoral.org\\\/blog\\\/libro-covid-19-estado-de-derecho-y-procesos-electorales-en-latinoamerica\\\/#primaryimage\",\"url\":\"https:\\\/\\\/transparenciaelectoral.org\\\/blog\\\/wp-content\\\/uploads\\\/2024\\\/01\\\/l3-1.png\",\"contentUrl\":\"https:\\\/\\\/transparenciaelectoral.org\\\/blog\\\/wp-content\\\/uploads\\\/2024\\\/01\\\/l3-1.png\",\"width\":1080,\"height\":1080},{\"@type\":\"BreadcrumbList\",\"@id\":\"https:\\\/\\\/transparenciaelectoral.org\\\/blog\\\/libro-covid-19-estado-de-derecho-y-procesos-electorales-en-latinoamerica\\\/#breadcrumb\",\"itemListElement\":[{\"@type\":\"ListItem\",\"position\":1,\"name\":\"Portada\",\"item\":\"https:\\\/\\\/transparenciaelectoral.org\\\/blog\\\/\"},{\"@type\":\"ListItem\",\"position\":2,\"name\":\"Libro \u201cCOVID-19, Estado de Derecho y Procesos Electorales en Latinoam\u00e9rica\u201d\"}]},{\"@type\":\"WebSite\",\"@id\":\"https:\\\/\\\/transparenciaelectoral.org\\\/blog\\\/#website\",\"url\":\"https:\\\/\\\/transparenciaelectoral.org\\\/blog\\\/\",\"name\":\"Transparencia Electoral\",\"description\":\"\",\"potentialAction\":[{\"@type\":\"SearchAction\",\"target\":{\"@type\":\"EntryPoint\",\"urlTemplate\":\"https:\\\/\\\/transparenciaelectoral.org\\\/blog\\\/?s={search_term_string}\"},\"query-input\":{\"@type\":\"PropertyValueSpecification\",\"valueRequired\":true,\"valueName\":\"search_term_string\"}}],\"inLanguage\":\"es\"},{\"@type\":\"Person\",\"@id\":\"https:\\\/\\\/transparenciaelectoral.org\\\/blog\\\/#\\\/schema\\\/person\\\/63a97f81afd2c3820c6d9f262e27fe50\",\"name\":\"Transparencia Electoral\",\"sameAs\":[\"https:\\\/\\\/transparenciaelectoral.org\\\/blog\\\/\"]}]}<\/script>\n<!-- \/ Yoast SEO plugin. -->","yoast_head_json":{"title":"Libro \u201cCOVID-19, Estado de Derecho y Procesos Electorales en Latinoam\u00e9rica\u201d - Transparencia Electoral","robots":{"index":"index","follow":"follow","max-snippet":"max-snippet:-1","max-image-preview":"max-image-preview:large","max-video-preview":"max-video-preview:-1"},"canonical":"https:\/\/transparenciaelectoral.org\/blog\/libro-covid-19-estado-de-derecho-y-procesos-electorales-en-latinoamerica\/","og_locale":"es_ES","og_type":"article","og_title":"Libro \u201cCOVID-19, Estado de Derecho y Procesos Electorales en Latinoam\u00e9rica\u201d - Transparencia Electoral","og_description":"El Programa Estado de Derecho para Latinoam\u00e9rica de la Fundaci\u00f3n Konrad Adenauer y Transparencia Electoral unieron esfuerzos para abordar el impacto de la pandemia del covid-19 en el Estado de derecho en la regi\u00f3n. A estos efectos, tuvimos el gusto de convocar a prestigiosos especialistas para que dieran cuenta de la situaci\u00f3n en cada uno &hellip;","og_url":"https:\/\/transparenciaelectoral.org\/blog\/libro-covid-19-estado-de-derecho-y-procesos-electorales-en-latinoamerica\/","og_site_name":"Transparencia Electoral","article_publisher":"https:\/\/www.facebook.com\/Transparencia-Electoral-en-Am%c3%a9rica-latina-171661009688456\/","article_published_time":"2024-04-24T23:28:27+00:00","article_modified_time":"2025-07-27T04:53:25+00:00","og_image":[{"width":1080,"height":1080,"url":"https:\/\/transparenciaelectoral.org\/blog\/wp-content\/uploads\/2024\/01\/l3-1.png","type":"image\/png"}],"author":"Transparencia Electoral","twitter_card":"summary_large_image","twitter_creator":"@TransparenciaAL","twitter_site":"@TransparenciaAL","twitter_misc":{"Escrito por":"Transparencia Electoral","Tiempo de lectura":"2 minutos"},"schema":{"@context":"https:\/\/schema.org","@graph":[{"@type":"Article","@id":"https:\/\/transparenciaelectoral.org\/blog\/libro-covid-19-estado-de-derecho-y-procesos-electorales-en-latinoamerica\/#article","isPartOf":{"@id":"https:\/\/transparenciaelectoral.org\/blog\/libro-covid-19-estado-de-derecho-y-procesos-electorales-en-latinoamerica\/"},"author":{"name":"Transparencia Electoral","@id":"https:\/\/transparenciaelectoral.org\/blog\/#\/schema\/person\/63a97f81afd2c3820c6d9f262e27fe50"},"headline":"Libro \u201cCOVID-19, Estado de Derecho y Procesos Electorales en Latinoam\u00e9rica\u201d","datePublished":"2024-04-24T23:28:27+00:00","dateModified":"2025-07-27T04:53:25+00:00","mainEntityOfPage":{"@id":"https:\/\/transparenciaelectoral.org\/blog\/libro-covid-19-estado-de-derecho-y-procesos-electorales-en-latinoamerica\/"},"wordCount":207,"image":{"@id":"https:\/\/transparenciaelectoral.org\/blog\/libro-covid-19-estado-de-derecho-y-procesos-electorales-en-latinoamerica\/#primaryimage"},"thumbnailUrl":"https:\/\/transparenciaelectoral.org\/blog\/wp-content\/uploads\/2024\/01\/l3-1.png","articleSection":["Documentos de Inter\u00e9s"],"inLanguage":"es"},{"@type":"WebPage","@id":"https:\/\/transparenciaelectoral.org\/blog\/libro-covid-19-estado-de-derecho-y-procesos-electorales-en-latinoamerica\/","url":"https:\/\/transparenciaelectoral.org\/blog\/libro-covid-19-estado-de-derecho-y-procesos-electorales-en-latinoamerica\/","name":"Libro \u201cCOVID-19, Estado de Derecho y Procesos Electorales en Latinoam\u00e9rica\u201d - Transparencia Electoral","isPartOf":{"@id":"https:\/\/transparenciaelectoral.org\/blog\/#website"},"primaryImageOfPage":{"@id":"https:\/\/transparenciaelectoral.org\/blog\/libro-covid-19-estado-de-derecho-y-procesos-electorales-en-latinoamerica\/#primaryimage"},"image":{"@id":"https:\/\/transparenciaelectoral.org\/blog\/libro-covid-19-estado-de-derecho-y-procesos-electorales-en-latinoamerica\/#primaryimage"},"thumbnailUrl":"https:\/\/transparenciaelectoral.org\/blog\/wp-content\/uploads\/2024\/01\/l3-1.png","datePublished":"2024-04-24T23:28:27+00:00","dateModified":"2025-07-27T04:53:25+00:00","author":{"@id":"https:\/\/transparenciaelectoral.org\/blog\/#\/schema\/person\/63a97f81afd2c3820c6d9f262e27fe50"},"breadcrumb":{"@id":"https:\/\/transparenciaelectoral.org\/blog\/libro-covid-19-estado-de-derecho-y-procesos-electorales-en-latinoamerica\/#breadcrumb"},"inLanguage":"es","potentialAction":[{"@type":"ReadAction","target":["https:\/\/transparenciaelectoral.org\/blog\/libro-covid-19-estado-de-derecho-y-procesos-electorales-en-latinoamerica\/"]}]},{"@type":"ImageObject","inLanguage":"es","@id":"https:\/\/transparenciaelectoral.org\/blog\/libro-covid-19-estado-de-derecho-y-procesos-electorales-en-latinoamerica\/#primaryimage","url":"https:\/\/transparenciaelectoral.org\/blog\/wp-content\/uploads\/2024\/01\/l3-1.png","contentUrl":"https:\/\/transparenciaelectoral.org\/blog\/wp-content\/uploads\/2024\/01\/l3-1.png","width":1080,"height":1080},{"@type":"BreadcrumbList","@id":"https:\/\/transparenciaelectoral.org\/blog\/libro-covid-19-estado-de-derecho-y-procesos-electorales-en-latinoamerica\/#breadcrumb","itemListElement":[{"@type":"ListItem","position":1,"name":"Portada","item":"https:\/\/transparenciaelectoral.org\/blog\/"},{"@type":"ListItem","position":2,"name":"Libro \u201cCOVID-19, Estado de Derecho y Procesos Electorales en Latinoam\u00e9rica\u201d"}]},{"@type":"WebSite","@id":"https:\/\/transparenciaelectoral.org\/blog\/#website","url":"https:\/\/transparenciaelectoral.org\/blog\/","name":"Transparencia Electoral","description":"","potentialAction":[{"@type":"SearchAction","target":{"@type":"EntryPoint","urlTemplate":"https:\/\/transparenciaelectoral.org\/blog\/?s={search_term_string}"},"query-input":{"@type":"PropertyValueSpecification","valueRequired":true,"valueName":"search_term_string"}}],"inLanguage":"es"},{"@type":"Person","@id":"https:\/\/transparenciaelectoral.org\/blog\/#\/schema\/person\/63a97f81afd2c3820c6d9f262e27fe50","name":"Transparencia Electoral","sameAs":["https:\/\/transparenciaelectoral.org\/blog\/"]}]}},"_links":{"self":[{"href":"https:\/\/transparenciaelectoral.org\/blog\/wp-json\/wp\/v2\/posts\/10400","targetHints":{"allow":["GET"]}}],"collection":[{"href":"https:\/\/transparenciaelectoral.org\/blog\/wp-json\/wp\/v2\/posts"}],"about":[{"href":"https:\/\/transparenciaelectoral.org\/blog\/wp-json\/wp\/v2\/types\/post"}],"author":[{"embeddable":true,"href":"https:\/\/transparenciaelectoral.org\/blog\/wp-json\/wp\/v2\/users\/6"}],"replies":[{"embeddable":true,"href":"https:\/\/transparenciaelectoral.org\/blog\/wp-json\/wp\/v2\/comments?post=10400"}],"version-history":[{"count":1,"href":"https:\/\/transparenciaelectoral.org\/blog\/wp-json\/wp\/v2\/posts\/10400\/revisions"}],"predecessor-version":[{"id":10401,"href":"https:\/\/transparenciaelectoral.org\/blog\/wp-json\/wp\/v2\/posts\/10400\/revisions\/10401"}],"wp:featuredmedia":[{"embeddable":true,"href":"https:\/\/transparenciaelectoral.org\/blog\/wp-json\/wp\/v2\/media\/10019"}],"wp:attachment":[{"href":"https:\/\/transparenciaelectoral.org\/blog\/wp-json\/wp\/v2\/media?parent=10400"}],"wp:term":[{"taxonomy":"category","embeddable":true,"href":"https:\/\/transparenciaelectoral.org\/blog\/wp-json\/wp\/v2\/categories?post=10400"},{"taxonomy":"post_tag","embeddable":true,"href":"https:\/\/transparenciaelectoral.org\/blog\/wp-json\/wp\/v2\/tags?post=10400"}],"curies":[{"name":"wp","href":"https:\/\/api.w.org\/{rel}","templated":true}]}}